{"id":14053,"date":"2019-03-15T10:36:19","date_gmt":"2019-03-15T10:36:19","guid":{"rendered":"http:\/\/historiografija.hr\/?p=14053"},"modified":"2019-03-15T10:36:19","modified_gmt":"2019-03-15T10:36:19","slug":"call-for-papers-the-china-croatia-think-tanks-forum","status":"publish","type":"post","link":"https:\/\/historiografija.hr\/?p=14053","title":{"rendered":"Call for Papers: The China-Croatia Think Tanks Forum"},"content":{"rendered":"<p>Prenosimo poziv za znanstvenu konferenciju o kinesko-hrvatskim odnosima \u201cHrvatsko-kineski forum\u201d koja \u0107e se odr\u017eati 8. travnja 2019. u Zagrebu. Prijave se primaju do 30. o\u017eujka 2019. godine.<\/p>\n<p>&nbsp;<\/p>\n<p><a href=\"https:\/\/historiografija.hr\/wp-content\/uploads\/2019\/03\/China-Croatia-Forum.pdf\">China-Croatia Forum<\/a><\/p>\n<p>&nbsp;<\/p>\n<p>&nbsp;<\/p>\n","protected":false},"excerpt":{"rendered":"","protected":false},"author":2,"featured_media":14055,"comment_status":"open","ping_status":"open","sticky":false,"template":"","format":"standard","meta":{"_acf_changed":false,"jetpack_post_was_ever_published":false,"_jetpack_newsletter_access":"","_jetpack_dont_email_post_to_subs":false,"_jetpack_newsletter_tier_id":0,"_jetpack_memberships_contains_paywalled_content":false,"_jetpack_memberships_contains_paid_content":false,"footnotes":"","jetpack_publicize_message":"","jetpack_publicize_feature_enabled":true,"jetpack_social_post_already_shared":true,"jetpack_social_options":{"image_generator_settings":{"template":"highway","default_image_id":0,"font":"","enabled":false},"version":2}},"categories":[3,9],"tags":[],"class_list":["post-14053","post","type-post","status-publish","format-standard","has-post-thumbnail","hentry","category-novosti","category-skupovi"],"acf":{"facebook_opis":""},"jetpack_publicize_connections":[],"jetpack_featured_media_url":"https:\/\/i0.wp.com\/historiografija.hr\/wp-content\/uploads\/2019\/03\/16.jpg?fit=524%2C524&ssl=1","jetpack_sharing_enabled":true,"jetpack-related-posts":[{"id":52580,"url":"https:\/\/historiografija.hr\/?p=52580","url_meta":{"origin":14053,"position":0},"title":"Conference &#8220;Living in the aftermaths: Trauma, politics and survival in Yugoslavia and successor states, 1945 \u2013 present&#8221;","author":"Branimir Jankovi\u0107","date":"21. travnja 2026.","format":false,"excerpt":"The conference aims to explore how war-related psychological distress was experienced, narrated, debated and reframed in Yugoslavia in the second half of the twentieth century. It asks how the theme of wounded psyche and wartime suffering was addressed and acknowledged in political, psychiatric and broader cultural discourses of socialist Yugoslavia,\u2026","rel":"","context":"U &quot;Novosti&quot;","block_context":{"text":"Novosti","link":"https:\/\/historiografija.hr\/?cat=3"},"img":{"alt_text":"","src":"https:\/\/i0.wp.com\/historiografija.hr\/wp-content\/uploads\/2026\/04\/Battle_of_Neretva_Picasso_poster-Conference-Living-in-the-aftermaths.webp?fit=564%2C954&ssl=1&resize=350%2C200","width":350,"height":200,"srcset":"https:\/\/i0.wp.com\/historiografija.hr\/wp-content\/uploads\/2026\/04\/Battle_of_Neretva_Picasso_poster-Conference-Living-in-the-aftermaths.webp?fit=564%2C954&ssl=1&resize=350%2C200 1x, https:\/\/i0.wp.com\/historiografija.hr\/wp-content\/uploads\/2026\/04\/Battle_of_Neretva_Picasso_poster-Conference-Living-in-the-aftermaths.webp?fit=564%2C954&ssl=1&resize=525%2C300 1.5x"},"classes":[]},{"id":52516,"url":"https:\/\/historiografija.hr\/?p=52516","url_meta":{"origin":14053,"position":1},"title":"Marko Grde\u0161i\u0107, Mislav \u017ditko, \u201eSocialist Economics in Yugoslavia: A Critical History\u201c","author":"Branimir Jankovi\u0107","date":"17. travnja 2026.","format":false,"excerpt":"This book presents a critical history of Yugoslav socialist economics, from its inception in the late 1940s to its dissolution in the late 1980s. After the dramatic break with the Soviet Union in 1948, Yugoslavia found itself in urgent need of a third way: A socialist trajectory which would not\u2026","rel":"","context":"U &quot;Knjige&quot;","block_context":{"text":"Knjige","link":"https:\/\/historiografija.hr\/?cat=8"},"img":{"alt_text":"","src":"https:\/\/i0.wp.com\/historiografija.hr\/wp-content\/uploads\/2026\/04\/Zitko_Grdesic.jpg?fit=350%2C535&ssl=1&resize=350%2C200","width":350,"height":200},"classes":[]},{"id":52641,"url":"https:\/\/historiografija.hr\/?p=52641","url_meta":{"origin":14053,"position":2},"title":"CfP: WHO OWNS THE PAST? VERNACULAR MEMORY, STATE MEMORY, AND THE POLITICS OF OWNERSHIP","author":"Branimir Jankovi\u0107","date":"24. travnja 2026.","format":false,"excerpt":"VIENNA, 31ST AUGUST\u20133RD SEPTEMBER 2026 (DEADLINE: 24TH APRIL 2026) The Center for Austrian Studies at the European Forum at the Hebrew University and the Austrian Academy of Sciences\/Institute of Culture Studies invite early postdocs, PhD candidates, and advanced Master\u2019s students from the Hebrew University of Jerusalem and universities and academic\u2026","rel":"","context":"U &quot;Novosti&quot;","block_context":{"text":"Novosti","link":"https:\/\/historiografija.hr\/?cat=3"},"img":{"alt_text":"","src":"https:\/\/i0.wp.com\/historiografija.hr\/wp-content\/uploads\/2017\/10\/hsozkult.png?fit=1006%2C241&ssl=1&resize=350%2C200","width":350,"height":200,"srcset":"https:\/\/i0.wp.com\/historiografija.hr\/wp-content\/uploads\/2017\/10\/hsozkult.png?fit=1006%2C241&ssl=1&resize=350%2C200 1x, https:\/\/i0.wp.com\/historiografija.hr\/wp-content\/uploads\/2017\/10\/hsozkult.png?fit=1006%2C241&ssl=1&resize=525%2C300 1.5x, https:\/\/i0.wp.com\/historiografija.hr\/wp-content\/uploads\/2017\/10\/hsozkult.png?fit=1006%2C241&ssl=1&resize=700%2C400 2x"},"classes":[]}],"_links":{"self":[{"href":"https:\/\/historiografija.hr\/index.php?rest_route=\/wp\/v2\/posts\/14053","targetHints":{"allow":["GET"]}}],"collection":[{"href":"https:\/\/historiografija.hr\/index.php?rest_route=\/wp\/v2\/posts"}],"about":[{"href":"https:\/\/historiografija.hr\/index.php?rest_route=\/wp\/v2\/types\/post"}],"author":[{"embeddable":true,"href":"https:\/\/historiografija.hr\/index.php?rest_route=\/wp\/v2\/users\/2"}],"replies":[{"embeddable":true,"href":"https:\/\/historiografija.hr\/index.php?rest_route=%2Fwp%2Fv2%2Fcomments&post=14053"}],"version-history":[{"count":1,"href":"https:\/\/historiografija.hr\/index.php?rest_route=\/wp\/v2\/posts\/14053\/revisions"}],"predecessor-version":[{"id":14056,"href":"https:\/\/historiografija.hr\/index.php?rest_route=\/wp\/v2\/posts\/14053\/revisions\/14056"}],"wp:featuredmedia":[{"embeddable":true,"href":"https:\/\/historiografija.hr\/index.php?rest_route=\/wp\/v2\/media\/14055"}],"wp:attachment":[{"href":"https:\/\/historiografija.hr\/index.php?rest_route=%2Fwp%2Fv2%2Fmedia&parent=14053"}],"wp:term":[{"taxonomy":"category","embeddable":true,"href":"https:\/\/historiografija.hr\/index.php?rest_route=%2Fwp%2Fv2%2Fcategories&post=14053"},{"taxonomy":"post_tag","embeddable":true,"href":"https:\/\/historiografija.hr\/index.php?rest_route=%2Fwp%2Fv2%2Ftags&post=14053"}],"curies":[{"name":"wp","href":"https:\/\/api.w.org\/{rel}","templated":true}]}}