{"id":13816,"date":"2019-02-26T12:01:57","date_gmt":"2019-02-26T12:01:57","guid":{"rendered":"http:\/\/historiografija.hr\/?p=13816"},"modified":"2019-02-26T12:01:57","modified_gmt":"2019-02-26T12:01:57","slug":"izlozba-moda-i-odijevanje-u-zagrebu-1960-ih-godina","status":"publish","type":"post","link":"https:\/\/historiografija.hr\/?p=13816","title":{"rendered":"Izlo\u017eba \u201cModa i odijevanje u Zagrebu 1960-ih godina\u201d"},"content":{"rendered":"<p>U Muzeju grada Zagreba od 26. velja\u010de do 19. svibnja 2019. bit \u0107e otvorena izlo\u017eba &#8216;Moda i odijevanje u Zagrebu 1960-ih godina&#8217;.<\/p>\n<p>&nbsp;<\/p>\n<p>&#8212;<\/p>\n<p>&nbsp;<\/p>\n<p>Autorica koncepcije: Maja Ar\u010dabi\u0107<\/p>\n<p>&nbsp;<\/p>\n<p>U suradnji sa:<\/p>\n<p>Odsjek za etnologiju i kulturnu antropologiju Filozofskog fakulteta, Zagreb<\/p>\n<p>Centar za istra\u017eivanje mode i odijevanja, Zagreb<\/p>\n<p>Stru\u010dni suradnici: Goran Ar\u010dabi\u0107, Ivana \u010culjak, Petra Husain, Andrea Klobu\u010dar, Josip Mihaljevi\u0107, Tihana Petrovi\u0107 Le\u0161, Nenad Polimac, Ton\u010di Vladislavi\u0107<\/p>\n<p>Oblikovanje izlo\u017ebe: Bilic Muller Studio<\/p>\n<p>&nbsp;<\/p>\n<p>Izlo\u017eba <em>Moda i odijevanje u Zagrebu 1960-ih<\/em> rezultat je planiranog prikupljanja gra\u0111e za Zbirku mode, modnog pribora i tekstila Muzeja grada Zagreba, usmjerenog na drugu polovinu 20. stolje\u0107a. Modni i odjevni predmeti u fundusu ne zadovoljavaju isklju\u010divo estetske kriterije, ve\u0107 ilustriraju povijest i svakodnevni \u017eivot.<\/p>\n<p>&nbsp;<\/p>\n<p>Nastavljaju\u0107i se na izlo\u017ebe u zagreba\u010dkim muzejima koje su tematizirale modu i odijevanje \u2013 Drugarica \u00e0 la mode (Muzej suvremene umjetnosti), \u017du\u017ei Jelinek: Ambasador mode (Muzej grada Zagreba) i \u0160ezdesete u Hrvatskoj: Mit i stvarnost (Muzej za umjetnost i obrt) \u2013 ovom smo izlo\u017ebom \u017eeljeli istra\u017eiti i prezentirati modne fenomene najuzbudljivijeg desetlje\u0107a 20. stolje\u0107a na lokalnoj razini.<\/p>\n<p>&nbsp;<\/p>\n<p>Moda je posljedica i produkt vremena, odraz dru\u0161tvenih, politi\u010dkih, gospodarskih i kulturnih kretanja pa odjevni predmet nije mogu\u0107e promatrati izvan tog konteksta. Izlo\u017ebenim cjelinama nastojali smo razotkriti i posjetiteljima pribli\u017eiti modne utjecaje 1960-ih, proces kreacije i proizvodnje odjevnog predmeta, na\u010dine plasmana na tr\u017ei\u0161tu te na\u010dine i okolnosti uporabe odjevnih predmeta od trenutka njihova dolaska do konzumenta.<\/p>\n<p>&nbsp;<\/p>\n<p>Odjevni predmeti u svijesti na\u0161ih sugra\u0111ana rijetko se promatraju kao potencijalni muzejski predmeti te je njihov put do muzejskih institucija dugotrajan i neizvjestan. Naime, iskustvo prikupljanja svjedo\u010di da se naj\u010de\u0161\u0107e \u010duva odje\u0107a koja za vlasnika ima sentimentalnu vrijednost. Tako\u0111er, \u010de\u0161\u0107e se \u010duva sve\u010dana odje\u0107a, a svakodnevna rijetko. I upravo je to bio jedan od izazova u pripremama izlo\u017ebe jer nije bilo mogu\u0107e predmetima potkrijepiti sve promjene i obilje\u017eja stilova 1960-ih godina.<\/p>\n<p>&nbsp;<\/p>\n<p>Da bismo nadomjestili praznine klju\u010dne u pojedinim dionicama, poslu\u017eili smo se audio-vizualnim dokumentima, tiskom i arhivskim gradivom. Dnevni i tjedni tisak te modni \u010dasopisi pokazali su se kao vrijedan izvor informacija.<\/p>\n<p>&nbsp;<\/p>\n<p>\u0160ezdesete su godine velikih promjena u stilu odijevanja, uvjetovanih tehnolo\u0161kim napretkom, prosperitetom, razvojem potro\u0161a\u010dke kulture i dr\u017eave blagostanja te utjecajima pop-kulture i novim svjetonazorom poratne generacije. Jugoslavija \u2013 zemlja izme\u0111u Istoka i Zapada \u2013 postigla je 1960-ih zavidnu me\u0111unarodnu reputaciju izgradnjom samoupravnog socijalizma i trasiranjem puta Pokretu nesvrstanih. Iznutra, socijalisti\u010dka Jugoslavija dr\u017eava je slo\u017eenih nacionalnih i ekonomskih problema, u kojoj autokracija i dru\u0161tvena kontrola susre\u0107u modernost, konzumerizam i \u017eudnju za nalikovanjem Zapadu. Zagreb, glavni grad Socijalisti\u010dke Republike Hrvatske i drugi grad po veli\u010dini u jugoslavenskoj federaciji, bio je vode\u0107i industrijski centar. U 1960-ima intenzivira se i diversificira proizvodnja u odjevnoj industriji, a istodobno se oporavlja obrtni\u010dka produkcija. Premda je industrija odje\u0107e odgovarala na elementarne potrebe tr\u017ei\u0161ta, modni utjecaji sa Zapada nezaustavljivo su nalazili put do doma\u0107ih potro\u0161a\u010da \u2013 osobito pripadnika mla\u0111e populacije \u2013 koje standardizirani modeli nisu zadovoljavali.<\/p>\n<p>&nbsp;<\/p>\n<p>Istra\u017eivanje provedeno tijekom priprema izlo\u017ebe navodi nas na zaklju\u010dak da su 1960-te razdoblje prosperiteta, reafirmacije gra\u0111anske kulture u odijevanju te vrijeme brzih promjena u produkciji odje\u0107e, \u0161irenja modnih informacija i utjecaja te njihove implementacije u potro\u0161a\u010dkom dru\u0161tvu.<\/p>\n<p>&nbsp;<\/p>\n<p>Izvor: <a href=\"http:\/\/www.mgz.hr\/hr\/novosti\/otvorenje-izlozbe-moda-i-odijevanje-u-zagrebu-1960-ih-godina,19953.html?t=i\">http:\/\/www.mgz.hr\/hr\/novosti\/otvorenje-izlozbe-moda-i-odijevanje-u-zagrebu-1960-ih-godina,19953.html?t=i<\/a><\/p>\n<p>&nbsp;<\/p>\n<p>&nbsp;<\/p>\n","protected":false},"excerpt":{"rendered":"","protected":false},"author":2,"featured_media":13817,"comment_status":"open","ping_status":"open","sticky":false,"template":"","format":"standard","meta":{"_acf_changed":false,"jetpack_post_was_ever_published":false,"_jetpack_newsletter_access":"","_jetpack_dont_email_post_to_subs":false,"_jetpack_newsletter_tier_id":0,"_jetpack_memberships_contains_paywalled_content":false,"_jetpack_memberships_contains_paid_content":false,"footnotes":"","jetpack_publicize_message":"","jetpack_publicize_feature_enabled":true,"jetpack_social_post_already_shared":true,"jetpack_social_options":{"image_generator_settings":{"template":"highway","default_image_id":0,"font":"","enabled":false},"version":2}},"categories":[10,3],"tags":[],"class_list":["post-13816","post","type-post","status-publish","format-standard","has-post-thumbnail","hentry","category-izlozbe","category-novosti"],"acf":{"facebook_opis":""},"jetpack_publicize_connections":[],"jetpack_featured_media_url":"https:\/\/i0.wp.com\/historiografija.hr\/wp-content\/uploads\/2019\/02\/Moda_Plakat.jpg?fit=2026%2C2877&ssl=1","jetpack_sharing_enabled":true,"jetpack-related-posts":[{"id":52575,"url":"https:\/\/historiografija.hr\/?p=52575","url_meta":{"origin":13816,"position":0},"title":"Izlo\u017eba dje\u010djih radova \u201cU po\u010detku bija\u0161e crte\u017e\u2026\u201d","author":"Branimir Jankovi\u0107","date":"21. travnja 2026.","format":false,"excerpt":"U subotu, 25. travnja 2026. u 11 sati u Galeriji Klovi\u0107evi dvori sve\u010dano otvaramo izlo\u017ebu dje\u010djih radova pod nazivom U po\u010detku bija\u0161e crte\u017e\u2026 Radovi su nastali u sklopu likovnih radionica uz izlo\u017ebu U po\u010detku bija\u0161e kraljevstvo \u2013 izlo\u017eba povodom 1100 godina Hrvatskoga Kraljevstva. Na brojnim likovnim radionicama, uz \u0161kolsku djecu,\u2026","rel":"","context":"U &quot;Izlo\u017ebe&quot;","block_context":{"text":"Izlo\u017ebe","link":"https:\/\/historiografija.hr\/?cat=10"},"img":{"alt_text":"","src":"https:\/\/i0.wp.com\/historiografija.hr\/wp-content\/uploads\/2025\/10\/Klovicevi_sluzbeni-plakat.png?fit=840%2C1200&ssl=1&resize=350%2C200","width":350,"height":200,"srcset":"https:\/\/i0.wp.com\/historiografija.hr\/wp-content\/uploads\/2025\/10\/Klovicevi_sluzbeni-plakat.png?fit=840%2C1200&ssl=1&resize=350%2C200 1x, https:\/\/i0.wp.com\/historiografija.hr\/wp-content\/uploads\/2025\/10\/Klovicevi_sluzbeni-plakat.png?fit=840%2C1200&ssl=1&resize=525%2C300 1.5x, https:\/\/i0.wp.com\/historiografija.hr\/wp-content\/uploads\/2025\/10\/Klovicevi_sluzbeni-plakat.png?fit=840%2C1200&ssl=1&resize=700%2C400 2x"},"classes":[]},{"id":52511,"url":"https:\/\/historiografija.hr\/?p=52511","url_meta":{"origin":13816,"position":1},"title":"Izlo\u017eba &#8220;Lica Sljemena&#8221;","author":"Branimir Jankovi\u0107","date":"17. travnja 2026.","format":false,"excerpt":"Srda\u010dno vas pozivamo na otvorenje izlo\u017ebe Lica Sljemena koje \u0107e se odr\u017eati u srijedu 22. travnja 2026. u 18 h ispred Muzeja Prigorja (Trg Dragutina Domjani\u0107a 5, Sesvete). Izlo\u017eba proizlazi iz istra\u017eivanja Nevene \u0160krbi\u0107 Alempijevi\u0107, Petre Kelemen i Sanje Potkonjak te intervjua sa Sljemena\u0161icama i Sljemena\u0161ima, koji su provedeni u\u2026","rel":"","context":"U &quot;Izlo\u017ebe&quot;","block_context":{"text":"Izlo\u017ebe","link":"https:\/\/historiografija.hr\/?cat=10"},"img":{"alt_text":"","src":"https:\/\/i0.wp.com\/historiografija.hr\/wp-content\/uploads\/2026\/04\/Izlozba-Lica-Sljemena.png?fit=1080%2C686&ssl=1&resize=350%2C200","width":350,"height":200,"srcset":"https:\/\/i0.wp.com\/historiografija.hr\/wp-content\/uploads\/2026\/04\/Izlozba-Lica-Sljemena.png?fit=1080%2C686&ssl=1&resize=350%2C200 1x, https:\/\/i0.wp.com\/historiografija.hr\/wp-content\/uploads\/2026\/04\/Izlozba-Lica-Sljemena.png?fit=1080%2C686&ssl=1&resize=525%2C300 1.5x, https:\/\/i0.wp.com\/historiografija.hr\/wp-content\/uploads\/2026\/04\/Izlozba-Lica-Sljemena.png?fit=1080%2C686&ssl=1&resize=700%2C400 2x, https:\/\/i0.wp.com\/historiografija.hr\/wp-content\/uploads\/2026\/04\/Izlozba-Lica-Sljemena.png?fit=1080%2C686&ssl=1&resize=1050%2C600 3x"},"classes":[]},{"id":52666,"url":"https:\/\/historiografija.hr\/?p=52666","url_meta":{"origin":13816,"position":2},"title":"Najava programa Festivala povijesti Kliofest (5-8. V. 2026)","author":"Branimir Jankovi\u0107","date":"24. travnja 2026.","format":false,"excerpt":"Po trinaesti put odr\u017eava se Festival povijesti Kliofest! Do petka \u0107emo odr\u017eati osam okruglih stolova i dva kolokvija te niz predstavljanja knjiga i projekata razli\u010dite tematike, od antike do suvremenosti. Bit \u0107e predstavljeno i nekoliko izlo\u017ebi te odr\u017ean jedan povijesni kviz. Prikazat \u0107emo i jedan film \u2013 o generalu Boroevi\u0107u.\u2026","rel":"","context":"U &quot;Novosti&quot;","block_context":{"text":"Novosti","link":"https:\/\/historiografija.hr\/?cat=3"},"img":{"alt_text":"","src":"https:\/\/i0.wp.com\/historiografija.hr\/wp-content\/uploads\/2026\/04\/Kliofest-2026.jpg?fit=526%2C526&ssl=1&resize=350%2C200","width":350,"height":200,"srcset":"https:\/\/i0.wp.com\/historiografija.hr\/wp-content\/uploads\/2026\/04\/Kliofest-2026.jpg?fit=526%2C526&ssl=1&resize=350%2C200 1x, https:\/\/i0.wp.com\/historiografija.hr\/wp-content\/uploads\/2026\/04\/Kliofest-2026.jpg?fit=526%2C526&ssl=1&resize=525%2C300 1.5x"},"classes":[]},{"id":52505,"url":"https:\/\/historiografija.hr\/?p=52505","url_meta":{"origin":13816,"position":3},"title":"Izlo\u017eba &#8220;Eschenstock \/ Jasenov prut&#8221;","author":"Branimir Jankovi\u0107","date":"17. travnja 2026.","format":false,"excerpt":"Srpsko narodno vije\u0107e (SNV) i Vizura aperta postavljaju izlo\u017ebu \u0161vicarskog slikara Velimira Ili\u0161evi\u0107a: Eschenstock \/ Jasenov prut. Izlo\u017eba se uz prisustvo autora otvara povodom 81. godi\u0161njice proboja logora\u0161a iz usta\u0161kog logora smrti Jasenovac 22. aprila 2026. u 19 sati u Srpskom kulturnom centru (SKC) u Preradovi\u0107evoj ulici 21 u Zagrebu.\u2026","rel":"","context":"U &quot;Izlo\u017ebe&quot;","block_context":{"text":"Izlo\u017ebe","link":"https:\/\/historiografija.hr\/?cat=10"},"img":{"alt_text":"","src":"https:\/\/i0.wp.com\/historiografija.hr\/wp-content\/uploads\/2026\/04\/Jasenov_prut.jpg?fit=1024%2C640&ssl=1&resize=350%2C200","width":350,"height":200,"srcset":"https:\/\/i0.wp.com\/historiografija.hr\/wp-content\/uploads\/2026\/04\/Jasenov_prut.jpg?fit=1024%2C640&ssl=1&resize=350%2C200 1x, https:\/\/i0.wp.com\/historiografija.hr\/wp-content\/uploads\/2026\/04\/Jasenov_prut.jpg?fit=1024%2C640&ssl=1&resize=525%2C300 1.5x, https:\/\/i0.wp.com\/historiografija.hr\/wp-content\/uploads\/2026\/04\/Jasenov_prut.jpg?fit=1024%2C640&ssl=1&resize=700%2C400 2x"},"classes":[]},{"id":52760,"url":"https:\/\/historiografija.hr\/?p=52760","url_meta":{"origin":13816,"position":4},"title":"Izlo\u017eba \u201cLo\u0161injski brodovi, njihove zastave i ljudi\u201d, 4. svibnja u 19h","author":"Filip \u0160imunjak","date":"30. travnja 2026.","format":false,"excerpt":"Hrvatski pomorski muzej Split, Glagolja\u0161a 18 (Tvr\u0111ava Gripe) Nakon \u0161to je u rujnu 2025. godine na otoku Lo\u0161inju, u suradnji Lo\u0161injskog muzeja i Hrvatskog pomorskog muzeja Split, predstavljena izlo\u017eba posve\u0107ena bogatoj pomorskoj ba\u0161tini otoka, njezino pro\u0161ireno izdanje postavlja se u Splitu. Uo\u010di blagdana svetog Dujma splitskoj \u0107e se publici predstaviti\u2026","rel":"","context":"U &quot;Izlo\u017ebe&quot;","block_context":{"text":"Izlo\u017ebe","link":"https:\/\/historiografija.hr\/?cat=10"},"img":{"alt_text":"","src":"https:\/\/i0.wp.com\/historiografija.hr\/wp-content\/uploads\/2026\/04\/Losinjski-brodovi-Izlozba-1-scaled.webp?fit=840%2C1200&ssl=1&resize=350%2C200","width":350,"height":200,"srcset":"https:\/\/i0.wp.com\/historiografija.hr\/wp-content\/uploads\/2026\/04\/Losinjski-brodovi-Izlozba-1-scaled.webp?fit=840%2C1200&ssl=1&resize=350%2C200 1x, https:\/\/i0.wp.com\/historiografija.hr\/wp-content\/uploads\/2026\/04\/Losinjski-brodovi-Izlozba-1-scaled.webp?fit=840%2C1200&ssl=1&resize=525%2C300 1.5x, https:\/\/i0.wp.com\/historiografija.hr\/wp-content\/uploads\/2026\/04\/Losinjski-brodovi-Izlozba-1-scaled.webp?fit=840%2C1200&ssl=1&resize=700%2C400 2x"},"classes":[]},{"id":52633,"url":"https:\/\/historiografija.hr\/?p=52633","url_meta":{"origin":13816,"position":5},"title":"POVIJEST TRE\u0160NJEVA\u010cKE GLAZBE: prikupljanje virtualnog fundusa Muzeja susjedstva Tre\u0161njevka","author":"Branimir Jankovi\u0107","date":"23. travnja 2026.","format":false,"excerpt":"utorak 28. 4. 2026. 14 - 18 h Nova BAZA, Nova cesta 66, Zagreb Prvi su dani ljeta 1957. godine. Bo\u017eica Kalafati\u0107 poha\u0111a drugi razred Osnovne \u0161kole Bratstvo i jedinstvo, danas kralja Tomislava, a ide i na muzi\u010dke satove u Mo\u0161\u0107eni\u010dkoj ulici. Na fotografiji s harmonikom u rukama stoji u\u2026","rel":"","context":"U &quot;Novosti&quot;","block_context":{"text":"Novosti","link":"https:\/\/historiografija.hr\/?cat=3"},"img":{"alt_text":"","src":"https:\/\/i0.wp.com\/historiografija.hr\/wp-content\/uploads\/2026\/04\/MST_prikupljanje.jpg?fit=380%2C475&ssl=1&resize=350%2C200","width":350,"height":200},"classes":[]}],"_links":{"self":[{"href":"https:\/\/historiografija.hr\/index.php?rest_route=\/wp\/v2\/posts\/13816","targetHints":{"allow":["GET"]}}],"collection":[{"href":"https:\/\/historiografija.hr\/index.php?rest_route=\/wp\/v2\/posts"}],"about":[{"href":"https:\/\/historiografija.hr\/index.php?rest_route=\/wp\/v2\/types\/post"}],"author":[{"embeddable":true,"href":"https:\/\/historiografija.hr\/index.php?rest_route=\/wp\/v2\/users\/2"}],"replies":[{"embeddable":true,"href":"https:\/\/historiografija.hr\/index.php?rest_route=%2Fwp%2Fv2%2Fcomments&post=13816"}],"version-history":[{"count":1,"href":"https:\/\/historiografija.hr\/index.php?rest_route=\/wp\/v2\/posts\/13816\/revisions"}],"predecessor-version":[{"id":13818,"href":"https:\/\/historiografija.hr\/index.php?rest_route=\/wp\/v2\/posts\/13816\/revisions\/13818"}],"wp:featuredmedia":[{"embeddable":true,"href":"https:\/\/historiografija.hr\/index.php?rest_route=\/wp\/v2\/media\/13817"}],"wp:attachment":[{"href":"https:\/\/historiografija.hr\/index.php?rest_route=%2Fwp%2Fv2%2Fmedia&parent=13816"}],"wp:term":[{"taxonomy":"category","embeddable":true,"href":"https:\/\/historiografija.hr\/index.php?rest_route=%2Fwp%2Fv2%2Fcategories&post=13816"},{"taxonomy":"post_tag","embeddable":true,"href":"https:\/\/historiografija.hr\/index.php?rest_route=%2Fwp%2Fv2%2Ftags&post=13816"}],"curies":[{"name":"wp","href":"https:\/\/api.w.org\/{rel}","templated":true}]}}