{"id":13674,"date":"2019-02-16T16:46:05","date_gmt":"2019-02-16T16:46:05","guid":{"rendered":"http:\/\/historiografija.hr\/?p=13674"},"modified":"2019-02-16T16:46:05","modified_gmt":"2019-02-16T16:46:05","slug":"danijel-tatic-feldmarsal-svetozar-borojevic-zivotopis-presucenoga-velikana","status":"publish","type":"post","link":"https:\/\/historiografija.hr\/?p=13674","title":{"rendered":"Danijel Tati\u0107, \u201cFeldmar\u0161al Svetozar Borojevi\u0107. \u017divotopis pre\u0161u\u0107enoga velikana\u201d"},"content":{"rendered":"<p>Izdava\u010d Despot Infinitus objavio je 2019. godine knjigu Danijela Tati\u0107a \u201cFeldmar\u0161al Svetozar Borojevi\u0107. \u017divotopis pre\u0161u\u0107enoga velikana\u201d.<\/p>\n<p>&nbsp;<\/p>\n<p>&#8212;<\/p>\n<p>&nbsp;<\/p>\n<p>Za Svetozara Borojevi\u0107a mo\u017eemo re\u0107i da je bio tipi\u010dan predstavnik austrougarske vojske u svoj njezinoj slavi i sa svim njezinim manama. Vojskovo\u0111a staroga kova koji je ostao vjeran caru polo\u017eenoj zakletvi do te krajnosti da je i sam na koncu dijelio sudbinu Dunavske Monarhije. Pisati o Borojevi\u0107u zna\u010di pisati pri\u010du o kraji\u0161kome dje\u010daku, koji je poput mnogih drugih dje\u010daka Vojne krajine stasao na juna\u010dkim pri\u010dama o predcima koji su slavu izvojevali u borbama s Turcima i \u010dasno polo\u017eili \u017eivote za svoju vjeru i cara. Pri\u010da je to o dje\u010daku \u010dije je odrastanje proteklo daleko od roditeljskoga doma, o vojniku iskovanomu u vojnim \u0161kolama stare Monarhije, uzoritu \u010dasniku, osobenjaku koji je zbog svojih uvjerenja sve bio spreman \u017ertvovati i jednomu od najve\u0107ih vojskovo\u0111a Prvoga svjetskog rata, ali to je ujedno i pri\u010da o nepravedno odba\u010denomu i s vremenom polako zaboravljenomu velikanu, ne samo hrvatske, nego i svjetske vojne povijesti.<\/p>\n<p>Te\u0161ko \u0107emo na\u0107i Francuza koji nikad nije \u010duo za generala Joffrea ili Focha, Britanca da ne zna za Haiga, Tur\u010dina koji nije \u010duo za Enver Pa\u0161u, Rusa za Velikoga vojvodu Nikolaja, Austrijanca za Conrada ili Nijemca za Hindenburga\u2026 ali zato \u0107emo vrlo lako na\u0107i Hrvata koji ne zna tko je bio feldmar\u0161al Borojevi\u0107. Ovaj \u017eivotopis nastao je iz potrebe da se doprinese ispravljanju te velike nepravde.<\/p>\n<p>&nbsp;<\/p>\n<p>SADR\u017dAJ<\/p>\n<p>&nbsp;<\/p>\n<p>UVOD<\/p>\n<p>Ispravljanje nepravde<\/p>\n<p>Grani\u010dari Vojne krajine<\/p>\n<p>Prvo ratno iskustvo<\/p>\n<p>Vodi\u010d \u017eeljeznicom kroz Bosnu<\/p>\n<p>Nastavak uzorne vojne karijere<\/p>\n<p>Na \u010delu Hrvatskoga domobranstva<\/p>\n<p>Afera Borojevi\u0107 \u2013 H\u00e4rtel<\/p>\n<p>General pje\u0161a\u0161tva<\/p>\n<p>&nbsp;<\/p>\n<p>NA ISTO\u010cNOME BOJI\u0160TU<\/p>\n<p>Odlazak u rat<\/p>\n<p>Bitka kod Komarowa<\/p>\n<p>Zapovjednik 3. vojske<\/p>\n<p>Oslobo\u0111enje Przemysla<\/p>\n<p>Pobje\u0111ivati iz obu\u0107arske radionice<\/p>\n<p>Bitka kod Limanove<\/p>\n<p>Ma\u0111ari u Borojevi\u0107a gledaju kao u Bog<\/p>\n<p>Karpatska zima<\/p>\n<p>O situaciji na Karpatima<\/p>\n<p>Austrijski Hindenburg na Karpatima<\/p>\n<p>Predaja Przemysla<\/p>\n<p>Ruska katastrofa<\/p>\n<p>O uspjesima u Svibanjskoj bitki<\/p>\n<p>&nbsp;<\/p>\n<p>SO\u010cANSKO BOJI\u0160TE<\/p>\n<p>Odlazak na So\u010du<\/p>\n<p>Skromnost i stru\u010dnost klju\u010d popularnosti<\/p>\n<p>Portretiranje generala<\/p>\n<p>Budu\u0107i car Karlo I. na So\u010danskoj boji\u0161nici<\/p>\n<p>Uspore\u0111uju ga s Hindenburgom i Rupprechtom Bavarski<\/p>\n<p>Po\u010dasni gra\u0111anin<\/p>\n<p>Priznanje zagreba\u010dkoga sveu\u010dili\u0161ta<\/p>\n<p>Zahvala Dalmatincima<\/p>\n<p>Spomen-plaketa i razglednic<\/p>\n<p>General kod kojega se dolazi bez najave<\/p>\n<p>Voni\u010dki idol<\/p>\n<p>General pukovnik<\/p>\n<p>Poklon zagreba\u010dkomu nadbiskupu<\/p>\n<p>Otkrivanje Borojevi\u0107eve biste<\/p>\n<p>Napu\u0161tanje Gorice<\/p>\n<p>Potpisivanje ratnoga zajma<\/p>\n<p>O budu\u0107em ure\u0111enju dr\u017eave<\/p>\n<p>Deseta pobjeda<\/p>\n<p>Juna\u010dka djela 5. vojske<\/p>\n<p>Primio orden reda Marije Terezije<\/p>\n<p>Vojni dom Boroevic<\/p>\n<p>Talijanima nije pomoglo ni tri milijuna granata<\/p>\n<p>Operacija Waffentreue<\/p>\n<p>Postavljanje spomen-plo\u010de na roditeljsku ku\u0107u<\/p>\n<p>Polemika oko o\u0161te\u0107enja nadgrobnoga spomenika Adama Borojevi\u0107a<\/p>\n<p>Talijani su se morali pokoriti navali u velikome stilu<\/p>\n<p>Feldmar\u0161al<\/p>\n<p>Slom carevine<\/p>\n<p>&nbsp;<\/p>\n<p>NAKON RATA<\/p>\n<p>Stradanje Fridericha Borojevi\u0107a<\/p>\n<p>Optu\u017ebe socijalisti\u010dkoga tiska<\/p>\n<p>Zagreb ga ne \u017eeli u Hrvatskoj<\/p>\n<p>Antanta tra\u017ei Borojevi\u0107evo izru\u010denje<\/p>\n<p>Smrt je bila br\u017ea<\/p>\n<p>Nove optu\u017ebe<\/p>\n<p>Borojevi\u0107 \u2013 hrvatski ban<\/p>\n<p>Posljednji opro\u0161taj<\/p>\n<p>Pismo nakon smrti<\/p>\n<p>Govor dopukovnika Steve Dui\u0107a na sprovodu<\/p>\n<p>Svjedo\u010danstvo Alice Schalek<\/p>\n<p>&nbsp;<\/p>\n<p>DODATAK<\/p>\n<p>Enigma datuma ro\u0111enja<\/p>\n<p>Hrvat ili Srbin<\/p>\n<p>Vojskovo\u0111a koji nije izgubio nijednu bitku<\/p>\n<p>Odnos prema Borojevi\u0107u danas<\/p>\n<p>&nbsp;<\/p>\n<p>ZAKLJU\u010cAK<\/p>\n<p>&nbsp;<\/p>\n<p>PRILOG<\/p>\n<p>O ratu protiv Italije<\/p>\n<p>&nbsp;<\/p>\n<p>IZVORI I LITERATURA<\/p>\n<p>&nbsp;<\/p>\n<p>BILJE\u0160KA O AUTORU<\/p>\n<p>&nbsp;<\/p>\n<p>Izvor: <a href=\"http:\/\/despot-infinitus.com\/proizvod\/feldmarsal-svetozar-borojevic\/\">http:\/\/despot-infinitus.com\/proizvod\/feldmarsal-svetozar-borojevic\/<\/a><\/p>\n<p>&nbsp;<\/p>\n<p>&nbsp;<\/p>\n","protected":false},"excerpt":{"rendered":"","protected":false},"author":2,"featured_media":13675,"comment_status":"open","ping_status":"open","sticky":false,"template":"","format":"standard","meta":{"_acf_changed":false,"jetpack_post_was_ever_published":false,"_jetpack_newsletter_access":"","_jetpack_dont_email_post_to_subs":false,"_jetpack_newsletter_tier_id":0,"_jetpack_memberships_contains_paywalled_content":false,"_jetpack_memberships_contains_paid_content":false,"footnotes":"","jetpack_publicize_message":"","jetpack_publicize_feature_enabled":true,"jetpack_social_post_already_shared":true,"jetpack_social_options":{"image_generator_settings":{"template":"highway","default_image_id":0,"font":"","enabled":false},"version":2}},"categories":[8,3],"tags":[],"class_list":["post-13674","post","type-post","status-publish","format-standard","has-post-thumbnail","hentry","category-knjige","category-novosti"],"acf":{"facebook_opis":""},"jetpack_publicize_connections":[],"jetpack_featured_media_url":"https:\/\/i0.wp.com\/historiografija.hr\/wp-content\/uploads\/2019\/02\/Tatic.png?fit=300%2C300&ssl=1","jetpack_sharing_enabled":true,"jetpack-related-posts":[{"id":52528,"url":"https:\/\/historiografija.hr\/?p=52528","url_meta":{"origin":13674,"position":0},"title":"[Promocija knjige] Banja Luka u ratu: Etnopolitika i svakodnevica (1990\u20131995) (ActiveLab, YugoLab)","author":"Branimir Jankovi\u0107","date":"17. travnja 2026.","format":false,"excerpt":"Institut za filozofiju i dru\u0161tvenu teoriju i O\u0161tra Nula organizuju promociju knjige Banja Luka u ratu: Etnopolitika i svakodnevica (1990\u20131995) autorke Armine Galija\u0161, koja \u0107e se odr\u017eati 20. aprila 2026. u 12.00 sati u prostorijama Instituta (Kraljice Natalije 45, Beograd). Re\u010d je o prvom nau\u010dno utemeljenom i sistematskom radu koji\u2026","rel":"","context":"U &quot;Novosti&quot;","block_context":{"text":"Novosti","link":"https:\/\/historiografija.hr\/?cat=3"},"img":{"alt_text":"","src":"https:\/\/i0.wp.com\/historiografija.hr\/wp-content\/uploads\/2026\/04\/20-april-RS.jpg?fit=1200%2C675&ssl=1&resize=350%2C200","width":350,"height":200,"srcset":"https:\/\/i0.wp.com\/historiografija.hr\/wp-content\/uploads\/2026\/04\/20-april-RS.jpg?fit=1200%2C675&ssl=1&resize=350%2C200 1x, https:\/\/i0.wp.com\/historiografija.hr\/wp-content\/uploads\/2026\/04\/20-april-RS.jpg?fit=1200%2C675&ssl=1&resize=525%2C300 1.5x, https:\/\/i0.wp.com\/historiografija.hr\/wp-content\/uploads\/2026\/04\/20-april-RS.jpg?fit=1200%2C675&ssl=1&resize=700%2C400 2x, https:\/\/i0.wp.com\/historiografija.hr\/wp-content\/uploads\/2026\/04\/20-april-RS.jpg?fit=1200%2C675&ssl=1&resize=1050%2C600 3x"},"classes":[]},{"id":52536,"url":"https:\/\/historiografija.hr\/?p=52536","url_meta":{"origin":13674,"position":1},"title":"Kader Abdolah, \u201ePrije nego \u0161to bude kasno\u201c","author":"Branimir Jankovi\u0107","date":"20. travnja 2026.","format":false,"excerpt":"Kader Abdolah \u017eeli se vratiti ku\u0107i. Ali povratak je nemogu\u0107: u Iranu bi bio uhap\u0161en. Pod la\u017enim imenom i s krivotvorenim paso\u0161em ipak uspijeva u\u0107i u domovinu i sti\u017ee do roditeljske ku\u0107e, visoko u planinama. Majka ga ne prepoznaje, otac je mrtav, a sve \u0161to je tra\u017eio izmi\u010de mu pred\u2026","rel":"","context":"U &quot;Novosti&quot;","block_context":{"text":"Novosti","link":"https:\/\/historiografija.hr\/?cat=3"},"img":{"alt_text":"","src":"https:\/\/i0.wp.com\/historiografija.hr\/wp-content\/uploads\/2026\/04\/Prije-nego-sto-bude-kasno.webp?fit=566%2C872&ssl=1&resize=350%2C200","width":350,"height":200,"srcset":"https:\/\/i0.wp.com\/historiografija.hr\/wp-content\/uploads\/2026\/04\/Prije-nego-sto-bude-kasno.webp?fit=566%2C872&ssl=1&resize=350%2C200 1x, https:\/\/i0.wp.com\/historiografija.hr\/wp-content\/uploads\/2026\/04\/Prije-nego-sto-bude-kasno.webp?fit=566%2C872&ssl=1&resize=525%2C300 1.5x"},"classes":[]},{"id":52660,"url":"https:\/\/historiografija.hr\/?p=52660","url_meta":{"origin":13674,"position":2},"title":"Medijski odjeci \u010dlanka Steve \u0110ura\u0161kovi\u0107a \u201e\u017dupanovljeva ne\u017eeljena djeca: ideolo\u0161ko pribli\u017eavanje neoliberala i kr\u0161\u0107anske radikalne desnice u Hrvatskoj\u201c","author":"Branimir Jankovi\u0107","date":"24. travnja 2026.","format":false,"excerpt":"U sklopu projekta \u201eIzazovi intelektualne povijesti: recepcije, preobrazbe i upotrebe politi\u010dkih ideja\u201c objavljen je polemi\u010dki \u010dlanak Steve \u0110ura\u0161kovi\u0107a \u201e\u017dupanovljeva ne\u017eeljena djeca: ideolo\u0161ko pribli\u017eavanje neoliberala i kr\u0161\u0107anske radikalne desnice u Hrvatskoj\u201c, koji je izazvao odre\u0111ene medijske reakcije. Stevo \u0110ura\u0161kovi\u0107 \u017dupanovljeva ne\u017eeljena djeca: ideolo\u0161ko pribli\u017eavanje neoliberala i kr\u0161\u0107anske radikalne desnice u Hrvatskoj\u2026","rel":"","context":"U &quot;Novosti&quot;","block_context":{"text":"Novosti","link":"https:\/\/historiografija.hr\/?cat=3"},"img":{"alt_text":"","src":"https:\/\/i0.wp.com\/historiografija.hr\/wp-content\/uploads\/2026\/04\/SD.png?fit=809%2C821&ssl=1&resize=350%2C200","width":350,"height":200,"srcset":"https:\/\/i0.wp.com\/historiografija.hr\/wp-content\/uploads\/2026\/04\/SD.png?fit=809%2C821&ssl=1&resize=350%2C200 1x, https:\/\/i0.wp.com\/historiografija.hr\/wp-content\/uploads\/2026\/04\/SD.png?fit=809%2C821&ssl=1&resize=525%2C300 1.5x, https:\/\/i0.wp.com\/historiografija.hr\/wp-content\/uploads\/2026\/04\/SD.png?fit=809%2C821&ssl=1&resize=700%2C400 2x"},"classes":[]},{"id":52592,"url":"https:\/\/historiografija.hr\/?p=52592","url_meta":{"origin":13674,"position":3},"title":"Predstavljanje knjige &#8220;Turska ku\u0107a u Rijeci&#8221; u Zagrebu","author":"Branimir Jankovi\u0107","date":"22. travnja 2026.","format":false,"excerpt":"U prostorijama Turskog kulturnog centra Yunus Emre u Zagrebu, u utorak 21. travnja 2026. godine, odr\u017eano je sve\u010dano predstavljanje dopunjenog izdanja knjige Turska ku\u0107a u Rijeci, u organizaciji Hrvatsko-turskog dru\u0161tva Rijeka i partnerstvu sa Skupinom prijateljstva Hrvatska-Turska Hrvatskog sabora, Veleposlanstvom Republike Turske u Republici Hrvatskoj te Turskim kulturnim centrom Yunus\u2026","rel":"","context":"U &quot;Novosti&quot;","block_context":{"text":"Novosti","link":"https:\/\/historiografija.hr\/?cat=3"},"img":{"alt_text":"","src":"https:\/\/i0.wp.com\/historiografija.hr\/wp-content\/uploads\/2026\/04\/Turska-kuca-ZG.jpg?fit=1200%2C800&ssl=1&resize=350%2C200","width":350,"height":200,"srcset":"https:\/\/i0.wp.com\/historiografija.hr\/wp-content\/uploads\/2026\/04\/Turska-kuca-ZG.jpg?fit=1200%2C800&ssl=1&resize=350%2C200 1x, https:\/\/i0.wp.com\/historiografija.hr\/wp-content\/uploads\/2026\/04\/Turska-kuca-ZG.jpg?fit=1200%2C800&ssl=1&resize=525%2C300 1.5x, https:\/\/i0.wp.com\/historiografija.hr\/wp-content\/uploads\/2026\/04\/Turska-kuca-ZG.jpg?fit=1200%2C800&ssl=1&resize=700%2C400 2x, https:\/\/i0.wp.com\/historiografija.hr\/wp-content\/uploads\/2026\/04\/Turska-kuca-ZG.jpg?fit=1200%2C800&ssl=1&resize=1050%2C600 3x"},"classes":[]},{"id":52505,"url":"https:\/\/historiografija.hr\/?p=52505","url_meta":{"origin":13674,"position":4},"title":"Izlo\u017eba &#8220;Eschenstock \/ Jasenov prut&#8221;","author":"Branimir Jankovi\u0107","date":"17. travnja 2026.","format":false,"excerpt":"Srpsko narodno vije\u0107e (SNV) i Vizura aperta postavljaju izlo\u017ebu \u0161vicarskog slikara Velimira Ili\u0161evi\u0107a: Eschenstock \/ Jasenov prut. Izlo\u017eba se uz prisustvo autora otvara povodom 81. godi\u0161njice proboja logora\u0161a iz usta\u0161kog logora smrti Jasenovac 22. aprila 2026. u 19 sati u Srpskom kulturnom centru (SKC) u Preradovi\u0107evoj ulici 21 u Zagrebu.\u2026","rel":"","context":"U &quot;Izlo\u017ebe&quot;","block_context":{"text":"Izlo\u017ebe","link":"https:\/\/historiografija.hr\/?cat=10"},"img":{"alt_text":"","src":"https:\/\/i0.wp.com\/historiografija.hr\/wp-content\/uploads\/2026\/04\/Jasenov_prut.jpg?fit=1024%2C640&ssl=1&resize=350%2C200","width":350,"height":200,"srcset":"https:\/\/i0.wp.com\/historiografija.hr\/wp-content\/uploads\/2026\/04\/Jasenov_prut.jpg?fit=1024%2C640&ssl=1&resize=350%2C200 1x, https:\/\/i0.wp.com\/historiografija.hr\/wp-content\/uploads\/2026\/04\/Jasenov_prut.jpg?fit=1024%2C640&ssl=1&resize=525%2C300 1.5x, https:\/\/i0.wp.com\/historiografija.hr\/wp-content\/uploads\/2026\/04\/Jasenov_prut.jpg?fit=1024%2C640&ssl=1&resize=700%2C400 2x"},"classes":[]},{"id":52508,"url":"https:\/\/historiografija.hr\/?p=52508","url_meta":{"origin":13674,"position":5},"title":"Glazbena radionica \u201eDUGMETARA REVISITED\u201c","author":"Branimir Jankovi\u0107","date":"17. travnja 2026.","format":false,"excerpt":"DUGMETARA REVISITED glazbena radionica vodi: Ana Horvat 13., 20. i 27. travnja, od 18 do 20 sati Radiona, Nova cesta 186 Na tri radioni\u010dka susreta uranjamo u naslje\u0111e Dugmetare, biv\u0161e tvornice dugmadi na Savskoj cesti koja je po\u010detkom 2000-ih igrom slu\u010daja postala \u017eivo, jedinstveno mjesto glazbene proizvodnje. Svoje su probe\u2026","rel":"","context":"U &quot;Novosti&quot;","block_context":{"text":"Novosti","link":"https:\/\/historiografija.hr\/?cat=3"},"img":{"alt_text":"","src":"https:\/\/i0.wp.com\/historiografija.hr\/wp-content\/uploads\/2026\/04\/TRESNJA_TRESTI.jpg?fit=380%2C475&ssl=1&resize=350%2C200","width":350,"height":200},"classes":[]}],"_links":{"self":[{"href":"https:\/\/historiografija.hr\/index.php?rest_route=\/wp\/v2\/posts\/13674","targetHints":{"allow":["GET"]}}],"collection":[{"href":"https:\/\/historiografija.hr\/index.php?rest_route=\/wp\/v2\/posts"}],"about":[{"href":"https:\/\/historiografija.hr\/index.php?rest_route=\/wp\/v2\/types\/post"}],"author":[{"embeddable":true,"href":"https:\/\/historiografija.hr\/index.php?rest_route=\/wp\/v2\/users\/2"}],"replies":[{"embeddable":true,"href":"https:\/\/historiografija.hr\/index.php?rest_route=%2Fwp%2Fv2%2Fcomments&post=13674"}],"version-history":[{"count":1,"href":"https:\/\/historiografija.hr\/index.php?rest_route=\/wp\/v2\/posts\/13674\/revisions"}],"predecessor-version":[{"id":13676,"href":"https:\/\/historiografija.hr\/index.php?rest_route=\/wp\/v2\/posts\/13674\/revisions\/13676"}],"wp:featuredmedia":[{"embeddable":true,"href":"https:\/\/historiografija.hr\/index.php?rest_route=\/wp\/v2\/media\/13675"}],"wp:attachment":[{"href":"https:\/\/historiografija.hr\/index.php?rest_route=%2Fwp%2Fv2%2Fmedia&parent=13674"}],"wp:term":[{"taxonomy":"category","embeddable":true,"href":"https:\/\/historiografija.hr\/index.php?rest_route=%2Fwp%2Fv2%2Fcategories&post=13674"},{"taxonomy":"post_tag","embeddable":true,"href":"https:\/\/historiografija.hr\/index.php?rest_route=%2Fwp%2Fv2%2Ftags&post=13674"}],"curies":[{"name":"wp","href":"https:\/\/api.w.org\/{rel}","templated":true}]}}