{"id":13650,"date":"2019-02-14T19:36:37","date_gmt":"2019-02-14T19:36:37","guid":{"rendered":"http:\/\/historiografija.hr\/?p=13650"},"modified":"2019-02-14T19:39:43","modified_gmt":"2019-02-14T19:39:43","slug":"colloquia-mediaevalia-croatica-v-napuljski-obzori-hrvatskoga-kasnog-srednjovjekovlja","status":"publish","type":"post","link":"https:\/\/historiografija.hr\/?p=13650","title":{"rendered":"Colloquia Mediaevalia Croatica V: Napuljski obzori hrvatskoga kasnog srednjovjekovlja"},"content":{"rendered":"<p>Znanstveni skup &#8216;Napuljski obzori hrvatskoga kasnog srednjovjekovlja&#8217; \u2013 kao peti u nizu &#8216;Colloquia Mediaevalia Croatica&#8217; \u2013 odr\u017eat \u0107e se u \u010detvrtak, 21. velja\u010de 2019. godine, s po\u010detkom u 9 sati, na Filozofskom fakultetu u Zagrebu.<\/p>\n<p>&nbsp;<\/p>\n<p>&#8212;<\/p>\n<p>&nbsp;<\/p>\n<p><em>Colloquia Mediaevalia Croatica<\/em> V<\/p>\n<p>&nbsp;<\/p>\n<p><strong>Napuljski obzori hrvatskoga kasnog srednjovjekovlja<\/strong><\/p>\n<p>&nbsp;<\/p>\n<p>Znanstveni skup u organizaciji Odsjeka za povijest Filozofskog fakulteta Sveu\u010dili\u0161ta u Zagrebu<\/p>\n<p>&nbsp;<\/p>\n<p>21. velja\u010de 2019.<\/p>\n<p>&nbsp;<\/p>\n<p>Odsjek za povijest Filozofskog fakulteta<\/p>\n<p>Sveu\u010dili\u0161ta u Zagrebu<\/p>\n<p>Ivana Lu\u010di\u0107a 3<\/p>\n<p>10 000 Zagreb<\/p>\n<p>&nbsp;<\/p>\n<p>ORGANIZACIJSKI SAVJET<\/p>\n<p>Luka \u0160poljari\u0107<\/p>\n<p>Trpimir Vedri\u0161<\/p>\n<p>&nbsp;<\/p>\n<p>KONTAKT<\/p>\n<p>Luka \u0160poljari\u0107<\/p>\n<p>Odsjek za povijest Filozofskog fakulteta<\/p>\n<p>Sveu\u010dili\u0161ta u Zagrebu<\/p>\n<p>Ivana Lu\u010di\u0107a 3<\/p>\n<p>10 000 Zagreb<\/p>\n<p>Tel.: +385(1)4092158<\/p>\n<p>E-po\u0161ta: spoljaric.luka@gmail.com<\/p>\n<p>&nbsp;<\/p>\n<p>&nbsp;<\/p>\n<p><strong>PROGRAM<\/strong><\/p>\n<p>&nbsp;<\/p>\n<p><strong><em>Colloquia Mediaevalia Croatica<\/em><\/strong><strong> V:<\/strong><\/p>\n<p><strong>Napuljski obzori hrvatskoga kasnog srednjovjekovlja<\/strong><\/p>\n<p>&nbsp;<\/p>\n<p>Filozofski fakultet Sveu\u010dili\u0161ta u Zagrebu<\/p>\n<p>Konferencijska dvorana Knji\u017enice<\/p>\n<p>21. velja\u010de 2019.<\/p>\n<p><strong>\u00a0<\/strong><\/p>\n<p>(9,00-9,30)<\/p>\n<p><strong>Otvaranje skupa <\/strong>Trpimir Vedri\u0161 i Luka \u0160poljari\u0107 <strong>\u00b7<\/strong> <em>Uvodne rije\u010di <\/em><\/p>\n<p>&nbsp;<\/p>\n<p>(9,30-11,00)<\/p>\n<p><strong>I <\/strong><strong><em>Napuljski dvor i ugarsko-hrvatsko prijestolje<\/em><\/strong><\/p>\n<p>(predsjeda Stanko Andri\u0107)<\/p>\n<ol>\n<li>Mladen An\u010di\u0107 <strong>\u00b7<\/strong> <em>Neo\u010dekivani pobjednik: Uspon Karla Roberta do vlasti<\/em><\/li>\n<li>Robert Kureli\u0107 <strong>\u00b7<\/strong> <em>Alfonso V. Aragonski i ugarsko-hrvatsko prijestolje<\/em><\/li>\n<li>Borislav Grgin <strong>\u00b7<\/strong> <em>Beatrica Aragonska i ugarsko-napuljski odnosi u posljednjoj \u010detvrtini 15. stolje\u0107a<\/em><\/li>\n<\/ol>\n<p><em>\u00a0<\/em><em>rasprava<\/em>\u00a0\u2013 kratki predah (11.00-11.30) \u2013<\/p>\n<p>&nbsp;<\/p>\n<p>(11,30-13,00)<\/p>\n<p><strong>II<\/strong> <strong><em>Hrvatske<\/em><\/strong> <strong><em>zemlje<\/em><\/strong> <strong><em>i<\/em><\/strong> <strong><em>Napuljsko<\/em><\/strong> <strong><em>Kraljevstvo<\/em><\/strong> <strong><em>u<\/em><\/strong> <strong><em>an<\/em><\/strong><strong><em>\u017e<\/em><\/strong><strong><em>uvinskom<\/em><\/strong> <strong><em>razdoblju<\/em><\/strong> (predsjeda Trpimir Vedri\u0161)<\/p>\n<ol start=\"4\">\n<li>Zrinka Nikoli\u0107 Jakus <strong>\u00b7<\/strong> <em>Dalmatinski<\/em> <em>gradovi<\/em> <em>i<\/em> <em>ju<\/em><em>\u017e<\/em><em>na<\/em> <em>Italija<\/em> <em>u<\/em><em> 14. <\/em><em>stolje<\/em><em>\u0107<\/em><em>u<\/em><\/li>\n<li>Stanko Andri\u0107 <strong>\u00b7<\/strong> <em>Ju<\/em><em>\u017e<\/em><em>nougarsko<\/em> <em>i<\/em> <em>slavonsko<\/em> <em>plemstvo<\/em> <em>u<\/em> <em>pohodima<\/em> <em>Ludovika<\/em> <em>I<\/em><em>. <\/em><em>protiv<\/em> <em>Ivane<\/em> <em>Napuljske<\/em><\/li>\n<li>Emir O. Filipovi\u0107 <strong>\u00b7<\/strong> <em>Iz<\/em> <em>historije<\/em> <em>bosansko<\/em><em>&#8211;<\/em><em>napuljskih<\/em> <em>odnosa<\/em> <em>krajem<\/em><em> 14. <\/em><em>i<\/em> <em>po<\/em><em>\u010d<\/em><em>etkom<\/em><em> 15. <\/em><em>stolje<\/em><em>\u0107<\/em><em>a<\/em><\/li>\n<\/ol>\n<p>&nbsp;<\/p>\n<p><em>rasprava<\/em>\u00a0\u2013 predah za ru\u010dak (13.00-14.30) \u2013<\/p>\n<p>&nbsp;<\/p>\n<p>(15,00-16,30)<\/p>\n<p><strong>III <\/strong><strong><em>Hrvatske zemlje i Napuljsko Kraljevstvo u aragonskom razdoblju <\/em><\/strong>(predsjeda Zdenka Janekovi\u0107 R\u00f6mer)<\/p>\n<ol start=\"7\">\n<li>Luka \u0160poljari\u0107 <strong>\u00b7<\/strong><em> Opasne namjere: Napuljske veze i princeze Vlatka Kosa\u010de i modru\u0161kih i kr\u010dkih Frankapana, 1472\u20131474<\/em><\/li>\n<li>Ivana Prijatelj Pavi\u010di\u0107 <em>\u2013<\/em> Ivan Jurkovi\u0107 <strong>\u00b7<\/strong> <em>Nova interpretacija sadr\u017eaja slike Lazzara Bastianija iz samostana sv. Frane u Zadru<\/em><\/li>\n<li>Neven Jovanovi\u0107 \u00b7 <em>Pohvalni govor Pavla Paladini\u0107a za Fridrika Aragonskog (1496)<\/em><\/li>\n<\/ol>\n<p><em>rasprava<\/em>\u00a0\u2013 kratki predah (16.30-17.00) \u2013<\/p>\n<p><em>\u00a0<\/em><\/p>\n<p>(17,00\u201318,30)<\/p>\n<p><strong>IV <\/strong><strong><em>Dubrovnik i Napuljsko Kraljevstvo <\/em><\/strong><\/p>\n<p>(predsjeda Borislav Grgin)<\/p>\n<ol start=\"10\">\n<li>Zdenka Janekovi\u0107 R\u00f6mer <strong>\u00b7<\/strong> <em>Dubrovnik i Napuljsko Kraljevstvo u 15. stolje\u0107u i obitelj Kotrulj<\/em><\/li>\n<li>Jasenka Gudelj <strong>\u00b7<\/strong> <em>Umjetnici, diplomacija, migracije: Razmjena umjetni\u010dkih iskustava izme\u0111u Dubrovnika, Dalmacije i Napuljskog Kraljevstva u 14. i 15. stolje\u0107u<\/em><\/li>\n<li>Lovro Kun\u010devi\u0107 <strong>\u00b7<\/strong> <em>Dubrova\u010dka Republika i \u0161panjolski Herceg Nov<\/em><em>i<\/em><\/li>\n<\/ol>\n<p><em>\u00a0<\/em><\/p>\n<p>(18,30\u201319,00)<\/p>\n<p><strong>Zavr\u0161na rasprava<\/strong> (predsjeda Mladen An\u010di\u0107)<\/p>\n<p>&nbsp;<\/p>\n<p>&nbsp;<\/p>\n<p><strong>Knji\u017eica sa\u017eetaka:<\/strong><\/p>\n<p><a href=\"https:\/\/historiografija.hr\/wp-content\/uploads\/2019\/02\/CMC05_-napoli_knjizicaA5.pdf\">CMC05_ napoli_knjizicaA5<\/a><\/p>\n<p>&nbsp;<\/p>\n<p>&nbsp;<\/p>\n<p>&nbsp;<\/p>\n<p>&nbsp;<\/p>\n","protected":false},"excerpt":{"rendered":"","protected":false},"author":2,"featured_media":13652,"comment_status":"open","ping_status":"open","sticky":false,"template":"","format":"standard","meta":{"_acf_changed":false,"jetpack_post_was_ever_published":false,"_jetpack_newsletter_access":"","_jetpack_dont_email_post_to_subs":false,"_jetpack_newsletter_tier_id":0,"_jetpack_memberships_contains_paywalled_content":false,"_jetpack_memberships_contains_paid_content":false,"footnotes":"","jetpack_publicize_message":"","jetpack_publicize_feature_enabled":true,"jetpack_social_post_already_shared":true,"jetpack_social_options":{"image_generator_settings":{"template":"highway","default_image_id":0,"font":"","enabled":false},"version":2}},"categories":[3,9],"tags":[],"class_list":["post-13650","post","type-post","status-publish","format-standard","has-post-thumbnail","hentry","category-novosti","category-skupovi"],"acf":{"facebook_opis":""},"jetpack_publicize_connections":[],"jetpack_featured_media_url":"https:\/\/i0.wp.com\/historiografija.hr\/wp-content\/uploads\/2019\/02\/CMC05_napoli_plakat_mini.jpg?fit=1240%2C1754&ssl=1","jetpack_sharing_enabled":true,"jetpack-related-posts":[{"id":52573,"url":"https:\/\/historiografija.hr\/?p=52573","url_meta":{"origin":13650,"position":0},"title":"Znanstvena konferencija &#8220;Filozofija odgoja: povijest, praksa, perspektive&#8221;","author":"Branimir Jankovi\u0107","date":"21. travnja 2026.","format":false,"excerpt":"Znanstvena konferencija \"Filozofija odgoja: povijest, praksa, perspektive\" odr\u017eat \u0107e se 23. i 24. travnja 2026. u Konferencijskoj dvorani Knji\u017enice Filozofskog fakulteta u Zagrebu (2. kat).\u00a0Konferencija je organizirana u okviru projekta\u00a0SUMKOS (voditeljica prof. dr. sc. Ivana Zagorac, financiran\u00a0sredstvima NextGenerationEU), uz potporu Odsjeka za filozofiju.\u00a0 Uz izlaga\u010dki dio, konferencija obuhva\u0107a i izlo\u017ebu\u2026","rel":"","context":"U &quot;Novosti&quot;","block_context":{"text":"Novosti","link":"https:\/\/historiografija.hr\/?cat=3"},"img":{"alt_text":"","src":"","width":0,"height":0},"classes":[]},{"id":52563,"url":"https:\/\/historiografija.hr\/?p=52563","url_meta":{"origin":13650,"position":1},"title":"Predavanje Nenada Fabijani\u0107a o stadionu Poljud u Splitu","author":"Branimir Jankovi\u0107","date":"21. travnja 2026.","format":false,"excerpt":"Znanstveno vije\u0107e za arhitekturu, urbanizam i ure\u0111enje prostora Hrvatske akademije znanosti i umjetnosti organizira predavanje \u201cPo Poljudu\u201d koje \u0107e u srijedu 22. travnja 2026. s po\u010detkom u 14 sati u Knji\u017enici HAZU, Strossmayerov trg 14 u Zagrebu, odr\u017eati\u00a0prof. emerit. dr. art. Nenad Fabijani\u0107,\u00a0\u010dlan suradnik HAZU. Predavanje \u201ePo Poljudu\u201c (Projekt obnove)\u2026","rel":"","context":"U &quot;Novosti&quot;","block_context":{"text":"Novosti","link":"https:\/\/historiografija.hr\/?cat=3"},"img":{"alt_text":"","src":"https:\/\/i0.wp.com\/historiografija.hr\/wp-content\/uploads\/2026\/04\/Poljud-scaled.jpeg?fit=1200%2C800&ssl=1&resize=350%2C200","width":350,"height":200,"srcset":"https:\/\/i0.wp.com\/historiografija.hr\/wp-content\/uploads\/2026\/04\/Poljud-scaled.jpeg?fit=1200%2C800&ssl=1&resize=350%2C200 1x, https:\/\/i0.wp.com\/historiografija.hr\/wp-content\/uploads\/2026\/04\/Poljud-scaled.jpeg?fit=1200%2C800&ssl=1&resize=525%2C300 1.5x, https:\/\/i0.wp.com\/historiografija.hr\/wp-content\/uploads\/2026\/04\/Poljud-scaled.jpeg?fit=1200%2C800&ssl=1&resize=700%2C400 2x, https:\/\/i0.wp.com\/historiografija.hr\/wp-content\/uploads\/2026\/04\/Poljud-scaled.jpeg?fit=1200%2C800&ssl=1&resize=1050%2C600 3x"},"classes":[]},{"id":52499,"url":"https:\/\/historiografija.hr\/?p=52499","url_meta":{"origin":13650,"position":2},"title":"POTPISAN UGOVOR O ZNANSTVENO-ISTRA\u017dIVA\u010cKOJ SURADNJI: PROJEKT \u201eTEMELJI HRVATSKE SAMOSTALNOSTI\u201d","author":"Branimir Jankovi\u0107","date":"17. travnja 2026.","format":false,"excerpt":"Hrvatski institut za povijest, Sveu\u010dili\u0161te obrane i sigurnosti \u201eDr. Franjo Tu\u0111man\u201d, Institut dru\u0161tvenih znanosti Ivo Pilar i Hrvatski dr\u017eavni arhiv\u00a0potpisali su 23. o\u017eujka 2026.\u00a0Ugovor o znanstveno-istra\u017eiva\u010dkoj suradnji s ciljem provedbe projekta \u201eTemelji hrvatske samostalnosti\u201d. Tim projektom obuhva\u0107a se istra\u017eivanje arhivskoga gradiva, priprema znanstvenih publikacija, digitalizacija i javna prezentacija rezultata istra\u017eivanja\u2026","rel":"","context":"U &quot;Novosti&quot;","block_context":{"text":"Novosti","link":"https:\/\/historiografija.hr\/?cat=3"},"img":{"alt_text":"","src":"https:\/\/i0.wp.com\/historiografija.hr\/wp-content\/uploads\/2026\/04\/THS_sporazum.jpg?fit=1200%2C583&ssl=1&resize=350%2C200","width":350,"height":200,"srcset":"https:\/\/i0.wp.com\/historiografija.hr\/wp-content\/uploads\/2026\/04\/THS_sporazum.jpg?fit=1200%2C583&ssl=1&resize=350%2C200 1x, https:\/\/i0.wp.com\/historiografija.hr\/wp-content\/uploads\/2026\/04\/THS_sporazum.jpg?fit=1200%2C583&ssl=1&resize=525%2C300 1.5x, https:\/\/i0.wp.com\/historiografija.hr\/wp-content\/uploads\/2026\/04\/THS_sporazum.jpg?fit=1200%2C583&ssl=1&resize=700%2C400 2x, https:\/\/i0.wp.com\/historiografija.hr\/wp-content\/uploads\/2026\/04\/THS_sporazum.jpg?fit=1200%2C583&ssl=1&resize=1050%2C600 3x"},"classes":[]},{"id":52559,"url":"https:\/\/historiografija.hr\/?p=52559","url_meta":{"origin":13650,"position":3},"title":"Dobitnici dr\u017eavne nagrade za znanost za 2024. godinu","author":"Branimir Jankovi\u0107","date":"20. travnja 2026.","format":false,"excerpt":"Na sjednici Odbora za podjelu dr\u017eavnih nagrada za znanost odr\u017eanoj 16. travnja 2026. godine donesena je Odluka o dodjeli dr\u017eavnih nagrada za znanost za 2024. godinu. Godi\u0161njom nagradom za popularizaciju i promid\u017ebu znanosti nagra\u0111eni su u podru\u010dju humanisti\u010dkih znanosti znanstveni suradnici dr. sc. Josip Mihaljevi\u0107 i dr. sc. Gordan Ravan\u010di\u0107,\u2026","rel":"","context":"U &quot;Novosti&quot;","block_context":{"text":"Novosti","link":"https:\/\/historiografija.hr\/?cat=3"},"img":{"alt_text":"","src":"https:\/\/i0.wp.com\/historiografija.hr\/wp-content\/uploads\/2021\/12\/povijesne-kontroverze.jpg?fit=1200%2C675&ssl=1&resize=350%2C200","width":350,"height":200,"srcset":"https:\/\/i0.wp.com\/historiografija.hr\/wp-content\/uploads\/2021\/12\/povijesne-kontroverze.jpg?fit=1200%2C675&ssl=1&resize=350%2C200 1x, https:\/\/i0.wp.com\/historiografija.hr\/wp-content\/uploads\/2021\/12\/povijesne-kontroverze.jpg?fit=1200%2C675&ssl=1&resize=525%2C300 1.5x, https:\/\/i0.wp.com\/historiografija.hr\/wp-content\/uploads\/2021\/12\/povijesne-kontroverze.jpg?fit=1200%2C675&ssl=1&resize=700%2C400 2x, https:\/\/i0.wp.com\/historiografija.hr\/wp-content\/uploads\/2021\/12\/povijesne-kontroverze.jpg?fit=1200%2C675&ssl=1&resize=1050%2C600 3x"},"classes":[]},{"id":52660,"url":"https:\/\/historiografija.hr\/?p=52660","url_meta":{"origin":13650,"position":4},"title":"Medijski odjeci \u010dlanka Steve \u0110ura\u0161kovi\u0107a \u201e\u017dupanovljeva ne\u017eeljena djeca: ideolo\u0161ko pribli\u017eavanje neoliberala i kr\u0161\u0107anske radikalne desnice u Hrvatskoj\u201c","author":"Branimir Jankovi\u0107","date":"24. travnja 2026.","format":false,"excerpt":"U sklopu projekta \u201eIzazovi intelektualne povijesti: recepcije, preobrazbe i upotrebe politi\u010dkih ideja\u201c objavljen je polemi\u010dki \u010dlanak Steve \u0110ura\u0161kovi\u0107a \u201e\u017dupanovljeva ne\u017eeljena djeca: ideolo\u0161ko pribli\u017eavanje neoliberala i kr\u0161\u0107anske radikalne desnice u Hrvatskoj\u201c, koji je izazvao odre\u0111ene medijske reakcije. Stevo \u0110ura\u0161kovi\u0107 \u017dupanovljeva ne\u017eeljena djeca: ideolo\u0161ko pribli\u017eavanje neoliberala i kr\u0161\u0107anske radikalne desnice u Hrvatskoj\u2026","rel":"","context":"U &quot;Novosti&quot;","block_context":{"text":"Novosti","link":"https:\/\/historiografija.hr\/?cat=3"},"img":{"alt_text":"","src":"https:\/\/i0.wp.com\/historiografija.hr\/wp-content\/uploads\/2026\/04\/SD.png?fit=809%2C821&ssl=1&resize=350%2C200","width":350,"height":200,"srcset":"https:\/\/i0.wp.com\/historiografija.hr\/wp-content\/uploads\/2026\/04\/SD.png?fit=809%2C821&ssl=1&resize=350%2C200 1x, https:\/\/i0.wp.com\/historiografija.hr\/wp-content\/uploads\/2026\/04\/SD.png?fit=809%2C821&ssl=1&resize=525%2C300 1.5x, https:\/\/i0.wp.com\/historiografija.hr\/wp-content\/uploads\/2026\/04\/SD.png?fit=809%2C821&ssl=1&resize=700%2C400 2x"},"classes":[]},{"id":52654,"url":"https:\/\/historiografija.hr\/?p=52654","url_meta":{"origin":13650,"position":5},"title":"Gostuju\u0107e predavanje &#8211; Danijel D\u017eino \u201eKasnoanti\u010dke i ranosrednjovjekovne gra\u0111evine u Brezi: Spomenici nepotpune biografije\u201c","author":"Branimir Jankovi\u0107","date":"24. travnja 2026.","format":false,"excerpt":"Doktorski studij predmoderne povijesti poziva na predavanje \"Kasnoanti\u010dke i ranosrednjovjekovne gra\u0111evine u Brezi: Spomenici nepotpune biografije\u201d koje \u0107e odr\u017eati profesor Danijel D\u017eino sa Sveu\u010dili\u0161ta Macquarie u Sydneyu u\u00a0utorak 28. travnja 2026. u 17h u Konferencijskoj dvorani Knji\u017enice Filozofskog fakulteta u Zagrebu. Predavanje \u0107e predo\u010diti nova saznanja dobivena kroz arhivsko-dokumentarna istra\u017eivanja\u2026","rel":"","context":"U &quot;Novosti&quot;","block_context":{"text":"Novosti","link":"https:\/\/historiografija.hr\/?cat=3"},"img":{"alt_text":"","src":"https:\/\/i0.wp.com\/historiografija.hr\/wp-content\/uploads\/2026\/04\/Dzino.jpg?fit=980%2C819&ssl=1&resize=350%2C200","width":350,"height":200,"srcset":"https:\/\/i0.wp.com\/historiografija.hr\/wp-content\/uploads\/2026\/04\/Dzino.jpg?fit=980%2C819&ssl=1&resize=350%2C200 1x, https:\/\/i0.wp.com\/historiografija.hr\/wp-content\/uploads\/2026\/04\/Dzino.jpg?fit=980%2C819&ssl=1&resize=525%2C300 1.5x, https:\/\/i0.wp.com\/historiografija.hr\/wp-content\/uploads\/2026\/04\/Dzino.jpg?fit=980%2C819&ssl=1&resize=700%2C400 2x"},"classes":[]}],"_links":{"self":[{"href":"https:\/\/historiografija.hr\/index.php?rest_route=\/wp\/v2\/posts\/13650","targetHints":{"allow":["GET"]}}],"collection":[{"href":"https:\/\/historiografija.hr\/index.php?rest_route=\/wp\/v2\/posts"}],"about":[{"href":"https:\/\/historiografija.hr\/index.php?rest_route=\/wp\/v2\/types\/post"}],"author":[{"embeddable":true,"href":"https:\/\/historiografija.hr\/index.php?rest_route=\/wp\/v2\/users\/2"}],"replies":[{"embeddable":true,"href":"https:\/\/historiografija.hr\/index.php?rest_route=%2Fwp%2Fv2%2Fcomments&post=13650"}],"version-history":[{"count":4,"href":"https:\/\/historiografija.hr\/index.php?rest_route=\/wp\/v2\/posts\/13650\/revisions"}],"predecessor-version":[{"id":13656,"href":"https:\/\/historiografija.hr\/index.php?rest_route=\/wp\/v2\/posts\/13650\/revisions\/13656"}],"wp:featuredmedia":[{"embeddable":true,"href":"https:\/\/historiografija.hr\/index.php?rest_route=\/wp\/v2\/media\/13652"}],"wp:attachment":[{"href":"https:\/\/historiografija.hr\/index.php?rest_route=%2Fwp%2Fv2%2Fmedia&parent=13650"}],"wp:term":[{"taxonomy":"category","embeddable":true,"href":"https:\/\/historiografija.hr\/index.php?rest_route=%2Fwp%2Fv2%2Fcategories&post=13650"},{"taxonomy":"post_tag","embeddable":true,"href":"https:\/\/historiografija.hr\/index.php?rest_route=%2Fwp%2Fv2%2Ftags&post=13650"}],"curies":[{"name":"wp","href":"https:\/\/api.w.org\/{rel}","templated":true}]}}