{"id":13576,"date":"2019-02-08T16:42:09","date_gmt":"2019-02-08T16:42:09","guid":{"rendered":"http:\/\/historiografija.hr\/?p=13576"},"modified":"2019-02-08T16:42:09","modified_gmt":"2019-02-08T16:42:09","slug":"intellectuals-and-world-war-i-a-central-european-perspective-edited-by-tomasz-pudlocki-and-kamil-ruszala","status":"publish","type":"post","link":"https:\/\/historiografija.hr\/?p=13576","title":{"rendered":"Intellectuals and World War I: A Central European Perspective. Edited by Tomasz Pud\u0142ocki and Kamil Rusza\u0142a"},"content":{"rendered":"<p>Izdava\u010d Jagiellonian University Press objavio je 2018. godine knjigu o intelektualcima i Prvom svjetskom ratu u srednjoeuropskoj perspektivi u kojoj sudjeluju i autori iz Hrvatske.<\/p>\n<p>&nbsp;<\/p>\n<p>This volume was planned as an academic and methodological exchange of views between historians and other scholars dealing with social history of World War I in East-Central Europe. Its main aim is an attempt to answer the question how the conflict affected intellectuals in certain clearly defined aspects (family, education, religion, gender, sexuality). Their wartime experi\u00adences were surely shaped by their whereabouts, everyday life matters, standard of living, and in the case of soldiers \u2014 the type of military service. We also took a closer look at members of the intelligentsia who fought in the trenches, those who worked in propaganda or those who held civil service posts in the belligerent countries. It still seems to be an important question whether the cooperation of intellectuals and scholars with the war apparatus was conscious, voluntary, whether it was a form of social mission carried out for the state or nation, or maybe an attempt by the governments and rulers to use the \u201cnaive clerks\u201d \u00adinstrumentally? Among many important issues there is also a reflection on the intellectuals\u2019 stance towards militarism and the outbreak of war: their reactions, thoughts, predictions, and the way they interpreted the war events for society. That is why we also wanted to find out how the war was conceptualized by intellectuals, how it was commented upon and how the post-war reality was conceived.<\/p>\n<p>&nbsp;<\/p>\n<p>&nbsp;<\/p>\n<p><strong>Tomasz Pud\u0142ocki<\/strong>, Ph.D., is an Associate Professor in the Institute of History, Jagiellonian University in Krakow (Poland). He specializes in the history of Galicia from the socio-cultural point of view, as well as the history of women and intellectual history. His latest book was published on Polish-British intellectual connections in the interwar period (<em>Ambasadorzy idei. Wk\u0142ad intelektualist\u00f3w w promowanie pozytywnego wizerunku Polski w Wielkiej Brytanii w latach 1918-1939<\/em>, Historia Iagellonica: Krak\u00f3w 2015). Member of the Commission on History of Women (Polish Academy of Science in Warsaw), the Commission on History of Science (Polish Academy of Arts and Sciences in Krakow). The Kosciuszko Foundation Grantee (2012-2013, 2017-2018), Fulbright Scholar and Daemen College, Amherst, NY Visiting Professor (2015\/2016), Grantee of the Polish Ministry of Science and Higher Education for young scholar (up to 35) (2013-2016).<\/p>\n<p>&nbsp;<\/p>\n<p>&nbsp;<\/p>\n<p><strong>Kamil Ruszala<\/strong>, Ph.D., studied history in Krak\u00f3w (Jagiellonian University), Vienna (University of Vienna) and Prague (Charles University in Prague). He received his Ph.D. at the Faculty of History of the Jagiellonian University in Krak\u00f3w (dissertation: <em>Galician Refugees During the First World War in the Habsburg Empire<\/em>, Krak\u00f3w 2017). He specializes in East Central European History in the 19th and 20th centuries, especially in late Habsburg Empire, the First World War, refugees and internees, war remembrance, war graves and cemeteries, experiences of soldiers and societies during the war. He is an author and editor of books dealing with the First World War. His last book: <em>Wielka Wojna w ma\u0142ym mie\u015bcie. Gorlice w latach 1914-1918<\/em>, Krak\u00f3w 2015 (<em>The Great War in a small town. Gorlice in the years 1914-1918<\/em>); as editor: <em>Bitwa pod Gorlicami. Studia z perspektywy stulecia<\/em>, Gorlice 2015 (<em>The battle of Gorlice. Centenary perspectives<\/em>), <em>Do\u015bwiadczenia \u017co\u0142nierskie Wielkiej Wojny<\/em>, Krak\u00f3w 2017, (<em>The Soldiers\u2019 Experience of the First World War<\/em>, together with Micha\u0142 Baczkowski). Grant holder of the Ministry of Science and High Education for Ph.D. Students (MNiSW, 2016\/2017), Foundation for Polish Science (FNP &#8220;Start&#8221; Grant, 2017\/2018), Centre for Urban History in Lviv (2017) and University of Vienna (2017).<\/p>\n<p>&nbsp;<\/p>\n<p><strong>Table of Contents<\/strong><\/p>\n<p>&nbsp;<\/p>\n<p>Preface: The Great War and Intellectuals from East-Central Europe: Reflections from the Perspective of a Century (Tomasz Pud\u0142ocki and Kamil Rusza\u0142a)<\/p>\n<p>&nbsp;<\/p>\n<p><strong>I. CHALLENGES OF GREAT WAR: GENERAL STUDIES<\/strong><\/p>\n<p>&nbsp;<\/p>\n<p>PIETER M. JUDSON, War and the Habsburg Monarchy: A Revisionist View<\/p>\n<p>MACIEJ G\u00d3RNY, First Write, Then Shoot: East Central European Intellectuals and the Great War<\/p>\n<p>VIKTORIIA VOLOSHENKO, Intellectuals and (Anti)Military Propaganda in the Popular Literature for Ukrainian Peasantry Before World War I<\/p>\n<p>LIUBOV ZHVANKO, Ukrainian Intelligentsia and the Refugees of World War I<\/p>\n<p>BELINDA DAVIS, \u201cGoing All the Way\u201d for the People? Reading Traugott v. Jagow\u2019s Wartime Transformations<\/p>\n<p>ESZTER BAL\u00c1ZS, The Intellectual\u2019s Body in War: Hungarian Writers\u2019 Cases in World War I<\/p>\n<p>STEVO \u0110URA\u0160KOVI\u0106, Croatian Intellectuals and World War I: Between Croatia as Bulwark of Mitteleuropa Towards the West and the Other Way Around<\/p>\n<p>KAMIL RUSZA\u0141A, Intellectuals and the Galician Refugees During World War I in Austria-Hungary: Disparate Attitudes<\/p>\n<p>MARKO VUKI\u010cEVI\u0106, Architects of Zagreb: Careers and the Great War<\/p>\n<p>&nbsp;<\/p>\n<p><strong>II. CASE STUDIES<\/strong><\/p>\n<p>&nbsp;<\/p>\n<p>ANDRZEJ SYNOWIEC, The Social Involvement of the Jagiellonian University Professor Stefan Jentys During World War I<\/p>\n<p>NATALIA KOLB, The Great War in the Light of Documents and Correspondence of the Galician Greek Catholic Parish Priest Isydor Hlynskyi<\/p>\n<p>Andrea Griffante, Between Pain and Care: Once More on Gabriel\u0117 Petkevi\u010dait\u0117 War Experience<\/p>\n<p>SUSANNE KORBEL, The \u00d6sterreichische Reiterlied by Dr. Zuckermann: A Nearly Forgotten History of a Jewish Intellectual in the Great War<\/p>\n<p>ROBERT BLOBAUM, Noah Prylucki: Jewish Nationalist or Polish Democrat?<\/p>\n<p>ANDREW KIER WISE AND PENNY MESSINGEr, Anna and Boris Reinstein and the Socialist Response to World War I<\/p>\n<p>TOMASZ PUD\u0141OCKI, \u201cStranger in the Night\u201d? A Canadian on the Czech-Polish Borderland During World War I: The Case of William John Rose<\/p>\n<p>KUMRU TOKTAMIS, Yashar Khanum: The Woman for Whom the War Never Ended<\/p>\n<p>&nbsp;<\/p>\n<p><strong>III. BEYOND THE WAR YEARS<\/strong><\/p>\n<p>&nbsp;<\/p>\n<p>MICHAEL JUNG, Professors of the Technische Hochschule Hannover and the Great War: Attitudes and Their Political Impact Until the 1930s<\/p>\n<p>IRYNA ORLEVYCH, The Talerhof Tragedy in the Intellectual Thought of Galician Russophiles in the Interwar Period<\/p>\n<p>&nbsp;<\/p>\n<p>List of Contributors<\/p>\n<p>&nbsp;<\/p>\n<p><a href=\"https:\/\/www.wuj.pl\/page,produkt,prodid,3261,strona,Intellectuals_and_World_War_I,katid,31.html\">https:\/\/www.wuj.pl\/page,produkt,prodid,3261,strona,Intellectuals_and_World_War_I,katid,31.html<\/a><\/p>\n<p>&nbsp;<\/p>\n<p>&nbsp;<\/p>\n","protected":false},"excerpt":{"rendered":"","protected":false},"author":2,"featured_media":13577,"comment_status":"open","ping_status":"open","sticky":false,"template":"","format":"standard","meta":{"_acf_changed":false,"jetpack_post_was_ever_published":false,"_jetpack_newsletter_access":"","_jetpack_dont_email_post_to_subs":false,"_jetpack_newsletter_tier_id":0,"_jetpack_memberships_contains_paywalled_content":false,"_jetpack_memberships_contains_paid_content":false,"footnotes":"","jetpack_publicize_message":"","jetpack_publicize_feature_enabled":true,"jetpack_social_post_already_shared":true,"jetpack_social_options":{"image_generator_settings":{"template":"highway","default_image_id":0,"font":"","enabled":false},"version":2}},"categories":[8,3],"tags":[],"class_list":["post-13576","post","type-post","status-publish","format-standard","has-post-thumbnail","hentry","category-knjige","category-novosti"],"acf":{"facebook_opis":""},"jetpack_publicize_connections":[],"jetpack_featured_media_url":"https:\/\/i0.wp.com\/historiografija.hr\/wp-content\/uploads\/2019\/02\/3261.jpg?fit=550%2C812&ssl=1","jetpack_sharing_enabled":true,"jetpack-related-posts":[{"id":52580,"url":"https:\/\/historiografija.hr\/?p=52580","url_meta":{"origin":13576,"position":0},"title":"Conference &#8220;Living in the aftermaths: Trauma, politics and survival in Yugoslavia and successor states, 1945 \u2013 present&#8221;","author":"Branimir Jankovi\u0107","date":"21. travnja 2026.","format":false,"excerpt":"The conference aims to explore how war-related psychological distress was experienced, narrated, debated and reframed in Yugoslavia in the second half of the twentieth century. It asks how the theme of wounded psyche and wartime suffering was addressed and acknowledged in political, psychiatric and broader cultural discourses of socialist Yugoslavia,\u2026","rel":"","context":"U &quot;Novosti&quot;","block_context":{"text":"Novosti","link":"https:\/\/historiografija.hr\/?cat=3"},"img":{"alt_text":"","src":"https:\/\/i0.wp.com\/historiografija.hr\/wp-content\/uploads\/2026\/04\/Battle_of_Neretva_Picasso_poster-Conference-Living-in-the-aftermaths.webp?fit=564%2C954&ssl=1&resize=350%2C200","width":350,"height":200,"srcset":"https:\/\/i0.wp.com\/historiografija.hr\/wp-content\/uploads\/2026\/04\/Battle_of_Neretva_Picasso_poster-Conference-Living-in-the-aftermaths.webp?fit=564%2C954&ssl=1&resize=350%2C200 1x, https:\/\/i0.wp.com\/historiografija.hr\/wp-content\/uploads\/2026\/04\/Battle_of_Neretva_Picasso_poster-Conference-Living-in-the-aftermaths.webp?fit=564%2C954&ssl=1&resize=525%2C300 1.5x"},"classes":[]},{"id":52613,"url":"https:\/\/historiografija.hr\/?p=52613","url_meta":{"origin":13576,"position":1},"title":"No\u0107 knjige u Hrvatskom dr\u017eavnom arhivu","author":"Branimir Jankovi\u0107","date":"22. travnja 2026.","format":false,"excerpt":"Predstavljanje knjige Rajke Bu\u0107in \u201dLije\u010denje i zbrinjavanje \u017didova u Bolnici sestara milosrdnica u Zagrebu 1941. \u2013 1945.\u201d u \u010detvrtak, 23. travnja 2026. u 13 sati u Hrvatskom dr\u017eavnom arhivu u Zagrebu. Izvor: https:\/\/www.arhiv.hr\/hr-hr\/Kulturno-prosvjetne-aktivnosti\/ArticleId\/1986\/oamid\/1633","rel":"","context":"U &quot;Novosti&quot;","block_context":{"text":"Novosti","link":"https:\/\/historiografija.hr\/?cat=3"},"img":{"alt_text":"","src":"https:\/\/i0.wp.com\/historiografija.hr\/wp-content\/uploads\/2026\/04\/noc_knjige_2026.jpg?fit=680%2C276&ssl=1&resize=350%2C200","width":350,"height":200,"srcset":"https:\/\/i0.wp.com\/historiografija.hr\/wp-content\/uploads\/2026\/04\/noc_knjige_2026.jpg?fit=680%2C276&ssl=1&resize=350%2C200 1x, https:\/\/i0.wp.com\/historiografija.hr\/wp-content\/uploads\/2026\/04\/noc_knjige_2026.jpg?fit=680%2C276&ssl=1&resize=525%2C300 1.5x"},"classes":[]},{"id":52654,"url":"https:\/\/historiografija.hr\/?p=52654","url_meta":{"origin":13576,"position":2},"title":"Gostuju\u0107e predavanje &#8211; Danijel D\u017eino \u201eKasnoanti\u010dke i ranosrednjovjekovne gra\u0111evine u Brezi: Spomenici nepotpune biografije\u201c","author":"Branimir Jankovi\u0107","date":"24. travnja 2026.","format":false,"excerpt":"Doktorski studij predmoderne povijesti poziva na predavanje \"Kasnoanti\u010dke i ranosrednjovjekovne gra\u0111evine u Brezi: Spomenici nepotpune biografije\u201d koje \u0107e odr\u017eati profesor Danijel D\u017eino sa Sveu\u010dili\u0161ta Macquarie u Sydneyu u\u00a0utorak 28. travnja 2026. u 17h u Konferencijskoj dvorani Knji\u017enice Filozofskog fakulteta u Zagrebu. Predavanje \u0107e predo\u010diti nova saznanja dobivena kroz arhivsko-dokumentarna istra\u017eivanja\u2026","rel":"","context":"U &quot;Novosti&quot;","block_context":{"text":"Novosti","link":"https:\/\/historiografija.hr\/?cat=3"},"img":{"alt_text":"","src":"https:\/\/i0.wp.com\/historiografija.hr\/wp-content\/uploads\/2026\/04\/Dzino.jpg?fit=980%2C819&ssl=1&resize=350%2C200","width":350,"height":200,"srcset":"https:\/\/i0.wp.com\/historiografija.hr\/wp-content\/uploads\/2026\/04\/Dzino.jpg?fit=980%2C819&ssl=1&resize=350%2C200 1x, https:\/\/i0.wp.com\/historiografija.hr\/wp-content\/uploads\/2026\/04\/Dzino.jpg?fit=980%2C819&ssl=1&resize=525%2C300 1.5x, https:\/\/i0.wp.com\/historiografija.hr\/wp-content\/uploads\/2026\/04\/Dzino.jpg?fit=980%2C819&ssl=1&resize=700%2C400 2x"},"classes":[]},{"id":52651,"url":"https:\/\/historiografija.hr\/?p=52651","url_meta":{"origin":13576,"position":3},"title":"Promocija knjige Emira O. Filipovi\u0107a \u201cVite\u0161tvo u srednjovjekovnoj Bosni\u201d u Sarajevu","author":"Branimir Jankovi\u0107","date":"24. travnja 2026.","format":false,"excerpt":"Knji\u017eevni korner poziva na promociju knjige Emira O. Filipovi\u0107a \u201cVite\u0161tvo u srednjovjekovnoj Bosni\u201d koja \u0107e se odr\u017eati u srijedu, 29. aprila 2026. u 18 sati u Evropskoj ku\u0107i kulture i nacionalnih manjina (Austrijska ku\u0107a) u Sarajevu. Na promociji \u0107e govoriti Mirsad Sijari\u0107, Ema Mazrak i autor, a moderirat \u0107e Nikola\u2026","rel":"","context":"U &quot;Novosti&quot;","block_context":{"text":"Novosti","link":"https:\/\/historiografija.hr\/?cat=3"},"img":{"alt_text":"","src":"https:\/\/i0.wp.com\/historiografija.hr\/wp-content\/uploads\/2026\/04\/Vitestvo.jpg?fit=1080%2C565&ssl=1&resize=350%2C200","width":350,"height":200,"srcset":"https:\/\/i0.wp.com\/historiografija.hr\/wp-content\/uploads\/2026\/04\/Vitestvo.jpg?fit=1080%2C565&ssl=1&resize=350%2C200 1x, https:\/\/i0.wp.com\/historiografija.hr\/wp-content\/uploads\/2026\/04\/Vitestvo.jpg?fit=1080%2C565&ssl=1&resize=525%2C300 1.5x, https:\/\/i0.wp.com\/historiografija.hr\/wp-content\/uploads\/2026\/04\/Vitestvo.jpg?fit=1080%2C565&ssl=1&resize=700%2C400 2x, https:\/\/i0.wp.com\/historiografija.hr\/wp-content\/uploads\/2026\/04\/Vitestvo.jpg?fit=1080%2C565&ssl=1&resize=1050%2C600 3x"},"classes":[]},{"id":52569,"url":"https:\/\/historiografija.hr\/?p=52569","url_meta":{"origin":13576,"position":4},"title":"[Predavanje] Ne \u010dekaju\u0107i inspiraciju \u2013 anga\u017eovane intelektualne, kulturalne i umetni\u010dke prakse u me\u0111uratnom periodu: teorija i praksa kriti\u010dke levice u jugoslovenskoj kulturi (YugoLab)","author":"Branimir Jankovi\u0107","date":"21. travnja 2026.","format":false,"excerpt":"U vreme agresivnog ja\u010danja globalne desnice, (pro)fa\u0161isti\u010dkih, rasisti\u010dkih i imperijalisti\u010dkih politika, dok je istovremeno globalna levica izrazito slaba, a progresivni pokreti atomizirani i fragmentisani, va\u017eno je iz savremene perspektive vratiti se revolucionarnim i emancipatorskim zbivanjima u jugoslovenskom (ali i s njima u vezi internacionalnim de\u0161avanjima), kao i dru\u0161tvenoj ulozi kulturalnih\u2026","rel":"","context":"U &quot;Novosti&quot;","block_context":{"text":"Novosti","link":"https:\/\/historiografija.hr\/?cat=3"},"img":{"alt_text":"","src":"","width":0,"height":0},"classes":[]},{"id":52547,"url":"https:\/\/historiografija.hr\/?p=52547","url_meta":{"origin":13576,"position":5},"title":"ISHA Zagreb \u2013 Filmska ve\u010der: Povratak Martina Guerrea","author":"Branimir Jankovi\u0107","date":"20. travnja 2026.","format":false,"excerpt":"Klub studenata povijesti \u2013 ISHA Zagreb poziva Vas na filmsku ve\u010der na kojoj \u0107e se prikazivati \u201ePovratak Martina Guerrea\u201c, povijesna drama iz 1982. godine s radnjom smje\u0161tenom u 16. stolje\u0107u. Radnja je utemeljena na stvarnoj povijesnoj li\u010dnosti Martina Guerrea koji se nakon mnogo godina izbivanja vra\u0107a u svoje rodno mjesto\u2026","rel":"","context":"U &quot;Filmovi i serije&quot;","block_context":{"text":"Filmovi i serije","link":"https:\/\/historiografija.hr\/?cat=13"},"img":{"alt_text":"","src":"https:\/\/i0.wp.com\/historiografija.hr\/wp-content\/uploads\/2026\/04\/M-Guerre.png?fit=702%2C1006&ssl=1&resize=350%2C200","width":350,"height":200,"srcset":"https:\/\/i0.wp.com\/historiografija.hr\/wp-content\/uploads\/2026\/04\/M-Guerre.png?fit=702%2C1006&ssl=1&resize=350%2C200 1x, https:\/\/i0.wp.com\/historiografija.hr\/wp-content\/uploads\/2026\/04\/M-Guerre.png?fit=702%2C1006&ssl=1&resize=525%2C300 1.5x, https:\/\/i0.wp.com\/historiografija.hr\/wp-content\/uploads\/2026\/04\/M-Guerre.png?fit=702%2C1006&ssl=1&resize=700%2C400 2x"},"classes":[]}],"_links":{"self":[{"href":"https:\/\/historiografija.hr\/index.php?rest_route=\/wp\/v2\/posts\/13576","targetHints":{"allow":["GET"]}}],"collection":[{"href":"https:\/\/historiografija.hr\/index.php?rest_route=\/wp\/v2\/posts"}],"about":[{"href":"https:\/\/historiografija.hr\/index.php?rest_route=\/wp\/v2\/types\/post"}],"author":[{"embeddable":true,"href":"https:\/\/historiografija.hr\/index.php?rest_route=\/wp\/v2\/users\/2"}],"replies":[{"embeddable":true,"href":"https:\/\/historiografija.hr\/index.php?rest_route=%2Fwp%2Fv2%2Fcomments&post=13576"}],"version-history":[{"count":1,"href":"https:\/\/historiografija.hr\/index.php?rest_route=\/wp\/v2\/posts\/13576\/revisions"}],"predecessor-version":[{"id":13578,"href":"https:\/\/historiografija.hr\/index.php?rest_route=\/wp\/v2\/posts\/13576\/revisions\/13578"}],"wp:featuredmedia":[{"embeddable":true,"href":"https:\/\/historiografija.hr\/index.php?rest_route=\/wp\/v2\/media\/13577"}],"wp:attachment":[{"href":"https:\/\/historiografija.hr\/index.php?rest_route=%2Fwp%2Fv2%2Fmedia&parent=13576"}],"wp:term":[{"taxonomy":"category","embeddable":true,"href":"https:\/\/historiografija.hr\/index.php?rest_route=%2Fwp%2Fv2%2Fcategories&post=13576"},{"taxonomy":"post_tag","embeddable":true,"href":"https:\/\/historiografija.hr\/index.php?rest_route=%2Fwp%2Fv2%2Ftags&post=13576"}],"curies":[{"name":"wp","href":"https:\/\/api.w.org\/{rel}","templated":true}]}}