{"id":13536,"date":"2019-02-06T21:46:14","date_gmt":"2019-02-06T21:46:14","guid":{"rendered":"http:\/\/historiografija.hr\/?p=13536"},"modified":"2019-02-06T21:46:14","modified_gmt":"2019-02-06T21:46:14","slug":"strucno-misljenje-u-ovoj-se-knjizi-ne-drzi-da-istine-nema-vec-jedino-da-je-nitko-nema-pravo-prisvajati","status":"publish","type":"post","link":"https:\/\/historiografija.hr\/?p=13536","title":{"rendered":"Stru\u010dno mi\u0161ljenje: \u201cU ovoj se  knjizi ne dr\u017ei da istine nema, ve\u0107 jedino da je nitko nema pravo prisvajati\u201d"},"content":{"rendered":"<p>\u201cU ovoj se knjizi ne dr\u017ei da istine nema, ve\u0107 jedino da je nitko nema pravo prisvajati\u201d, napominje autor ovoga Pojmovnika u kojemu se objedinjuju dosezi, rezultati i mijene njema\u010dke, francuske, anglosaksonske i slavenske knji\u017eevno-teorijske tradicije i razmatraju suprostavljena stajali\u0161ta razli\u010ditih teorijskih \u0161kola.<\/p>\n<p>&nbsp;<\/p>\n<p>Preko 250 natuknica i enciklopedijska metodologija njihova izbora i predstavljanja, akribi\u010dnost, znanstvena strogost i izvornost, pouzdanost leksikografske obrade i interpretacije, idealan su uvod u suvremenu knji\u017eevnu i kulturnu teoriju.<\/p>\n<p>&nbsp;<\/p>\n<p>Nesvakida\u0161nja znanstvena vrsno\u0107a ove knjige \u2012 koja se zasniva na osamostaljenu propitivanju autoriteta i na kriti\u010dkom propitivanju mno\u0161tva konkurentnih i opre\u010dnih polazi\u0161ta, kao i u promi\u0161ljanju postteorijske budu\u0107nosti hrvatske i svjetske knji\u017eevne i kulturne teorije \u2012 rezultirala je iznimnom recepcijom u hrvatskom i njema\u010dkom kulturno-znanstvenom krugu. Stoga i ne \u010dudi da je knjiga do\u017eivjela ve\u0107 dva hrvatska izdanja u nakladi Matice hrvatske te njema\u010dko izdanje u \u010duvenoj Rowohltovoj biblioteci Rowohlts Enzyklop\u00e4die.<\/p>\n<p>&nbsp;<\/p>\n<p>Biblioteka Theoria. Novi niz, glavna urednica Jelena Hekman, likovno oblikovanje Luka Gusi\u0107. \u2014 Prvo izdanje knjige objavljeno je 1997. \u2014 Knjiga je opremljena opse\u017enom bibliografijom (str. 601-645) i pojmovnim kazalom<\/p>\n<p>&nbsp;<\/p>\n<p>Vladimir Biti<\/p>\n<p><strong><em>\u00a0<\/em><\/strong><\/p>\n<p><strong><em>Pojmovnik suvremene knji\u017eevne i kulturne teorije<\/em><\/strong><\/p>\n<p>&nbsp;<\/p>\n<p>Drugo izdanje<\/p>\n<p>&nbsp;<\/p>\n<p>Izvor: <a href=\"http:\/\/www.matica.hr\/knjige\/1204\/\">http:\/\/www.matica.hr\/knjige\/1204\/<\/a><\/p>\n<p>&nbsp;<\/p>\n","protected":false},"excerpt":{"rendered":"","protected":false},"author":2,"featured_media":13537,"comment_status":"open","ping_status":"open","sticky":false,"template":"","format":"standard","meta":{"_acf_changed":false,"jetpack_post_was_ever_published":false,"_jetpack_newsletter_access":"","_jetpack_dont_email_post_to_subs":false,"_jetpack_newsletter_tier_id":0,"_jetpack_memberships_contains_paywalled_content":false,"_jetpack_memberships_contains_paid_content":false,"footnotes":"","jetpack_publicize_message":"","jetpack_publicize_feature_enabled":true,"jetpack_social_post_already_shared":true,"jetpack_social_options":{"image_generator_settings":{"template":"highway","default_image_id":0,"font":"","enabled":false},"version":2}},"categories":[3,11],"tags":[],"class_list":["post-13536","post","type-post","status-publish","format-standard","has-post-thumbnail","hentry","category-novosti","category-rubrike"],"acf":{"facebook_opis":""},"jetpack_publicize_connections":[],"jetpack_featured_media_url":"https:\/\/i0.wp.com\/historiografija.hr\/wp-content\/uploads\/2019\/02\/pojmovnik-suvremene-knjizevne-i-kulturne-teorije.jpg?fit=300%2C435&ssl=1","jetpack_sharing_enabled":true,"jetpack-related-posts":[{"id":52573,"url":"https:\/\/historiografija.hr\/?p=52573","url_meta":{"origin":13536,"position":0},"title":"Znanstvena konferencija &#8220;Filozofija odgoja: povijest, praksa, perspektive&#8221;","author":"Branimir Jankovi\u0107","date":"21. travnja 2026.","format":false,"excerpt":"Znanstvena konferencija \"Filozofija odgoja: povijest, praksa, perspektive\" odr\u017eat \u0107e se 23. i 24. travnja 2026. u Konferencijskoj dvorani Knji\u017enice Filozofskog fakulteta u Zagrebu (2. kat).\u00a0Konferencija je organizirana u okviru projekta\u00a0SUMKOS (voditeljica prof. dr. sc. Ivana Zagorac, financiran\u00a0sredstvima NextGenerationEU), uz potporu Odsjeka za filozofiju.\u00a0 Uz izlaga\u010dki dio, konferencija obuhva\u0107a i izlo\u017ebu\u2026","rel":"","context":"U &quot;Novosti&quot;","block_context":{"text":"Novosti","link":"https:\/\/historiografija.hr\/?cat=3"},"img":{"alt_text":"","src":"","width":0,"height":0},"classes":[]},{"id":52520,"url":"https:\/\/historiografija.hr\/?p=52520","url_meta":{"origin":13536,"position":1},"title":"Predstavljanje knjige &#8220;Socialist Economics in Yugoslavia: A Critical History&#8221; u Zagrebu","author":"Branimir Jankovi\u0107","date":"17. travnja 2026.","format":false,"excerpt":"Pozivamo vas na predstavljanje knjige \"Socialist Economics in Yugoslavia: A Critical History\", autora Mislava \u00a0\u017ditka i Marka Grde\u0161i\u0107a (Routledge, 2026). Na predstavljanju \u0107e govoriti Branko Milanovi\u0107 (CUNY), Milica Uvali\u0107 (EUI), Zdravko Petak (FPZG) te autori.\u00a0 Predstavljanje \u0107e se odr\u017eati u srijedu 22. travnja u 16:00 sati na Fakultetu politi\u010dkih znanosti\u2026","rel":"","context":"U &quot;Novosti&quot;","block_context":{"text":"Novosti","link":"https:\/\/historiografija.hr\/?cat=3"},"img":{"alt_text":"","src":"https:\/\/i0.wp.com\/historiografija.hr\/wp-content\/uploads\/2026\/04\/Poziv-na-predstavljanje.png?fit=800%2C652&ssl=1&resize=350%2C200","width":350,"height":200,"srcset":"https:\/\/i0.wp.com\/historiografija.hr\/wp-content\/uploads\/2026\/04\/Poziv-na-predstavljanje.png?fit=800%2C652&ssl=1&resize=350%2C200 1x, https:\/\/i0.wp.com\/historiografija.hr\/wp-content\/uploads\/2026\/04\/Poziv-na-predstavljanje.png?fit=800%2C652&ssl=1&resize=525%2C300 1.5x, https:\/\/i0.wp.com\/historiografija.hr\/wp-content\/uploads\/2026\/04\/Poziv-na-predstavljanje.png?fit=800%2C652&ssl=1&resize=700%2C400 2x"},"classes":[]},{"id":52733,"url":"https:\/\/historiografija.hr\/?p=52733","url_meta":{"origin":13536,"position":2},"title":"Vlado Raji\u0107 \u201eGranica na kraju stolje\u0107a\u201c","author":"Filip \u0160imunjak","date":"29. travnja 2026.","format":false,"excerpt":"U suizdanju Durieuxa i Beletre objavljena je 2025. godine knjiga Granica na kraju stolje\u0107a autora Vlade Raji\u0107a.\u00a0 O knjizi\u00a0 Romansirana biografija Vladimira Iblera mnogo je vi\u0161e od zanimljive pri\u010de o privatnom \u017eivotu i impresivnoj profesionalnoj karijeri istaknutog stru\u010dnjaka za me\u0111unarodno pravo i dugo\u00adgodi\u0161njeg profesora na zagreba\u010dkom Pravnom fakultetu, akademika, koji\u2026","rel":"","context":"U &quot;Knjige&quot;","block_context":{"text":"Knjige","link":"https:\/\/historiografija.hr\/?cat=8"},"img":{"alt_text":"","src":"https:\/\/i0.wp.com\/historiografija.hr\/wp-content\/uploads\/2026\/04\/VLADO-RAJIC-GRANICA-NA-KRAJU-STOLJECA.jpg?fit=450%2C650&ssl=1&resize=350%2C200","width":350,"height":200},"classes":[]},{"id":52675,"url":"https:\/\/historiografija.hr\/?p=52675","url_meta":{"origin":13536,"position":3},"title":"Predstavljanje knjige Luke Peji\u0107a &#8220;U taboru anarhista: \u017divot Ivana Zeppa&#8221; u Osijeku","author":"Branimir Jankovi\u0107","date":"27. travnja 2026.","format":false,"excerpt":"U \u010detvrtak, 30. travnja 2026.\u00a0u\u00a019.00 sati\u00a0u Klubu knji\u017eare Nova\u00a0(Trg Ante Star\u010devi\u0107a 4, Osijek) odr\u017eat \u0107e se predstavljanje nove knjige Luke Peji\u0107a U taboru anarhista: \u017divot Ivana Zeppa (DAF, 2025.). Uz autora o knjizi \u0107e govoriti recenzent i povjesni\u010dar Nikola Toma\u0161egovi\u0107 te povjesni\u010darka Ana Rajkovi\u0107 Peji\u0107. Razgovor \u0107e moderirati doktorandica\u00a0Valentina Kezi\u0107.\u2026","rel":"","context":"U &quot;Novosti&quot;","block_context":{"text":"Novosti","link":"https:\/\/historiografija.hr\/?cat=3"},"img":{"alt_text":"","src":"https:\/\/i0.wp.com\/historiografija.hr\/wp-content\/uploads\/2025\/11\/Pejic.jpg?fit=574%2C790&ssl=1&resize=350%2C200","width":350,"height":200,"srcset":"https:\/\/i0.wp.com\/historiografija.hr\/wp-content\/uploads\/2025\/11\/Pejic.jpg?fit=574%2C790&ssl=1&resize=350%2C200 1x, https:\/\/i0.wp.com\/historiografija.hr\/wp-content\/uploads\/2025\/11\/Pejic.jpg?fit=574%2C790&ssl=1&resize=525%2C300 1.5x"},"classes":[]},{"id":52528,"url":"https:\/\/historiografija.hr\/?p=52528","url_meta":{"origin":13536,"position":4},"title":"[Promocija knjige] Banja Luka u ratu: Etnopolitika i svakodnevica (1990\u20131995) (ActiveLab, YugoLab)","author":"Branimir Jankovi\u0107","date":"17. travnja 2026.","format":false,"excerpt":"Institut za filozofiju i dru\u0161tvenu teoriju i O\u0161tra Nula organizuju promociju knjige Banja Luka u ratu: Etnopolitika i svakodnevica (1990\u20131995) autorke Armine Galija\u0161, koja \u0107e se odr\u017eati 20. aprila 2026. u 12.00 sati u prostorijama Instituta (Kraljice Natalije 45, Beograd). Re\u010d je o prvom nau\u010dno utemeljenom i sistematskom radu koji\u2026","rel":"","context":"U &quot;Novosti&quot;","block_context":{"text":"Novosti","link":"https:\/\/historiografija.hr\/?cat=3"},"img":{"alt_text":"","src":"https:\/\/i0.wp.com\/historiografija.hr\/wp-content\/uploads\/2026\/04\/20-april-RS.jpg?fit=1200%2C675&ssl=1&resize=350%2C200","width":350,"height":200,"srcset":"https:\/\/i0.wp.com\/historiografija.hr\/wp-content\/uploads\/2026\/04\/20-april-RS.jpg?fit=1200%2C675&ssl=1&resize=350%2C200 1x, https:\/\/i0.wp.com\/historiografija.hr\/wp-content\/uploads\/2026\/04\/20-april-RS.jpg?fit=1200%2C675&ssl=1&resize=525%2C300 1.5x, https:\/\/i0.wp.com\/historiografija.hr\/wp-content\/uploads\/2026\/04\/20-april-RS.jpg?fit=1200%2C675&ssl=1&resize=700%2C400 2x, https:\/\/i0.wp.com\/historiografija.hr\/wp-content\/uploads\/2026\/04\/20-april-RS.jpg?fit=1200%2C675&ssl=1&resize=1050%2C600 3x"},"classes":[]},{"id":52499,"url":"https:\/\/historiografija.hr\/?p=52499","url_meta":{"origin":13536,"position":5},"title":"POTPISAN UGOVOR O ZNANSTVENO-ISTRA\u017dIVA\u010cKOJ SURADNJI: PROJEKT \u201eTEMELJI HRVATSKE SAMOSTALNOSTI\u201d","author":"Branimir Jankovi\u0107","date":"17. travnja 2026.","format":false,"excerpt":"Hrvatski institut za povijest, Sveu\u010dili\u0161te obrane i sigurnosti \u201eDr. Franjo Tu\u0111man\u201d, Institut dru\u0161tvenih znanosti Ivo Pilar i Hrvatski dr\u017eavni arhiv\u00a0potpisali su 23. o\u017eujka 2026.\u00a0Ugovor o znanstveno-istra\u017eiva\u010dkoj suradnji s ciljem provedbe projekta \u201eTemelji hrvatske samostalnosti\u201d. Tim projektom obuhva\u0107a se istra\u017eivanje arhivskoga gradiva, priprema znanstvenih publikacija, digitalizacija i javna prezentacija rezultata istra\u017eivanja\u2026","rel":"","context":"U &quot;Novosti&quot;","block_context":{"text":"Novosti","link":"https:\/\/historiografija.hr\/?cat=3"},"img":{"alt_text":"","src":"https:\/\/i0.wp.com\/historiografija.hr\/wp-content\/uploads\/2026\/04\/THS_sporazum.jpg?fit=1200%2C583&ssl=1&resize=350%2C200","width":350,"height":200,"srcset":"https:\/\/i0.wp.com\/historiografija.hr\/wp-content\/uploads\/2026\/04\/THS_sporazum.jpg?fit=1200%2C583&ssl=1&resize=350%2C200 1x, https:\/\/i0.wp.com\/historiografija.hr\/wp-content\/uploads\/2026\/04\/THS_sporazum.jpg?fit=1200%2C583&ssl=1&resize=525%2C300 1.5x, https:\/\/i0.wp.com\/historiografija.hr\/wp-content\/uploads\/2026\/04\/THS_sporazum.jpg?fit=1200%2C583&ssl=1&resize=700%2C400 2x, https:\/\/i0.wp.com\/historiografija.hr\/wp-content\/uploads\/2026\/04\/THS_sporazum.jpg?fit=1200%2C583&ssl=1&resize=1050%2C600 3x"},"classes":[]}],"_links":{"self":[{"href":"https:\/\/historiografija.hr\/index.php?rest_route=\/wp\/v2\/posts\/13536","targetHints":{"allow":["GET"]}}],"collection":[{"href":"https:\/\/historiografija.hr\/index.php?rest_route=\/wp\/v2\/posts"}],"about":[{"href":"https:\/\/historiografija.hr\/index.php?rest_route=\/wp\/v2\/types\/post"}],"author":[{"embeddable":true,"href":"https:\/\/historiografija.hr\/index.php?rest_route=\/wp\/v2\/users\/2"}],"replies":[{"embeddable":true,"href":"https:\/\/historiografija.hr\/index.php?rest_route=%2Fwp%2Fv2%2Fcomments&post=13536"}],"version-history":[{"count":1,"href":"https:\/\/historiografija.hr\/index.php?rest_route=\/wp\/v2\/posts\/13536\/revisions"}],"predecessor-version":[{"id":13538,"href":"https:\/\/historiografija.hr\/index.php?rest_route=\/wp\/v2\/posts\/13536\/revisions\/13538"}],"wp:featuredmedia":[{"embeddable":true,"href":"https:\/\/historiografija.hr\/index.php?rest_route=\/wp\/v2\/media\/13537"}],"wp:attachment":[{"href":"https:\/\/historiografija.hr\/index.php?rest_route=%2Fwp%2Fv2%2Fmedia&parent=13536"}],"wp:term":[{"taxonomy":"category","embeddable":true,"href":"https:\/\/historiografija.hr\/index.php?rest_route=%2Fwp%2Fv2%2Fcategories&post=13536"},{"taxonomy":"post_tag","embeddable":true,"href":"https:\/\/historiografija.hr\/index.php?rest_route=%2Fwp%2Fv2%2Ftags&post=13536"}],"curies":[{"name":"wp","href":"https:\/\/api.w.org\/{rel}","templated":true}]}}