{"id":13375,"date":"2019-01-25T22:24:30","date_gmt":"2019-01-25T22:24:30","guid":{"rendered":"http:\/\/historiografija.hr\/?p=13375"},"modified":"2019-01-25T22:24:30","modified_gmt":"2019-01-25T22:24:30","slug":"program-hrt-a-u-povodu-medunarodnog-dana-sjecanja-na-zrtve-holokausta","status":"publish","type":"post","link":"https:\/\/historiografija.hr\/?p=13375","title":{"rendered":"Program HRT-a u povodu Me\u0111unarodnog dana sje\u0107anja na \u017ertve holokausta"},"content":{"rendered":"<p>U povodu Me\u0111unarodnog dana sje\u0107anja na \u017ertve holokausta HRT prikazuje igrani film \u201cDeveti krug\u201d, dokumentarne filmove \u201c\u017didovski Brod na pu\u010dini vremena\u201d i \u201cOstati \u010dovjek\u201d te \u010dita ulomke iz eseja &#8220;Memorijalna kultura i holokaust&#8221; Snje\u0161ke Kne\u017eevi\u0107.<\/p>\n<p>&nbsp;<\/p>\n<p>&#8212;<\/p>\n<p>&nbsp;<\/p>\n<p><strong>Hrvatska radiotelevizija<\/strong><\/p>\n<p>&nbsp;<\/p>\n<p><a href=\"https:\/\/raspored.hrt.hr\/\">https:\/\/raspored.hrt.hr\/<\/a><\/p>\n<p>&nbsp;<\/p>\n<p>HRT \u2014 HTV 3, nedjelja, 27.01.2019.<\/p>\n<p>17.00<\/p>\n<p><strong>Deveti krug<\/strong>, hrvatski film &#8211; uz Dan sje\u0107anja na holokaust i sprje\u010davanja zlo\u010dina protiv \u010dovje\u010dnosti (R)<\/p>\n<p>&nbsp;<\/p>\n<p>Drama. Radnja filma odvija se u Zagrebu 1941. godine. Sam naslov odnosi se na onaj dio koncentracijskog logora u kojem usta\u0161ki \u010duvari mu\u010de zato\u010dene mlade djevojke. Ivo Vojnovi\u0107 (Boris Dvornik) nije ba\u0161 sretan \u0161to ga je otac nagovorio da se formalno vjen\u010da s mladom susjedom Ruth (Du\u0161ica \u017degarac) kako bi je spasili od usta\u0161kog progona. Uostalom, Ivo ima djevojku, vr\u0161njakinju Magdu (Beba Lon\u010dar). Ruth na ulici uhite redarstvenici i ona ubrzo dospije u &#8220;deveti krug&#8221; logora&#8230;<\/p>\n<p>Uloge: Du\u0161ica \u017degarac, Boris Dvornik, Branko Tati\u0107 (Ivin otac), Ervina Dragman (Ivina majka), Dragan Milivojevi\u0107 (Zvonko), Beba Lon\u010dar, Vera Misita (teta), Mihajlo Kosti\u0107 (Mladen)<\/p>\n<p>Scenarij: Zora Dirnbach<\/p>\n<p>Re\u017eija: France \u0160tiglic<\/p>\n<p>Godina proizvodnje: 1960.<\/p>\n<p>Trajanje: 92 min.<\/p>\n<p>Scenografija: \u017delimir Zagota<\/p>\n<p>Snimatelj: Ivan Marin\u010dek<\/p>\n<p>Glazba: Branimir Saka\u010d<\/p>\n<p>Urednica: Branka Papi\u0107<\/p>\n<p>&nbsp;<\/p>\n<p>HRT &#8211; HTV3 27.01.2019. 18.35<\/p>\n<p>&nbsp;<\/p>\n<p><strong>\u017didovski Brod na pu\u010dini vremena<\/strong>, dokumentarni film<\/p>\n<p>&nbsp;<\/p>\n<p>Danas Slavonski Brod, neko\u0107 Brod na Savi. Mijenjalo se ime, ali ne i toplina kojom je taj grad do\u010dekivao goste i smje\u0161tao ih u svoje krilo da u njemu rastu. Bilo je tako i sa \u017didovima koji od sredine 19. stolje\u0107a dolaze u grad u potrazi za poslom. Donijev\u0161i sa sobom upornost, volju i vjeru da u nepoznatom gradu mogu uspjeti, oni u nepunih 100 godina onda\u0161nji Brod na Savi razvijaju do statusa va\u017enog gospodarskog sredi\u0161ta Austro-Ugarske Monarhije. Gradu dodaju srednjoeuropski \u0161tih i gra\u0111an\u0161tinu. Danas u Slavonskom Brodu \u017eivi tek sje\u0107anje na \u017didove kojih vi\u0161e nema. Ve\u0107inu je progutao holokaust. Ostala su tek imena na mramoru i fotografije koje ne blijede.<\/p>\n<p>&nbsp;<\/p>\n<p>Autor: Mario Beganovi\u0107<\/p>\n<p>Snimatelj: Damir Bednjanec<\/p>\n<p>Tonski snimatelj: Damir Tepe\u0161<\/p>\n<p>Rasvjetljiva\u010d: Kre\u0161imir Taka\u010d<\/p>\n<p>Monta\u017eerka: Vlatka Zadro<\/p>\n<p>&nbsp;<\/p>\n<p>&nbsp;<\/p>\n<p>HRT &#8211; HTV3 27.01.2019. 21.11<\/p>\n<p>&nbsp;<\/p>\n<p><strong>Ostati \u010dovjek<\/strong>, dokumentarni film (2017.)<\/p>\n<p>&nbsp;<\/p>\n<p>&#8220;Ne mogu re\u0107i da sam ponosan \u0161to sam \u010dovjek. Jer \u010dovjek ima razum i s tim razumom je napravio najljep\u0161e ljudske tvorevine, a s druge strane &#8211; \u010disto \u017eivotinjske stvari&#8221;. Tako svoju pri\u010du o pet logora smrti kroz koje je pro\u0161ao zaklju\u010duje dr. Boris Braun. U svojoj 97. \u017eivo se sje\u0107a svojih ranih dvadesetih. Tada student agronomije, iz bogate obitelji \u0111ur\u0111eva\u010dkih \u017didova, zajedno s roditeljima odveden je od ku\u0107e, a o strahotama holokausta tek danas otvoreno razgovara sa sinovima Marijem i Davidom.<\/p>\n<p>Solveg Sasson bila je tek djevoj\u010dica kada je do\u017eivjela prve premeta\u010dine u obiteljskom stanu na Jela\u010di\u0107 placu u Zagrebu. Zajedno s dvije sestre, rat su pre\u017eivjele zahvaljuju\u0107i hrabrosti bakinih prijatelja, obitelji Jemi\u0107 iz Zden\u010dine koji su ih dvije ratne godine skrivali na selu. Za to vrijeme njihov je otac dijelio sudbinu \u017didova odvedenih u Auschwitz. Tri sestre i danas poku\u0161avaju doznati kada je i gdje to\u010dno stradao.<\/p>\n<p>Film, koji prikazujemo u povodu Me\u0111unarodnog dana sje\u0107anja na \u017ertve holokausta, nastao je prema knjizi Jasminke Doma\u0161 &#8220;Ako tebe zaboravim&#8221;, premijerno je prikazan u sklopu 11. festivala tolerancije u Zagrebu.<\/p>\n<p>&nbsp;<\/p>\n<p>Scenarij: Jasminka Doma\u0161 i Hana Gelb<\/p>\n<p>Re\u017eija: Ljiljana Mandi\u0107<\/p>\n<p>Snimatelj: Tomislav Trumbeta\u0161<\/p>\n<p>Monta\u017ea: Irena Korpes<\/p>\n<p>Producentica: Ivana Alilovi\u0107<\/p>\n<p>Autor glazbe: Samuel Sacher<\/p>\n<p>Urednica: Daniela Dra\u0161tata<\/p>\n<p>Godina proizvodnje: 2017.<\/p>\n<p>&nbsp;<\/p>\n<p><strong>Tre\u0107i program Hrvatskoga radija (HRT \u2014 HR 3), nedjelja, 27.01.2019.<\/strong><\/p>\n<p>&nbsp;<\/p>\n<p>09.30 &#8211; 10.00<\/p>\n<p>&nbsp;<\/p>\n<p>Ba\u0161tina, mi i svijet<\/p>\n<p>&nbsp;<\/p>\n<p>Objavit \u0107emo ulomke iz eseja &#8220;Memorijalna kultura i holokaust&#8221; autorice Snje\u0161ke Kne\u017eevi\u0107.<\/p>\n<p>&nbsp;<\/p>\n<p>&nbsp;<\/p>\n","protected":false},"excerpt":{"rendered":"","protected":false},"author":2,"featured_media":13376,"comment_status":"open","ping_status":"open","sticky":false,"template":"","format":"standard","meta":{"_acf_changed":false,"jetpack_post_was_ever_published":false,"_jetpack_newsletter_access":"","_jetpack_dont_email_post_to_subs":false,"_jetpack_newsletter_tier_id":0,"_jetpack_memberships_contains_paywalled_content":false,"_jetpack_memberships_contains_paid_content":false,"footnotes":"","jetpack_publicize_message":"","jetpack_publicize_feature_enabled":true,"jetpack_social_post_already_shared":true,"jetpack_social_options":{"image_generator_settings":{"template":"highway","default_image_id":0,"font":"","enabled":false},"version":2}},"categories":[13,3],"tags":[],"class_list":["post-13375","post","type-post","status-publish","format-standard","has-post-thumbnail","hentry","category-filmovi-i-serije","category-novosti"],"acf":{"facebook_opis":""},"jetpack_publicize_connections":[],"jetpack_featured_media_url":"https:\/\/i0.wp.com\/historiografija.hr\/wp-content\/uploads\/2019\/01\/Ostati-covjek.png?fit=300%2C168&ssl=1","jetpack_sharing_enabled":true,"jetpack-related-posts":[{"id":52499,"url":"https:\/\/historiografija.hr\/?p=52499","url_meta":{"origin":13375,"position":0},"title":"POTPISAN UGOVOR O ZNANSTVENO-ISTRA\u017dIVA\u010cKOJ SURADNJI: PROJEKT \u201eTEMELJI HRVATSKE SAMOSTALNOSTI\u201d","author":"Branimir Jankovi\u0107","date":"17. travnja 2026.","format":false,"excerpt":"Hrvatski institut za povijest, Sveu\u010dili\u0161te obrane i sigurnosti \u201eDr. Franjo Tu\u0111man\u201d, Institut dru\u0161tvenih znanosti Ivo Pilar i Hrvatski dr\u017eavni arhiv\u00a0potpisali su 23. o\u017eujka 2026.\u00a0Ugovor o znanstveno-istra\u017eiva\u010dkoj suradnji s ciljem provedbe projekta \u201eTemelji hrvatske samostalnosti\u201d. Tim projektom obuhva\u0107a se istra\u017eivanje arhivskoga gradiva, priprema znanstvenih publikacija, digitalizacija i javna prezentacija rezultata istra\u017eivanja\u2026","rel":"","context":"U &quot;Novosti&quot;","block_context":{"text":"Novosti","link":"https:\/\/historiografija.hr\/?cat=3"},"img":{"alt_text":"","src":"https:\/\/i0.wp.com\/historiografija.hr\/wp-content\/uploads\/2026\/04\/THS_sporazum.jpg?fit=1200%2C583&ssl=1&resize=350%2C200","width":350,"height":200,"srcset":"https:\/\/i0.wp.com\/historiografija.hr\/wp-content\/uploads\/2026\/04\/THS_sporazum.jpg?fit=1200%2C583&ssl=1&resize=350%2C200 1x, https:\/\/i0.wp.com\/historiografija.hr\/wp-content\/uploads\/2026\/04\/THS_sporazum.jpg?fit=1200%2C583&ssl=1&resize=525%2C300 1.5x, https:\/\/i0.wp.com\/historiografija.hr\/wp-content\/uploads\/2026\/04\/THS_sporazum.jpg?fit=1200%2C583&ssl=1&resize=700%2C400 2x, https:\/\/i0.wp.com\/historiografija.hr\/wp-content\/uploads\/2026\/04\/THS_sporazum.jpg?fit=1200%2C583&ssl=1&resize=1050%2C600 3x"},"classes":[]},{"id":52616,"url":"https:\/\/historiografija.hr\/?p=52616","url_meta":{"origin":13375,"position":1},"title":"No\u0107 knjige 2026.","author":"Branimir Jankovi\u0107","date":"22. travnja 2026.","format":false,"excerpt":"Slavljeni\u010dka 15. No\u0107 knjige odr\u017eat \u0107e se 23. travnja diljem Hrvatske u povodu Svjetskog dana knjige i autorskih prava te Dana hrvatske knjige. S vi\u0161e od 1.000 prijavljenih programa i akcija s pravom nosi epitet najmasovnije doma\u0107e kulturne manifestacije, a ove \u0107e godine prote\u0107i u znaku mira, razumijevanja, tolerancije, srodnosti\u2026","rel":"","context":"U &quot;Novosti&quot;","block_context":{"text":"Novosti","link":"https:\/\/historiografija.hr\/?cat=3"},"img":{"alt_text":"","src":"https:\/\/i0.wp.com\/historiografija.hr\/wp-content\/uploads\/2026\/04\/noc_knjige_2026.jpg?fit=680%2C276&ssl=1&resize=350%2C200","width":350,"height":200,"srcset":"https:\/\/i0.wp.com\/historiografija.hr\/wp-content\/uploads\/2026\/04\/noc_knjige_2026.jpg?fit=680%2C276&ssl=1&resize=350%2C200 1x, https:\/\/i0.wp.com\/historiografija.hr\/wp-content\/uploads\/2026\/04\/noc_knjige_2026.jpg?fit=680%2C276&ssl=1&resize=525%2C300 1.5x"},"classes":[]},{"id":52536,"url":"https:\/\/historiografija.hr\/?p=52536","url_meta":{"origin":13375,"position":2},"title":"Kader Abdolah, \u201ePrije nego \u0161to bude kasno\u201c","author":"Branimir Jankovi\u0107","date":"20. travnja 2026.","format":false,"excerpt":"Kader Abdolah \u017eeli se vratiti ku\u0107i. Ali povratak je nemogu\u0107: u Iranu bi bio uhap\u0161en. Pod la\u017enim imenom i s krivotvorenim paso\u0161em ipak uspijeva u\u0107i u domovinu i sti\u017ee do roditeljske ku\u0107e, visoko u planinama. Majka ga ne prepoznaje, otac je mrtav, a sve \u0161to je tra\u017eio izmi\u010de mu pred\u2026","rel":"","context":"U &quot;Novosti&quot;","block_context":{"text":"Novosti","link":"https:\/\/historiografija.hr\/?cat=3"},"img":{"alt_text":"","src":"https:\/\/i0.wp.com\/historiografija.hr\/wp-content\/uploads\/2026\/04\/Prije-nego-sto-bude-kasno.webp?fit=566%2C872&ssl=1&resize=350%2C200","width":350,"height":200,"srcset":"https:\/\/i0.wp.com\/historiografija.hr\/wp-content\/uploads\/2026\/04\/Prije-nego-sto-bude-kasno.webp?fit=566%2C872&ssl=1&resize=350%2C200 1x, https:\/\/i0.wp.com\/historiografija.hr\/wp-content\/uploads\/2026\/04\/Prije-nego-sto-bude-kasno.webp?fit=566%2C872&ssl=1&resize=525%2C300 1.5x"},"classes":[]},{"id":52633,"url":"https:\/\/historiografija.hr\/?p=52633","url_meta":{"origin":13375,"position":3},"title":"POVIJEST TRE\u0160NJEVA\u010cKE GLAZBE: prikupljanje virtualnog fundusa Muzeja susjedstva Tre\u0161njevka","author":"Branimir Jankovi\u0107","date":"23. travnja 2026.","format":false,"excerpt":"utorak 28. 4. 2026. 14 - 18 h Nova BAZA, Nova cesta 66, Zagreb Prvi su dani ljeta 1957. godine. Bo\u017eica Kalafati\u0107 poha\u0111a drugi razred Osnovne \u0161kole Bratstvo i jedinstvo, danas kralja Tomislava, a ide i na muzi\u010dke satove u Mo\u0161\u0107eni\u010dkoj ulici. Na fotografiji s harmonikom u rukama stoji u\u2026","rel":"","context":"U &quot;Novosti&quot;","block_context":{"text":"Novosti","link":"https:\/\/historiografija.hr\/?cat=3"},"img":{"alt_text":"","src":"https:\/\/i0.wp.com\/historiografija.hr\/wp-content\/uploads\/2026\/04\/MST_prikupljanje.jpg?fit=380%2C475&ssl=1&resize=350%2C200","width":350,"height":200},"classes":[]},{"id":52666,"url":"https:\/\/historiografija.hr\/?p=52666","url_meta":{"origin":13375,"position":4},"title":"Najava programa Festivala povijesti Kliofest (5-8. V. 2026)","author":"Branimir Jankovi\u0107","date":"24. travnja 2026.","format":false,"excerpt":"Po trinaesti put odr\u017eava se Festival povijesti Kliofest! Do petka \u0107emo odr\u017eati osam okruglih stolova i dva kolokvija te niz predstavljanja knjiga i projekata razli\u010dite tematike, od antike do suvremenosti. Bit \u0107e predstavljeno i nekoliko izlo\u017ebi te odr\u017ean jedan povijesni kviz. Prikazat \u0107emo i jedan film \u2013 o generalu Boroevi\u0107u.\u2026","rel":"","context":"U &quot;Novosti&quot;","block_context":{"text":"Novosti","link":"https:\/\/historiografija.hr\/?cat=3"},"img":{"alt_text":"","src":"https:\/\/i0.wp.com\/historiografija.hr\/wp-content\/uploads\/2026\/04\/Kliofest-2026.jpg?fit=526%2C526&ssl=1&resize=350%2C200","width":350,"height":200,"srcset":"https:\/\/i0.wp.com\/historiografija.hr\/wp-content\/uploads\/2026\/04\/Kliofest-2026.jpg?fit=526%2C526&ssl=1&resize=350%2C200 1x, https:\/\/i0.wp.com\/historiografija.hr\/wp-content\/uploads\/2026\/04\/Kliofest-2026.jpg?fit=526%2C526&ssl=1&resize=525%2C300 1.5x"},"classes":[]},{"id":52505,"url":"https:\/\/historiografija.hr\/?p=52505","url_meta":{"origin":13375,"position":5},"title":"Izlo\u017eba &#8220;Eschenstock \/ Jasenov prut&#8221;","author":"Branimir Jankovi\u0107","date":"17. travnja 2026.","format":false,"excerpt":"Srpsko narodno vije\u0107e (SNV) i Vizura aperta postavljaju izlo\u017ebu \u0161vicarskog slikara Velimira Ili\u0161evi\u0107a: Eschenstock \/ Jasenov prut. Izlo\u017eba se uz prisustvo autora otvara povodom 81. godi\u0161njice proboja logora\u0161a iz usta\u0161kog logora smrti Jasenovac 22. aprila 2026. u 19 sati u Srpskom kulturnom centru (SKC) u Preradovi\u0107evoj ulici 21 u Zagrebu.\u2026","rel":"","context":"U &quot;Izlo\u017ebe&quot;","block_context":{"text":"Izlo\u017ebe","link":"https:\/\/historiografija.hr\/?cat=10"},"img":{"alt_text":"","src":"https:\/\/i0.wp.com\/historiografija.hr\/wp-content\/uploads\/2026\/04\/Jasenov_prut.jpg?fit=1024%2C640&ssl=1&resize=350%2C200","width":350,"height":200,"srcset":"https:\/\/i0.wp.com\/historiografija.hr\/wp-content\/uploads\/2026\/04\/Jasenov_prut.jpg?fit=1024%2C640&ssl=1&resize=350%2C200 1x, https:\/\/i0.wp.com\/historiografija.hr\/wp-content\/uploads\/2026\/04\/Jasenov_prut.jpg?fit=1024%2C640&ssl=1&resize=525%2C300 1.5x, https:\/\/i0.wp.com\/historiografija.hr\/wp-content\/uploads\/2026\/04\/Jasenov_prut.jpg?fit=1024%2C640&ssl=1&resize=700%2C400 2x"},"classes":[]}],"_links":{"self":[{"href":"https:\/\/historiografija.hr\/index.php?rest_route=\/wp\/v2\/posts\/13375","targetHints":{"allow":["GET"]}}],"collection":[{"href":"https:\/\/historiografija.hr\/index.php?rest_route=\/wp\/v2\/posts"}],"about":[{"href":"https:\/\/historiografija.hr\/index.php?rest_route=\/wp\/v2\/types\/post"}],"author":[{"embeddable":true,"href":"https:\/\/historiografija.hr\/index.php?rest_route=\/wp\/v2\/users\/2"}],"replies":[{"embeddable":true,"href":"https:\/\/historiografija.hr\/index.php?rest_route=%2Fwp%2Fv2%2Fcomments&post=13375"}],"version-history":[{"count":1,"href":"https:\/\/historiografija.hr\/index.php?rest_route=\/wp\/v2\/posts\/13375\/revisions"}],"predecessor-version":[{"id":13377,"href":"https:\/\/historiografija.hr\/index.php?rest_route=\/wp\/v2\/posts\/13375\/revisions\/13377"}],"wp:featuredmedia":[{"embeddable":true,"href":"https:\/\/historiografija.hr\/index.php?rest_route=\/wp\/v2\/media\/13376"}],"wp:attachment":[{"href":"https:\/\/historiografija.hr\/index.php?rest_route=%2Fwp%2Fv2%2Fmedia&parent=13375"}],"wp:term":[{"taxonomy":"category","embeddable":true,"href":"https:\/\/historiografija.hr\/index.php?rest_route=%2Fwp%2Fv2%2Fcategories&post=13375"},{"taxonomy":"post_tag","embeddable":true,"href":"https:\/\/historiografija.hr\/index.php?rest_route=%2Fwp%2Fv2%2Ftags&post=13375"}],"curies":[{"name":"wp","href":"https:\/\/api.w.org\/{rel}","templated":true}]}}