{"id":13316,"date":"2019-01-22T12:14:05","date_gmt":"2019-01-22T12:14:05","guid":{"rendered":"http:\/\/historiografija.hr\/?p=13316"},"modified":"2019-01-22T12:14:05","modified_gmt":"2019-01-22T12:14:05","slug":"gostovanje-izlozbe-laval-nugent-ratnik-i-kolekcionar-u-dublinu","status":"publish","type":"post","link":"https:\/\/historiografija.hr\/?p=13316","title":{"rendered":"Gostovanje izlo\u017ebe &#8220;Laval Nugent \u2013 ratnik i kolekcionar&#8221; u Dublinu"},"content":{"rendered":"<p>Arheolo\u0161ki muzej u Zagrebu u suradnji s Muzejom irske emigracije (EPIC The Irish Emigration Museum), Veleposlanstvom Republike Hrvatske u Irskoj i Veleposlanstvom Irske u Republici Hrvatskoj u utorak 22. sije\u010dnja u Dublinu otvara izlo\u017ebu \u201cLaval Nugent &#8211; ratnik i kolekcionar\u201d (\u201cLaval Nugent &#8211; Warrior and Art Collector\u201d).<\/p>\n<p>&nbsp;<\/p>\n<p>Danas pomalo zaboravljen lik grofa Lavala Nugenta (1777. &#8211; 1862.) centralna je li\u010dnost razvitka Hrvatske u modernu europsku zemlju u spomenutom razdoblju. Te\u017einu pri\u010di o Lavalu Nugentu dodatno daje \u010dinjenica da je ovaj vatreni zagovaratelj hrvatskog razvoja bio ro\u0111eni Irac, \u010dlan irskog plemstva te ujedno i feldmar\u0161al u vojsci Habsbur\u0161ke monarhije u \u010dijem sastavu se tada Hrvatska nalazila.<\/p>\n<p>&nbsp;<\/p>\n<p>Laval je blistavu vojnu i politi\u010dku karijeru nadopunio osobnim interesima za kulturu i hrvatsku povijest. Provode\u0107i arheolo\u0161ka istra\u017eivanja i skupljaju\u0107i umjetnine diljem Italije i hrvatskog primorja sakupio je impozantnu zbirku predmeta koja je postala osnova prvog muzeja u Hrvatskoj, Museuma Nugent kojeg je grof Nugent smjestio na gradinu Trsat iznad Rijeke, jednom od svojih posjeda u Hrvatskoj.<\/p>\n<p>&nbsp;<\/p>\n<p>Upravo su predmeti otkupljeni od Lavalovih nasljednika postali temelj dviju velikih zbirki Arheolo\u0161kog muzeja u Zagrebu stoga ne \u010dudi da Muzej i danas \u010duva uspomenu na feldmar\u0161ala Nugenta posve\u0107uju\u0107i mu povremene izlo\u017ebe, predavanja, publikacije i stru\u010dne radove.<\/p>\n<p>&nbsp;<\/p>\n<p>Izlo\u017eba \u201cLaval Nugent &#8211; ratnik i kolekcionar\u201d autorice Sun\u010dice Nagradi\u0107 Habus postavljena je u galeriji Arheolo\u0161kog muzeja u Zagrebu u jesen 2017. godine povodom Lavalovog 240. ro\u0111endana u suradnji s Irskim veleposlanstvom u Hrvatskoj. Cilj izlo\u017ebe bio je hrvatskoj javnosti predstaviti iznimno zanimljiv \u017eivotni put grofa Nugenta te njegovu kompleksu i te\u0161ko shvatljivu li\u010dnost. Laval Nugent zaslu\u017eio da se njegov doprinos u razvoju hrvatske kulture prezentira i u zemlji njegova ro\u0111enja. Postavljanjem izlo\u017ebe u Muzeju irske emigracije u Dublinu, Arheolo\u0161ki muzej u Zagrebu, \u017eeli se, na simboli\u010dan na\u010din, odu\u017eiti grofu Lavalu kojem, kao i nekolicina drugih hrvatskih kulturnih institucija, duguje mnogo. Nakon prezentacije u Dublinu o\u010dekujemo i predstavljanje u ostalim gradovima Irske.<\/p>\n<p>&nbsp;<\/p>\n<p>Izlo\u017eba ostaje otvorena do 22. velja\u010de 2019. godine te nakon prezentacije u Dublinu o\u010dekujemo i predstavljanje u ostalim gradovima Irske.<\/p>\n<p>&nbsp;<\/p>\n<p>Impresum izlo\u017ebe:<\/p>\n<p>&nbsp;<\/p>\n<p>Izlo\u017eba Arheolo\u0161kog muzeja u Zagrebu<\/p>\n<p>&nbsp;<\/p>\n<ol start=\"22\">\n<li>sije\u010dnja 2019. &#8211; 22. velja\u010de 2019.<\/li>\n<\/ol>\n<p>&nbsp;<\/p>\n<p>EPIC The Irish Emigration Museum, Dublin<\/p>\n<p>&nbsp;<\/p>\n<p>Organiziraju: EPIC The Irish Emigration Museum, Arheolo\u0161ki muzej u Zagrebu, Veleposlanstvo Republike Hrvatske u Irskoj i Veleposlanstvo Irske u Republici HrvatskoJ<\/p>\n<p>&nbsp;<\/p>\n<p>Autorica izlo\u017ebe: Sun\u010dica Nagradi\u0107 Habus (AMZ)<\/p>\n<p>&nbsp;<\/p>\n<p>Postav izlo\u017ebe: Sun\u010dica Nagradi\u0107 Habus (AMZ), Nathan Mannion (EPIC)<\/p>\n<p>&nbsp;<\/p>\n<p>Koordinacija: Darija Prel\u010dec (AMZ), Nathan Mannion (EPIC), Dubravka Popi\u0107 (Veleposlanstvo RH u Irskoj), Embassy of the Republic of Croatia in Ireland<\/p>\n<p>&nbsp;<\/p>\n<p>Fotografije: Igor Krajcar (AMZ). Hrvatski povijesni muzej, Pomorski i povijesni muzej Hrvatskog primorja, Rijeka, Robert Kavazovi\u0107 (Galerija Laval Nugent)<\/p>\n<p>&nbsp;<\/p>\n<p>Suradnici: Ivan Radman \u2013 Livaja, Ivan Mirnik, Ana Solter, Tomislav Bili\u0107, Miroslav Na\u0111,\u00a0\u00a0 Sre\u0107ko \u0160krinjari\u0107 (AMZ), Veleposlanica Olive Hempenstall, Kristina Szabo, Bernard Vrban (Veleposlanstvo Irske u RH), Robert Kavazovi\u0107 (Galerija Laval Nugent), Tea Perin\u010di\u0107, Igor \u017dic (PPMHP)<\/p>\n<p>&nbsp;<\/p>\n<p>Realizaciju izlo\u017ebenog projekta financijski je pomoglo Ministarstvo kulture Republike Hrvatske.<\/p>\n<p>&nbsp;<\/p>\n<p>Izvor: <a href=\"http:\/\/www.amz.hr\/17503.aspx\">http:\/\/www.amz.hr\/17503.aspx<\/a><\/p>\n<p>&nbsp;<\/p>\n","protected":false},"excerpt":{"rendered":"","protected":false},"author":2,"featured_media":13317,"comment_status":"open","ping_status":"open","sticky":false,"template":"","format":"standard","meta":{"_acf_changed":false,"jetpack_post_was_ever_published":false,"_jetpack_newsletter_access":"","_jetpack_dont_email_post_to_subs":false,"_jetpack_newsletter_tier_id":0,"_jetpack_memberships_contains_paywalled_content":false,"_jetpack_memberships_contains_paid_content":false,"footnotes":"","jetpack_publicize_message":"","jetpack_publicize_feature_enabled":true,"jetpack_social_post_already_shared":true,"jetpack_social_options":{"image_generator_settings":{"template":"highway","default_image_id":0,"font":"","enabled":false},"version":2}},"categories":[10,3],"tags":[],"class_list":["post-13316","post","type-post","status-publish","format-standard","has-post-thumbnail","hentry","category-izlozbe","category-novosti"],"acf":{"facebook_opis":""},"jetpack_publicize_connections":[],"jetpack_featured_media_url":"https:\/\/i0.wp.com\/historiografija.hr\/wp-content\/uploads\/2019\/01\/laval.jpg?fit=400%2C290&ssl=1","jetpack_sharing_enabled":true,"jetpack-related-posts":[{"id":52511,"url":"https:\/\/historiografija.hr\/?p=52511","url_meta":{"origin":13316,"position":0},"title":"Izlo\u017eba &#8220;Lica Sljemena&#8221;","author":"Branimir Jankovi\u0107","date":"17. travnja 2026.","format":false,"excerpt":"Srda\u010dno vas pozivamo na otvorenje izlo\u017ebe Lica Sljemena koje \u0107e se odr\u017eati u srijedu 22. travnja 2026. u 18 h ispred Muzeja Prigorja (Trg Dragutina Domjani\u0107a 5, Sesvete). Izlo\u017eba proizlazi iz istra\u017eivanja Nevene \u0160krbi\u0107 Alempijevi\u0107, Petre Kelemen i Sanje Potkonjak te intervjua sa Sljemena\u0161icama i Sljemena\u0161ima, koji su provedeni u\u2026","rel":"","context":"U &quot;Izlo\u017ebe&quot;","block_context":{"text":"Izlo\u017ebe","link":"https:\/\/historiografija.hr\/?cat=10"},"img":{"alt_text":"","src":"https:\/\/i0.wp.com\/historiografija.hr\/wp-content\/uploads\/2026\/04\/Izlozba-Lica-Sljemena.png?fit=1080%2C686&ssl=1&resize=350%2C200","width":350,"height":200,"srcset":"https:\/\/i0.wp.com\/historiografija.hr\/wp-content\/uploads\/2026\/04\/Izlozba-Lica-Sljemena.png?fit=1080%2C686&ssl=1&resize=350%2C200 1x, https:\/\/i0.wp.com\/historiografija.hr\/wp-content\/uploads\/2026\/04\/Izlozba-Lica-Sljemena.png?fit=1080%2C686&ssl=1&resize=525%2C300 1.5x, https:\/\/i0.wp.com\/historiografija.hr\/wp-content\/uploads\/2026\/04\/Izlozba-Lica-Sljemena.png?fit=1080%2C686&ssl=1&resize=700%2C400 2x, https:\/\/i0.wp.com\/historiografija.hr\/wp-content\/uploads\/2026\/04\/Izlozba-Lica-Sljemena.png?fit=1080%2C686&ssl=1&resize=1050%2C600 3x"},"classes":[]},{"id":52505,"url":"https:\/\/historiografija.hr\/?p=52505","url_meta":{"origin":13316,"position":1},"title":"Izlo\u017eba &#8220;Eschenstock \/ Jasenov prut&#8221;","author":"Branimir Jankovi\u0107","date":"17. travnja 2026.","format":false,"excerpt":"Srpsko narodno vije\u0107e (SNV) i Vizura aperta postavljaju izlo\u017ebu \u0161vicarskog slikara Velimira Ili\u0161evi\u0107a: Eschenstock \/ Jasenov prut. Izlo\u017eba se uz prisustvo autora otvara povodom 81. godi\u0161njice proboja logora\u0161a iz usta\u0161kog logora smrti Jasenovac 22. aprila 2026. u 19 sati u Srpskom kulturnom centru (SKC) u Preradovi\u0107evoj ulici 21 u Zagrebu.\u2026","rel":"","context":"U &quot;Izlo\u017ebe&quot;","block_context":{"text":"Izlo\u017ebe","link":"https:\/\/historiografija.hr\/?cat=10"},"img":{"alt_text":"","src":"https:\/\/i0.wp.com\/historiografija.hr\/wp-content\/uploads\/2026\/04\/Jasenov_prut.jpg?fit=1024%2C640&ssl=1&resize=350%2C200","width":350,"height":200,"srcset":"https:\/\/i0.wp.com\/historiografija.hr\/wp-content\/uploads\/2026\/04\/Jasenov_prut.jpg?fit=1024%2C640&ssl=1&resize=350%2C200 1x, https:\/\/i0.wp.com\/historiografija.hr\/wp-content\/uploads\/2026\/04\/Jasenov_prut.jpg?fit=1024%2C640&ssl=1&resize=525%2C300 1.5x, https:\/\/i0.wp.com\/historiografija.hr\/wp-content\/uploads\/2026\/04\/Jasenov_prut.jpg?fit=1024%2C640&ssl=1&resize=700%2C400 2x"},"classes":[]},{"id":52760,"url":"https:\/\/historiografija.hr\/?p=52760","url_meta":{"origin":13316,"position":2},"title":"Izlo\u017eba \u201cLo\u0161injski brodovi, njihove zastave i ljudi\u201d, 4. svibnja u 19h","author":"Filip \u0160imunjak","date":"30. travnja 2026.","format":false,"excerpt":"Hrvatski pomorski muzej Split, Glagolja\u0161a 18 (Tvr\u0111ava Gripe) Nakon \u0161to je u rujnu 2025. godine na otoku Lo\u0161inju, u suradnji Lo\u0161injskog muzeja i Hrvatskog pomorskog muzeja Split, predstavljena izlo\u017eba posve\u0107ena bogatoj pomorskoj ba\u0161tini otoka, njezino pro\u0161ireno izdanje postavlja se u Splitu. Uo\u010di blagdana svetog Dujma splitskoj \u0107e se publici predstaviti\u2026","rel":"","context":"U &quot;Izlo\u017ebe&quot;","block_context":{"text":"Izlo\u017ebe","link":"https:\/\/historiografija.hr\/?cat=10"},"img":{"alt_text":"","src":"https:\/\/i0.wp.com\/historiografija.hr\/wp-content\/uploads\/2026\/04\/Losinjski-brodovi-Izlozba-1-scaled.webp?fit=840%2C1200&ssl=1&resize=350%2C200","width":350,"height":200,"srcset":"https:\/\/i0.wp.com\/historiografija.hr\/wp-content\/uploads\/2026\/04\/Losinjski-brodovi-Izlozba-1-scaled.webp?fit=840%2C1200&ssl=1&resize=350%2C200 1x, https:\/\/i0.wp.com\/historiografija.hr\/wp-content\/uploads\/2026\/04\/Losinjski-brodovi-Izlozba-1-scaled.webp?fit=840%2C1200&ssl=1&resize=525%2C300 1.5x, https:\/\/i0.wp.com\/historiografija.hr\/wp-content\/uploads\/2026\/04\/Losinjski-brodovi-Izlozba-1-scaled.webp?fit=840%2C1200&ssl=1&resize=700%2C400 2x"},"classes":[]},{"id":52573,"url":"https:\/\/historiografija.hr\/?p=52573","url_meta":{"origin":13316,"position":3},"title":"Znanstvena konferencija &#8220;Filozofija odgoja: povijest, praksa, perspektive&#8221;","author":"Branimir Jankovi\u0107","date":"21. travnja 2026.","format":false,"excerpt":"Znanstvena konferencija \"Filozofija odgoja: povijest, praksa, perspektive\" odr\u017eat \u0107e se 23. i 24. travnja 2026. u Konferencijskoj dvorani Knji\u017enice Filozofskog fakulteta u Zagrebu (2. kat).\u00a0Konferencija je organizirana u okviru projekta\u00a0SUMKOS (voditeljica prof. dr. sc. Ivana Zagorac, financiran\u00a0sredstvima NextGenerationEU), uz potporu Odsjeka za filozofiju.\u00a0 Uz izlaga\u010dki dio, konferencija obuhva\u0107a i izlo\u017ebu\u2026","rel":"","context":"U &quot;Novosti&quot;","block_context":{"text":"Novosti","link":"https:\/\/historiografija.hr\/?cat=3"},"img":{"alt_text":"","src":"","width":0,"height":0},"classes":[]},{"id":52631,"url":"https:\/\/historiografija.hr\/?p=52631","url_meta":{"origin":13316,"position":4},"title":"Predavanje Ivana Tepe\u0161a: Djelovanje hrvatske politi\u010dke emigracije","author":"Branimir Jankovi\u0107","date":"23. travnja 2026.","format":false,"excerpt":"Odjel za me\u0111unarodnu suradnju i iseljeni\u0161tvo Matice hrvatske Predavanje Ivana Tepe\u0161a: Djelovanje hrvatske politi\u010dke emigracije Utorak, 28. travnja 2026. u 18:00 sati, Dvorana Ljudevita Jonkea (Mala dvorana MH), Strossmayerov trg 4, Zagreb dr. sc. Ivan Tepe\u0161, Institut za istra\u017eivanje migracija Hrvatska politi\u010dka emigracija obilje\u017eila je polustoljetnu hrvatsku povijest u drugoj\u2026","rel":"","context":"U &quot;Novosti&quot;","block_context":{"text":"Novosti","link":"https:\/\/historiografija.hr\/?cat=3"},"img":{"alt_text":"","src":"","width":0,"height":0},"classes":[]},{"id":52616,"url":"https:\/\/historiografija.hr\/?p=52616","url_meta":{"origin":13316,"position":5},"title":"No\u0107 knjige 2026.","author":"Branimir Jankovi\u0107","date":"22. travnja 2026.","format":false,"excerpt":"Slavljeni\u010dka 15. No\u0107 knjige odr\u017eat \u0107e se 23. travnja diljem Hrvatske u povodu Svjetskog dana knjige i autorskih prava te Dana hrvatske knjige. S vi\u0161e od 1.000 prijavljenih programa i akcija s pravom nosi epitet najmasovnije doma\u0107e kulturne manifestacije, a ove \u0107e godine prote\u0107i u znaku mira, razumijevanja, tolerancije, srodnosti\u2026","rel":"","context":"U &quot;Novosti&quot;","block_context":{"text":"Novosti","link":"https:\/\/historiografija.hr\/?cat=3"},"img":{"alt_text":"","src":"https:\/\/i0.wp.com\/historiografija.hr\/wp-content\/uploads\/2026\/04\/noc_knjige_2026.jpg?fit=680%2C276&ssl=1&resize=350%2C200","width":350,"height":200,"srcset":"https:\/\/i0.wp.com\/historiografija.hr\/wp-content\/uploads\/2026\/04\/noc_knjige_2026.jpg?fit=680%2C276&ssl=1&resize=350%2C200 1x, https:\/\/i0.wp.com\/historiografija.hr\/wp-content\/uploads\/2026\/04\/noc_knjige_2026.jpg?fit=680%2C276&ssl=1&resize=525%2C300 1.5x"},"classes":[]}],"_links":{"self":[{"href":"https:\/\/historiografija.hr\/index.php?rest_route=\/wp\/v2\/posts\/13316","targetHints":{"allow":["GET"]}}],"collection":[{"href":"https:\/\/historiografija.hr\/index.php?rest_route=\/wp\/v2\/posts"}],"about":[{"href":"https:\/\/historiografija.hr\/index.php?rest_route=\/wp\/v2\/types\/post"}],"author":[{"embeddable":true,"href":"https:\/\/historiografija.hr\/index.php?rest_route=\/wp\/v2\/users\/2"}],"replies":[{"embeddable":true,"href":"https:\/\/historiografija.hr\/index.php?rest_route=%2Fwp%2Fv2%2Fcomments&post=13316"}],"version-history":[{"count":1,"href":"https:\/\/historiografija.hr\/index.php?rest_route=\/wp\/v2\/posts\/13316\/revisions"}],"predecessor-version":[{"id":13318,"href":"https:\/\/historiografija.hr\/index.php?rest_route=\/wp\/v2\/posts\/13316\/revisions\/13318"}],"wp:featuredmedia":[{"embeddable":true,"href":"https:\/\/historiografija.hr\/index.php?rest_route=\/wp\/v2\/media\/13317"}],"wp:attachment":[{"href":"https:\/\/historiografija.hr\/index.php?rest_route=%2Fwp%2Fv2%2Fmedia&parent=13316"}],"wp:term":[{"taxonomy":"category","embeddable":true,"href":"https:\/\/historiografija.hr\/index.php?rest_route=%2Fwp%2Fv2%2Fcategories&post=13316"},{"taxonomy":"post_tag","embeddable":true,"href":"https:\/\/historiografija.hr\/index.php?rest_route=%2Fwp%2Fv2%2Ftags&post=13316"}],"curies":[{"name":"wp","href":"https:\/\/api.w.org\/{rel}","templated":true}]}}