{"id":13301,"date":"2019-01-21T11:01:01","date_gmt":"2019-01-21T11:01:01","guid":{"rendered":"http:\/\/historiografija.hr\/?p=13301"},"modified":"2019-01-21T11:01:01","modified_gmt":"2019-01-21T11:01:01","slug":"novi-veliki-projekt-hrt-a-dokumentarni-serijal-predsjednik-tudman","status":"publish","type":"post","link":"https:\/\/historiografija.hr\/?p=13301","title":{"rendered":"Novi veliki projekt HRT-a: dokumentarni serijal \u201cPredsjednik Tu\u0111man\u201d"},"content":{"rendered":"<p>\u201cPredsjednik Tu\u0111man\u201d novi je kapitalni projekt Hrvatske radiotelevizije (HRT) planiran kao dokumentarni serijal s deset epizoda autora, scenarista i redatelja Gordana Mali\u0107a i u produkciji Intermedia grupe \u010dije je snimanje ve\u0107 po\u010delo, a emitiranje na HRT-u je planirano krajem idu\u0107e godine uo\u010di 20. obljetnice smrti prvog hrvatskog predsjednika Franje Tu\u0111mana.<\/p>\n<p>&nbsp;<\/p>\n<p>U novom serijalu za HRT iz vanjske produkcije predvi\u0111eno je deset epizoda s igranim ilustracijama svaka u trajanju od pedeset minuta u kojima \u0107e se pratiti ne samo Tu\u0111manova biografija nego i politi\u010dki kontekst u kojem je, izme\u0111u ostaloga, i Hrvatska izme\u0111u dva rata uklju\u010div\u0161i i pojavu prvih ideologija \u2013 komunizma, usta\u0161tva i Hrvatske selja\u010dke stranke (HSS), kazao je za Hinu autor serijala, novinar Gordan Mali\u0107.<\/p>\n<p>&nbsp;<\/p>\n<p>\u201cObiteljski kontekst Franje Tu\u0111mana bio je HSS-ovski. Njegov otac je bio delegat ZAVNOH-a i AVNOJA-a kao HSS-ovac, ne kao komunist. Tu\u0111man je de facto lijevi HSS-ovac, to se vidjelo i 90-ih\u201d, rekao je Mali\u0107 dodav\u0161i kako \u0107e u serijalu posebno biti obja\u0161njena pojava HSS-a koji je, kako je ocijenio, kao pokret okupljanja bio vrlo blizak HDZ-u.<\/p>\n<p>&nbsp;<\/p>\n<p><strong>Razgovori s pedesetak sugovornika<\/strong><\/p>\n<p>&nbsp;<\/p>\n<p>Kako je Mali\u0107 istaknuo, na tome \u0107e se bazirati planirani po\u010detak serijala koji \u0107e zavr\u0161iti s onim \u0161to je iza Tu\u0111mana ostalo \u2013 prije svega dr\u017eava pa stranka koja je i danas na vlasti i na\u017ealost jo\u0161 uvijek podijeljeno dru\u0161tvo.<\/p>\n<p>&nbsp;<\/p>\n<p>Kazao je i kako je taj projekt zami\u0161ljen kao dokumentarni serijal s igranim ilustracijama, odnosno planirane su i igrane scene bez dijaloga, razgovori s pedesetak sugovornika, ali i kori\u0161tenje arhivskih foto i videomaterijala te autenti\u010dnih dokumenata iz raznih razdoblja dosad nepoznatih \u0161iroj javnosti.<\/p>\n<p>&nbsp;<\/p>\n<p>\u201cBit \u0107e tu prilike da ne\u0161to ka\u017eu i Tu\u0111manovi oponenti. U politici, a i u povijesti na kraju se sve svede ne ne\u0161to \u0161to je netko napravio, ne na ono \u0161to nije. Onda dolaze razna mi\u0161ljenja o tome je li ono \u0161to je napravio dobro ili lo\u0161e. Ali prvo dolazi rezultat, u ratu je to pobjeda, a u miru neki politi\u010dki cilj.<\/p>\n<p>&nbsp;<\/p>\n<p>Tu\u0111manov cilj bio je suverena Hrvatska, koju je ostvario pobjedom u Domovinskom ratu. O svemu drugom mo\u017eemo imati razli\u010dita mi\u0161ljenja, ali ovo su nesporno povjesni rezultati. Za uspjeh je potrebno jako puno stvari, za neuspjeh samo jedna, zato sam se u serijalu vi\u0161e fokusirao na to zbog \u010dega je to uspjelo ba\u0161 Tu\u0111manu, a ne nekom drugom\u201d, kazao je Mali\u0107. Rekao je i kako \u0107e za projekt biti intervjuirano pedesetak ljudi, ponajvi\u0161e iz redova politi\u010dkih aktera, sudionika i svjedoka vremena iz Hrvatske, ali iz inozemstva.<\/p>\n<p>&nbsp;<\/p>\n<p>\u201cU svim anketama koje se vode od osamostaljenja Hrvatske o povijesnim osobama me\u0111u Hrvatima Tu\u0111man i Tito uvijek su prvi i drugi. O Titu su snimljena dva dokumentarna serijala za HRT, a o Tu\u0111manu niti jedan\u201d, kazao je Mali\u0107.<\/p>\n<p>&nbsp;<\/p>\n<p>Suradnja Gordana Mali\u0107a i Intermedia grupe na \u010delu s Miljenkom Manjkasom uspostavljena je nakon Mali\u0107eva serijala \u201cHrvatski premijeri osobno\u201d prikazanog na HRT-u, nakon \u010dega je taj novinar za svoj novi autorski projekt dokumentarnog serijala po\u010detkom ove godine tra\u017eio producenta koji bi, kako je istaknuo, osigurao visoke produkcijske standarde.<\/p>\n<p>&nbsp;<\/p>\n<p>Iz Intermedia grupe, producenta tog projekta koji se radi isklju\u010divo za HRT, poru\u010duju kako \u0107e planirani serijal biti druga\u010diji od njihovih prethodnih uklju\u010div\u0161i i nedavno prikazani \u201cRat prije rata\u201d jer ne\u0107e biti igranih dijelova \u2013 rekonstrukcija povijesnih doga\u0111aja.<\/p>\n<p>&nbsp;<\/p>\n<p><strong>Autori o\u010dekuju veliku gledanost<\/strong><\/p>\n<p>&nbsp;<\/p>\n<p>Kazali su i kako \u0107e planirane filmske ilustracije bez dijaloga u tom dokumentarnom serijalu slu\u017eiti kako bi \u201cdr\u017eale\u201d dramaturgiju na visokoj razini, ali i da bi zamijenile kori\u0161tenje arhivske gra\u0111e u situacijama kada ona nedostaje. Isti\u010du i da od novog serijala o\u010dekuju veliku gledanost jer je njihov prethodni serijal \u201cRat prije rata\u201d na HRT-u imao u prosjeku oko 300.000 gledatelja u Hrvatskoj, a s onima i u inozemstvu i oko pola milijuna. Ve\u0107 sada prva epizoda tog serijala na Youtubeu ih ima oko 140.000 pregleda.<\/p>\n<p>&nbsp;<\/p>\n<p>Glavni urednik svih televizijskih kanala HRT-a Bruno Kova\u010devi\u0107 je predstavljaju\u0107i program rada javne radiotelevizije za 2019. na pro\u0161lotjednoj sjednici Programskog vije\u0107a upravo taj dokumentarni serijal naveo kao jedan od kapitalnih projekata HRT-a u idu\u0107oj godini.<\/p>\n<p>&nbsp;<\/p>\n<p>S HRT-a su u odgovoru Hini naveli i kako je seriju radnog naslova \u201cPredsjednik\u201d predlo\u017eio neovisni proizvo\u0111a\u010d Intermedia grupa d.o.o, a ugovor o tome bio je sklopljen 21. kolovoza ove godine. Navode i kako \u0107e iznos naknade za taj serijal biti objavljen u godi\u0161njem izvje\u0161\u0107u o ispunjene zakonske obaveze o nabavi djela od neovisnih proizvo\u0111a\u010da.<\/p>\n<p>&nbsp;<\/p>\n<p>\u201cOdluku o prihva\u0107anju djela donio je glavni urednik svih televizijskih kanala Bruno Kova\u010devi\u0107 uz suglasnost ravnatelja Poslovne jedinice Program Renata Kuni\u0107a na temelju mi\u0161ljenja Povjerenstva za nabavu dokumentarnih sadr\u017eaja \u2013 dokumentarno\/dokumentarno-igranog filma i serije\/serijala za djela ponu\u0111ena na javnom pozivu.<\/p>\n<p>&nbsp;<\/p>\n<p>Rije\u010d je o igrano-dokumentarnoj seriji \u010dije je emitiranje na Hrvatskoj radioteleviziji planirano u 2019. a to\u010dan i termin i kanal bit \u0107e objavljeni naknadno\u201d, zaklju\u010duje se u odgovoru HRT-a.<\/p>\n<p>&nbsp;<\/p>\n<p><strong>(Hina)<\/strong><\/p>\n<p>&nbsp;<\/p>\n<p>15.12.2018.<\/p>\n<p>&nbsp;<\/p>\n<p>Izvor:<\/p>\n<p>&nbsp;<\/p>\n<p><a href=\"https:\/\/www.tportal.hr\/vijesti\/clanak\/novi-mega-projekt-hrt-a-o-titu-su-snimljena-dva-serijala-a-o-tudmanu-niti-jedan-foto-20181215\">https:\/\/www.tportal.hr\/vijesti\/clanak\/novi-mega-projekt-hrt-a-o-titu-su-snimljena-dva-serijala-a-o-tudmanu-niti-jedan-foto-20181215<\/a><\/p>\n<p>&nbsp;<\/p>\n<p>&nbsp;<\/p>\n","protected":false},"excerpt":{"rendered":"","protected":false},"author":2,"featured_media":13302,"comment_status":"open","ping_status":"open","sticky":false,"template":"","format":"standard","meta":{"_acf_changed":false,"jetpack_post_was_ever_published":false,"_jetpack_newsletter_access":"","_jetpack_dont_email_post_to_subs":false,"_jetpack_newsletter_tier_id":0,"_jetpack_memberships_contains_paywalled_content":false,"_jetpack_memberships_contains_paid_content":false,"footnotes":"","jetpack_publicize_message":"","jetpack_publicize_feature_enabled":true,"jetpack_social_post_already_shared":true,"jetpack_social_options":{"image_generator_settings":{"template":"highway","default_image_id":0,"font":"","enabled":false},"version":2}},"categories":[13,3],"tags":[],"class_list":["post-13301","post","type-post","status-publish","format-standard","has-post-thumbnail","hentry","category-filmovi-i-serije","category-novosti"],"acf":{"facebook_opis":""},"jetpack_publicize_connections":[],"jetpack_featured_media_url":"https:\/\/i0.wp.com\/historiografija.hr\/wp-content\/uploads\/2019\/01\/T-portal.jpg?fit=800%2C600&ssl=1","jetpack_sharing_enabled":true,"jetpack-related-posts":[{"id":52502,"url":"https:\/\/historiografija.hr\/?p=52502","url_meta":{"origin":13301,"position":0},"title":"Novi znanstveni projekt Hrvatskog instituta za povijest: \u201c\u017drtve ratova i dr\u017eavnog\/politi\u010dkog nasilja u hrvatskoj povijesti 20. stolje\u0107a\u201d","author":"Branimir Jankovi\u0107","date":"17. travnja 2026.","format":false,"excerpt":"Na redovitoj sjednici Vlade RH, 16. travnja 2026., donijet je Zaklju\u010dak kojim se pokre\u0107e znanstveni projekt \u201c\u017drtve ratova i dr\u017eavnog\/politi\u010dkog nasilja u hrvatskoj povijesti 20. stolje\u0107a\u201d. Projekt \u0107e provoditi i koordinirati Hrvatski institut za povijest u razdoblju trajanja projekta od pet godina. Zakljucak Vlade RH Iz teksta projektnog prijedloga: Problematika\u2026","rel":"","context":"U &quot;Novosti&quot;","block_context":{"text":"Novosti","link":"https:\/\/historiografija.hr\/?cat=3"},"img":{"alt_text":"","src":"https:\/\/i0.wp.com\/historiografija.hr\/wp-content\/uploads\/2026\/04\/Vlada-RH.jpg?fit=1200%2C557&ssl=1&resize=350%2C200","width":350,"height":200,"srcset":"https:\/\/i0.wp.com\/historiografija.hr\/wp-content\/uploads\/2026\/04\/Vlada-RH.jpg?fit=1200%2C557&ssl=1&resize=350%2C200 1x, https:\/\/i0.wp.com\/historiografija.hr\/wp-content\/uploads\/2026\/04\/Vlada-RH.jpg?fit=1200%2C557&ssl=1&resize=525%2C300 1.5x, https:\/\/i0.wp.com\/historiografija.hr\/wp-content\/uploads\/2026\/04\/Vlada-RH.jpg?fit=1200%2C557&ssl=1&resize=700%2C400 2x, https:\/\/i0.wp.com\/historiografija.hr\/wp-content\/uploads\/2026\/04\/Vlada-RH.jpg?fit=1200%2C557&ssl=1&resize=1050%2C600 3x"},"classes":[]},{"id":52607,"url":"https:\/\/historiografija.hr\/?p=52607","url_meta":{"origin":13301,"position":1},"title":"No\u0107 knjige: Kako je prije 410 godina smr\u0107u Shakespearea i Cervantesa zavr\u0161ilo razdoblje renesanse u knji\u017eevnosti","author":"Branimir Jankovi\u0107","date":"22. travnja 2026.","format":false,"excerpt":"\u010cetvrtak, 23. travnja 2026. u 18:00 sati, Knji\u017eara Matice hrvatske, Ulica Matice hrvatske 2, Zagreb Uvodna rije\u010d: dr. sc.\u00a0Dubravka Brezak Stama\u0107, pro\u010delnica Odjela za knji\u017eevnost Matice hrvatske Prof. dr. sc. Ivan Lupi\u0107, redoviti profesor u Odsjeku za anglistiku i Odsjeku za kroatistiku Sveu\u010dili\u0161ta u RijeciShakespeare, kazali\u0161te, glazbaKada se susre\u0107emo sa\u2026","rel":"","context":"U &quot;Novosti&quot;","block_context":{"text":"Novosti","link":"https:\/\/historiografija.hr\/?cat=3"},"img":{"alt_text":"","src":"https:\/\/i0.wp.com\/historiografija.hr\/wp-content\/uploads\/2026\/04\/noc_knjige_2026.jpg?fit=680%2C276&ssl=1&resize=350%2C200","width":350,"height":200,"srcset":"https:\/\/i0.wp.com\/historiografija.hr\/wp-content\/uploads\/2026\/04\/noc_knjige_2026.jpg?fit=680%2C276&ssl=1&resize=350%2C200 1x, https:\/\/i0.wp.com\/historiografija.hr\/wp-content\/uploads\/2026\/04\/noc_knjige_2026.jpg?fit=680%2C276&ssl=1&resize=525%2C300 1.5x"},"classes":[]},{"id":52592,"url":"https:\/\/historiografija.hr\/?p=52592","url_meta":{"origin":13301,"position":2},"title":"Predstavljanje knjige &#8220;Turska ku\u0107a u Rijeci&#8221; u Zagrebu","author":"Branimir Jankovi\u0107","date":"22. travnja 2026.","format":false,"excerpt":"U prostorijama Turskog kulturnog centra Yunus Emre u Zagrebu, u utorak 21. travnja 2026. godine, odr\u017eano je sve\u010dano predstavljanje dopunjenog izdanja knjige Turska ku\u0107a u Rijeci, u organizaciji Hrvatsko-turskog dru\u0161tva Rijeka i partnerstvu sa Skupinom prijateljstva Hrvatska-Turska Hrvatskog sabora, Veleposlanstvom Republike Turske u Republici Hrvatskoj te Turskim kulturnim centrom Yunus\u2026","rel":"","context":"U &quot;Novosti&quot;","block_context":{"text":"Novosti","link":"https:\/\/historiografija.hr\/?cat=3"},"img":{"alt_text":"","src":"https:\/\/i0.wp.com\/historiografija.hr\/wp-content\/uploads\/2026\/04\/Turska-kuca-ZG.jpg?fit=1200%2C800&ssl=1&resize=350%2C200","width":350,"height":200,"srcset":"https:\/\/i0.wp.com\/historiografija.hr\/wp-content\/uploads\/2026\/04\/Turska-kuca-ZG.jpg?fit=1200%2C800&ssl=1&resize=350%2C200 1x, https:\/\/i0.wp.com\/historiografija.hr\/wp-content\/uploads\/2026\/04\/Turska-kuca-ZG.jpg?fit=1200%2C800&ssl=1&resize=525%2C300 1.5x, https:\/\/i0.wp.com\/historiografija.hr\/wp-content\/uploads\/2026\/04\/Turska-kuca-ZG.jpg?fit=1200%2C800&ssl=1&resize=700%2C400 2x, https:\/\/i0.wp.com\/historiografija.hr\/wp-content\/uploads\/2026\/04\/Turska-kuca-ZG.jpg?fit=1200%2C800&ssl=1&resize=1050%2C600 3x"},"classes":[]},{"id":52669,"url":"https:\/\/historiografija.hr\/?p=52669","url_meta":{"origin":13301,"position":3},"title":"Predavanje Igora Dude &#8220;Odmor kao \u017eivotna potreba: o slobodnom vremenu u socijalisti\u010dkoj Jugoslaviji&#8221;","author":"Branimir Jankovi\u0107","date":"27. travnja 2026.","format":false,"excerpt":"U sklopu proljetnog ciklusa programa\u00a0Kriti\u010dka dramaturgija: pauza, u\u00a0subotu, 25. travnja 2026. u 19 sati\u00a0u prostoru Udru\u017eenja hrvatskih arhitekata povjesni\u010dar Igor Duda\u00a0odr\u017eao je predavanje naslovljeno\u00a0Odmor kao \u017eivotna potreba: o slobodnom vremenu u socijalisti\u010dkoj Jugoslaviji. Industrijalizacija i urbanizacija dru\u0161tava u povijesti su zna\u010dile i prelazak s predindustrijskog na industrijsko shva\u0107anje vremena. Ono\u2026","rel":"","context":"U &quot;Novosti&quot;","block_context":{"text":"Novosti","link":"https:\/\/historiografija.hr\/?cat=3"},"img":{"alt_text":"","src":"https:\/\/i0.wp.com\/historiografija.hr\/wp-content\/uploads\/2026\/04\/Duda.png?fit=1200%2C628&ssl=1&resize=350%2C200","width":350,"height":200,"srcset":"https:\/\/i0.wp.com\/historiografija.hr\/wp-content\/uploads\/2026\/04\/Duda.png?fit=1200%2C628&ssl=1&resize=350%2C200 1x, https:\/\/i0.wp.com\/historiografija.hr\/wp-content\/uploads\/2026\/04\/Duda.png?fit=1200%2C628&ssl=1&resize=525%2C300 1.5x, https:\/\/i0.wp.com\/historiografija.hr\/wp-content\/uploads\/2026\/04\/Duda.png?fit=1200%2C628&ssl=1&resize=700%2C400 2x, https:\/\/i0.wp.com\/historiografija.hr\/wp-content\/uploads\/2026\/04\/Duda.png?fit=1200%2C628&ssl=1&resize=1050%2C600 3x"},"classes":[]},{"id":52499,"url":"https:\/\/historiografija.hr\/?p=52499","url_meta":{"origin":13301,"position":4},"title":"POTPISAN UGOVOR O ZNANSTVENO-ISTRA\u017dIVA\u010cKOJ SURADNJI: PROJEKT \u201eTEMELJI HRVATSKE SAMOSTALNOSTI\u201d","author":"Branimir Jankovi\u0107","date":"17. travnja 2026.","format":false,"excerpt":"Hrvatski institut za povijest, Sveu\u010dili\u0161te obrane i sigurnosti \u201eDr. Franjo Tu\u0111man\u201d, Institut dru\u0161tvenih znanosti Ivo Pilar i Hrvatski dr\u017eavni arhiv\u00a0potpisali su 23. o\u017eujka 2026.\u00a0Ugovor o znanstveno-istra\u017eiva\u010dkoj suradnji s ciljem provedbe projekta \u201eTemelji hrvatske samostalnosti\u201d. Tim projektom obuhva\u0107a se istra\u017eivanje arhivskoga gradiva, priprema znanstvenih publikacija, digitalizacija i javna prezentacija rezultata istra\u017eivanja\u2026","rel":"","context":"U &quot;Novosti&quot;","block_context":{"text":"Novosti","link":"https:\/\/historiografija.hr\/?cat=3"},"img":{"alt_text":"","src":"https:\/\/i0.wp.com\/historiografija.hr\/wp-content\/uploads\/2026\/04\/THS_sporazum.jpg?fit=1200%2C583&ssl=1&resize=350%2C200","width":350,"height":200,"srcset":"https:\/\/i0.wp.com\/historiografija.hr\/wp-content\/uploads\/2026\/04\/THS_sporazum.jpg?fit=1200%2C583&ssl=1&resize=350%2C200 1x, https:\/\/i0.wp.com\/historiografija.hr\/wp-content\/uploads\/2026\/04\/THS_sporazum.jpg?fit=1200%2C583&ssl=1&resize=525%2C300 1.5x, https:\/\/i0.wp.com\/historiografija.hr\/wp-content\/uploads\/2026\/04\/THS_sporazum.jpg?fit=1200%2C583&ssl=1&resize=700%2C400 2x, https:\/\/i0.wp.com\/historiografija.hr\/wp-content\/uploads\/2026\/04\/THS_sporazum.jpg?fit=1200%2C583&ssl=1&resize=1050%2C600 3x"},"classes":[]},{"id":52563,"url":"https:\/\/historiografija.hr\/?p=52563","url_meta":{"origin":13301,"position":5},"title":"Predavanje Nenada Fabijani\u0107a o stadionu Poljud u Splitu","author":"Branimir Jankovi\u0107","date":"21. travnja 2026.","format":false,"excerpt":"Znanstveno vije\u0107e za arhitekturu, urbanizam i ure\u0111enje prostora Hrvatske akademije znanosti i umjetnosti organizira predavanje \u201cPo Poljudu\u201d koje \u0107e u srijedu 22. travnja 2026. s po\u010detkom u 14 sati u Knji\u017enici HAZU, Strossmayerov trg 14 u Zagrebu, odr\u017eati\u00a0prof. emerit. dr. art. Nenad Fabijani\u0107,\u00a0\u010dlan suradnik HAZU. Predavanje \u201ePo Poljudu\u201c (Projekt obnove)\u2026","rel":"","context":"U &quot;Novosti&quot;","block_context":{"text":"Novosti","link":"https:\/\/historiografija.hr\/?cat=3"},"img":{"alt_text":"","src":"https:\/\/i0.wp.com\/historiografija.hr\/wp-content\/uploads\/2026\/04\/Poljud-scaled.jpeg?fit=1200%2C800&ssl=1&resize=350%2C200","width":350,"height":200,"srcset":"https:\/\/i0.wp.com\/historiografija.hr\/wp-content\/uploads\/2026\/04\/Poljud-scaled.jpeg?fit=1200%2C800&ssl=1&resize=350%2C200 1x, https:\/\/i0.wp.com\/historiografija.hr\/wp-content\/uploads\/2026\/04\/Poljud-scaled.jpeg?fit=1200%2C800&ssl=1&resize=525%2C300 1.5x, https:\/\/i0.wp.com\/historiografija.hr\/wp-content\/uploads\/2026\/04\/Poljud-scaled.jpeg?fit=1200%2C800&ssl=1&resize=700%2C400 2x, https:\/\/i0.wp.com\/historiografija.hr\/wp-content\/uploads\/2026\/04\/Poljud-scaled.jpeg?fit=1200%2C800&ssl=1&resize=1050%2C600 3x"},"classes":[]}],"_links":{"self":[{"href":"https:\/\/historiografija.hr\/index.php?rest_route=\/wp\/v2\/posts\/13301","targetHints":{"allow":["GET"]}}],"collection":[{"href":"https:\/\/historiografija.hr\/index.php?rest_route=\/wp\/v2\/posts"}],"about":[{"href":"https:\/\/historiografija.hr\/index.php?rest_route=\/wp\/v2\/types\/post"}],"author":[{"embeddable":true,"href":"https:\/\/historiografija.hr\/index.php?rest_route=\/wp\/v2\/users\/2"}],"replies":[{"embeddable":true,"href":"https:\/\/historiografija.hr\/index.php?rest_route=%2Fwp%2Fv2%2Fcomments&post=13301"}],"version-history":[{"count":1,"href":"https:\/\/historiografija.hr\/index.php?rest_route=\/wp\/v2\/posts\/13301\/revisions"}],"predecessor-version":[{"id":13303,"href":"https:\/\/historiografija.hr\/index.php?rest_route=\/wp\/v2\/posts\/13301\/revisions\/13303"}],"wp:featuredmedia":[{"embeddable":true,"href":"https:\/\/historiografija.hr\/index.php?rest_route=\/wp\/v2\/media\/13302"}],"wp:attachment":[{"href":"https:\/\/historiografija.hr\/index.php?rest_route=%2Fwp%2Fv2%2Fmedia&parent=13301"}],"wp:term":[{"taxonomy":"category","embeddable":true,"href":"https:\/\/historiografija.hr\/index.php?rest_route=%2Fwp%2Fv2%2Fcategories&post=13301"},{"taxonomy":"post_tag","embeddable":true,"href":"https:\/\/historiografija.hr\/index.php?rest_route=%2Fwp%2Fv2%2Ftags&post=13301"}],"curies":[{"name":"wp","href":"https:\/\/api.w.org\/{rel}","templated":true}]}}