{"id":13268,"date":"2019-01-19T15:21:50","date_gmt":"2019-01-19T15:21:50","guid":{"rendered":"http:\/\/historiografija.hr\/?p=13268"},"modified":"2020-12-21T17:13:47","modified_gmt":"2020-12-21T17:13:47","slug":"posljednji-ispracaj-bogdana-petkovica","status":"publish","type":"post","link":"https:\/\/historiografija.hr\/?p=13268","title":{"rendered":"Posljednji ispra\u0107aj Bogdana Petkovi\u0107a"},"content":{"rendered":"<p>U utorak 15. sije\u010dnja 2019. godine na mjesnom groblju u Donjem Marinkovcu odr\u017ean je posljednji ispra\u0107aj Bogdana Petkovi\u0107a, pre\u017eivjelog zato\u010denika logora Jasenovac. Na ispra\u0107aju je govorio ravnatelj Spomen-podru\u010dja Jasenovac, Ivo Pejakovi\u0107, \u010diji govor donosimo u prilogu.<\/p>\n<p>&nbsp;<\/p>\n<p>&nbsp;<\/p>\n<p><strong>In Memoriam<\/strong><\/p>\n<p>&nbsp;<\/p>\n<p>Bogdan Petkovi\u0107 ro\u0111en je 16. listopada 1923. godine u selu Gornji Marinkovac, u tada\u0161noj op\u0107ini Klo\u0161tar Ivani\u0107. Njegov ratni put po\u010deo je u studenom 1942. godine kad su ga Nijemci poslali na prisilni rad u Be\u010d. U travnju sljede\u0107e godine sti\u017ee do njega vijest o tome da se njegov otac te\u0161ko razbolio zbog \u010dega mu je odobreno 14 dana za posjetu. Uprkos tome \u0161to vlasti NDH nisu odobravale ulazak u tada\u0161nju dr\u017eavu, Bogdan se uspje\u0161no domogao rodnog sela i preko poznanika uklju\u010dio u Narodnoslobodila\u010dki pokret. Nakon u\u010dlanjenja u SKOJ, ve\u0107 potkraj ljeta 1943. godine, pridru\u017eio se Moslava\u010dkom partizanskom odredu, u sklopu kojeg je vrlo brzo postao komesar \u010dete. Na istu je du\u017enost stupio i u tre\u0107em bataljonu brigade \u201eMatija Gubec\u201c, a sredinom o\u017eujka 1944. godine priklju\u010dio se Drugoj moslava\u010dkoj brigadi na du\u017enosti pu\u0161komitraljesca. No nju su ve\u0107 istog mjeseca 1944. godine razbili Nijemci kod Oborova. S drugim ranjenim zarobljenicima upu\u0107en je u zagreba\u010dku bolnicu Sveti Duh, pa dalje u Zarobljeni\u010dki tabor.<\/p>\n<p>&nbsp;<\/p>\n<p>Dana 2. kolovoza te 1944. godine usta\u0161ka policija ga je uhapsila i odvela u Petrinjsku na istra\u017eni postupak. Nakon brojnih saslu\u0161anja po zatvorima, po\u010detkom listopada deportiran je u logor Jasenovac. Bio je jasenova\u010dki logora\u0161 135 dana. Nedugo nakon njegova dolaska, koncentracijski logor je posjetila svojevrsna me\u0111unarodna komisija zahvaljuju\u0107i kojoj je grupa logora\u0161a poslana na prisilni rad u Tre\u0107i Reich, to\u010dnije u okolicu Linza gdje je Bogdan ostao sve dok Amerikanci nisu u\u0161li u grad. U lipnju 1945. godine vratio se u oslobo\u0111enu Jugoslaviju, nakon \u010dega je vrlo brzo raspore\u0111en u diviziju KNOJ-a u Beogradu kao oficir-radiotelegrafist.<\/p>\n<p>&nbsp;<\/p>\n<p>Tijekom svoje vojne karijere slu\u017eio je u Knja\u017eevcu, Splitu i Ljubljani da bi njezin kraj zaslu\u017eeno do\u010dekao kao upravnik tehni\u010dke baze i Samostalnog tehni\u010dkog skladi\u0161ta u Travniku 1972. godine.<\/p>\n<p>&nbsp;<\/p>\n<p>U JNA je zavr\u0161io radiotelegrafski kurs, Oficirsku aplikacionu \u0161kolu, polo\u017eio ispit za kapetana i majora, a zavr\u0161io je i ve\u010dernju gimnaziju u Ljubljani. Krajem osamdesetih je bio \u010dlan Komisije za logora\u0161e Grada Zagreba. Bio je \u010dlan i Udru\u017eenja logora\u0161a Drugog svjetskog rata iz Banja Luke. Svoje svjedo\u010danstvo o zato\u010denju u logoru Jasenovac objavio je 2008. godine pod nazivom \u201eSto trideset pet dana u logoru Jasenovac\u201c.<\/p>\n<p>&nbsp;<\/p>\n<p>Preminuo je nekoliko mjeseci nakon \u0161to je unato\u010d te\u0161kom zdravlju i poodmakloj \u017eivotnoj dobi javno govorio o svom logora\u0161kom iskustvu, a protiv usta\u0161kog revizionizma, na konferenciji za novinare u organizaciji Savjeta Javne ustanove Spomen podru\u010dja Jasenovac.<\/p>\n<p>&nbsp;<\/p>\n<p>&nbsp;<\/p>\n<p><strong>Govor ravnatelja Spomen podru\u010dja Jasenovac, Ive Pejakovi\u0107a, na posljednjem ispra\u0107aju Bogdana Petkovi\u0107a<\/strong><\/p>\n<p>&nbsp;<\/p>\n<p>Po\u0161tovani \u010dlanovi obitelji, prijatelji Bogdana Petkovi\u0107a,<\/p>\n<p>&nbsp;<\/p>\n<p>kada sam po\u010deo raditi u Spomen podru\u010dju Jasenovac prije desetak godina, jedna od prvih stvari koju je trebalo u\u010diniti bila je upoznati se s knjigama i literaturom o logoru Jasenovac. I \u010ditaju\u0107i objavljena sje\u0107anja pre\u017eivjelih zato\u010denika, u ruke mi je do\u0161la i knjiga \u201e135 dana u logoru Jasenovac\u201c Bogdana Petkovi\u0107a. I to je bio prvi put da sam se susreo s tim imenom.<\/p>\n<p>&nbsp;<\/p>\n<p>Kasnije, imao sam priliku i upoznati Bogdana. A s obzirom da sam ve\u0107 pro\u010ditao knjigu koju je napisao, imao sam osje\u0107aj kao da ga ve\u0107 poznajem. Kao pre\u017eivjeli zato\u010denik logora Jasenovac, redovito je prisustvovao komemoracijama. \u010cesto je bio u kontaktu s djelatnicima Spomen podru\u010dja i slao nam je svoje \u010dlanke i komentare.<\/p>\n<p>&nbsp;<\/p>\n<p>Krajem 2017. godine napisao je dirljivo sje\u0107anje na Josipa Hercega, tako\u0111er pre\u017eivjelog zato\u010denika, koji je bio zato\u010den u logoru zajedno s Bogdanom.<\/p>\n<p>&nbsp;<\/p>\n<p>Ono \u0161to je Bogdan posjedovao, bio je jedan nesalomljivi duh. Te\u017eak \u017eivot koji je pro\u0161ao, sudjelovanje u partizanskom pokretu, zato\u010denje u logoru, to ga je samo oja\u010dalo. U zadnjih nekoliko godina, kada su nam se obra\u0107ali novinari s pitanjem da bi htjeli razgovarati s nekim pre\u017eivjelim logora\u0161em, obi\u010dno bi nam Bogdan bio me\u0111u prvima koji bi nam pao na pamet. I uvijek je pozitivno odgovorio na takve molbe za razgovor i intervju.<\/p>\n<p>&nbsp;<\/p>\n<p>Zadnji put sam Bogdana vidio prije nekoliko mjeseci. Savjet Spomen podru\u010dja je organizirao konferenciju za novinare i poku\u0161ali smo na\u0107i nekog pre\u017eivjelog zato\u010denika koji bi ispri\u010dao svoju sudbinu. I naravno, Bogdan se rado odazvao ovom pozivu. I ostala mi je u sje\u0107anju jedna njegova re\u010denica koju je tada rekao: \u201eJa ve\u0107 odavno na ovo \u010dekam, ve\u0107 je 5 minuta poslije 12\u201c. I ta re\u010denica je bila mo\u017eda malo i defetisti\u010dka, ali izme\u0111u ostalih, i na nama koji smo se ovdje danas okupili je da nastavimo sje\u0107anje i na Bogdana i na njegove prijatelje i suborce.<\/p>\n<p>&nbsp;<\/p>\n<p>Odlazak Bogdana Petkovi\u0107a je veliki gubitak za obitelj, ali isto tako i za Spomen podru\u010dje Jasenovac jer smo izgubili velikog \u010dovjeka, autenti\u010dnog svjedoka vremena, a slobodno mogu re\u0107i i prijatelja.<\/p>\n<p>&nbsp;<\/p>\n<p>Jo\u0161 jednom, svim \u010dlanovima obitelji izra\u017eavam najiskrenije rije\u010di sau\u010de\u0161\u0107a.<\/p>\n<p>&nbsp;<\/p>\n<p>Izvor:<\/p>\n<p>&nbsp;<\/p>\n<p><a href=\"http:\/\/www.jusp-jasenovac.hr\/Default.aspx?sid=5027\">http:\/\/www.jusp-jasenovac.hr\/Default.aspx?sid=5027<\/a><\/p>\n<p>&nbsp;<\/p>\n<p>Dodatne obavijesti:<\/p>\n<p>&nbsp;<\/p>\n<p><a href=\"https:\/\/www.portalnovosti.com\/oprostaj-od-bivseg-partizana-i-jasenovackog-logorasa\">https:\/\/www.portalnovosti.com\/oprostaj-od-bivseg-partizana-i-jasenovackog-logorasa<\/a><\/p>\n<p>&nbsp;<\/p>\n<p>&nbsp;<\/p>\n<p>&nbsp;<\/p>\n<p>&nbsp;<\/p>\n","protected":false},"excerpt":{"rendered":"","protected":false},"author":2,"featured_media":13269,"comment_status":"open","ping_status":"open","sticky":false,"template":"","format":"standard","meta":{"_acf_changed":false,"jetpack_post_was_ever_published":false,"_jetpack_newsletter_access":"","_jetpack_dont_email_post_to_subs":false,"_jetpack_newsletter_tier_id":0,"_jetpack_memberships_contains_paywalled_content":false,"_jetpack_memberships_contains_paid_content":false,"footnotes":"","jetpack_publicize_message":"","jetpack_publicize_feature_enabled":true,"jetpack_social_post_already_shared":true,"jetpack_social_options":{"image_generator_settings":{"template":"highway","default_image_id":0,"font":"","enabled":false},"version":2}},"categories":[3,20],"tags":[],"class_list":["post-13268","post","type-post","status-publish","format-standard","has-post-thumbnail","hentry","category-novosti","category-obavijesti-o-smrti-i-nekrolozi"],"acf":{"facebook_opis":""},"jetpack_publicize_connections":[],"jetpack_featured_media_url":"https:\/\/i0.wp.com\/historiografija.hr\/wp-content\/uploads\/2019\/01\/Bogdan-Petkovic-1923-2019.jpg?fit=1200%2C750&ssl=1","jetpack_sharing_enabled":true,"jetpack-related-posts":[{"id":52439,"url":"https:\/\/historiografija.hr\/?p=52439","url_meta":{"origin":13268,"position":0},"title":"Tribina &#8220;Ahmi\u0107i 33 godine kasnije: Ne u na\u0161e ime&#8221;","author":"Branimir Jankovi\u0107","date":"16. travnja 2026.","format":false,"excerpt":"U \u010detvrtak, 16. travnja 2026. u 17 sati u Knji\u017enici i \u010ditaonici Bogdana Ogrizovi\u0107a u Zagrebu odr\u017eat \u0107e se tribina pod nazivom Ahmi\u0107i 33 godine kasnije: Ne u na\u0161e ime. Na tribini \u0107e govoriti Ivica \u0110iki\u0107, novinar, Mubera Masli\u0107 \u2013 \u017ddralovi\u0107, aktivistikinja, prevoditeljica za arapski, Domagoj Fuk, student politologije, \u010dlan\u2026","rel":"","context":"U &quot;Novosti&quot;","block_context":{"text":"Novosti","link":"https:\/\/historiografija.hr\/?cat=3"},"img":{"alt_text":"","src":"https:\/\/i0.wp.com\/historiografija.hr\/wp-content\/uploads\/2026\/04\/Zagreb_2026.jpeg?fit=1200%2C900&ssl=1&resize=350%2C200","width":350,"height":200,"srcset":"https:\/\/i0.wp.com\/historiografija.hr\/wp-content\/uploads\/2026\/04\/Zagreb_2026.jpeg?fit=1200%2C900&ssl=1&resize=350%2C200 1x, https:\/\/i0.wp.com\/historiografija.hr\/wp-content\/uploads\/2026\/04\/Zagreb_2026.jpeg?fit=1200%2C900&ssl=1&resize=525%2C300 1.5x, https:\/\/i0.wp.com\/historiografija.hr\/wp-content\/uploads\/2026\/04\/Zagreb_2026.jpeg?fit=1200%2C900&ssl=1&resize=700%2C400 2x, https:\/\/i0.wp.com\/historiografija.hr\/wp-content\/uploads\/2026\/04\/Zagreb_2026.jpeg?fit=1200%2C900&ssl=1&resize=1050%2C600 3x"},"classes":[]},{"id":52547,"url":"https:\/\/historiografija.hr\/?p=52547","url_meta":{"origin":13268,"position":1},"title":"ISHA Zagreb \u2013 Filmska ve\u010der: Povratak Martina Guerrea","author":"Branimir Jankovi\u0107","date":"20. travnja 2026.","format":false,"excerpt":"Klub studenata povijesti \u2013 ISHA Zagreb poziva Vas na filmsku ve\u010der na kojoj \u0107e se prikazivati \u201ePovratak Martina Guerrea\u201c, povijesna drama iz 1982. godine s radnjom smje\u0161tenom u 16. stolje\u0107u. Radnja je utemeljena na stvarnoj povijesnoj li\u010dnosti Martina Guerrea koji se nakon mnogo godina izbivanja vra\u0107a u svoje rodno mjesto\u2026","rel":"","context":"U &quot;Filmovi i serije&quot;","block_context":{"text":"Filmovi i serije","link":"https:\/\/historiografija.hr\/?cat=13"},"img":{"alt_text":"","src":"https:\/\/i0.wp.com\/historiografija.hr\/wp-content\/uploads\/2026\/04\/M-Guerre.png?fit=702%2C1006&ssl=1&resize=350%2C200","width":350,"height":200,"srcset":"https:\/\/i0.wp.com\/historiografija.hr\/wp-content\/uploads\/2026\/04\/M-Guerre.png?fit=702%2C1006&ssl=1&resize=350%2C200 1x, https:\/\/i0.wp.com\/historiografija.hr\/wp-content\/uploads\/2026\/04\/M-Guerre.png?fit=702%2C1006&ssl=1&resize=525%2C300 1.5x, https:\/\/i0.wp.com\/historiografija.hr\/wp-content\/uploads\/2026\/04\/M-Guerre.png?fit=702%2C1006&ssl=1&resize=700%2C400 2x"},"classes":[]},{"id":52666,"url":"https:\/\/historiografija.hr\/?p=52666","url_meta":{"origin":13268,"position":2},"title":"Najava programa Festivala povijesti Kliofest (5-8. V. 2026)","author":"Branimir Jankovi\u0107","date":"24. travnja 2026.","format":false,"excerpt":"Po trinaesti put odr\u017eava se Festival povijesti Kliofest! Do petka \u0107emo odr\u017eati osam okruglih stolova i dva kolokvija te niz predstavljanja knjiga i projekata razli\u010dite tematike, od antike do suvremenosti. Bit \u0107e predstavljeno i nekoliko izlo\u017ebi te odr\u017ean jedan povijesni kviz. Prikazat \u0107emo i jedan film \u2013 o generalu Boroevi\u0107u.\u2026","rel":"","context":"U &quot;Novosti&quot;","block_context":{"text":"Novosti","link":"https:\/\/historiografija.hr\/?cat=3"},"img":{"alt_text":"","src":"https:\/\/i0.wp.com\/historiografija.hr\/wp-content\/uploads\/2026\/04\/Kliofest-2026.jpg?fit=526%2C526&ssl=1&resize=350%2C200","width":350,"height":200,"srcset":"https:\/\/i0.wp.com\/historiografija.hr\/wp-content\/uploads\/2026\/04\/Kliofest-2026.jpg?fit=526%2C526&ssl=1&resize=350%2C200 1x, https:\/\/i0.wp.com\/historiografija.hr\/wp-content\/uploads\/2026\/04\/Kliofest-2026.jpg?fit=526%2C526&ssl=1&resize=525%2C300 1.5x"},"classes":[]},{"id":52704,"url":"https:\/\/historiografija.hr\/?p=52704","url_meta":{"origin":13268,"position":3},"title":"Predstavljanje knjige &#8220;Vladimir Vasiljevi\u0107: Moji do\u017eivljaji. Dnevni\u010dki zapisi iz Prvoga svjetskog rata i poratnoga vremena&#8221;","author":"Filip \u0160imunjak","date":"29. travnja 2026.","format":false,"excerpt":"Doga\u0111anja ovogodi\u0161njega Festivala povijesti Kliofest zapo\u010dinjemo ve\u0107 i prije samoga slu\u017ebenog otvaranja, predstavljanjem knjige \u201eMoji do\u017eivljaji. Dnevni\u010dki zapisi iz Prvoga svjetskog rata i poratnoga vremena\u201d Vladimira Vasiljevi\u0107a, koju su priredili Karlo Rukavina i Damir Agi\u010di\u0107. Pozivamo Vas na predstavljanje koje \u0107e se odr\u017eati u ponedjeljak 4. svibnja, s po\u010detkom u\u2026","rel":"","context":"U &quot;Knjige&quot;","block_context":{"text":"Knjige","link":"https:\/\/historiografija.hr\/?cat=8"},"img":{"alt_text":"","src":"https:\/\/i0.wp.com\/historiografija.hr\/wp-content\/uploads\/2026\/04\/Naslovna-V.-Vasiljevic.webp?fit=1200%2C600&ssl=1&resize=350%2C200","width":350,"height":200,"srcset":"https:\/\/i0.wp.com\/historiografija.hr\/wp-content\/uploads\/2026\/04\/Naslovna-V.-Vasiljevic.webp?fit=1200%2C600&ssl=1&resize=350%2C200 1x, https:\/\/i0.wp.com\/historiografija.hr\/wp-content\/uploads\/2026\/04\/Naslovna-V.-Vasiljevic.webp?fit=1200%2C600&ssl=1&resize=525%2C300 1.5x, https:\/\/i0.wp.com\/historiografija.hr\/wp-content\/uploads\/2026\/04\/Naslovna-V.-Vasiljevic.webp?fit=1200%2C600&ssl=1&resize=700%2C400 2x, https:\/\/i0.wp.com\/historiografija.hr\/wp-content\/uploads\/2026\/04\/Naslovna-V.-Vasiljevic.webp?fit=1200%2C600&ssl=1&resize=1050%2C600 3x"},"classes":[]},{"id":52505,"url":"https:\/\/historiografija.hr\/?p=52505","url_meta":{"origin":13268,"position":4},"title":"Izlo\u017eba &#8220;Eschenstock \/ Jasenov prut&#8221;","author":"Branimir Jankovi\u0107","date":"17. travnja 2026.","format":false,"excerpt":"Srpsko narodno vije\u0107e (SNV) i Vizura aperta postavljaju izlo\u017ebu \u0161vicarskog slikara Velimira Ili\u0161evi\u0107a: Eschenstock \/ Jasenov prut. Izlo\u017eba se uz prisustvo autora otvara povodom 81. godi\u0161njice proboja logora\u0161a iz usta\u0161kog logora smrti Jasenovac 22. aprila 2026. u 19 sati u Srpskom kulturnom centru (SKC) u Preradovi\u0107evoj ulici 21 u Zagrebu.\u2026","rel":"","context":"U &quot;Izlo\u017ebe&quot;","block_context":{"text":"Izlo\u017ebe","link":"https:\/\/historiografija.hr\/?cat=10"},"img":{"alt_text":"","src":"https:\/\/i0.wp.com\/historiografija.hr\/wp-content\/uploads\/2026\/04\/Jasenov_prut.jpg?fit=1024%2C640&ssl=1&resize=350%2C200","width":350,"height":200,"srcset":"https:\/\/i0.wp.com\/historiografija.hr\/wp-content\/uploads\/2026\/04\/Jasenov_prut.jpg?fit=1024%2C640&ssl=1&resize=350%2C200 1x, https:\/\/i0.wp.com\/historiografija.hr\/wp-content\/uploads\/2026\/04\/Jasenov_prut.jpg?fit=1024%2C640&ssl=1&resize=525%2C300 1.5x, https:\/\/i0.wp.com\/historiografija.hr\/wp-content\/uploads\/2026\/04\/Jasenov_prut.jpg?fit=1024%2C640&ssl=1&resize=700%2C400 2x"},"classes":[]},{"id":52733,"url":"https:\/\/historiografija.hr\/?p=52733","url_meta":{"origin":13268,"position":5},"title":"Vlado Raji\u0107 \u201eGranica na kraju stolje\u0107a\u201c","author":"Filip \u0160imunjak","date":"29. travnja 2026.","format":false,"excerpt":"U suizdanju Durieuxa i Beletre objavljena je 2025. godine knjiga Granica na kraju stolje\u0107a autora Vlade Raji\u0107a.\u00a0 O knjizi\u00a0 Romansirana biografija Vladimira Iblera mnogo je vi\u0161e od zanimljive pri\u010de o privatnom \u017eivotu i impresivnoj profesionalnoj karijeri istaknutog stru\u010dnjaka za me\u0111unarodno pravo i dugo\u00adgodi\u0161njeg profesora na zagreba\u010dkom Pravnom fakultetu, akademika, koji\u2026","rel":"","context":"U &quot;Knjige&quot;","block_context":{"text":"Knjige","link":"https:\/\/historiografija.hr\/?cat=8"},"img":{"alt_text":"","src":"https:\/\/i0.wp.com\/historiografija.hr\/wp-content\/uploads\/2026\/04\/VLADO-RAJIC-GRANICA-NA-KRAJU-STOLJECA.jpg?fit=450%2C650&ssl=1&resize=350%2C200","width":350,"height":200},"classes":[]}],"_links":{"self":[{"href":"https:\/\/historiografija.hr\/index.php?rest_route=\/wp\/v2\/posts\/13268","targetHints":{"allow":["GET"]}}],"collection":[{"href":"https:\/\/historiografija.hr\/index.php?rest_route=\/wp\/v2\/posts"}],"about":[{"href":"https:\/\/historiografija.hr\/index.php?rest_route=\/wp\/v2\/types\/post"}],"author":[{"embeddable":true,"href":"https:\/\/historiografija.hr\/index.php?rest_route=\/wp\/v2\/users\/2"}],"replies":[{"embeddable":true,"href":"https:\/\/historiografija.hr\/index.php?rest_route=%2Fwp%2Fv2%2Fcomments&post=13268"}],"version-history":[{"count":1,"href":"https:\/\/historiografija.hr\/index.php?rest_route=\/wp\/v2\/posts\/13268\/revisions"}],"predecessor-version":[{"id":13270,"href":"https:\/\/historiografija.hr\/index.php?rest_route=\/wp\/v2\/posts\/13268\/revisions\/13270"}],"wp:featuredmedia":[{"embeddable":true,"href":"https:\/\/historiografija.hr\/index.php?rest_route=\/wp\/v2\/media\/13269"}],"wp:attachment":[{"href":"https:\/\/historiografija.hr\/index.php?rest_route=%2Fwp%2Fv2%2Fmedia&parent=13268"}],"wp:term":[{"taxonomy":"category","embeddable":true,"href":"https:\/\/historiografija.hr\/index.php?rest_route=%2Fwp%2Fv2%2Fcategories&post=13268"},{"taxonomy":"post_tag","embeddable":true,"href":"https:\/\/historiografija.hr\/index.php?rest_route=%2Fwp%2Fv2%2Ftags&post=13268"}],"curies":[{"name":"wp","href":"https:\/\/api.w.org\/{rel}","templated":true}]}}