{"id":13264,"date":"2019-01-18T16:04:55","date_gmt":"2019-01-18T16:04:55","guid":{"rendered":"http:\/\/historiografija.hr\/?p=13264"},"modified":"2019-01-18T16:04:55","modified_gmt":"2019-01-18T16:04:55","slug":"izlozba-dzemal-bijedic-diplomatske-aktivnosti-u-mostaru","status":"publish","type":"post","link":"https:\/\/historiografija.hr\/?p=13264","title":{"rendered":"Izlo\u017eba \u201cD\u017eemal Bijedi\u0107, diplomatske aktivnosti\u201d u Mostaru"},"content":{"rendered":"<p>U petak, 18. 1. 2019. u Centru za kulturu Mostar otvorena je izlo\u017eba \u201cD\u017eemal Bijedi\u0107, diplomatske aktivnosti\u201d, koju \u2013 povodom 42. godi\u0161njice pogibije D\u017eemala Bijedi\u0107a \u2013 organizira Muzej Hercegovine Mostar.<\/p>\n<p>D\u017eemal Bijedi\u0107 (12. april 1917 \u2013 18. januar 1977), bio je jugoslavenski i bosanskohercegova\u010dki politi\u010dar i dru\u0161tveno-politi\u010dki radnik. Ro\u0111en u Mostaru, od oca Adema i majke Zarife, koji su se doselili iz Gacka, gdje je i odrastao kao potomak ugledne trgova\u010dke porodice.<\/p>\n<p>D\u017eemal Bijedi\u0107 je osnovnu \u0161kolu zavr\u0161io u Mostaru 1928. u okviru Vje\u017ebaonice U\u010diteljske \u0161kole, a zatim je poha\u0111ao Dr\u017eavnu realnu gimnaziju u Mostaru. Kao gimnazijalac pokazuje zanimanje za politiku i postaje simpatizer komunisti\u010dkog pokreta, kome se priklju\u010duje tokom studija na Univerzitetu u Beogradu. Radio je u biblioteci \u201cPetar Ko\u010di\u0107\u201d u Beogradu, te u \u201cMuslimanskoj biblioteci\u201d i \u201cSportskom klubu Vele\u017e\u201d u Mostaru. Oktobra 1939. u Beogradu biva primljen u SKOJ, a decembra 1939. u mostarskoj partijskoj organizaciji primljen je u \u010dlanstvo KPJ. \u010cetiri puta biva zatvaran u Mostaru od strane tada\u0161njih jugoslovenskih vlasti. U januaru 1940. D\u017eemal Bijedi\u0107 je izabran za sekretara Mjesnog komiteta SKOJ-a u Mostaru (to je prvi mjesni komitet u tom gradu), a sredinom 1940. izabran je za sekretara Oblasnog komiteta SKOJ-a za Hercegovinu.<\/p>\n<p>Drugi svjetski rat ga je zatekao u Mostaru, gdje je nakon poraza i raspu\u0161tanja jugoslovenske vojske ubrzo bila uspostavljena vlast NDH. Za vrijeme Drugog svjetskog rata kao \u010dlan Partije aktivno u\u010destvuje u NOB-i. Nakon strijeljanja sekretara Mjesnog komiteta KPJ za Mostar, Jusufa \u010cevre \u2013 koga su usta\u0161e strijeljale 1. avgusta 1941, D\u017eemal Bijedi\u0107 je sa skojevskog pre\u0161ao na partijski rad. Ubrzo zatim je izabran za sekretara Mjesnog komiteta KPJ u Mostaru, da bi kasnije postao sekretar Okru\u017enog komiteta KPJ za ju\u017enu Hercegovinu, koji je djelovao na neoslobo\u0111enoj teritoriji. Za \u010ditavo to vrijeme on je u Mostaru \u017eivio u dubokoj ilegali, ali je bio vrlo aktivan. Posebno se anga\u017eirao u akciji osloba\u0111anja grupe Hrvata iz Ljubu\u0161kog koji su se nalazili u mostarskom zatvoru, te osloba\u0111anju sekretara Okru\u017enog komiteta KP Hrvatske u Dubrovniku Vinka Mor\u0111ina Crnog. U Mostaru je ostao do sredine 1942. godine, a nakon \u010dega se prebacuje u Sarajevo. Za to vrijeme bio je vrlo aktivan u organiziranju ilegalnog partijskog rada u gradu, te slanju dobrovoljaca u partizanske jedinice na slobodnu teritoriju. Otprilike u isto vrijeme u Sarajevo je do\u0161ao i Avdo Humo, \u010dlan Pokrajinskog komiteta KPJ za Bosnu i Hercegovinu koji je osnovao novi Mjesni komitet, a u julu 1942. godine za sekretara je bio postavljen D\u017eemal Bijedi\u0107. Tokom svog boravka u Sarajevu Bijedi\u0107 je u svom politi\u010dkom djelovanju posebnu pa\u017enju obratio na: stabilizaciju stanja u SKOJ-u, pitanje organizacije, konspiracije i ta\u010dnosti u radu. U aprilu 1943 izlazi iz Sarajeva, a ubrzo zatim se sa \u0160estom isto\u010dnobosanskom brigadom na\u0161ao na Sutjesci sredinom juna 1943. godine. Pro\u0161av\u0161i golgotu Sutjeske, on se sa isto\u010dnobosanskim partizanskim jedinicama probijao prema isto\u010dnoj Bosni. Tu je uglavnom i proveo ostatak rata.<\/p>\n<p>Nakon rata postaje pomo\u0107nik ministra unutra\u0161njih poslova Vlade NR Bosne i Hercegovine, potom 1948. na\u010delnik Uprave za agitaciju i propagandu Centralnog komiteta KP BiH. Bio je i sekretar Oblasnog komiteta KPJ za Hercegovinu, \u010dlan Izvr\u0161nog vije\u0107a SR Bosne i Hercegovine, predsjednik Republi\u010dkog vije\u0107a, predsjednik Skup\u0161tine SRBiH i predsjednik Saveznog izvr\u0161nog vije\u0107a (SIV) 1971 godine. Tragi\u010dno je preminuo 18. januara 1977. u avionskoj nesre\u0107i na letu za Sarajevo. Supruga Razija je poginula zajedno sa Bijedi\u0107em. Iza sebe su ostavili troje djece: Dragana, Azru i Milenka.<\/p>\n<p>Potpisnik je letaka za borbu za autonomiju Bosne i Hercegovine u me\u0111uratnom periodu do 1941. Zalagao se za razvitak privrede, primjenu principa radni\u010dkog samoupravljanja, promociju Jugoslavije u inostranstvu i ja\u010danje Pokreta nesvrstanih. Organizator nove bosanskohercegova\u010dke privredne reforme i infrastrukture, izgradnje moderne putne mre\u017ee, regionalnih vodovoda, gradskih kanalizacija i telekomunikacija, te 80-ih godina djelimi\u010dno ostvarenog kulturnog projekta \u201chiljadu \u0161kola\u201d. Za kratko vrijeme susre\u0107e va\u017enije svjetske dr\u017eavnike tog vremena: Mao Zedonga, Geralda Forda i Leonida Bre\u017enjeva.<\/p>\n<p>(Mostarski.ba)<\/p>\n<p>&nbsp;<\/p>\n<p>Izvor: <a href=\"https:\/\/mostarski.ba\/u-petak-izlozba-dzemal-bijedic-diplomatske-aktivnosti\/\">https:\/\/mostarski.ba\/u-petak-izlozba-dzemal-bijedic-diplomatske-aktivnosti\/<\/a><\/p>\n<p>&nbsp;<\/p>\n<p><strong>Otvorena izlo\u017eba o diplomatskim aktivnostima D\u017eemala Bijedi\u0107a<\/strong><\/p>\n<p><a href=\"https:\/\/dnevni-list.ba\/otvorena-izlozba-o-diplomatskim-aktivnostima-dzemala-bijedica\/\">https:\/\/dnevni-list.ba\/otvorena-izlozba-o-diplomatskim-aktivnostima-dzemala-bijedica\/<\/a><\/p>\n<p>&nbsp;<\/p>\n<p><strong>D\u017eemal Bijedi\u0107 je bio sposoban politi\u010dar koji je u\u017eivao beskrajno Titovo povjerenje<\/strong><\/p>\n<p><a href=\"https:\/\/avaz.ba\/kantoni\/hercegovacko-neretvanski-kanton\/450375\/dzemal-bijedic-je-bio-sposoban-politicar-koji-je-uzivao-beskrajno-titovo-povjerenje\">https:\/\/avaz.ba\/kantoni\/hercegovacko-neretvanski-kanton\/450375\/dzemal-bijedic-je-bio-sposoban-politicar-koji-je-uzivao-beskrajno-titovo-povjerenje<\/a><\/p>\n<p>&nbsp;<\/p>\n<p>&nbsp;<\/p>\n","protected":false},"excerpt":{"rendered":"","protected":false},"author":2,"featured_media":13265,"comment_status":"open","ping_status":"open","sticky":false,"template":"","format":"standard","meta":{"_acf_changed":false,"jetpack_post_was_ever_published":false,"_jetpack_newsletter_access":"","_jetpack_dont_email_post_to_subs":false,"_jetpack_newsletter_tier_id":0,"_jetpack_memberships_contains_paywalled_content":false,"_jetpack_memberships_contains_paid_content":false,"footnotes":"","jetpack_publicize_message":"","jetpack_publicize_feature_enabled":true,"jetpack_social_post_already_shared":true,"jetpack_social_options":{"image_generator_settings":{"template":"highway","default_image_id":0,"font":"","enabled":false},"version":2}},"categories":[10,3],"tags":[],"class_list":["post-13264","post","type-post","status-publish","format-standard","has-post-thumbnail","hentry","category-izlozbe","category-novosti"],"acf":{"facebook_opis":""},"jetpack_publicize_connections":[],"jetpack_featured_media_url":"https:\/\/i0.wp.com\/historiografija.hr\/wp-content\/uploads\/2019\/01\/dzemal-bijedic-diplomatske-aktivnosti-plakat.jpg?fit=675%2C960&ssl=1","jetpack_sharing_enabled":true,"jetpack-related-posts":[{"id":52760,"url":"https:\/\/historiografija.hr\/?p=52760","url_meta":{"origin":13264,"position":0},"title":"Izlo\u017eba \u201cLo\u0161injski brodovi, njihove zastave i ljudi\u201d, 4. svibnja u 19h","author":"Filip \u0160imunjak","date":"30. travnja 2026.","format":false,"excerpt":"Hrvatski pomorski muzej Split, Glagolja\u0161a 18 (Tvr\u0111ava Gripe) Nakon \u0161to je u rujnu 2025. godine na otoku Lo\u0161inju, u suradnji Lo\u0161injskog muzeja i Hrvatskog pomorskog muzeja Split, predstavljena izlo\u017eba posve\u0107ena bogatoj pomorskoj ba\u0161tini otoka, njezino pro\u0161ireno izdanje postavlja se u Splitu. Uo\u010di blagdana svetog Dujma splitskoj \u0107e se publici predstaviti\u2026","rel":"","context":"U &quot;Izlo\u017ebe&quot;","block_context":{"text":"Izlo\u017ebe","link":"https:\/\/historiografija.hr\/?cat=10"},"img":{"alt_text":"","src":"https:\/\/i0.wp.com\/historiografija.hr\/wp-content\/uploads\/2026\/04\/Losinjski-brodovi-Izlozba-1-scaled.webp?fit=840%2C1200&ssl=1&resize=350%2C200","width":350,"height":200,"srcset":"https:\/\/i0.wp.com\/historiografija.hr\/wp-content\/uploads\/2026\/04\/Losinjski-brodovi-Izlozba-1-scaled.webp?fit=840%2C1200&ssl=1&resize=350%2C200 1x, https:\/\/i0.wp.com\/historiografija.hr\/wp-content\/uploads\/2026\/04\/Losinjski-brodovi-Izlozba-1-scaled.webp?fit=840%2C1200&ssl=1&resize=525%2C300 1.5x, https:\/\/i0.wp.com\/historiografija.hr\/wp-content\/uploads\/2026\/04\/Losinjski-brodovi-Izlozba-1-scaled.webp?fit=840%2C1200&ssl=1&resize=700%2C400 2x"},"classes":[]},{"id":52505,"url":"https:\/\/historiografija.hr\/?p=52505","url_meta":{"origin":13264,"position":1},"title":"Izlo\u017eba &#8220;Eschenstock \/ Jasenov prut&#8221;","author":"Branimir Jankovi\u0107","date":"17. travnja 2026.","format":false,"excerpt":"Srpsko narodno vije\u0107e (SNV) i Vizura aperta postavljaju izlo\u017ebu \u0161vicarskog slikara Velimira Ili\u0161evi\u0107a: Eschenstock \/ Jasenov prut. Izlo\u017eba se uz prisustvo autora otvara povodom 81. godi\u0161njice proboja logora\u0161a iz usta\u0161kog logora smrti Jasenovac 22. aprila 2026. u 19 sati u Srpskom kulturnom centru (SKC) u Preradovi\u0107evoj ulici 21 u Zagrebu.\u2026","rel":"","context":"U &quot;Izlo\u017ebe&quot;","block_context":{"text":"Izlo\u017ebe","link":"https:\/\/historiografija.hr\/?cat=10"},"img":{"alt_text":"","src":"https:\/\/i0.wp.com\/historiografija.hr\/wp-content\/uploads\/2026\/04\/Jasenov_prut.jpg?fit=1024%2C640&ssl=1&resize=350%2C200","width":350,"height":200,"srcset":"https:\/\/i0.wp.com\/historiografija.hr\/wp-content\/uploads\/2026\/04\/Jasenov_prut.jpg?fit=1024%2C640&ssl=1&resize=350%2C200 1x, https:\/\/i0.wp.com\/historiografija.hr\/wp-content\/uploads\/2026\/04\/Jasenov_prut.jpg?fit=1024%2C640&ssl=1&resize=525%2C300 1.5x, https:\/\/i0.wp.com\/historiografija.hr\/wp-content\/uploads\/2026\/04\/Jasenov_prut.jpg?fit=1024%2C640&ssl=1&resize=700%2C400 2x"},"classes":[]},{"id":52511,"url":"https:\/\/historiografija.hr\/?p=52511","url_meta":{"origin":13264,"position":2},"title":"Izlo\u017eba &#8220;Lica Sljemena&#8221;","author":"Branimir Jankovi\u0107","date":"17. travnja 2026.","format":false,"excerpt":"Srda\u010dno vas pozivamo na otvorenje izlo\u017ebe Lica Sljemena koje \u0107e se odr\u017eati u srijedu 22. travnja 2026. u 18 h ispred Muzeja Prigorja (Trg Dragutina Domjani\u0107a 5, Sesvete). Izlo\u017eba proizlazi iz istra\u017eivanja Nevene \u0160krbi\u0107 Alempijevi\u0107, Petre Kelemen i Sanje Potkonjak te intervjua sa Sljemena\u0161icama i Sljemena\u0161ima, koji su provedeni u\u2026","rel":"","context":"U &quot;Izlo\u017ebe&quot;","block_context":{"text":"Izlo\u017ebe","link":"https:\/\/historiografija.hr\/?cat=10"},"img":{"alt_text":"","src":"https:\/\/i0.wp.com\/historiografija.hr\/wp-content\/uploads\/2026\/04\/Izlozba-Lica-Sljemena.png?fit=1080%2C686&ssl=1&resize=350%2C200","width":350,"height":200,"srcset":"https:\/\/i0.wp.com\/historiografija.hr\/wp-content\/uploads\/2026\/04\/Izlozba-Lica-Sljemena.png?fit=1080%2C686&ssl=1&resize=350%2C200 1x, https:\/\/i0.wp.com\/historiografija.hr\/wp-content\/uploads\/2026\/04\/Izlozba-Lica-Sljemena.png?fit=1080%2C686&ssl=1&resize=525%2C300 1.5x, https:\/\/i0.wp.com\/historiografija.hr\/wp-content\/uploads\/2026\/04\/Izlozba-Lica-Sljemena.png?fit=1080%2C686&ssl=1&resize=700%2C400 2x, https:\/\/i0.wp.com\/historiografija.hr\/wp-content\/uploads\/2026\/04\/Izlozba-Lica-Sljemena.png?fit=1080%2C686&ssl=1&resize=1050%2C600 3x"},"classes":[]},{"id":52575,"url":"https:\/\/historiografija.hr\/?p=52575","url_meta":{"origin":13264,"position":3},"title":"Izlo\u017eba dje\u010djih radova \u201cU po\u010detku bija\u0161e crte\u017e\u2026\u201d","author":"Branimir Jankovi\u0107","date":"21. travnja 2026.","format":false,"excerpt":"U subotu, 25. travnja 2026. u 11 sati u Galeriji Klovi\u0107evi dvori sve\u010dano otvaramo izlo\u017ebu dje\u010djih radova pod nazivom U po\u010detku bija\u0161e crte\u017e\u2026 Radovi su nastali u sklopu likovnih radionica uz izlo\u017ebu U po\u010detku bija\u0161e kraljevstvo \u2013 izlo\u017eba povodom 1100 godina Hrvatskoga Kraljevstva. Na brojnim likovnim radionicama, uz \u0161kolsku djecu,\u2026","rel":"","context":"U &quot;Izlo\u017ebe&quot;","block_context":{"text":"Izlo\u017ebe","link":"https:\/\/historiografija.hr\/?cat=10"},"img":{"alt_text":"","src":"https:\/\/i0.wp.com\/historiografija.hr\/wp-content\/uploads\/2025\/10\/Klovicevi_sluzbeni-plakat.png?fit=840%2C1200&ssl=1&resize=350%2C200","width":350,"height":200,"srcset":"https:\/\/i0.wp.com\/historiografija.hr\/wp-content\/uploads\/2025\/10\/Klovicevi_sluzbeni-plakat.png?fit=840%2C1200&ssl=1&resize=350%2C200 1x, https:\/\/i0.wp.com\/historiografija.hr\/wp-content\/uploads\/2025\/10\/Klovicevi_sluzbeni-plakat.png?fit=840%2C1200&ssl=1&resize=525%2C300 1.5x, https:\/\/i0.wp.com\/historiografija.hr\/wp-content\/uploads\/2025\/10\/Klovicevi_sluzbeni-plakat.png?fit=840%2C1200&ssl=1&resize=700%2C400 2x"},"classes":[]},{"id":52502,"url":"https:\/\/historiografija.hr\/?p=52502","url_meta":{"origin":13264,"position":4},"title":"Novi znanstveni projekt Hrvatskog instituta za povijest: \u201c\u017drtve ratova i dr\u017eavnog\/politi\u010dkog nasilja u hrvatskoj povijesti 20. stolje\u0107a\u201d","author":"Branimir Jankovi\u0107","date":"17. travnja 2026.","format":false,"excerpt":"Na redovitoj sjednici Vlade RH, 16. travnja 2026., donijet je Zaklju\u010dak kojim se pokre\u0107e znanstveni projekt \u201c\u017drtve ratova i dr\u017eavnog\/politi\u010dkog nasilja u hrvatskoj povijesti 20. stolje\u0107a\u201d. Projekt \u0107e provoditi i koordinirati Hrvatski institut za povijest u razdoblju trajanja projekta od pet godina. Zakljucak Vlade RH Iz teksta projektnog prijedloga: Problematika\u2026","rel":"","context":"U &quot;Novosti&quot;","block_context":{"text":"Novosti","link":"https:\/\/historiografija.hr\/?cat=3"},"img":{"alt_text":"","src":"https:\/\/i0.wp.com\/historiografija.hr\/wp-content\/uploads\/2026\/04\/Vlada-RH.jpg?fit=1200%2C557&ssl=1&resize=350%2C200","width":350,"height":200,"srcset":"https:\/\/i0.wp.com\/historiografija.hr\/wp-content\/uploads\/2026\/04\/Vlada-RH.jpg?fit=1200%2C557&ssl=1&resize=350%2C200 1x, https:\/\/i0.wp.com\/historiografija.hr\/wp-content\/uploads\/2026\/04\/Vlada-RH.jpg?fit=1200%2C557&ssl=1&resize=525%2C300 1.5x, https:\/\/i0.wp.com\/historiografija.hr\/wp-content\/uploads\/2026\/04\/Vlada-RH.jpg?fit=1200%2C557&ssl=1&resize=700%2C400 2x, https:\/\/i0.wp.com\/historiografija.hr\/wp-content\/uploads\/2026\/04\/Vlada-RH.jpg?fit=1200%2C557&ssl=1&resize=1050%2C600 3x"},"classes":[]},{"id":52666,"url":"https:\/\/historiografija.hr\/?p=52666","url_meta":{"origin":13264,"position":5},"title":"Najava programa Festivala povijesti Kliofest (5-8. V. 2026)","author":"Branimir Jankovi\u0107","date":"24. travnja 2026.","format":false,"excerpt":"Po trinaesti put odr\u017eava se Festival povijesti Kliofest! Do petka \u0107emo odr\u017eati osam okruglih stolova i dva kolokvija te niz predstavljanja knjiga i projekata razli\u010dite tematike, od antike do suvremenosti. Bit \u0107e predstavljeno i nekoliko izlo\u017ebi te odr\u017ean jedan povijesni kviz. Prikazat \u0107emo i jedan film \u2013 o generalu Boroevi\u0107u.\u2026","rel":"","context":"U &quot;Novosti&quot;","block_context":{"text":"Novosti","link":"https:\/\/historiografija.hr\/?cat=3"},"img":{"alt_text":"","src":"https:\/\/i0.wp.com\/historiografija.hr\/wp-content\/uploads\/2026\/04\/Kliofest-2026.jpg?fit=526%2C526&ssl=1&resize=350%2C200","width":350,"height":200,"srcset":"https:\/\/i0.wp.com\/historiografija.hr\/wp-content\/uploads\/2026\/04\/Kliofest-2026.jpg?fit=526%2C526&ssl=1&resize=350%2C200 1x, https:\/\/i0.wp.com\/historiografija.hr\/wp-content\/uploads\/2026\/04\/Kliofest-2026.jpg?fit=526%2C526&ssl=1&resize=525%2C300 1.5x"},"classes":[]}],"_links":{"self":[{"href":"https:\/\/historiografija.hr\/index.php?rest_route=\/wp\/v2\/posts\/13264","targetHints":{"allow":["GET"]}}],"collection":[{"href":"https:\/\/historiografija.hr\/index.php?rest_route=\/wp\/v2\/posts"}],"about":[{"href":"https:\/\/historiografija.hr\/index.php?rest_route=\/wp\/v2\/types\/post"}],"author":[{"embeddable":true,"href":"https:\/\/historiografija.hr\/index.php?rest_route=\/wp\/v2\/users\/2"}],"replies":[{"embeddable":true,"href":"https:\/\/historiografija.hr\/index.php?rest_route=%2Fwp%2Fv2%2Fcomments&post=13264"}],"version-history":[{"count":1,"href":"https:\/\/historiografija.hr\/index.php?rest_route=\/wp\/v2\/posts\/13264\/revisions"}],"predecessor-version":[{"id":13266,"href":"https:\/\/historiografija.hr\/index.php?rest_route=\/wp\/v2\/posts\/13264\/revisions\/13266"}],"wp:featuredmedia":[{"embeddable":true,"href":"https:\/\/historiografija.hr\/index.php?rest_route=\/wp\/v2\/media\/13265"}],"wp:attachment":[{"href":"https:\/\/historiografija.hr\/index.php?rest_route=%2Fwp%2Fv2%2Fmedia&parent=13264"}],"wp:term":[{"taxonomy":"category","embeddable":true,"href":"https:\/\/historiografija.hr\/index.php?rest_route=%2Fwp%2Fv2%2Fcategories&post=13264"},{"taxonomy":"post_tag","embeddable":true,"href":"https:\/\/historiografija.hr\/index.php?rest_route=%2Fwp%2Fv2%2Ftags&post=13264"}],"curies":[{"name":"wp","href":"https:\/\/api.w.org\/{rel}","templated":true}]}}