{"id":13166,"date":"2019-01-10T23:10:55","date_gmt":"2019-01-10T23:10:55","guid":{"rendered":"http:\/\/historiografija.hr\/?p=13166"},"modified":"2019-01-10T23:11:49","modified_gmt":"2019-01-10T23:11:49","slug":"projekcija-filma-goruci-grm-u-sjecanje-na-jana-palacha","status":"publish","type":"post","link":"https:\/\/historiografija.hr\/?p=13166","title":{"rendered":"Projekcija filma \u201eGoru\u0107i grm\u201c &#8211; u sje\u0107anje na Jana Palacha"},"content":{"rendered":"<p>Povodom 50. obljetnice smrti Jana Palacha, Veleposlanstvo Republike \u010ce\u0161ke i Hrvatsko-\u010de\u0161ko dru\u0161tvo pozivaju Vas na projekciju filma \u201eGoru\u0107i grm\u201c, nastalog u produkciji HBO. Projekcija \u0107e se odr\u017eati u kinu Europa u Zagrebu dana 17.1.2019. u 19 sati. Film je na \u010de\u0161kom jeziku uz hrvatske titlove.<\/p>\n<p>&nbsp;<\/p>\n<p>Ulaz je slobodan za sve zainteresirane, a nakon projekcije pozivamo Vas na mali domjenak uz \u010da\u0161u pive Staropramen, na\u0161eg sponzora!<\/p>\n<p>&nbsp;<\/p>\n<p>Veselimo se Va\u0161em dolasku.<\/p>\n<p>&nbsp;<\/p>\n<p>K 50. v\u00fdro\u010d\u00ed smrti Jana Palacha, Velvyslanectv\u00ed \u010cesk\u00e9 republiky a Chorvatsko \u2013 \u010desk\u00e1 spole\u010dnost V\u00e1s srde\u010dn\u011b zvou na projekci filmu \u201eHo\u0159\u00edc\u00ed ke\u0159\u201c, produkce HBO.<\/p>\n<p>&nbsp;<\/p>\n<p>Projekce se kon\u00e1 dne 17. ledna 2019 ve 19 hodin v z\u00e1h\u0159ebsk\u00e9m kin\u011b Europa. Film bude v \u010de\u0161tin\u011b s chorvatsk\u00fdmi titulky.<\/p>\n<p>&nbsp;<\/p>\n<p>Vstup voln\u00fd pro v\u0161echny z\u00e1jemce, a po projekci V\u00e1s zveme na mal\u00e9 ob\u010derstven\u00ed se sklenkou piva Staropramen, na\u0161eho sponzora!<\/p>\n<p>&nbsp;<\/p>\n<p>T\u011b\u0161\u00edme se na Va\u0161i n\u00e1v\u0161t\u011bvu!<\/p>\n<p>&nbsp;<\/p>\n<p>&#8212;<\/p>\n<p>&nbsp;<\/p>\n<p><strong>HBO Specijal: Goru\u0107i grm &#8211; U sje\u0107anje na Jana Palacha <\/strong><\/p>\n<p>&nbsp;<\/p>\n<p>Hor\u00edc\u00ed ker<\/p>\n<p><strong>\u00a0\u00a0\u00a0\u00a0\u00a0\u00a0\u00a0\u00a0\u00a0\u00a0\u00a0\u00a0\u00a0\u00a0\u00a0 <\/strong><\/p>\n<p><strong>Info <\/strong><\/p>\n<p>&nbsp;<\/p>\n<p>Redatelj: Agnieszka Holland<\/p>\n<p>Scenarist: Step\u00e1n Hul\u00edk<\/p>\n<p>Producent: Tomas Hruby, Pavla Kubeckova<\/p>\n<p>Produkcijska ku\u0107a: Etamp Film Production, HBO, Nutprodukce<\/p>\n<p>Direktor fotografije: Rafal Paradowski, Martin Strba<\/p>\n<p>Monta\u017ea: Pavel Hrdlicka<\/p>\n<p>Glazba: Antoni Lazarkiewicz<\/p>\n<p>Glumci: Tatiana Pauhofov\u00e1, Jaroslava Pokorn\u00e1, Petr Stach<\/p>\n<p>&nbsp;<\/p>\n<p>Zemlja: \u010ce\u0161ka<\/p>\n<p>Godina: 2013.<\/p>\n<p>Trajanje: 84&#8242;<\/p>\n<p>&nbsp;<\/p>\n<p><strong>Sinopsis<\/strong><\/p>\n<p>&nbsp;<\/p>\n<p>Drama o uznemiruju\u0107em djelu Jana Palacha koji se spalio protestiraju\u0107i zbog okupacije \u010cehoslova\u010dke 1969. g. Dagmar Bure\u0161ov\u00e1 zastupala je njegovu obitelj na postupku protiv \u010dlana komunisti\u010dkog parlamenta koji je popljuvao Janovu \u017ertvu.<\/p>\n<p>&nbsp;<\/p>\n<p>&#8216;Goru\u0107i grm&#8217; trodijelna je miniserija koju je za HBO re\u017eirala svjetski poznata redateljica Agnieszka Holland. Snimljena prema stvarnim doga\u0111ajima i likovima, ova se drama fokusira na alarmantno djelo studenta Jana Palacha koji se spalio protestiraju\u0107i zbog sovjetsk okupacije \u010cehoslova\u010dke 1969. g. Poslije je odvjetnica Dagmar Bure\u0161ov\u00e1 preuzela njegovu ostav\u0161tinu zastupaju\u0107i njegovu obitelj u postupku protiv \u010dlana komunisti\u010dkog parlamenta koji je obe\u0161\u010dastio Palachovu \u017ertvu. Borba za slobodu, moralni principi i izdr\u017eljivost u vremenu o\u010daja doveli su do ujedinjenja ugnjetavane nacije, koja je porazila totalitaristi\u010dki re\u017eim dvadeset godina poslije.<\/p>\n<p>&nbsp;<\/p>\n<p>20. godi\u0161njica Palachove smrti inspirirala je novu generaciju studenata da po\u010dnu proteste koji su doveli do pada komunizma u \u010cehoslova\u010dkoj, kao i do pada \u017deljezne zavjese u Europi. Odvjetnica Dagmar Bure\u0161ov\u00e1 koja je provela \u017eivot brane\u0107i procesuirane vo\u0111e opozicije postala je prva ministrica pravosu\u0111a u slobodnoj \u010cehoslova\u010dkoj.<\/p>\n<p>&nbsp;<\/p>\n<p>U sklopu projekcije gledat \u0107emo prvu epizodu mini-serije u trajanju od 84 minute.<\/p>\n<p>&nbsp;<\/p>\n<p><strong>\u017divotopis redatelja<\/strong><\/p>\n<p>&nbsp;<\/p>\n<p>Agnieszka Holland ro\u0111ena je u Var\u0161avi, Poljska, 1948. godine. Diplomirala je na filmskoj akademiji FAMU u Pragu te je svoju karijeru zapo\u010dela asistiraju\u0107i Krzysztofu Zanussiju i Andrzeju Wajdi. Sura\u0111ivala je s Krzysztofom Kieslowskim na scenariju njegove trilogije &#8216;Tri boje&#8217;. Njezin film &#8216;Gor\u0105czk&#8217; prikazan je u natjecateljskom dijelu Berlinalea 1981. godine, iste godine kada je emigrirala u Pariz. Od tada je re\u017eirala vi\u0161e od 30 filmova, osvajaju\u0107i nagrade Emmy, Zlatni globus, Zlatni lav i BAFTA. Njezini filmovi &#8216;In Darkness&#8217;, &#8216;Europa Europa&#8217; i &#8216;Bittere Ernte&#8217; bili su nominirani za nagradu Oscar.<\/p>\n<p>&nbsp;<\/p>\n<p>U organizaciji Veleposlanstva Republike \u010ce\u0161ke i Hrvatsko-\u010de\u0161kog dru\u0161tva. Ulaz je slobodan.<\/p>\n<p>&nbsp;<\/p>\n<p>Izvor: <a href=\"http:\/\/www.kinoeuropa.hr\/program\/hbo-specijal-goruci-grm-u-sjecanje-na-jana-palacha-137973\">http:\/\/www.kinoeuropa.hr\/program\/hbo-specijal-goruci-grm-u-sjecanje-na-jana-palacha-137973<\/a><\/p>\n<p>&nbsp;<\/p>\n","protected":false},"excerpt":{"rendered":"","protected":false},"author":2,"featured_media":13167,"comment_status":"open","ping_status":"open","sticky":false,"template":"","format":"standard","meta":{"_acf_changed":false,"jetpack_post_was_ever_published":false,"_jetpack_newsletter_access":"","_jetpack_dont_email_post_to_subs":false,"_jetpack_newsletter_tier_id":0,"_jetpack_memberships_contains_paywalled_content":false,"_jetpack_memberships_contains_paid_content":false,"footnotes":"","jetpack_publicize_message":"","jetpack_publicize_feature_enabled":true,"jetpack_social_post_already_shared":true,"jetpack_social_options":{"image_generator_settings":{"template":"highway","default_image_id":0,"font":"","enabled":false},"version":2}},"categories":[13,3],"tags":[],"class_list":["post-13166","post","type-post","status-publish","format-standard","has-post-thumbnail","hentry","category-filmovi-i-serije","category-novosti"],"acf":{"facebook_opis":""},"jetpack_publicize_connections":[],"jetpack_featured_media_url":"https:\/\/i0.wp.com\/historiografija.hr\/wp-content\/uploads\/2019\/01\/palach.jpg?fit=500%2C281&ssl=1","jetpack_sharing_enabled":true,"jetpack-related-posts":[{"id":52578,"url":"https:\/\/historiografija.hr\/?p=52578","url_meta":{"origin":13166,"position":0},"title":"Poziv za sudjelovanje: XXII. Dani Julija Bene\u0161i\u0107a u Iloku","author":"Branimir Jankovi\u0107","date":"21. travnja 2026.","format":false,"excerpt":"Zavod za lingvisti\u010dka istra\u017eivanja Hrvatske akademije znanosti i umjetnosti, zajedno s Muzejom grada Iloka, organizira XXII. Dane Julija Bene\u0161i\u0107a, koji \u0107e se odr\u017eati od 28. do 30. listopada 2026. u Iloku.\u00a0Teme ovogodi\u0161njih Dana podijeljene su u dvije cjeline: Knji\u017eevno-jezikoslovni d\u00ecv\u0101n s Bene\u0161i\u0107em te Ilok i Srijem u povijesnim stalnicama i\u2026","rel":"","context":"U &quot;Novosti&quot;","block_context":{"text":"Novosti","link":"https:\/\/historiografija.hr\/?cat=3"},"img":{"alt_text":"","src":"https:\/\/i0.wp.com\/historiografija.hr\/wp-content\/uploads\/2019\/10\/HE2_Benesic.jpg?fit=413%2C591&ssl=1&resize=350%2C200","width":350,"height":200},"classes":[]},{"id":52603,"url":"https:\/\/historiografija.hr\/?p=52603","url_meta":{"origin":13166,"position":1},"title":"No\u0107 knjige: Carska i kraljevska kuhinja","author":"Branimir Jankovi\u0107","date":"22. travnja 2026.","format":false,"excerpt":"Pozivamo vas da nam se pridru\u017eite 23. travnja 2026. u 18 sati u obilje\u017eavanju No\u0107i knjige u Pivnici Bobi&Rudi na Trgu Ivana Me\u0161trovi\u0107a u Zapru\u0111u u Zagrebu gdje uz kavu \u010ditamo recepte iz zemalja Austro-Ugarske Monarhije iz knjige Carska i kraljevska kuhinja, autora Roberta Mak\u0142owicza, u prijevodu Damira Agi\u010di\u0107a. Izvor:\u2026","rel":"","context":"U &quot;Novosti&quot;","block_context":{"text":"Novosti","link":"https:\/\/historiografija.hr\/?cat=3"},"img":{"alt_text":"","src":"https:\/\/i0.wp.com\/historiografija.hr\/wp-content\/uploads\/2026\/04\/Noc-knjige-Carska-i-kraljevska.jpg?fit=1200%2C1200&ssl=1&resize=350%2C200","width":350,"height":200,"srcset":"https:\/\/i0.wp.com\/historiografija.hr\/wp-content\/uploads\/2026\/04\/Noc-knjige-Carska-i-kraljevska.jpg?fit=1200%2C1200&ssl=1&resize=350%2C200 1x, https:\/\/i0.wp.com\/historiografija.hr\/wp-content\/uploads\/2026\/04\/Noc-knjige-Carska-i-kraljevska.jpg?fit=1200%2C1200&ssl=1&resize=525%2C300 1.5x, https:\/\/i0.wp.com\/historiografija.hr\/wp-content\/uploads\/2026\/04\/Noc-knjige-Carska-i-kraljevska.jpg?fit=1200%2C1200&ssl=1&resize=700%2C400 2x, https:\/\/i0.wp.com\/historiografija.hr\/wp-content\/uploads\/2026\/04\/Noc-knjige-Carska-i-kraljevska.jpg?fit=1200%2C1200&ssl=1&resize=1050%2C600 3x"},"classes":[]},{"id":52717,"url":"https:\/\/historiografija.hr\/?p=52717","url_meta":{"origin":13166,"position":2},"title":"Okrugli stol &#8220;Dvjestapedeset godina Sjedinjenih Ameri\u010dkih Dr\u017eava \u2013 od kolonije do prve zemlje svijeta i dalje&#8221;","author":"Filip \u0160imunjak","date":"29. travnja 2026.","format":false,"excerpt":"Ove godine obilje\u017eava se 250. obljetnica osnutka Sjedinjenih Ameri\u010dkih Dr\u017eava, povodom koje je pokrenut niz rasprava o ameri\u010dkoj povijesti, njezinoj globalnoj ulozi i naslje\u0111u koje se prote\u017ee od 1776. do danas. Obljetnica je ujedno prilika za promi\u0161ljanje o tome kako danas tuma\u010dimo ameri\u010dku pro\u0161lost, ali i (aktualnu) ulogu SAD-a u\u2026","rel":"","context":"U &quot;Novosti&quot;","block_context":{"text":"Novosti","link":"https:\/\/historiografija.hr\/?cat=3"},"img":{"alt_text":"","src":"https:\/\/i0.wp.com\/historiografija.hr\/wp-content\/uploads\/2026\/04\/Kliofest-01-utorak-I-02-OS-250-godina-SAD.jpg?fit=1200%2C566&ssl=1&resize=350%2C200","width":350,"height":200,"srcset":"https:\/\/i0.wp.com\/historiografija.hr\/wp-content\/uploads\/2026\/04\/Kliofest-01-utorak-I-02-OS-250-godina-SAD.jpg?fit=1200%2C566&ssl=1&resize=350%2C200 1x, https:\/\/i0.wp.com\/historiografija.hr\/wp-content\/uploads\/2026\/04\/Kliofest-01-utorak-I-02-OS-250-godina-SAD.jpg?fit=1200%2C566&ssl=1&resize=525%2C300 1.5x, https:\/\/i0.wp.com\/historiografija.hr\/wp-content\/uploads\/2026\/04\/Kliofest-01-utorak-I-02-OS-250-godina-SAD.jpg?fit=1200%2C566&ssl=1&resize=700%2C400 2x, https:\/\/i0.wp.com\/historiografija.hr\/wp-content\/uploads\/2026\/04\/Kliofest-01-utorak-I-02-OS-250-godina-SAD.jpg?fit=1200%2C566&ssl=1&resize=1050%2C600 3x"},"classes":[]},{"id":52511,"url":"https:\/\/historiografija.hr\/?p=52511","url_meta":{"origin":13166,"position":3},"title":"Izlo\u017eba &#8220;Lica Sljemena&#8221;","author":"Branimir Jankovi\u0107","date":"17. travnja 2026.","format":false,"excerpt":"Srda\u010dno vas pozivamo na otvorenje izlo\u017ebe Lica Sljemena koje \u0107e se odr\u017eati u srijedu 22. travnja 2026. u 18 h ispred Muzeja Prigorja (Trg Dragutina Domjani\u0107a 5, Sesvete). Izlo\u017eba proizlazi iz istra\u017eivanja Nevene \u0160krbi\u0107 Alempijevi\u0107, Petre Kelemen i Sanje Potkonjak te intervjua sa Sljemena\u0161icama i Sljemena\u0161ima, koji su provedeni u\u2026","rel":"","context":"U &quot;Izlo\u017ebe&quot;","block_context":{"text":"Izlo\u017ebe","link":"https:\/\/historiografija.hr\/?cat=10"},"img":{"alt_text":"","src":"https:\/\/i0.wp.com\/historiografija.hr\/wp-content\/uploads\/2026\/04\/Izlozba-Lica-Sljemena.png?fit=1080%2C686&ssl=1&resize=350%2C200","width":350,"height":200,"srcset":"https:\/\/i0.wp.com\/historiografija.hr\/wp-content\/uploads\/2026\/04\/Izlozba-Lica-Sljemena.png?fit=1080%2C686&ssl=1&resize=350%2C200 1x, https:\/\/i0.wp.com\/historiografija.hr\/wp-content\/uploads\/2026\/04\/Izlozba-Lica-Sljemena.png?fit=1080%2C686&ssl=1&resize=525%2C300 1.5x, https:\/\/i0.wp.com\/historiografija.hr\/wp-content\/uploads\/2026\/04\/Izlozba-Lica-Sljemena.png?fit=1080%2C686&ssl=1&resize=700%2C400 2x, https:\/\/i0.wp.com\/historiografija.hr\/wp-content\/uploads\/2026\/04\/Izlozba-Lica-Sljemena.png?fit=1080%2C686&ssl=1&resize=1050%2C600 3x"},"classes":[]},{"id":52768,"url":"https:\/\/historiografija.hr\/?p=52768","url_meta":{"origin":13166,"position":4},"title":"Poziv za prijavu na me\u0111unarodni ljetni kamp za mlade \u201cYouth in Cold-War Europe\u201d","author":"Filip \u0160imunjak","date":"30. travnja 2026.","format":false,"excerpt":"Otvoren je poziv za prijavu na me\u0111unarodni ljetni kamp \"Youth in Cold-War Europe\", koji se odr\u017eava od 28.08. do 06.09. 2026. godine u Weimaru (Njema\u010dka). Kamp se odr\u017eava u organizaciji Europskog centra za obrazovanje mladih (EJBW) iz Weimara i njegovih me\u0111unarodnih partnera, te uz financijsku podr\u0161ku Europske unije i Savezne\u2026","rel":"","context":"U &quot;Novosti&quot;","block_context":{"text":"Novosti","link":"https:\/\/historiografija.hr\/?cat=3"},"img":{"alt_text":"","src":"https:\/\/i0.wp.com\/historiografija.hr\/wp-content\/uploads\/2026\/04\/LJETNI-KAMP-ZA-MLADE-YOUTH-IN-COLD-WAR-EUROPE.jpg?fit=667%2C375&ssl=1&resize=350%2C200","width":350,"height":200,"srcset":"https:\/\/i0.wp.com\/historiografija.hr\/wp-content\/uploads\/2026\/04\/LJETNI-KAMP-ZA-MLADE-YOUTH-IN-COLD-WAR-EUROPE.jpg?fit=667%2C375&ssl=1&resize=350%2C200 1x, https:\/\/i0.wp.com\/historiografija.hr\/wp-content\/uploads\/2026\/04\/LJETNI-KAMP-ZA-MLADE-YOUTH-IN-COLD-WAR-EUROPE.jpg?fit=667%2C375&ssl=1&resize=525%2C300 1.5x"},"classes":[]},{"id":52749,"url":"https:\/\/historiografija.hr\/?p=52749","url_meta":{"origin":13166,"position":5},"title":"Okrugli stol &#8220;Rast mo\u0107i, kalupljenje dru\u0161tva: administrativna rije\u010d i stasanje teritorijalne dr\u017eave u kasnom srednjem vijeku&#8221;","author":"Filip \u0160imunjak","date":"30. travnja 2026.","format":false,"excerpt":"Pozivamo Vas na okrugli stol \u201eRast mo\u0107i, kalupljenje dru\u0161tva: administrativna rije\u010d i stasanje teritorijalne dr\u017eave u kasnom srednjem vijeku\u201d, koji \u0107e se odr\u017eati u sklopu ovogodi\u0161njega Festivala povijesti Kliofest u Nacionalnoj i sveu\u010dili\u0161noj knji\u017enici u Zagrebu, u utorak 5. svibnja, s po\u010detkom u 17 sati. U raspravi \u0107e sudjelovati Zdenka\u2026","rel":"","context":"U &quot;Novosti&quot;","block_context":{"text":"Novosti","link":"https:\/\/historiografija.hr\/?cat=3"},"img":{"alt_text":"","src":"https:\/\/i0.wp.com\/historiografija.hr\/wp-content\/uploads\/2026\/04\/Kliofest-01-utorak-I-04-OS-Rast-moci.jpg?fit=1200%2C566&ssl=1&resize=350%2C200","width":350,"height":200,"srcset":"https:\/\/i0.wp.com\/historiografija.hr\/wp-content\/uploads\/2026\/04\/Kliofest-01-utorak-I-04-OS-Rast-moci.jpg?fit=1200%2C566&ssl=1&resize=350%2C200 1x, https:\/\/i0.wp.com\/historiografija.hr\/wp-content\/uploads\/2026\/04\/Kliofest-01-utorak-I-04-OS-Rast-moci.jpg?fit=1200%2C566&ssl=1&resize=525%2C300 1.5x, https:\/\/i0.wp.com\/historiografija.hr\/wp-content\/uploads\/2026\/04\/Kliofest-01-utorak-I-04-OS-Rast-moci.jpg?fit=1200%2C566&ssl=1&resize=700%2C400 2x, https:\/\/i0.wp.com\/historiografija.hr\/wp-content\/uploads\/2026\/04\/Kliofest-01-utorak-I-04-OS-Rast-moci.jpg?fit=1200%2C566&ssl=1&resize=1050%2C600 3x"},"classes":[]}],"_links":{"self":[{"href":"https:\/\/historiografija.hr\/index.php?rest_route=\/wp\/v2\/posts\/13166","targetHints":{"allow":["GET"]}}],"collection":[{"href":"https:\/\/historiografija.hr\/index.php?rest_route=\/wp\/v2\/posts"}],"about":[{"href":"https:\/\/historiografija.hr\/index.php?rest_route=\/wp\/v2\/types\/post"}],"author":[{"embeddable":true,"href":"https:\/\/historiografija.hr\/index.php?rest_route=\/wp\/v2\/users\/2"}],"replies":[{"embeddable":true,"href":"https:\/\/historiografija.hr\/index.php?rest_route=%2Fwp%2Fv2%2Fcomments&post=13166"}],"version-history":[{"count":2,"href":"https:\/\/historiografija.hr\/index.php?rest_route=\/wp\/v2\/posts\/13166\/revisions"}],"predecessor-version":[{"id":13169,"href":"https:\/\/historiografija.hr\/index.php?rest_route=\/wp\/v2\/posts\/13166\/revisions\/13169"}],"wp:featuredmedia":[{"embeddable":true,"href":"https:\/\/historiografija.hr\/index.php?rest_route=\/wp\/v2\/media\/13167"}],"wp:attachment":[{"href":"https:\/\/historiografija.hr\/index.php?rest_route=%2Fwp%2Fv2%2Fmedia&parent=13166"}],"wp:term":[{"taxonomy":"category","embeddable":true,"href":"https:\/\/historiografija.hr\/index.php?rest_route=%2Fwp%2Fv2%2Fcategories&post=13166"},{"taxonomy":"post_tag","embeddable":true,"href":"https:\/\/historiografija.hr\/index.php?rest_route=%2Fwp%2Fv2%2Ftags&post=13166"}],"curies":[{"name":"wp","href":"https:\/\/api.w.org\/{rel}","templated":true}]}}