{"id":13126,"date":"2019-01-07T11:05:30","date_gmt":"2019-01-07T11:05:30","guid":{"rendered":"http:\/\/historiografija.hr\/?p=13126"},"modified":"2019-01-07T11:05:30","modified_gmt":"2019-01-07T11:05:30","slug":"nagradivani-film-hladni-rat-u-kino-distribuciji","status":"publish","type":"post","link":"https:\/\/historiografija.hr\/?p=13126","title":{"rendered":"Nagra\u0111ivani film &#8216;Hladni rat&#8217; u kino distribuciji"},"content":{"rendered":"<p>Jedan od najnagra\u0111ivanijih filmova godine &#8220;Hladni rat&#8221; poljskog redatelja Pawela Pawlikowskog od \u010detvrtka 10. sije\u010dnja, po\u010dinje igrati u hrvatskim kinima.<\/p>\n<p>&nbsp;<\/p>\n<p>&#8220;Prije par tjedana Hladni rat je doslovno pomeo konkurenciju na dodjeli Europske filmske nagrade gdje je pobijedio u \u010dak pet kategorija, od \u0161est u koliko je bio nominiran, uklju\u010duju\u0107i i one za najbolji film godine, najboljeg redatelja, najbolju glavnu glumicu, najbolji scenarij i najbolju monta\u017eu&#8221;, podsjetio je hrvatski distributer filma Discovery u povodu po\u010detka prikazivanja filma.<\/p>\n<p>&nbsp;<\/p>\n<p>Film prati ljubavne turbulencije Wiktora i Zule tijekom godina, uvelike pod utjecajem politi\u010dkih zbivanja koje ih prate kroz cijeli \u017eivot. On je cijenjeni pijanist i dirigent koji 50-ih godina u Poljskoj organizira audicije za mlade ljude sa seoskih podru\u010dja koji bi izvodili priredbe poljskih kulturnih obi\u010daja.<\/p>\n<p>&nbsp;<\/p>\n<p>Jedna od mladih djevojaka koja se prijavi na audiciju je i Zula. Izme\u0111u njih dvoje uskoro se razvija sna\u017ena romansa, a priredba u kojoj ona nastupa postaje veliki hit zbog \u010dega se njih dvoje konstantno nalaze na proputovanjima Europom. Prilikom posjete Berlinu, Wiktor predlo\u017ei Zuli da pobjegnu na zapad, ali ona nije sigurna je li to ispravan korak.<\/p>\n<p>&nbsp;<\/p>\n<p>Redatelj Pawel Pawlikowski, koji se proslavio filmom &#8220;Ida&#8221; s kojim je osvojio Oscara, inspiraciju za glavne likove prona\u0161ao je u vlastitim roditeljima, po kojima ih je nazvao i koji su se tako\u0111er nekoliko puta tijekom \u017eivota rastajali i ponovno sastajali u razli\u010ditim dr\u017eavama.<\/p>\n<p>&nbsp;<\/p>\n<p>Film je na ovogodi\u0161njem filmskom festivalu u Cannesu bio u slu\u017ebenoj konkurenciji za Zlatnu palmu, a Pawlikowski je progla\u0161en najboljim redateljem festivala. Kako se napominje u najavi Discoveryja, nakon premijerne projekcije u Cannesu publika je na nogama pljeskala punih 18 minuta.<\/p>\n<p>&nbsp;<\/p>\n<p>Nacionalno udru\u017eenje kriti\u010dara SAD-a film je ve\u0107 proglasilo najboljim stranim filmom godine, a smatra ga se i jednim od sigurnih kandidata za nagradu Oscar, ne samo u kategoriji stranog filma.<\/p>\n<p>&nbsp;<\/p>\n<p>Na\u0161ao se i na nedavno objavljenom popisu Akademije s devet naslova koji \u0107e konkurirati za nominacije u kategoriji stranog filma.<\/p>\n<p>&nbsp;<\/p>\n<p>Rije\u010d je o koprodukciji Poljske, Ujedinjenog Kraljevstva i Francuske. Dio filma snimao se u Splitu u svibnju 2017. godine, a na njemu je radilo dvadesetak hrvatskih filmskih profesionalaca, uklju\u010duju\u0107i glumce Dra\u017eena \u0160ivaka i Slavka Sobina. Servisni producent bila je zagreba\u010dka Kinorama.<\/p>\n<p>&nbsp;<\/p>\n<p>(Hina)<\/p>\n<p>&nbsp;<\/p>\n<p>Izvor: <a href=\"https:\/\/www.culturenet.hr\/default.aspx?id=88419\">https:\/\/www.culturenet.hr\/default.aspx?id=88419<\/a><\/p>\n<p>&nbsp;<\/p>\n<p>&nbsp;<\/p>\n","protected":false},"excerpt":{"rendered":"","protected":false},"author":2,"featured_media":13127,"comment_status":"open","ping_status":"open","sticky":false,"template":"","format":"standard","meta":{"_acf_changed":false,"jetpack_post_was_ever_published":false,"_jetpack_newsletter_access":"","_jetpack_dont_email_post_to_subs":false,"_jetpack_newsletter_tier_id":0,"_jetpack_memberships_contains_paywalled_content":false,"_jetpack_memberships_contains_paid_content":false,"footnotes":"","jetpack_publicize_message":"","jetpack_publicize_feature_enabled":true,"jetpack_social_post_already_shared":true,"jetpack_social_options":{"image_generator_settings":{"template":"highway","default_image_id":0,"font":"","enabled":false},"version":2}},"categories":[13,3],"tags":[],"class_list":["post-13126","post","type-post","status-publish","format-standard","has-post-thumbnail","hentry","category-filmovi-i-serije","category-novosti"],"acf":{"facebook_opis":""},"jetpack_publicize_connections":[],"jetpack_featured_media_url":"https:\/\/i0.wp.com\/historiografija.hr\/wp-content\/uploads\/2019\/01\/Cold_War.jpg?fit=620%2C893&ssl=1","jetpack_sharing_enabled":true,"jetpack-related-posts":[{"id":52704,"url":"https:\/\/historiografija.hr\/?p=52704","url_meta":{"origin":13126,"position":0},"title":"Predstavljanje knjige &#8220;Vladimir Vasiljevi\u0107: Moji do\u017eivljaji. Dnevni\u010dki zapisi iz Prvoga svjetskog rata i poratnoga vremena&#8221;","author":"Filip \u0160imunjak","date":"29. travnja 2026.","format":false,"excerpt":"Doga\u0111anja ovogodi\u0161njega Festivala povijesti Kliofest zapo\u010dinjemo ve\u0107 i prije samoga slu\u017ebenog otvaranja, predstavljanjem knjige \u201eMoji do\u017eivljaji. Dnevni\u010dki zapisi iz Prvoga svjetskog rata i poratnoga vremena\u201d Vladimira Vasiljevi\u0107a, koju su priredili Karlo Rukavina i Damir Agi\u010di\u0107. Pozivamo Vas na predstavljanje koje \u0107e se odr\u017eati u ponedjeljak 4. svibnja, s po\u010detkom u\u2026","rel":"","context":"U &quot;Knjige&quot;","block_context":{"text":"Knjige","link":"https:\/\/historiografija.hr\/?cat=8"},"img":{"alt_text":"","src":"https:\/\/i0.wp.com\/historiografija.hr\/wp-content\/uploads\/2026\/04\/Naslovna-V.-Vasiljevic.webp?fit=1200%2C600&ssl=1&resize=350%2C200","width":350,"height":200,"srcset":"https:\/\/i0.wp.com\/historiografija.hr\/wp-content\/uploads\/2026\/04\/Naslovna-V.-Vasiljevic.webp?fit=1200%2C600&ssl=1&resize=350%2C200 1x, https:\/\/i0.wp.com\/historiografija.hr\/wp-content\/uploads\/2026\/04\/Naslovna-V.-Vasiljevic.webp?fit=1200%2C600&ssl=1&resize=525%2C300 1.5x, https:\/\/i0.wp.com\/historiografija.hr\/wp-content\/uploads\/2026\/04\/Naslovna-V.-Vasiljevic.webp?fit=1200%2C600&ssl=1&resize=700%2C400 2x, https:\/\/i0.wp.com\/historiografija.hr\/wp-content\/uploads\/2026\/04\/Naslovna-V.-Vasiljevic.webp?fit=1200%2C600&ssl=1&resize=1050%2C600 3x"},"classes":[]},{"id":52631,"url":"https:\/\/historiografija.hr\/?p=52631","url_meta":{"origin":13126,"position":1},"title":"Predavanje Ivana Tepe\u0161a: Djelovanje hrvatske politi\u010dke emigracije","author":"Branimir Jankovi\u0107","date":"23. travnja 2026.","format":false,"excerpt":"Odjel za me\u0111unarodnu suradnju i iseljeni\u0161tvo Matice hrvatske Predavanje Ivana Tepe\u0161a: Djelovanje hrvatske politi\u010dke emigracije Utorak, 28. travnja 2026. u 18:00 sati, Dvorana Ljudevita Jonkea (Mala dvorana MH), Strossmayerov trg 4, Zagreb dr. sc. Ivan Tepe\u0161, Institut za istra\u017eivanje migracija Hrvatska politi\u010dka emigracija obilje\u017eila je polustoljetnu hrvatsku povijest u drugoj\u2026","rel":"","context":"U &quot;Novosti&quot;","block_context":{"text":"Novosti","link":"https:\/\/historiografija.hr\/?cat=3"},"img":{"alt_text":"","src":"","width":0,"height":0},"classes":[]},{"id":52717,"url":"https:\/\/historiografija.hr\/?p=52717","url_meta":{"origin":13126,"position":2},"title":"Okrugli stol &#8220;Dvjestapedeset godina Sjedinjenih Ameri\u010dkih Dr\u017eava \u2013 od kolonije do prve zemlje svijeta i dalje&#8221;","author":"Filip \u0160imunjak","date":"29. travnja 2026.","format":false,"excerpt":"Ove godine obilje\u017eava se 250. obljetnica osnutka Sjedinjenih Ameri\u010dkih Dr\u017eava, povodom koje je pokrenut niz rasprava o ameri\u010dkoj povijesti, njezinoj globalnoj ulozi i naslje\u0111u koje se prote\u017ee od 1776. do danas. Obljetnica je ujedno prilika za promi\u0161ljanje o tome kako danas tuma\u010dimo ameri\u010dku pro\u0161lost, ali i (aktualnu) ulogu SAD-a u\u2026","rel":"","context":"U &quot;Novosti&quot;","block_context":{"text":"Novosti","link":"https:\/\/historiografija.hr\/?cat=3"},"img":{"alt_text":"","src":"https:\/\/i0.wp.com\/historiografija.hr\/wp-content\/uploads\/2026\/04\/Kliofest-01-utorak-I-02-OS-250-godina-SAD.jpg?fit=1200%2C566&ssl=1&resize=350%2C200","width":350,"height":200,"srcset":"https:\/\/i0.wp.com\/historiografija.hr\/wp-content\/uploads\/2026\/04\/Kliofest-01-utorak-I-02-OS-250-godina-SAD.jpg?fit=1200%2C566&ssl=1&resize=350%2C200 1x, https:\/\/i0.wp.com\/historiografija.hr\/wp-content\/uploads\/2026\/04\/Kliofest-01-utorak-I-02-OS-250-godina-SAD.jpg?fit=1200%2C566&ssl=1&resize=525%2C300 1.5x, https:\/\/i0.wp.com\/historiografija.hr\/wp-content\/uploads\/2026\/04\/Kliofest-01-utorak-I-02-OS-250-godina-SAD.jpg?fit=1200%2C566&ssl=1&resize=700%2C400 2x, https:\/\/i0.wp.com\/historiografija.hr\/wp-content\/uploads\/2026\/04\/Kliofest-01-utorak-I-02-OS-250-godina-SAD.jpg?fit=1200%2C566&ssl=1&resize=1050%2C600 3x"},"classes":[]},{"id":52633,"url":"https:\/\/historiografija.hr\/?p=52633","url_meta":{"origin":13126,"position":3},"title":"POVIJEST TRE\u0160NJEVA\u010cKE GLAZBE: prikupljanje virtualnog fundusa Muzeja susjedstva Tre\u0161njevka","author":"Branimir Jankovi\u0107","date":"23. travnja 2026.","format":false,"excerpt":"utorak 28. 4. 2026. 14 - 18 h Nova BAZA, Nova cesta 66, Zagreb Prvi su dani ljeta 1957. godine. Bo\u017eica Kalafati\u0107 poha\u0111a drugi razred Osnovne \u0161kole Bratstvo i jedinstvo, danas kralja Tomislava, a ide i na muzi\u010dke satove u Mo\u0161\u0107eni\u010dkoj ulici. Na fotografiji s harmonikom u rukama stoji u\u2026","rel":"","context":"U &quot;Novosti&quot;","block_context":{"text":"Novosti","link":"https:\/\/historiografija.hr\/?cat=3"},"img":{"alt_text":"","src":"https:\/\/i0.wp.com\/historiografija.hr\/wp-content\/uploads\/2026\/04\/MST_prikupljanje.jpg?fit=380%2C475&ssl=1&resize=350%2C200","width":350,"height":200},"classes":[]},{"id":52733,"url":"https:\/\/historiografija.hr\/?p=52733","url_meta":{"origin":13126,"position":4},"title":"Vlado Raji\u0107 \u201eGranica na kraju stolje\u0107a\u201c","author":"Filip \u0160imunjak","date":"29. travnja 2026.","format":false,"excerpt":"U suizdanju Durieuxa i Beletre objavljena je 2025. godine knjiga Granica na kraju stolje\u0107a autora Vlade Raji\u0107a.\u00a0 O knjizi\u00a0 Romansirana biografija Vladimira Iblera mnogo je vi\u0161e od zanimljive pri\u010de o privatnom \u017eivotu i impresivnoj profesionalnoj karijeri istaknutog stru\u010dnjaka za me\u0111unarodno pravo i dugo\u00adgodi\u0161njeg profesora na zagreba\u010dkom Pravnom fakultetu, akademika, koji\u2026","rel":"","context":"U &quot;Knjige&quot;","block_context":{"text":"Knjige","link":"https:\/\/historiografija.hr\/?cat=8"},"img":{"alt_text":"","src":"https:\/\/i0.wp.com\/historiografija.hr\/wp-content\/uploads\/2026\/04\/VLADO-RAJIC-GRANICA-NA-KRAJU-STOLJECA.jpg?fit=450%2C650&ssl=1&resize=350%2C200","width":350,"height":200},"classes":[]},{"id":52768,"url":"https:\/\/historiografija.hr\/?p=52768","url_meta":{"origin":13126,"position":5},"title":"Poziv za prijavu na me\u0111unarodni ljetni kamp za mlade \u201cYouth in Cold-War Europe\u201d","author":"Filip \u0160imunjak","date":"30. travnja 2026.","format":false,"excerpt":"Otvoren je poziv za prijavu na me\u0111unarodni ljetni kamp \"Youth in Cold-War Europe\", koji se odr\u017eava od 28.08. do 06.09. 2026. godine u Weimaru (Njema\u010dka). Kamp se odr\u017eava u organizaciji Europskog centra za obrazovanje mladih (EJBW) iz Weimara i njegovih me\u0111unarodnih partnera, te uz financijsku podr\u0161ku Europske unije i Savezne\u2026","rel":"","context":"U &quot;Novosti&quot;","block_context":{"text":"Novosti","link":"https:\/\/historiografija.hr\/?cat=3"},"img":{"alt_text":"","src":"https:\/\/i0.wp.com\/historiografija.hr\/wp-content\/uploads\/2026\/04\/LJETNI-KAMP-ZA-MLADE-YOUTH-IN-COLD-WAR-EUROPE.jpg?fit=667%2C375&ssl=1&resize=350%2C200","width":350,"height":200,"srcset":"https:\/\/i0.wp.com\/historiografija.hr\/wp-content\/uploads\/2026\/04\/LJETNI-KAMP-ZA-MLADE-YOUTH-IN-COLD-WAR-EUROPE.jpg?fit=667%2C375&ssl=1&resize=350%2C200 1x, https:\/\/i0.wp.com\/historiografija.hr\/wp-content\/uploads\/2026\/04\/LJETNI-KAMP-ZA-MLADE-YOUTH-IN-COLD-WAR-EUROPE.jpg?fit=667%2C375&ssl=1&resize=525%2C300 1.5x"},"classes":[]}],"_links":{"self":[{"href":"https:\/\/historiografija.hr\/index.php?rest_route=\/wp\/v2\/posts\/13126","targetHints":{"allow":["GET"]}}],"collection":[{"href":"https:\/\/historiografija.hr\/index.php?rest_route=\/wp\/v2\/posts"}],"about":[{"href":"https:\/\/historiografija.hr\/index.php?rest_route=\/wp\/v2\/types\/post"}],"author":[{"embeddable":true,"href":"https:\/\/historiografija.hr\/index.php?rest_route=\/wp\/v2\/users\/2"}],"replies":[{"embeddable":true,"href":"https:\/\/historiografija.hr\/index.php?rest_route=%2Fwp%2Fv2%2Fcomments&post=13126"}],"version-history":[{"count":1,"href":"https:\/\/historiografija.hr\/index.php?rest_route=\/wp\/v2\/posts\/13126\/revisions"}],"predecessor-version":[{"id":13128,"href":"https:\/\/historiografija.hr\/index.php?rest_route=\/wp\/v2\/posts\/13126\/revisions\/13128"}],"wp:featuredmedia":[{"embeddable":true,"href":"https:\/\/historiografija.hr\/index.php?rest_route=\/wp\/v2\/media\/13127"}],"wp:attachment":[{"href":"https:\/\/historiografija.hr\/index.php?rest_route=%2Fwp%2Fv2%2Fmedia&parent=13126"}],"wp:term":[{"taxonomy":"category","embeddable":true,"href":"https:\/\/historiografija.hr\/index.php?rest_route=%2Fwp%2Fv2%2Fcategories&post=13126"},{"taxonomy":"post_tag","embeddable":true,"href":"https:\/\/historiografija.hr\/index.php?rest_route=%2Fwp%2Fv2%2Ftags&post=13126"}],"curies":[{"name":"wp","href":"https:\/\/api.w.org\/{rel}","templated":true}]}}