{"id":13119,"date":"2019-01-07T10:46:07","date_gmt":"2019-01-07T10:46:07","guid":{"rendered":"http:\/\/historiografija.hr\/?p=13119"},"modified":"2019-01-07T10:46:34","modified_gmt":"2019-01-07T10:46:34","slug":"everyday-life-in-the-balkans-edited-by-david-w-montgomery","status":"publish","type":"post","link":"https:\/\/historiografija.hr\/?p=13119","title":{"rendered":"Everyday Life in the Balkans. Edited by David W. Montgomery"},"content":{"rendered":"<p>Objavljen je 2018. godine zbornik o svakodnevnom \u017eivotu na Balkanu u suvremenoj i povijesnoj perspektivi u kojem se govori i o Hrvatskoj.<\/p>\n<p>&nbsp;<\/p>\n<p>&#8212;<\/p>\n<p>&nbsp;<\/p>\n<p><strong>Everyday Life in the Balkans<\/strong><\/p>\n<p>&nbsp;<\/p>\n<p>Edited by David W. Montgomery<\/p>\n<p>&nbsp;<\/p>\n<p>Publication date: 11\/26\/2018<\/p>\n<p>&nbsp;<\/p>\n<p><a href=\"http:\/\/www.iupress.indiana.edu\/product_info.php?products_id=809308\">http:\/\/www.iupress.indiana.edu\/product_info.php?products_id=809308<\/a><\/p>\n<p>&nbsp;<\/p>\n<p><strong>Description<\/strong><\/p>\n<p>&nbsp;<\/p>\n<p><em>Everyday Life in the Balkans<\/em> gathers the work of leading scholars across disciplines to provide a broad overview of the countries of Albania, Bosnia and Herzegovina, Bulgaria, Croatia, Greece, Kosovo, Macedonia, Romania, Serbia, and Turkey. This region has long been characterized as a place of instability and political turmoil, from World War I, through the Yugoslav Wars, and even today as debate continues over issues such as the influx of refugees or the expansion of the European Union. However, the work gathered here moves beyond the images of war and post-socialist stagnation which dominate Western media coverage of the region to instead focus on the lived experiences of the people in these countries. Contributors consider a wide range of issues including family dynamics, gay rights, war memory, religion, cinema, fashion, and politics. Using clear language and engaging examples, <em>Everyday Life in the Balkans<\/em> provides the background context necessary for an enlightened conversation about the policies, economics, and culture of the region.<\/p>\n<p>&nbsp;<\/p>\n<p><strong>Author Bio<\/strong><\/p>\n<p>&nbsp;<\/p>\n<p>David W. Montgomery is Director of Program Development for Communities Engaging with Difference and Religion (CEDAR) and Associate Research Professor at the Center for International Development and Conflict Management at the University of Maryland. He is author of Practicing Islam: Knowledge, Experience, and Social Navigation in Kyrgyzstan and author (with Adam B. Seligman and Rahel R. Wasserfall) of Living with Difference: How to Build Community in a Divided World.<\/p>\n<p>&nbsp;<\/p>\n<p><strong>Table of Contents<\/strong><\/p>\n<p>&nbsp;<\/p>\n<p>Preface<\/p>\n<p>&nbsp;<\/p>\n<p>Acknowledgements<\/p>\n<p>&nbsp;<\/p>\n<ol>\n<li>Seeing Everyday Life in the Balkans \/ David W. Montgomery<\/li>\n<\/ol>\n<p>&nbsp;<\/p>\n<p>&nbsp;<\/p>\n<p>Section I: The (Historical) Context of Everyday Life<\/p>\n<p>&nbsp;<\/p>\n<ol start=\"2\">\n<li>Early Balkan Everyday Life \/ Andrew Wachtel<\/li>\n<\/ol>\n<p>&nbsp;<\/p>\n<ol start=\"3\">\n<li>Crimes and Misdemeanors: Scenes of Everyday Life among the Gendarmerie in Ottoman Macedonia, ca. 1900 \/ \u0130pek K. Yosmao\u011flu<\/li>\n<\/ol>\n<p>&nbsp;<\/p>\n<ol start=\"4\">\n<li>It&#8217;s What&#8217;s Inside That Counts: Furnishing the Modern in the Apartments of Socialist Yugoslavia \/ Patrick Hyder Patterson<\/li>\n<\/ol>\n<p>&nbsp;<\/p>\n<ol start=\"5\">\n<li>Consuming Lives: Inside the Balkan Kafene \/ Mary Neuburger<\/li>\n<\/ol>\n<p>&nbsp;<\/p>\n<ol start=\"6\">\n<li>Burek, Da! Sociality, Context, and Idiom in Macedonia and Beyond \/ Keith Brown<\/li>\n<\/ol>\n<p>&nbsp;<\/p>\n<p>&nbsp;<\/p>\n<p>Section II: The Home(s) of Everyday Life<\/p>\n<p>&nbsp;<\/p>\n<ol start=\"7\">\n<li>Kinship and Safety Nets in Croatia and Kosovo \/ Carolin Leutloff-Grandits<\/li>\n<\/ol>\n<p>&nbsp;<\/p>\n<ol start=\"8\">\n<li>&#8220;This Much We Know&#8221;: Domestic Remedies and Quotidian Tricks since Tito\u2019s Bosnia \/ Larisa Ja\u0161arevi\u0107<\/li>\n<\/ol>\n<p>&nbsp;<\/p>\n<ol start=\"9\">\n<li>Femininity, Fashion, and Feminism: Women\u2019s Activists in Bosnia-Herzegovina \/ Elissa Helms<\/li>\n<\/ol>\n<p>&nbsp;<\/p>\n<ol start=\"10\">\n<li>That Black Cloud upon Our Family: Everyday Life of Gays and Lesbians in Slovenia \/ Roman Kuhar<\/li>\n<\/ol>\n<p>&nbsp;<\/p>\n<ol start=\"11\">\n<li>Between Past and Future: Young People\u2019s Strategies for Living a &#8220;Normal Life&#8221; in Post-war Bosnia-Herzegovina \/ Monika Palmberger<\/li>\n<\/ol>\n<p>&nbsp;<\/p>\n<ol start=\"12\">\n<li>&#8220;But Where Else Could They Go?&#8221; The State, Family, and Private Care in a Bosnian Town \/ Azra Hromad\u017ei\u0107<\/li>\n<\/ol>\n<p>&nbsp;<\/p>\n<p>&nbsp;<\/p>\n<p>Section III: The Livelihoods of Everyday Life<\/p>\n<p>&nbsp;<\/p>\n<ol start=\"13\">\n<li>Cars, Coffee, and &#8220;The Crisis&#8221;: Balkan Migration in Precarious Times \/ Ana Croegaert<\/li>\n<\/ol>\n<p>&nbsp;<\/p>\n<ol start=\"14\">\n<li>&#8220;We Don\u2019t Belong Anywhere&#8221;: Everyday Life in a Serbian Town Where Immigrants Are Former Refugees \/ Mila Dragojevi\u0107<\/li>\n<\/ol>\n<p>&nbsp;<\/p>\n<ol start=\"15\">\n<li>Neoliberal Spaces of Immorality: The Creation of a Bulgarian Land Market and &#8220;Land-grabbing&#8221; Foreign Investors \/ Deema Kaneff<\/li>\n<\/ol>\n<p>&nbsp;<\/p>\n<ol start=\"16\">\n<li>Making Ends Meet in a Rural Community: The Life and Times of Aleksandar \u017divojinovi\u0107 \/ Andrew Konitzer<\/li>\n<\/ol>\n<p>&nbsp;<\/p>\n<ol start=\"17\">\n<li>A Lot of Sweat, a Little Bit of Fun, and Not Entirely &#8220;Hard Men&#8221;: Worker\u2019s Masculinity in the Uljanik Shipyard \/ Andrea Mato\u0161evi\u0107<\/li>\n<\/ol>\n<p>&nbsp;<\/p>\n<ol start=\"18\">\n<li>Perceptions of Balkan Belonging in Post-dictatorship Greece \/ Daniel M. Knight<\/li>\n<\/ol>\n<p>&nbsp;<\/p>\n<p>&nbsp;<\/p>\n<p>Section IV: The Politics of Everyday Life<\/p>\n<p>&nbsp;<\/p>\n<ol start=\"19\">\n<li>Neither the Balkans nor Europe: The &#8220;Where&#8221; and &#8220;When&#8221; in Present-day Albania \/ Nata\u0161a Gregori\u010d Bon<\/li>\n<\/ol>\n<p>&nbsp;<\/p>\n<ol start=\"20\">\n<li>Growing Up in Montenegro: A Story of Transformation and Resistance \/ Jelena D\u017eanki\u0107<\/li>\n<\/ol>\n<p>&nbsp;<\/p>\n<ol start=\"21\">\n<li>War Criminals, National Heroes, and Transitional Justice in Macedonia \/ Vasiliki P. Neofotistos<\/li>\n<\/ol>\n<p>&nbsp;<\/p>\n<ol start=\"22\">\n<li>A Lively Border \/ \u010carna Brkovi\u0107 and Stef Jansen<\/li>\n<\/ol>\n<p>&nbsp;<\/p>\n<ol start=\"23\">\n<li>&#8220;Politicians Are All Crooks!&#8221; Everyday Politics in Bulgaria \/ Emilia Zankina<\/li>\n<\/ol>\n<p>&nbsp;<\/p>\n<ol start=\"24\">\n<li>Life among Statues in Skopje \/ Ilk\u00e1 Thiessen<\/li>\n<\/ol>\n<p>&nbsp;<\/p>\n<p>&nbsp;<\/p>\n<p>Section V: The Religion(s) of Everyday Life<\/p>\n<p>&nbsp;<\/p>\n<ol start=\"25\">\n<li>&#8220;The Hardest Time was the Time without Morality&#8221;: Religion, Transition, and Social Navigation in Albania \/ David W. Montgomery<\/li>\n<\/ol>\n<p>&nbsp;<\/p>\n<ol start=\"26\">\n<li>Ramadan in Prizren \/ Frances Trix<\/li>\n<\/ol>\n<p>&nbsp;<\/p>\n<ol start=\"27\">\n<li>The Cross at the Crossroads: The Feast of Slava between Faith and Custom \/ Milica Baki\u0107-Hayden<\/li>\n<\/ol>\n<p>&nbsp;<\/p>\n<ol start=\"28\">\n<li>Boundaries of Freedom, Boundaries of Responsibility: Everyday Religious Life of Croatian Catholic Women \/ Slavica Jakeli\u0107<\/li>\n<\/ol>\n<p>&nbsp;<\/p>\n<ol start=\"29\">\n<li>Religious Boundaries, Komsholuk, and Sharing Sacred Spaces in Bulgaria \/ Magdalena Lubanska<\/li>\n<\/ol>\n<p>&nbsp;<\/p>\n<ol start=\"30\">\n<li>The Everyday of Religion and Politics in the Balkans \/ Albert Doja<\/li>\n<\/ol>\n<p>&nbsp;<\/p>\n<p>&nbsp;<\/p>\n<p>Section VI: The Art of Everyday Life<\/p>\n<p>&nbsp;<\/p>\n<ol start=\"31\">\n<li>Unintentional Memorials: Everyday Places of Memory in Post-transition Bucharest \/ Alyssa Grossman<\/li>\n<\/ol>\n<p>&nbsp;<\/p>\n<ol start=\"32\">\n<li>Between East and West, Folk and Pop, State and Market: Changing Landscapes of Bulgarian Folk Music \/ Carol Silverman<\/li>\n<\/ol>\n<p>&nbsp;<\/p>\n<ol start=\"33\">\n<li>Mothers in Balkan Film \/ Yana Hashamova<\/li>\n<\/ol>\n<p>&nbsp;<\/p>\n<ol start=\"34\">\n<li>Memories of Foreign Love \/ Ervin Hatibi<\/li>\n<\/ol>\n<p>&nbsp;<\/p>\n<ol start=\"35\">\n<li>The Sound of Charcoal Rustling: Drawing from Life in Belgrade \/ Marko \u017divkovi\u0107<\/li>\n<\/ol>\n<p>&nbsp;<\/p>\n<p>Postface \/ David W. Montgomery<\/p>\n<p>&nbsp;<\/p>\n<p>Index<\/p>\n<p>&nbsp;<\/p>\n<p>&nbsp;<\/p>\n","protected":false},"excerpt":{"rendered":"","protected":false},"author":2,"featured_media":13120,"comment_status":"open","ping_status":"open","sticky":false,"template":"","format":"standard","meta":{"_acf_changed":false,"jetpack_post_was_ever_published":false,"_jetpack_newsletter_access":"","_jetpack_dont_email_post_to_subs":false,"_jetpack_newsletter_tier_id":0,"_jetpack_memberships_contains_paywalled_content":false,"_jetpack_memberships_contains_paid_content":false,"footnotes":"","jetpack_publicize_message":"","jetpack_publicize_feature_enabled":true,"jetpack_social_post_already_shared":true,"jetpack_social_options":{"image_generator_settings":{"template":"highway","default_image_id":0,"font":"","enabled":false},"version":2}},"categories":[8,3],"tags":[],"class_list":["post-13119","post","type-post","status-publish","format-standard","has-post-thumbnail","hentry","category-knjige","category-novosti"],"acf":{"facebook_opis":""},"jetpack_publicize_connections":[],"jetpack_featured_media_url":"https:\/\/i0.wp.com\/historiografija.hr\/wp-content\/uploads\/2019\/01\/Balkans.jpg?fit=230%2C345&ssl=1","jetpack_sharing_enabled":true,"jetpack-related-posts":[{"id":52607,"url":"https:\/\/historiografija.hr\/?p=52607","url_meta":{"origin":13119,"position":0},"title":"No\u0107 knjige: Kako je prije 410 godina smr\u0107u Shakespearea i Cervantesa zavr\u0161ilo razdoblje renesanse u knji\u017eevnosti","author":"Branimir Jankovi\u0107","date":"22. travnja 2026.","format":false,"excerpt":"\u010cetvrtak, 23. travnja 2026. u 18:00 sati, Knji\u017eara Matice hrvatske, Ulica Matice hrvatske 2, Zagreb Uvodna rije\u010d: dr. sc.\u00a0Dubravka Brezak Stama\u0107, pro\u010delnica Odjela za knji\u017eevnost Matice hrvatske Prof. dr. sc. Ivan Lupi\u0107, redoviti profesor u Odsjeku za anglistiku i Odsjeku za kroatistiku Sveu\u010dili\u0161ta u RijeciShakespeare, kazali\u0161te, glazbaKada se susre\u0107emo sa\u2026","rel":"","context":"U &quot;Novosti&quot;","block_context":{"text":"Novosti","link":"https:\/\/historiografija.hr\/?cat=3"},"img":{"alt_text":"","src":"https:\/\/i0.wp.com\/historiografija.hr\/wp-content\/uploads\/2026\/04\/noc_knjige_2026.jpg?fit=680%2C276&ssl=1&resize=350%2C200","width":350,"height":200,"srcset":"https:\/\/i0.wp.com\/historiografija.hr\/wp-content\/uploads\/2026\/04\/noc_knjige_2026.jpg?fit=680%2C276&ssl=1&resize=350%2C200 1x, https:\/\/i0.wp.com\/historiografija.hr\/wp-content\/uploads\/2026\/04\/noc_knjige_2026.jpg?fit=680%2C276&ssl=1&resize=525%2C300 1.5x"},"classes":[]},{"id":52580,"url":"https:\/\/historiografija.hr\/?p=52580","url_meta":{"origin":13119,"position":1},"title":"Conference &#8220;Living in the aftermaths: Trauma, politics and survival in Yugoslavia and successor states, 1945 \u2013 present&#8221;","author":"Branimir Jankovi\u0107","date":"21. travnja 2026.","format":false,"excerpt":"The conference aims to explore how war-related psychological distress was experienced, narrated, debated and reframed in Yugoslavia in the second half of the twentieth century. It asks how the theme of wounded psyche and wartime suffering was addressed and acknowledged in political, psychiatric and broader cultural discourses of socialist Yugoslavia,\u2026","rel":"","context":"U &quot;Novosti&quot;","block_context":{"text":"Novosti","link":"https:\/\/historiografija.hr\/?cat=3"},"img":{"alt_text":"","src":"https:\/\/i0.wp.com\/historiografija.hr\/wp-content\/uploads\/2026\/04\/Battle_of_Neretva_Picasso_poster-Conference-Living-in-the-aftermaths.webp?fit=564%2C954&ssl=1&resize=350%2C200","width":350,"height":200,"srcset":"https:\/\/i0.wp.com\/historiografija.hr\/wp-content\/uploads\/2026\/04\/Battle_of_Neretva_Picasso_poster-Conference-Living-in-the-aftermaths.webp?fit=564%2C954&ssl=1&resize=350%2C200 1x, https:\/\/i0.wp.com\/historiografija.hr\/wp-content\/uploads\/2026\/04\/Battle_of_Neretva_Picasso_poster-Conference-Living-in-the-aftermaths.webp?fit=564%2C954&ssl=1&resize=525%2C300 1.5x"},"classes":[]},{"id":52586,"url":"https:\/\/historiografija.hr\/?p=52586","url_meta":{"origin":13119,"position":2},"title":"Aur\u00e9lie Daher, \u201eHezbollah: Mobilisation and Power\u201c","author":"Branimir Jankovi\u0107","date":"22. travnja 2026.","format":false,"excerpt":"Morning Star \u2018Book of the Year\u2019 Social movement, liberation party or terrorist group? With Hezbollah\u2019s growing involvement in the war in Syria, this study of its impact on Lebanon, drawing heavily on first-hand interviews, could not be more timely. Description Almost forty years after its foundation, Hezbollah remains an enigma.\u2026","rel":"","context":"U &quot;Knjige&quot;","block_context":{"text":"Knjige","link":"https:\/\/historiografija.hr\/?cat=8"},"img":{"alt_text":"","src":"https:\/\/i0.wp.com\/historiografija.hr\/wp-content\/uploads\/2026\/04\/Daher-Hezbollah.jpg?fit=600%2C931&ssl=1&resize=350%2C200","width":350,"height":200,"srcset":"https:\/\/i0.wp.com\/historiografija.hr\/wp-content\/uploads\/2026\/04\/Daher-Hezbollah.jpg?fit=600%2C931&ssl=1&resize=350%2C200 1x, https:\/\/i0.wp.com\/historiografija.hr\/wp-content\/uploads\/2026\/04\/Daher-Hezbollah.jpg?fit=600%2C931&ssl=1&resize=525%2C300 1.5x"},"classes":[]},{"id":52613,"url":"https:\/\/historiografija.hr\/?p=52613","url_meta":{"origin":13119,"position":3},"title":"No\u0107 knjige u Hrvatskom dr\u017eavnom arhivu","author":"Branimir Jankovi\u0107","date":"22. travnja 2026.","format":false,"excerpt":"Predstavljanje knjige Rajke Bu\u0107in \u201dLije\u010denje i zbrinjavanje \u017didova u Bolnici sestara milosrdnica u Zagrebu 1941. \u2013 1945.\u201d u \u010detvrtak, 23. travnja 2026. u 13 sati u Hrvatskom dr\u017eavnom arhivu u Zagrebu. Izvor: https:\/\/www.arhiv.hr\/hr-hr\/Kulturno-prosvjetne-aktivnosti\/ArticleId\/1986\/oamid\/1633","rel":"","context":"U &quot;Novosti&quot;","block_context":{"text":"Novosti","link":"https:\/\/historiografija.hr\/?cat=3"},"img":{"alt_text":"","src":"https:\/\/i0.wp.com\/historiografija.hr\/wp-content\/uploads\/2026\/04\/noc_knjige_2026.jpg?fit=680%2C276&ssl=1&resize=350%2C200","width":350,"height":200,"srcset":"https:\/\/i0.wp.com\/historiografija.hr\/wp-content\/uploads\/2026\/04\/noc_knjige_2026.jpg?fit=680%2C276&ssl=1&resize=350%2C200 1x, https:\/\/i0.wp.com\/historiografija.hr\/wp-content\/uploads\/2026\/04\/noc_knjige_2026.jpg?fit=680%2C276&ssl=1&resize=525%2C300 1.5x"},"classes":[]},{"id":52654,"url":"https:\/\/historiografija.hr\/?p=52654","url_meta":{"origin":13119,"position":4},"title":"Gostuju\u0107e predavanje &#8211; Danijel D\u017eino \u201eKasnoanti\u010dke i ranosrednjovjekovne gra\u0111evine u Brezi: Spomenici nepotpune biografije\u201c","author":"Branimir Jankovi\u0107","date":"24. travnja 2026.","format":false,"excerpt":"Doktorski studij predmoderne povijesti poziva na predavanje \"Kasnoanti\u010dke i ranosrednjovjekovne gra\u0111evine u Brezi: Spomenici nepotpune biografije\u201d koje \u0107e odr\u017eati profesor Danijel D\u017eino sa Sveu\u010dili\u0161ta Macquarie u Sydneyu u\u00a0utorak 28. travnja 2026. u 17h u Konferencijskoj dvorani Knji\u017enice Filozofskog fakulteta u Zagrebu. Predavanje \u0107e predo\u010diti nova saznanja dobivena kroz arhivsko-dokumentarna istra\u017eivanja\u2026","rel":"","context":"U &quot;Novosti&quot;","block_context":{"text":"Novosti","link":"https:\/\/historiografija.hr\/?cat=3"},"img":{"alt_text":"","src":"https:\/\/i0.wp.com\/historiografija.hr\/wp-content\/uploads\/2026\/04\/Dzino.jpg?fit=980%2C819&ssl=1&resize=350%2C200","width":350,"height":200,"srcset":"https:\/\/i0.wp.com\/historiografija.hr\/wp-content\/uploads\/2026\/04\/Dzino.jpg?fit=980%2C819&ssl=1&resize=350%2C200 1x, https:\/\/i0.wp.com\/historiografija.hr\/wp-content\/uploads\/2026\/04\/Dzino.jpg?fit=980%2C819&ssl=1&resize=525%2C300 1.5x, https:\/\/i0.wp.com\/historiografija.hr\/wp-content\/uploads\/2026\/04\/Dzino.jpg?fit=980%2C819&ssl=1&resize=700%2C400 2x"},"classes":[]},{"id":52651,"url":"https:\/\/historiografija.hr\/?p=52651","url_meta":{"origin":13119,"position":5},"title":"Promocija knjige Emira O. Filipovi\u0107a \u201cVite\u0161tvo u srednjovjekovnoj Bosni\u201d u Sarajevu","author":"Branimir Jankovi\u0107","date":"24. travnja 2026.","format":false,"excerpt":"Knji\u017eevni korner poziva na promociju knjige Emira O. Filipovi\u0107a \u201cVite\u0161tvo u srednjovjekovnoj Bosni\u201d koja \u0107e se odr\u017eati u srijedu, 29. aprila 2026. u 18 sati u Evropskoj ku\u0107i kulture i nacionalnih manjina (Austrijska ku\u0107a) u Sarajevu. Na promociji \u0107e govoriti Mirsad Sijari\u0107, Ema Mazrak i autor, a moderirat \u0107e Nikola\u2026","rel":"","context":"U &quot;Novosti&quot;","block_context":{"text":"Novosti","link":"https:\/\/historiografija.hr\/?cat=3"},"img":{"alt_text":"","src":"https:\/\/i0.wp.com\/historiografija.hr\/wp-content\/uploads\/2026\/04\/Vitestvo.jpg?fit=1080%2C565&ssl=1&resize=350%2C200","width":350,"height":200,"srcset":"https:\/\/i0.wp.com\/historiografija.hr\/wp-content\/uploads\/2026\/04\/Vitestvo.jpg?fit=1080%2C565&ssl=1&resize=350%2C200 1x, https:\/\/i0.wp.com\/historiografija.hr\/wp-content\/uploads\/2026\/04\/Vitestvo.jpg?fit=1080%2C565&ssl=1&resize=525%2C300 1.5x, https:\/\/i0.wp.com\/historiografija.hr\/wp-content\/uploads\/2026\/04\/Vitestvo.jpg?fit=1080%2C565&ssl=1&resize=700%2C400 2x, https:\/\/i0.wp.com\/historiografija.hr\/wp-content\/uploads\/2026\/04\/Vitestvo.jpg?fit=1080%2C565&ssl=1&resize=1050%2C600 3x"},"classes":[]}],"_links":{"self":[{"href":"https:\/\/historiografija.hr\/index.php?rest_route=\/wp\/v2\/posts\/13119","targetHints":{"allow":["GET"]}}],"collection":[{"href":"https:\/\/historiografija.hr\/index.php?rest_route=\/wp\/v2\/posts"}],"about":[{"href":"https:\/\/historiografija.hr\/index.php?rest_route=\/wp\/v2\/types\/post"}],"author":[{"embeddable":true,"href":"https:\/\/historiografija.hr\/index.php?rest_route=\/wp\/v2\/users\/2"}],"replies":[{"embeddable":true,"href":"https:\/\/historiografija.hr\/index.php?rest_route=%2Fwp%2Fv2%2Fcomments&post=13119"}],"version-history":[{"count":2,"href":"https:\/\/historiografija.hr\/index.php?rest_route=\/wp\/v2\/posts\/13119\/revisions"}],"predecessor-version":[{"id":13122,"href":"https:\/\/historiografija.hr\/index.php?rest_route=\/wp\/v2\/posts\/13119\/revisions\/13122"}],"wp:featuredmedia":[{"embeddable":true,"href":"https:\/\/historiografija.hr\/index.php?rest_route=\/wp\/v2\/media\/13120"}],"wp:attachment":[{"href":"https:\/\/historiografija.hr\/index.php?rest_route=%2Fwp%2Fv2%2Fmedia&parent=13119"}],"wp:term":[{"taxonomy":"category","embeddable":true,"href":"https:\/\/historiografija.hr\/index.php?rest_route=%2Fwp%2Fv2%2Fcategories&post=13119"},{"taxonomy":"post_tag","embeddable":true,"href":"https:\/\/historiografija.hr\/index.php?rest_route=%2Fwp%2Fv2%2Ftags&post=13119"}],"curies":[{"name":"wp","href":"https:\/\/api.w.org\/{rel}","templated":true}]}}