{"id":12955,"date":"2018-12-22T12:28:37","date_gmt":"2018-12-22T12:28:37","guid":{"rendered":"http:\/\/historiografija.hr\/?p=12955"},"modified":"2018-12-22T12:31:08","modified_gmt":"2018-12-22T12:31:08","slug":"zbornik-migrations-in-visual-art","status":"publish","type":"post","link":"https:\/\/historiografija.hr\/?p=12955","title":{"rendered":"Zbornik &#8220;Migrations in Visual Art&#8221;"},"content":{"rendered":"<p>Rije\u010d je o zborniku radova s me\u0111unarodnog skupa pod nazivom \u201eMigrations in Visual Culture\u201c za doktorande i netom zavr\u0161ene doktore iz podru\u010dja humanisti\u010dkih i dru\u0161tvenih znanosti na kojem je Filozofski fakultet u Splitu sudjelovao kao suorganizator.<\/p>\n<p>&nbsp;<\/p>\n<p>&#8212;<\/p>\n<p>&nbsp;<\/p>\n<p><strong>Objavljen je zbornik Migrations in Visual Culture<\/strong><\/p>\n<p>&nbsp;<\/p>\n<p>Objavljen je zbornik <em>Migrations in Visual Culture<\/em>, u seriji The Pontes academici book series. Urednici zbornika su: Jelena Erdeljan, Martin Germ, Ivana Prijatelj Pavi\u010di\u0107, Marina Vicelja Matija\u0161i\u0107. Uredni\u010dki odbor \u010dine: prof. dr. Branka Kaleni\u0107 Ram\u0161ak, prof. dr. Martin Germ (Ljubljana), prof. dr. Marina Vicelja Matija\u0161i\u0107, prof. dr Nata\u0161a Lah, (Rijeka), prof. dr. Aleksandar Jakir, prof. dr. Ivana Prijatelj Pavi\u010di\u0107 (Split), prof. dr. Nenad Makuljevi\u0107, prof. dr. Ivan Stevovi\u0107.<\/p>\n<p>Rije\u010d je o zborniku radova s me\u0111unarodnog skupa koji je pod nazivom <em>Migrations in Visual Culture<\/em> za doktorande i netom zavr\u0161ene doktore iz podru\u010dja humanisti\u010dkih i dru\u0161tvenih znanosti \u00a0na kojem je Filozofski fakultet u Splitu sudjelovao kao suorganizator (3rd\u00a0International Conference for PhD Students and Recent PhD Graduates), odr\u017eanog u Beogradu u rujnu 2016. Mi smo suizdava\u010d zbornika, a copyright ima Filozofski fakultet Sveu\u010dili\u0161ta u Ljubljani (University of Ljubljana, Faculty of Arts, 2018.).<\/p>\n<p><em>Autori tekstova u zborniku su<\/em>:<br \/>\n<strong>Jelena Erdeljan<\/strong>,\u00a0Univerzitet u Beogradu, Filozofski fakultet, Odelenje za istoriju umetnosti;\u00a0<strong>Jelena An\u0111elkovi\u0107 Gra\u0161ar<\/strong>,\u00a0Srpska akademija znanosti i umetnosti, Institut za Arheologiju, Beograd;\u00a0<strong>Jakov \u0110or\u0111evi\u0107<\/strong>,\u00a0Univerzitet u Beogradu, Filozofski fakultet; <strong>Branka Gugolj<\/strong>,\u00a0Univerzitet u Pri\u0161tini Pri\u0161tina, Zve\u010dan \u2013 Kosovska Mitrovica, Faculty of Arts, Odelenje za istoriju umetnosti;\u00a0<strong>Olga M. Hajduk<\/strong>,\u00a0The Institute of Art of The Polish Academy of Sciences;\u00a0<strong>Martin de la Iglesia<\/strong>,\u00a0Heidelberg University, Institut f\u00fcr Europ\u00e4ische Kunstgeschichte;\u00a0<strong>Ivana Lemcool<\/strong>,\u00a0Univerzitet u Beogradu, Filozofski fakultet; <strong>Matko Matija Maru\u0161i\u0107<\/strong>,\u00a0Institut za povijest umjetnosti u Zagrebu;\u00a0<strong>Miriam Oesterreich<\/strong>,\u00a0Technische Universit\u00e4t Darmstadt Mode &amp; \u00c4sthetik;\u00a0<strong>Dijana Proti\u0107<\/strong>,\u00a0Sveu\u010dili\u0161te u Rijeci, Filozofski fakultet;\u00a0<strong>Nirvana Silnovi\u0107<\/strong>,\u00a0Medieval Studies Department, Central European University;\u00a0<strong>Olga \u0160pehar<\/strong>,\u00a0Univerzitet u Beogradu, Filozofski fakultet;\u00a0<strong>Danijela Te\u0161i\u0107-Radovanovi\u0107<\/strong>,\u00a0Univerzitet u Pri\u0161tini, Kosovska Mitrovica, Filozofski fakultet, Odelenje za istoriju umetnosti;\u00a0<strong>Nadezhda N. Tochilova<\/strong>,\u00a0St. Petersburg Architectural College;\u00a0<strong>Milena Ul\u010dar<\/strong>,\u00a0Univerzitet u Beogradu, Filozofski fakultet;\u00a0<strong>Ljubica Vinulovi\u0107<\/strong>,\u00a0Univezitet u Beogradu, Filozofski fakultet;\u00a0<strong>Branka Vrane\u0161evi\u0107<\/strong>,\u00a0Univerzitet u Beogradu, Filozofski fakultet.<\/p>\n<p><strong>Kratki sadr\u017eaj: <\/strong>Zbornik sadr\u017ei eseje iz razli\u010ditih podru\u010dja humanisti\u010dkih i dru\u0161tvenih znanosti koji se bave snagom i zna\u010denjem slika i vizualnog u kontekstu migracija ideja, znanja, umjetni\u010dkih djela i simbola kroz prizmu postkolonijalnih u kulturalnih teorija, i to od antike do danas. Kompleksno pitanje migracija u vizualnoj umjetnosti involvira ne samo umjetnost, nego i mnoga podru\u010dja humanisti\u010dkih i dru\u0161tvenih znanosti. Zbornik se ne bavi samo snagom slika i njihovom ulogom u migracijama vizualne kulture, nego to pitanje stavlja u kontekst globalnih promjena i njihovim narastaju\u0107im utjecajem \u00a0u svijetu tzv. dru\u0161tvenih medija. Interdisciplinarne teme o kojima diskutiraju autori u zborniku su Zapadni Balkan \u2013 Migracije i kulturni transfer; Migracije i Cross-cultural Communication, Migracije ideja i koncepata, Migracije umjetni\u010dkih djela, i Migracije simbola.<\/p>\n<p>&nbsp;<\/p>\n<p>Zbornik je objavljen u digitalnom formatu, na web stranici:<\/p>\n<p>&nbsp;<\/p>\n<p><a href=\"https:\/\/e-knjige.ff.uni-lj.si\/znanstvena-zalozba\/catalog\/book\/122\">https:\/\/e-knjige.ff.uni-lj.si\/znanstvena-zalozba\/catalog\/book\/122<\/a><\/p>\n<p>&nbsp;<\/p>\n<p>Izvor: <a href=\"http:\/\/www.ffst.unist.hr\/objavljen-je-zbornik-migrations-in-visual-culture\/\">http:\/\/www.ffst.unist.hr\/objavljen-je-zbornik-migrations-in-visual-culture\/<\/a><\/p>\n<p>&nbsp;<\/p>\n<p>&nbsp;<\/p>\n","protected":false},"excerpt":{"rendered":"","protected":false},"author":2,"featured_media":12956,"comment_status":"open","ping_status":"open","sticky":false,"template":"","format":"standard","meta":{"_acf_changed":false,"jetpack_post_was_ever_published":false,"_jetpack_newsletter_access":"","_jetpack_dont_email_post_to_subs":false,"_jetpack_newsletter_tier_id":0,"_jetpack_memberships_contains_paywalled_content":false,"_jetpack_memberships_contains_paid_content":false,"footnotes":"","jetpack_publicize_message":"","jetpack_publicize_feature_enabled":true,"jetpack_social_post_already_shared":true,"jetpack_social_options":{"image_generator_settings":{"template":"highway","default_image_id":0,"font":"","enabled":false},"version":2}},"categories":[8,3],"tags":[],"class_list":["post-12955","post","type-post","status-publish","format-standard","has-post-thumbnail","hentry","category-knjige","category-novosti"],"acf":{"facebook_opis":""},"jetpack_publicize_connections":[],"jetpack_featured_media_url":"https:\/\/i0.wp.com\/historiografija.hr\/wp-content\/uploads\/2018\/12\/migrations.jpg?fit=246%2C350&ssl=1","jetpack_sharing_enabled":true,"jetpack-related-posts":[{"id":52499,"url":"https:\/\/historiografija.hr\/?p=52499","url_meta":{"origin":12955,"position":0},"title":"POTPISAN UGOVOR O ZNANSTVENO-ISTRA\u017dIVA\u010cKOJ SURADNJI: PROJEKT \u201eTEMELJI HRVATSKE SAMOSTALNOSTI\u201d","author":"Branimir Jankovi\u0107","date":"17. travnja 2026.","format":false,"excerpt":"Hrvatski institut za povijest, Sveu\u010dili\u0161te obrane i sigurnosti \u201eDr. Franjo Tu\u0111man\u201d, Institut dru\u0161tvenih znanosti Ivo Pilar i Hrvatski dr\u017eavni arhiv\u00a0potpisali su 23. o\u017eujka 2026.\u00a0Ugovor o znanstveno-istra\u017eiva\u010dkoj suradnji s ciljem provedbe projekta \u201eTemelji hrvatske samostalnosti\u201d. Tim projektom obuhva\u0107a se istra\u017eivanje arhivskoga gradiva, priprema znanstvenih publikacija, digitalizacija i javna prezentacija rezultata istra\u017eivanja\u2026","rel":"","context":"U &quot;Novosti&quot;","block_context":{"text":"Novosti","link":"https:\/\/historiografija.hr\/?cat=3"},"img":{"alt_text":"","src":"https:\/\/i0.wp.com\/historiografija.hr\/wp-content\/uploads\/2026\/04\/THS_sporazum.jpg?fit=1200%2C583&ssl=1&resize=350%2C200","width":350,"height":200,"srcset":"https:\/\/i0.wp.com\/historiografija.hr\/wp-content\/uploads\/2026\/04\/THS_sporazum.jpg?fit=1200%2C583&ssl=1&resize=350%2C200 1x, https:\/\/i0.wp.com\/historiografija.hr\/wp-content\/uploads\/2026\/04\/THS_sporazum.jpg?fit=1200%2C583&ssl=1&resize=525%2C300 1.5x, https:\/\/i0.wp.com\/historiografija.hr\/wp-content\/uploads\/2026\/04\/THS_sporazum.jpg?fit=1200%2C583&ssl=1&resize=700%2C400 2x, https:\/\/i0.wp.com\/historiografija.hr\/wp-content\/uploads\/2026\/04\/THS_sporazum.jpg?fit=1200%2C583&ssl=1&resize=1050%2C600 3x"},"classes":[]},{"id":52592,"url":"https:\/\/historiografija.hr\/?p=52592","url_meta":{"origin":12955,"position":1},"title":"Predstavljanje knjige &#8220;Turska ku\u0107a u Rijeci&#8221; u Zagrebu","author":"Branimir Jankovi\u0107","date":"22. travnja 2026.","format":false,"excerpt":"U prostorijama Turskog kulturnog centra Yunus Emre u Zagrebu, u utorak 21. travnja 2026. godine, odr\u017eano je sve\u010dano predstavljanje dopunjenog izdanja knjige Turska ku\u0107a u Rijeci, u organizaciji Hrvatsko-turskog dru\u0161tva Rijeka i partnerstvu sa Skupinom prijateljstva Hrvatska-Turska Hrvatskog sabora, Veleposlanstvom Republike Turske u Republici Hrvatskoj te Turskim kulturnim centrom Yunus\u2026","rel":"","context":"U &quot;Novosti&quot;","block_context":{"text":"Novosti","link":"https:\/\/historiografija.hr\/?cat=3"},"img":{"alt_text":"","src":"https:\/\/i0.wp.com\/historiografija.hr\/wp-content\/uploads\/2026\/04\/Turska-kuca-ZG.jpg?fit=1200%2C800&ssl=1&resize=350%2C200","width":350,"height":200,"srcset":"https:\/\/i0.wp.com\/historiografija.hr\/wp-content\/uploads\/2026\/04\/Turska-kuca-ZG.jpg?fit=1200%2C800&ssl=1&resize=350%2C200 1x, https:\/\/i0.wp.com\/historiografija.hr\/wp-content\/uploads\/2026\/04\/Turska-kuca-ZG.jpg?fit=1200%2C800&ssl=1&resize=525%2C300 1.5x, https:\/\/i0.wp.com\/historiografija.hr\/wp-content\/uploads\/2026\/04\/Turska-kuca-ZG.jpg?fit=1200%2C800&ssl=1&resize=700%2C400 2x, https:\/\/i0.wp.com\/historiografija.hr\/wp-content\/uploads\/2026\/04\/Turska-kuca-ZG.jpg?fit=1200%2C800&ssl=1&resize=1050%2C600 3x"},"classes":[]},{"id":52578,"url":"https:\/\/historiografija.hr\/?p=52578","url_meta":{"origin":12955,"position":2},"title":"Poziv za sudjelovanje: XXII. Dani Julija Bene\u0161i\u0107a u Iloku","author":"Branimir Jankovi\u0107","date":"21. travnja 2026.","format":false,"excerpt":"Zavod za lingvisti\u010dka istra\u017eivanja Hrvatske akademije znanosti i umjetnosti, zajedno s Muzejom grada Iloka, organizira XXII. Dane Julija Bene\u0161i\u0107a, koji \u0107e se odr\u017eati od 28. do 30. listopada 2026. u Iloku.\u00a0Teme ovogodi\u0161njih Dana podijeljene su u dvije cjeline: Knji\u017eevno-jezikoslovni d\u00ecv\u0101n s Bene\u0161i\u0107em te Ilok i Srijem u povijesnim stalnicama i\u2026","rel":"","context":"U &quot;Novosti&quot;","block_context":{"text":"Novosti","link":"https:\/\/historiografija.hr\/?cat=3"},"img":{"alt_text":"","src":"https:\/\/i0.wp.com\/historiografija.hr\/wp-content\/uploads\/2019\/10\/HE2_Benesic.jpg?fit=413%2C591&ssl=1&resize=350%2C200","width":350,"height":200},"classes":[]},{"id":52607,"url":"https:\/\/historiografija.hr\/?p=52607","url_meta":{"origin":12955,"position":3},"title":"No\u0107 knjige: Kako je prije 410 godina smr\u0107u Shakespearea i Cervantesa zavr\u0161ilo razdoblje renesanse u knji\u017eevnosti","author":"Branimir Jankovi\u0107","date":"22. travnja 2026.","format":false,"excerpt":"\u010cetvrtak, 23. travnja 2026. u 18:00 sati, Knji\u017eara Matice hrvatske, Ulica Matice hrvatske 2, Zagreb Uvodna rije\u010d: dr. sc.\u00a0Dubravka Brezak Stama\u0107, pro\u010delnica Odjela za knji\u017eevnost Matice hrvatske Prof. dr. sc. Ivan Lupi\u0107, redoviti profesor u Odsjeku za anglistiku i Odsjeku za kroatistiku Sveu\u010dili\u0161ta u RijeciShakespeare, kazali\u0161te, glazbaKada se susre\u0107emo sa\u2026","rel":"","context":"U &quot;Novosti&quot;","block_context":{"text":"Novosti","link":"https:\/\/historiografija.hr\/?cat=3"},"img":{"alt_text":"","src":"https:\/\/i0.wp.com\/historiografija.hr\/wp-content\/uploads\/2026\/04\/noc_knjige_2026.jpg?fit=680%2C276&ssl=1&resize=350%2C200","width":350,"height":200,"srcset":"https:\/\/i0.wp.com\/historiografija.hr\/wp-content\/uploads\/2026\/04\/noc_knjige_2026.jpg?fit=680%2C276&ssl=1&resize=350%2C200 1x, https:\/\/i0.wp.com\/historiografija.hr\/wp-content\/uploads\/2026\/04\/noc_knjige_2026.jpg?fit=680%2C276&ssl=1&resize=525%2C300 1.5x"},"classes":[]},{"id":52573,"url":"https:\/\/historiografija.hr\/?p=52573","url_meta":{"origin":12955,"position":4},"title":"Znanstvena konferencija &#8220;Filozofija odgoja: povijest, praksa, perspektive&#8221;","author":"Branimir Jankovi\u0107","date":"21. travnja 2026.","format":false,"excerpt":"Znanstvena konferencija \"Filozofija odgoja: povijest, praksa, perspektive\" odr\u017eat \u0107e se 23. i 24. travnja 2026. u Konferencijskoj dvorani Knji\u017enice Filozofskog fakulteta u Zagrebu (2. kat).\u00a0Konferencija je organizirana u okviru projekta\u00a0SUMKOS (voditeljica prof. dr. sc. Ivana Zagorac, financiran\u00a0sredstvima NextGenerationEU), uz potporu Odsjeka za filozofiju.\u00a0 Uz izlaga\u010dki dio, konferencija obuhva\u0107a i izlo\u017ebu\u2026","rel":"","context":"U &quot;Novosti&quot;","block_context":{"text":"Novosti","link":"https:\/\/historiografija.hr\/?cat=3"},"img":{"alt_text":"","src":"","width":0,"height":0},"classes":[]},{"id":52563,"url":"https:\/\/historiografija.hr\/?p=52563","url_meta":{"origin":12955,"position":5},"title":"Predavanje Nenada Fabijani\u0107a o stadionu Poljud u Splitu","author":"Branimir Jankovi\u0107","date":"21. travnja 2026.","format":false,"excerpt":"Znanstveno vije\u0107e za arhitekturu, urbanizam i ure\u0111enje prostora Hrvatske akademije znanosti i umjetnosti organizira predavanje \u201cPo Poljudu\u201d koje \u0107e u srijedu 22. travnja 2026. s po\u010detkom u 14 sati u Knji\u017enici HAZU, Strossmayerov trg 14 u Zagrebu, odr\u017eati\u00a0prof. emerit. dr. art. Nenad Fabijani\u0107,\u00a0\u010dlan suradnik HAZU. Predavanje \u201ePo Poljudu\u201c (Projekt obnove)\u2026","rel":"","context":"U &quot;Novosti&quot;","block_context":{"text":"Novosti","link":"https:\/\/historiografija.hr\/?cat=3"},"img":{"alt_text":"","src":"https:\/\/i0.wp.com\/historiografija.hr\/wp-content\/uploads\/2026\/04\/Poljud-scaled.jpeg?fit=1200%2C800&ssl=1&resize=350%2C200","width":350,"height":200,"srcset":"https:\/\/i0.wp.com\/historiografija.hr\/wp-content\/uploads\/2026\/04\/Poljud-scaled.jpeg?fit=1200%2C800&ssl=1&resize=350%2C200 1x, https:\/\/i0.wp.com\/historiografija.hr\/wp-content\/uploads\/2026\/04\/Poljud-scaled.jpeg?fit=1200%2C800&ssl=1&resize=525%2C300 1.5x, https:\/\/i0.wp.com\/historiografija.hr\/wp-content\/uploads\/2026\/04\/Poljud-scaled.jpeg?fit=1200%2C800&ssl=1&resize=700%2C400 2x, https:\/\/i0.wp.com\/historiografija.hr\/wp-content\/uploads\/2026\/04\/Poljud-scaled.jpeg?fit=1200%2C800&ssl=1&resize=1050%2C600 3x"},"classes":[]}],"_links":{"self":[{"href":"https:\/\/historiografija.hr\/index.php?rest_route=\/wp\/v2\/posts\/12955","targetHints":{"allow":["GET"]}}],"collection":[{"href":"https:\/\/historiografija.hr\/index.php?rest_route=\/wp\/v2\/posts"}],"about":[{"href":"https:\/\/historiografija.hr\/index.php?rest_route=\/wp\/v2\/types\/post"}],"author":[{"embeddable":true,"href":"https:\/\/historiografija.hr\/index.php?rest_route=\/wp\/v2\/users\/2"}],"replies":[{"embeddable":true,"href":"https:\/\/historiografija.hr\/index.php?rest_route=%2Fwp%2Fv2%2Fcomments&post=12955"}],"version-history":[{"count":3,"href":"https:\/\/historiografija.hr\/index.php?rest_route=\/wp\/v2\/posts\/12955\/revisions"}],"predecessor-version":[{"id":12959,"href":"https:\/\/historiografija.hr\/index.php?rest_route=\/wp\/v2\/posts\/12955\/revisions\/12959"}],"wp:featuredmedia":[{"embeddable":true,"href":"https:\/\/historiografija.hr\/index.php?rest_route=\/wp\/v2\/media\/12956"}],"wp:attachment":[{"href":"https:\/\/historiografija.hr\/index.php?rest_route=%2Fwp%2Fv2%2Fmedia&parent=12955"}],"wp:term":[{"taxonomy":"category","embeddable":true,"href":"https:\/\/historiografija.hr\/index.php?rest_route=%2Fwp%2Fv2%2Fcategories&post=12955"},{"taxonomy":"post_tag","embeddable":true,"href":"https:\/\/historiografija.hr\/index.php?rest_route=%2Fwp%2Fv2%2Ftags&post=12955"}],"curies":[{"name":"wp","href":"https:\/\/api.w.org\/{rel}","templated":true}]}}