{"id":12782,"date":"2018-12-11T00:07:45","date_gmt":"2018-12-11T00:07:45","guid":{"rendered":"http:\/\/historiografija.hr\/?p=12782"},"modified":"2018-12-19T18:11:18","modified_gmt":"2018-12-19T18:11:18","slug":"polemike-o-ocjeni-politicke-ostavstine-franje-tudmana","status":"publish","type":"post","link":"https:\/\/historiografija.hr\/?p=12782","title":{"rendered":"Polemike o ocjeni politi\u010dke ostav\u0161tine Franje Tu\u0111mana"},"content":{"rendered":"<p>Povodom otkrivanja spomenika prvom hrvatskom predsjedniku Franji Tu\u0111manu u Zagrebu 10. prosinca 2018. u medijima\u00a0su ovih dana objavljeni\u00a0mnogi komentari raznih autora i novinara u kojim se opre\u010dno vrednuje Tu\u0111manova politi\u010dka ostav\u0161tina.<\/p>\n<p>&nbsp;<\/p>\n<p>Otkriven spomenik Franji Tu\u0111manu<\/p>\n<p><a href=\"https:\/\/vijesti.hrt.hr\/477084\/obljetnica-smrti-franje-tumana-na-otkrivanje-spomenika-stize-drzavni-vrh\">https:\/\/vijesti.hrt.hr\/477084\/obljetnica-smrti-franje-tumana-na-otkrivanje-spomenika-stize-drzavni-vrh<\/a><\/p>\n<p>&nbsp;<\/p>\n<p>Vlada RH<\/p>\n<p><a href=\"https:\/\/vlada.gov.hr\/vijesti\/pozitivno-politicko-naslijedje-dr-franje-tudjmana-temelj-je-moderne-hrvatske\/24924\">https:\/\/vlada.gov.hr\/vijesti\/pozitivno-politicko-naslijedje-dr-franje-tudjmana-temelj-je-moderne-hrvatske\/24924<\/a><\/p>\n<p>&nbsp;<\/p>\n<p>Mirko Gali\u0107<\/p>\n<p><a href=\"https:\/\/www.vecernji.hr\/premium\/danas-ga-zazivaju-i-protivnici-s-tu-manom-se-znalo-da-je-pilot-u-avionu-1287665\">https:\/\/www.vecernji.hr\/premium\/danas-ga-zazivaju-i-protivnici-s-tu-manom-se-znalo-da-je-pilot-u-avionu-1287665<\/a><\/p>\n<p>&nbsp;<\/p>\n<p>Ivo Goldstein<\/p>\n<p><a href=\"https:\/\/www.jutarnji.hr\/globus\/Globus-komentari\/zvuci-grubo-ali-je-istina-tudman-je-zasluzan-za-sve-ovo-sto-danas-imamo\/8153141\/\">https:\/\/www.jutarnji.hr\/globus\/Globus-komentari\/zvuci-grubo-ali-je-istina-tudman-je-zasluzan-za-sve-ovo-sto-danas-imamo\/8153141\/<\/a><\/p>\n<p>&nbsp;<\/p>\n<p>Jurica Pavi\u010di\u0107<\/p>\n<p><a href=\"https:\/\/www.jutarnji.hr\/komentari\/tudman-uz-prometnicu-koja-spaja-novi-i-stari-zagreb-tvorac-tog-djela-rekao-je-sto-bi-zelio-postici-i-uspio-je-upravo-je-zato-taj-pothvat-jeziv\/8148749\/\">https:\/\/www.jutarnji.hr\/komentari\/tudman-uz-prometnicu-koja-spaja-novi-i-stari-zagreb-tvorac-tog-djela-rekao-je-sto-bi-zelio-postici-i-uspio-je-upravo-je-zato-taj-pothvat-jeziv\/8148749\/<\/a><\/p>\n<p>&nbsp;<\/p>\n<p>Kuzma Kova\u010di\u0107<\/p>\n<p><a href=\"http:\/\/www.matica.hr\/vijenac\/646\/spomenik-tumanu-simbol-je-nade-28493\/\">http:\/\/www.matica.hr\/vijenac\/646\/spomenik-tumanu-simbol-je-nade-28493\/<\/a><\/p>\n<p>&nbsp;<\/p>\n<p>Renato Bareti\u0107<\/p>\n<p><a href=\"https:\/\/www.tportal.hr\/komentatori\/clanak\/zasto-jos-nitko-nije-napravio-apstraktni-spomenik-franji-tudmanu-foto-20181208\">https:\/\/www.tportal.hr\/komentatori\/clanak\/zasto-jos-nitko-nije-napravio-apstraktni-spomenik-franji-tudmanu-foto-20181208<\/a><\/p>\n<p>&nbsp;<\/p>\n<p>Vladimir Lon\u010darevi\u0107<\/p>\n<p><a href=\"https:\/\/www.vecernji.hr\/premium\/kada-ce-hrvatska-politika-i-kultura-poceti-misliti-jednom-drzavn-ick-om-glavom-1285459\">https:\/\/www.vecernji.hr\/premium\/kada-ce-hrvatska-politika-i-kultura-poceti-misliti-jednom-drzavn-ick-om-glavom-1285459<\/a><\/p>\n<p>&nbsp;<\/p>\n<p>Vi\u0161nja Stare\u0161ina<\/p>\n<p><a href=\"https:\/\/narod.hr\/hrvatska\/visnja-staresina-tudman-i-orban-kao-mainstream-naroda\">https:\/\/narod.hr\/hrvatska\/visnja-staresina-tudman-i-orban-kao-mainstream-naroda<\/a><\/p>\n<p>&nbsp;<\/p>\n<p><span style=\"color: #000000; font-family: Calibri; font-size: medium;\">Mate Miji\u0107<\/span><\/p>\n<p><a href=\"https:\/\/www.vecernji.hr\/premium\/tu-manov-je-spomenik-slobodna-hrvatska-1288634\">https:\/\/www.vecernji.hr\/premium\/tu-manov-je-spomenik-slobodna-hrvatska-1288634<\/a><\/p>\n<p>&nbsp;<\/p>\n<p>Zdenko Duka<\/p>\n<p><a href=\"http:\/\/www.novilist.hr\/Vijesti\/Hrvatska\/Devetnaest-godina-od-odlaska-oca-domovine-Hrvatska-i-dalje-slijedi-sve-Tudmanove-greske\">http:\/\/www.novilist.hr\/Vijesti\/Hrvatska\/Devetnaest-godina-od-odlaska-oca-domovine-Hrvatska-i-dalje-slijedi-sve-Tudmanove-greske<\/a><\/p>\n<p>&nbsp;<\/p>\n<p>Tomislav Klau\u0161ki<\/p>\n<p><a href=\"https:\/\/www.24sata.hr\/kolumne\/spomenik-tu-manu-nije-samo-estetski-nego-i-politicki-uzas-604053\">https:\/\/www.24sata.hr\/kolumne\/spomenik-tu-manu-nije-samo-estetski-nego-i-politicki-uzas-604053<\/a><\/p>\n<p>&nbsp;<\/p>\n<p>Gordan Duha\u010dek<\/p>\n<p><a href=\"https:\/\/www.index.hr\/vijesti\/clanak\/najbolji-spomenik-tudjmanu-je-hrvatska-iz-koje-ljudi-masovno-bjeze\/2049042.aspx\">https:\/\/www.index.hr\/vijesti\/clanak\/najbolji-spomenik-tudjmanu-je-hrvatska-iz-koje-ljudi-masovno-bjeze\/2049042.aspx<\/a><\/p>\n<p>&nbsp;<\/p>\n<p>Nikola Puhari\u0107 i drugi<\/p>\n<p><a href=\"https:\/\/www.portalnovosti.com\/prosvjed-u-zagrebu-tudjman-ne-zasluzuje-spomenik\">https:\/\/www.portalnovosti.com\/prosvjed-u-zagrebu-tudjman-ne-zasluzuje-spomenik<\/a><\/p>\n<p><a href=\"http:\/\/hr.n1info.com\/Vijesti\/a354373\/Na-suprotnoj-strani-prosvjed-protiv-podizanja-spomenika-Franji-Tudjmanu.html\">http:\/\/hr.n1info.com\/Vijesti\/a354373\/Na-suprotnoj-strani-prosvjed-protiv-podizanja-spomenika-Franji-Tudjmanu.html<\/a><\/p>\n<p>&nbsp;<\/p>\n<p>Drago Pilsel<\/p>\n<p><a href=\"http:\/\/www.autograf.hr\/mala-aleksandra-zec-nasuprot-uzasnom-spomeniku-tudmanu\/\">http:\/\/www.autograf.hr\/mala-aleksandra-zec-nasuprot-uzasnom-spomeniku-tudmanu\/<\/a><\/p>\n<p>&nbsp;<\/p>\n<p>Hrvoje Klasi\u0107<\/p>\n<p><a href=\"https:\/\/net.hr\/danas\/hrvatska\/komentar-hrvoja-klasica-iz-najkontroverznijeg-dijela-tudmanove-vladavine-nismo-naucili-nista-nego-ga-presucujemo-i-zanemarujemo\/?utm_source=Midas&amp;utm_medium=Widget&amp;utm_campaign=Razmjena%2bprometa\">https:\/\/net.hr\/danas\/hrvatska\/komentar-hrvoja-klasica-iz-najkontroverznijeg-dijela-tudmanove-vladavine-nismo-naucili-nista-nego-ga-presucujemo-i-zanemarujemo\/<\/a><\/p>\n<p>&nbsp;<\/p>\n<p>Damir Gregorovi\u0107<\/p>\n<p><a href=\"http:\/\/www.glas-slavonije.hr\/384818\/11\/Spoticanje-kipara-zbog-lica-Franje-Tudjmana-ili-nesto-trece\">http:\/\/www.glas-slavonije.hr\/384818\/11\/Spoticanje-kipara-zbog-lica-Franje-Tudjmana-ili-nesto-trece<\/a><\/p>\n<p>&nbsp;<\/p>\n<p>Enciklopedijske natuknice o Franji Tu\u0111manu<\/p>\n<p><a href=\"http:\/\/www.enciklopedija.hr\/natuknica.aspx?id=62628\">http:\/\/www.enciklopedija.hr\/natuknica.aspx?id=62628<\/a><\/p>\n<p><a href=\"http:\/\/hbl.lzmk.hr\/clanak.aspx?id=11922\">http:\/\/hbl.lzmk.hr\/clanak.aspx?id=11922<\/a><\/p>\n<p>&nbsp;<\/p>\n<p>&nbsp;<\/p>\n<p>&nbsp;<\/p>\n","protected":false},"excerpt":{"rendered":"","protected":false},"author":2,"featured_media":12783,"comment_status":"open","ping_status":"open","sticky":false,"template":"","format":"standard","meta":{"_acf_changed":false,"jetpack_post_was_ever_published":false,"_jetpack_newsletter_access":"","_jetpack_dont_email_post_to_subs":false,"_jetpack_newsletter_tier_id":0,"_jetpack_memberships_contains_paywalled_content":false,"_jetpack_memberships_contains_paid_content":false,"footnotes":"","jetpack_publicize_message":"","jetpack_publicize_feature_enabled":true,"jetpack_social_post_already_shared":true,"jetpack_social_options":{"image_generator_settings":{"template":"highway","default_image_id":0,"font":"","enabled":false},"version":2}},"categories":[3,17],"tags":[],"class_list":["post-12782","post","type-post","status-publish","format-standard","has-post-thumbnail","hentry","category-novosti","category-rasprave"],"acf":{"facebook_opis":""},"jetpack_publicize_connections":[],"jetpack_featured_media_url":"https:\/\/i0.wp.com\/historiografija.hr\/wp-content\/uploads\/2018\/12\/Oktriven-spomenik-F-T.jpg?fit=688%2C388&ssl=1","jetpack_sharing_enabled":true,"jetpack-related-posts":[{"id":52499,"url":"https:\/\/historiografija.hr\/?p=52499","url_meta":{"origin":12782,"position":0},"title":"POTPISAN UGOVOR O ZNANSTVENO-ISTRA\u017dIVA\u010cKOJ SURADNJI: PROJEKT \u201eTEMELJI HRVATSKE SAMOSTALNOSTI\u201d","author":"Branimir Jankovi\u0107","date":"17. travnja 2026.","format":false,"excerpt":"Hrvatski institut za povijest, Sveu\u010dili\u0161te obrane i sigurnosti \u201eDr. Franjo Tu\u0111man\u201d, Institut dru\u0161tvenih znanosti Ivo Pilar i Hrvatski dr\u017eavni arhiv\u00a0potpisali su 23. o\u017eujka 2026.\u00a0Ugovor o znanstveno-istra\u017eiva\u010dkoj suradnji s ciljem provedbe projekta \u201eTemelji hrvatske samostalnosti\u201d. Tim projektom obuhva\u0107a se istra\u017eivanje arhivskoga gradiva, priprema znanstvenih publikacija, digitalizacija i javna prezentacija rezultata istra\u017eivanja\u2026","rel":"","context":"U &quot;Novosti&quot;","block_context":{"text":"Novosti","link":"https:\/\/historiografija.hr\/?cat=3"},"img":{"alt_text":"","src":"https:\/\/i0.wp.com\/historiografija.hr\/wp-content\/uploads\/2026\/04\/THS_sporazum.jpg?fit=1200%2C583&ssl=1&resize=350%2C200","width":350,"height":200,"srcset":"https:\/\/i0.wp.com\/historiografija.hr\/wp-content\/uploads\/2026\/04\/THS_sporazum.jpg?fit=1200%2C583&ssl=1&resize=350%2C200 1x, https:\/\/i0.wp.com\/historiografija.hr\/wp-content\/uploads\/2026\/04\/THS_sporazum.jpg?fit=1200%2C583&ssl=1&resize=525%2C300 1.5x, https:\/\/i0.wp.com\/historiografija.hr\/wp-content\/uploads\/2026\/04\/THS_sporazum.jpg?fit=1200%2C583&ssl=1&resize=700%2C400 2x, https:\/\/i0.wp.com\/historiografija.hr\/wp-content\/uploads\/2026\/04\/THS_sporazum.jpg?fit=1200%2C583&ssl=1&resize=1050%2C600 3x"},"classes":[]},{"id":52439,"url":"https:\/\/historiografija.hr\/?p=52439","url_meta":{"origin":12782,"position":1},"title":"Tribina &#8220;Ahmi\u0107i 33 godine kasnije: Ne u na\u0161e ime&#8221;","author":"Branimir Jankovi\u0107","date":"16. travnja 2026.","format":false,"excerpt":"U \u010detvrtak, 16. travnja 2026. u 17 sati u Knji\u017enici i \u010ditaonici Bogdana Ogrizovi\u0107a u Zagrebu odr\u017eat \u0107e se tribina pod nazivom Ahmi\u0107i 33 godine kasnije: Ne u na\u0161e ime. Na tribini \u0107e govoriti Ivica \u0110iki\u0107, novinar, Mubera Masli\u0107 \u2013 \u017ddralovi\u0107, aktivistikinja, prevoditeljica za arapski, Domagoj Fuk, student politologije, \u010dlan\u2026","rel":"","context":"U &quot;Novosti&quot;","block_context":{"text":"Novosti","link":"https:\/\/historiografija.hr\/?cat=3"},"img":{"alt_text":"","src":"https:\/\/i0.wp.com\/historiografija.hr\/wp-content\/uploads\/2026\/04\/Zagreb_2026.jpeg?fit=1200%2C900&ssl=1&resize=350%2C200","width":350,"height":200,"srcset":"https:\/\/i0.wp.com\/historiografija.hr\/wp-content\/uploads\/2026\/04\/Zagreb_2026.jpeg?fit=1200%2C900&ssl=1&resize=350%2C200 1x, https:\/\/i0.wp.com\/historiografija.hr\/wp-content\/uploads\/2026\/04\/Zagreb_2026.jpeg?fit=1200%2C900&ssl=1&resize=525%2C300 1.5x, https:\/\/i0.wp.com\/historiografija.hr\/wp-content\/uploads\/2026\/04\/Zagreb_2026.jpeg?fit=1200%2C900&ssl=1&resize=700%2C400 2x, https:\/\/i0.wp.com\/historiografija.hr\/wp-content\/uploads\/2026\/04\/Zagreb_2026.jpeg?fit=1200%2C900&ssl=1&resize=1050%2C600 3x"},"classes":[]},{"id":52660,"url":"https:\/\/historiografija.hr\/?p=52660","url_meta":{"origin":12782,"position":2},"title":"Medijski odjeci \u010dlanka Steve \u0110ura\u0161kovi\u0107a \u201e\u017dupanovljeva ne\u017eeljena djeca: ideolo\u0161ko pribli\u017eavanje neoliberala i kr\u0161\u0107anske radikalne desnice u Hrvatskoj\u201c","author":"Branimir Jankovi\u0107","date":"24. travnja 2026.","format":false,"excerpt":"U sklopu projekta \u201eIzazovi intelektualne povijesti: recepcije, preobrazbe i upotrebe politi\u010dkih ideja\u201c objavljen je polemi\u010dki \u010dlanak Steve \u0110ura\u0161kovi\u0107a \u201e\u017dupanovljeva ne\u017eeljena djeca: ideolo\u0161ko pribli\u017eavanje neoliberala i kr\u0161\u0107anske radikalne desnice u Hrvatskoj\u201c, koji je izazvao odre\u0111ene medijske reakcije. Stevo \u0110ura\u0161kovi\u0107 \u017dupanovljeva ne\u017eeljena djeca: ideolo\u0161ko pribli\u017eavanje neoliberala i kr\u0161\u0107anske radikalne desnice u Hrvatskoj\u2026","rel":"","context":"U &quot;Novosti&quot;","block_context":{"text":"Novosti","link":"https:\/\/historiografija.hr\/?cat=3"},"img":{"alt_text":"","src":"https:\/\/i0.wp.com\/historiografija.hr\/wp-content\/uploads\/2026\/04\/SD.png?fit=809%2C821&ssl=1&resize=350%2C200","width":350,"height":200,"srcset":"https:\/\/i0.wp.com\/historiografija.hr\/wp-content\/uploads\/2026\/04\/SD.png?fit=809%2C821&ssl=1&resize=350%2C200 1x, https:\/\/i0.wp.com\/historiografija.hr\/wp-content\/uploads\/2026\/04\/SD.png?fit=809%2C821&ssl=1&resize=525%2C300 1.5x, https:\/\/i0.wp.com\/historiografija.hr\/wp-content\/uploads\/2026\/04\/SD.png?fit=809%2C821&ssl=1&resize=700%2C400 2x"},"classes":[]},{"id":52666,"url":"https:\/\/historiografija.hr\/?p=52666","url_meta":{"origin":12782,"position":3},"title":"Najava programa Festivala povijesti Kliofest (5-8. V. 2026)","author":"Branimir Jankovi\u0107","date":"24. travnja 2026.","format":false,"excerpt":"Po trinaesti put odr\u017eava se Festival povijesti Kliofest! Do petka \u0107emo odr\u017eati osam okruglih stolova i dva kolokvija te niz predstavljanja knjiga i projekata razli\u010dite tematike, od antike do suvremenosti. Bit \u0107e predstavljeno i nekoliko izlo\u017ebi te odr\u017ean jedan povijesni kviz. Prikazat \u0107emo i jedan film \u2013 o generalu Boroevi\u0107u.\u2026","rel":"","context":"U &quot;Novosti&quot;","block_context":{"text":"Novosti","link":"https:\/\/historiografija.hr\/?cat=3"},"img":{"alt_text":"","src":"https:\/\/i0.wp.com\/historiografija.hr\/wp-content\/uploads\/2026\/04\/Kliofest-2026.jpg?fit=526%2C526&ssl=1&resize=350%2C200","width":350,"height":200,"srcset":"https:\/\/i0.wp.com\/historiografija.hr\/wp-content\/uploads\/2026\/04\/Kliofest-2026.jpg?fit=526%2C526&ssl=1&resize=350%2C200 1x, https:\/\/i0.wp.com\/historiografija.hr\/wp-content\/uploads\/2026\/04\/Kliofest-2026.jpg?fit=526%2C526&ssl=1&resize=525%2C300 1.5x"},"classes":[]},{"id":52569,"url":"https:\/\/historiografija.hr\/?p=52569","url_meta":{"origin":12782,"position":4},"title":"[Predavanje] Ne \u010dekaju\u0107i inspiraciju \u2013 anga\u017eovane intelektualne, kulturalne i umetni\u010dke prakse u me\u0111uratnom periodu: teorija i praksa kriti\u010dke levice u jugoslovenskoj kulturi (YugoLab)","author":"Branimir Jankovi\u0107","date":"21. travnja 2026.","format":false,"excerpt":"U vreme agresivnog ja\u010danja globalne desnice, (pro)fa\u0161isti\u010dkih, rasisti\u010dkih i imperijalisti\u010dkih politika, dok je istovremeno globalna levica izrazito slaba, a progresivni pokreti atomizirani i fragmentisani, va\u017eno je iz savremene perspektive vratiti se revolucionarnim i emancipatorskim zbivanjima u jugoslovenskom (ali i s njima u vezi internacionalnim de\u0161avanjima), kao i dru\u0161tvenoj ulozi kulturalnih\u2026","rel":"","context":"U &quot;Novosti&quot;","block_context":{"text":"Novosti","link":"https:\/\/historiografija.hr\/?cat=3"},"img":{"alt_text":"","src":"","width":0,"height":0},"classes":[]},{"id":52505,"url":"https:\/\/historiografija.hr\/?p=52505","url_meta":{"origin":12782,"position":5},"title":"Izlo\u017eba &#8220;Eschenstock \/ Jasenov prut&#8221;","author":"Branimir Jankovi\u0107","date":"17. travnja 2026.","format":false,"excerpt":"Srpsko narodno vije\u0107e (SNV) i Vizura aperta postavljaju izlo\u017ebu \u0161vicarskog slikara Velimira Ili\u0161evi\u0107a: Eschenstock \/ Jasenov prut. Izlo\u017eba se uz prisustvo autora otvara povodom 81. godi\u0161njice proboja logora\u0161a iz usta\u0161kog logora smrti Jasenovac 22. aprila 2026. u 19 sati u Srpskom kulturnom centru (SKC) u Preradovi\u0107evoj ulici 21 u Zagrebu.\u2026","rel":"","context":"U &quot;Izlo\u017ebe&quot;","block_context":{"text":"Izlo\u017ebe","link":"https:\/\/historiografija.hr\/?cat=10"},"img":{"alt_text":"","src":"https:\/\/i0.wp.com\/historiografija.hr\/wp-content\/uploads\/2026\/04\/Jasenov_prut.jpg?fit=1024%2C640&ssl=1&resize=350%2C200","width":350,"height":200,"srcset":"https:\/\/i0.wp.com\/historiografija.hr\/wp-content\/uploads\/2026\/04\/Jasenov_prut.jpg?fit=1024%2C640&ssl=1&resize=350%2C200 1x, https:\/\/i0.wp.com\/historiografija.hr\/wp-content\/uploads\/2026\/04\/Jasenov_prut.jpg?fit=1024%2C640&ssl=1&resize=525%2C300 1.5x, https:\/\/i0.wp.com\/historiografija.hr\/wp-content\/uploads\/2026\/04\/Jasenov_prut.jpg?fit=1024%2C640&ssl=1&resize=700%2C400 2x"},"classes":[]}],"_links":{"self":[{"href":"https:\/\/historiografija.hr\/index.php?rest_route=\/wp\/v2\/posts\/12782","targetHints":{"allow":["GET"]}}],"collection":[{"href":"https:\/\/historiografija.hr\/index.php?rest_route=\/wp\/v2\/posts"}],"about":[{"href":"https:\/\/historiografija.hr\/index.php?rest_route=\/wp\/v2\/types\/post"}],"author":[{"embeddable":true,"href":"https:\/\/historiografija.hr\/index.php?rest_route=\/wp\/v2\/users\/2"}],"replies":[{"embeddable":true,"href":"https:\/\/historiografija.hr\/index.php?rest_route=%2Fwp%2Fv2%2Fcomments&post=12782"}],"version-history":[{"count":6,"href":"https:\/\/historiografija.hr\/index.php?rest_route=\/wp\/v2\/posts\/12782\/revisions"}],"predecessor-version":[{"id":12930,"href":"https:\/\/historiografija.hr\/index.php?rest_route=\/wp\/v2\/posts\/12782\/revisions\/12930"}],"wp:featuredmedia":[{"embeddable":true,"href":"https:\/\/historiografija.hr\/index.php?rest_route=\/wp\/v2\/media\/12783"}],"wp:attachment":[{"href":"https:\/\/historiografija.hr\/index.php?rest_route=%2Fwp%2Fv2%2Fmedia&parent=12782"}],"wp:term":[{"taxonomy":"category","embeddable":true,"href":"https:\/\/historiografija.hr\/index.php?rest_route=%2Fwp%2Fv2%2Fcategories&post=12782"},{"taxonomy":"post_tag","embeddable":true,"href":"https:\/\/historiografija.hr\/index.php?rest_route=%2Fwp%2Fv2%2Ftags&post=12782"}],"curies":[{"name":"wp","href":"https:\/\/api.w.org\/{rel}","templated":true}]}}