{"id":12680,"date":"2018-12-05T13:05:06","date_gmt":"2018-12-05T13:05:06","guid":{"rendered":"http:\/\/historiografija.hr\/?p=12680"},"modified":"2018-12-05T13:06:39","modified_gmt":"2018-12-05T13:06:39","slug":"upotrebe-prosinackih-zrtava","status":"publish","type":"post","link":"https:\/\/historiografija.hr\/?p=12680","title":{"rendered":"Upotrebe \u201eprosina\u010dkih \u017ertava\u201c"},"content":{"rendered":"<p>Povodom stogodi\u0161njice \u201eprosina\u010dkih \u017ertava\u201c u Zagrebu 5. XII. 1918. dio dana\u0161njih medijskih natpisa pojednostavljuje doga\u0111aj, koristi ga kao argument protiv stvaranja Kraljevine SHS, pre\u0161u\u0107uje socijalne i druge aspekte te ga posve neprimjereno povezuje s \u010ditavim 20. stolje\u0107em i Domovinskim ratom\u2026 Dakako, potpuno suprotno javno dostupnom historiografskom znanju.<\/p>\n<p>&nbsp;<\/p>\n<p><strong>Primjer (zlo)upotrebe \u201eprosina\u010dkih \u017ertava\u201c:<\/strong><\/p>\n<p>&nbsp;<\/p>\n<p><em>Direktno.hr<\/em><\/p>\n<p>&nbsp;<\/p>\n<p>05.12.2018.<\/p>\n<p>&nbsp;<\/p>\n<p>POKOLJ NA TRGU BANA JELA\u010cI\u0106A<\/p>\n<p>&nbsp;<\/p>\n<p>PROSINA\u010cKE \u017dRTVE Hrvati su Beogradu rekli NE, krvoproli\u0107em je nagovije\u0161teno \u0161to \u0107e se doga\u0111ati u ostatku stolje\u0107a<\/p>\n<p>&nbsp;<\/p>\n<p>Prvoga dana prosinca 1918. godine stvorena je Kraljevina Srba, Hrvata i Slovenaca ujedinjenjem Dr\u017eave SHS i Kraljevine Srbije koja je ne\u0161to ranije pripojila podru\u010dje Vojvodine i Kraljevine Crne Gore. Ve\u0107 nekoliko dana kasnije, oni koji su se tome usprotivili, likvidirani su na svirep i kukavi\u010dki na\u010din.<\/p>\n<p>Stvaranje Kraljevine SHS (prve Jugoslavije) uvod je u turbulentno 20. stolje\u0107e koje je zavr\u0161ilo brutalnim i krvavim ratovima &#8217;90-ih i raspadom druge Jugoslavije.<\/p>\n<p>Jugoslavenske vlasti pokazale kakva \u0107e to biti zemlja: velikosrpska, hegemonisti\u010dka, netolerantna i pona\u0161anjem je najavila desetlje\u0107a monarhofa\u0161izma.<\/p>\n<p>&nbsp;<\/p>\n<p>(\u2026)<\/p>\n<p>&nbsp;<\/p>\n<p>Tih dana po\u010dela je bitka za slobodu hrvatskog naroda od velikosrpske hegemonije, a koja je zavr\u0161ena pobjedom u Domovinskom ratu, usprkos nekim idejama koje su jo\u0161 uvijek \u017eive&#8230;<\/p>\n<p>&nbsp;<\/p>\n<p>Izvor:<\/p>\n<p>&nbsp;<\/p>\n<p><a href=\"https:\/\/direktno.hr\/direkt\/prosinacke-zrtve-hrvati-su-beogradu-rekli-ne-krvoprolicem-je-nagovijesteno-sto-ce-se-dogadati-u-ostatku-stoljeca-141099\/\">https:\/\/direktno.hr\/direkt\/prosinacke-zrtve-hrvati-su-beogradu-rekli-ne-krvoprolicem-je-nagovijesteno-sto-ce-se-dogadati-u-ostatku-stoljeca-141099\/<\/a><\/p>\n<p>&nbsp;<\/p>\n<p>Usporediti:<\/p>\n<p>&nbsp;<\/p>\n<p><a href=\"https:\/\/direktno.hr\/direkt\/fotogalerija-domobrani-i-hsp-poklonili-se-prosinackim-zrtvama-jelacic-placu-141121\/\">https:\/\/direktno.hr\/direkt\/fotogalerija-domobrani-i-hsp-poklonili-se-prosinackim-zrtvama-jelacic-placu-141121\/<\/a><\/p>\n<p>&nbsp;<\/p>\n<p><a href=\"https:\/\/narod.hr\/kultura\/5-prosinca-1918-prosinacke-zrtve-sto-je-o-krvavim-dogadajima-i-pokolju-u-zagrebu-pisao-dr-rudolf-horvat\">https:\/\/narod.hr\/kultura\/5-prosinca-1918-prosinacke-zrtve-sto-je-o-krvavim-dogadajima-i-pokolju-u-zagrebu-pisao-dr-rudolf-horvat<\/a><\/p>\n<p>&nbsp;<\/p>\n<p><a href=\"https:\/\/www.24sata.hr\/news\/dan-kad-su-mitraljezima-pucali-po-gra-anima-u-centru-zagreba-603088\">https:\/\/www.24sata.hr\/news\/dan-kad-su-mitraljezima-pucali-po-gra-anima-u-centru-zagreba-603088<\/a><\/p>\n<p>&nbsp;<\/p>\n<p>&#8212;<\/p>\n<p><strong>\u00a0<\/strong><\/p>\n<p><strong>Kontrapunkt<\/strong><\/p>\n<p><strong>\u00a0<\/strong><\/p>\n<p><strong>Historiografsko tuma\u010denje:<\/strong><\/p>\n<p>&nbsp;<\/p>\n<p><em>Hrvatska enciklopedija<\/em><\/p>\n<p>&nbsp;<\/p>\n<p><strong>prosina\u010dke \u017ertve<\/strong>, naziv za doga\u0111aje, koji su se odigrali 5. XII. 1918. u Zagrebu, nedugo nakon progla\u0161enja Kraljevine SHS. Da bi se pokazalo kako Zagrep\u010dani podupiru ujedinjenje u Kraljevinu SHS, Narodno vije\u0107e Dr\u017eave SHS odlu\u010dilo je u Zagrebu organizirati proslavu ujedinjenja te su 5. XII. bili organizirani skupovi potpore ujedinjenju i misa u zagreba\u010dkoj katedrali. Istodobno je krenula povorka nezadovoljnih gra\u0111ana, predvo\u0111ena pripadnicima 25. i 53. pje\u0161a\u010dke (domobranske) pukovnije, koja je izvikivala parole potpore hrvatskoj republici, kao i bolj\u0161evi\u010dkoj revoluciji. Po\u0161to su prosvjednici stigli na Jela\u010di\u0107ev trg, vladine snage (sokola\u0161i i drugi dragovoljci, prista\u0161e Narodnoga vije\u0107a) otpo\u010deli su paljbu iz okolnih ku\u0107a. Pritom je smrtno stradalo 15 osoba, a vi\u0161e od 20 bilo ih je ranjeno. Iste je no\u0107i zagreba\u010dki garnizon bio razoru\u017ean, ubrzo potom bile su ukinute spomenute dvije pukovnije, a vojne funkcije preuzeli su odredi vladine vojske u Zagrebu. Uskoro su bile uvedene izvanredne mjere; bilo je ograni\u010deno radno vrijeme javnih lokala, zabranjeno je okupljanje i javno ogla\u0161avanje. Prosina\u010dke \u017ertve bile su prvi masovni prosvjed protiv novouspostavljene dr\u017eave. \u010cinjenica da su vojnici dviju domobranskih pukovnija izvikivali parole potpore stvaranju hrvatske republike, pa \u010dak i bolj\u0161evi\u010dkoj revoluciji, u hrvatskoj i jugoslavenskoj historiografiji tuma\u010dilo se katkad nacionalnim, a katkad socijalnim stajali\u0161tima i motivima sudionika prosvjeda. No koncem 1918. prosvjedi i pobune vojnika i gra\u0111ana bili su \u010desta pojava, ne samo u Hrvatskoj ve\u0107 i u Njema\u010dkoj, Austriji i Mad\u017earskoj. Socijalisti\u010dke i bolj\u0161evi\u010dke ideje prodirale su me\u0111u vojnike na cijelome podru\u010dju Dr\u017eave SHS. Ideja republikanizma tako\u0111er je bila privla\u010dna i u jednome dijelu stanovni\u0161tva shva\u0107ala se kao ideja o dr\u017eavi bez rata, vojske, neima\u0161tine i poreza te je svaka monarhija bila neprihvatljiva.<\/p>\n<p>&nbsp;<\/p>\n<p>Izvor: <a href=\"http:\/\/www.enciklopedija.hr\/natuknica.aspx?ID=50697\">http:\/\/www.enciklopedija.hr\/natuknica.aspx?ID=50697<\/a><\/p>\n<p>&nbsp;<\/p>\n","protected":false},"excerpt":{"rendered":"","protected":false},"author":2,"featured_media":12681,"comment_status":"open","ping_status":"open","sticky":false,"template":"","format":"standard","meta":{"_acf_changed":false,"jetpack_post_was_ever_published":false,"_jetpack_newsletter_access":"","_jetpack_dont_email_post_to_subs":false,"_jetpack_newsletter_tier_id":0,"_jetpack_memberships_contains_paywalled_content":false,"_jetpack_memberships_contains_paid_content":false,"footnotes":"","jetpack_publicize_message":"","jetpack_publicize_feature_enabled":true,"jetpack_social_post_already_shared":true,"jetpack_social_options":{"image_generator_settings":{"template":"highway","default_image_id":0,"font":"","enabled":false},"version":2}},"categories":[3,17],"tags":[],"class_list":["post-12680","post","type-post","status-publish","format-standard","has-post-thumbnail","hentry","category-novosti","category-rasprave"],"acf":{"facebook_opis":""},"jetpack_publicize_connections":[],"jetpack_featured_media_url":"https:\/\/i0.wp.com\/historiografija.hr\/wp-content\/uploads\/2018\/12\/Prosvjedi_5_prosinca_1918_MGZ.jpg?fit=1000%2C735&ssl=1","jetpack_sharing_enabled":true,"jetpack-related-posts":[{"id":52616,"url":"https:\/\/historiografija.hr\/?p=52616","url_meta":{"origin":12680,"position":0},"title":"No\u0107 knjige 2026.","author":"Branimir Jankovi\u0107","date":"22. travnja 2026.","format":false,"excerpt":"Slavljeni\u010dka 15. No\u0107 knjige odr\u017eat \u0107e se 23. travnja diljem Hrvatske u povodu Svjetskog dana knjige i autorskih prava te Dana hrvatske knjige. S vi\u0161e od 1.000 prijavljenih programa i akcija s pravom nosi epitet najmasovnije doma\u0107e kulturne manifestacije, a ove \u0107e godine prote\u0107i u znaku mira, razumijevanja, tolerancije, srodnosti\u2026","rel":"","context":"U &quot;Novosti&quot;","block_context":{"text":"Novosti","link":"https:\/\/historiografija.hr\/?cat=3"},"img":{"alt_text":"","src":"https:\/\/i0.wp.com\/historiografija.hr\/wp-content\/uploads\/2026\/04\/noc_knjige_2026.jpg?fit=680%2C276&ssl=1&resize=350%2C200","width":350,"height":200,"srcset":"https:\/\/i0.wp.com\/historiografija.hr\/wp-content\/uploads\/2026\/04\/noc_knjige_2026.jpg?fit=680%2C276&ssl=1&resize=350%2C200 1x, https:\/\/i0.wp.com\/historiografija.hr\/wp-content\/uploads\/2026\/04\/noc_knjige_2026.jpg?fit=680%2C276&ssl=1&resize=525%2C300 1.5x"},"classes":[]},{"id":52502,"url":"https:\/\/historiografija.hr\/?p=52502","url_meta":{"origin":12680,"position":1},"title":"Novi znanstveni projekt Hrvatskog instituta za povijest: \u201c\u017drtve ratova i dr\u017eavnog\/politi\u010dkog nasilja u hrvatskoj povijesti 20. stolje\u0107a\u201d","author":"Branimir Jankovi\u0107","date":"17. travnja 2026.","format":false,"excerpt":"Na redovitoj sjednici Vlade RH, 16. travnja 2026., donijet je Zaklju\u010dak kojim se pokre\u0107e znanstveni projekt \u201c\u017drtve ratova i dr\u017eavnog\/politi\u010dkog nasilja u hrvatskoj povijesti 20. stolje\u0107a\u201d. Projekt \u0107e provoditi i koordinirati Hrvatski institut za povijest u razdoblju trajanja projekta od pet godina. Zakljucak Vlade RH Iz teksta projektnog prijedloga: Problematika\u2026","rel":"","context":"U &quot;Novosti&quot;","block_context":{"text":"Novosti","link":"https:\/\/historiografija.hr\/?cat=3"},"img":{"alt_text":"","src":"https:\/\/i0.wp.com\/historiografija.hr\/wp-content\/uploads\/2026\/04\/Vlada-RH.jpg?fit=1200%2C557&ssl=1&resize=350%2C200","width":350,"height":200,"srcset":"https:\/\/i0.wp.com\/historiografija.hr\/wp-content\/uploads\/2026\/04\/Vlada-RH.jpg?fit=1200%2C557&ssl=1&resize=350%2C200 1x, https:\/\/i0.wp.com\/historiografija.hr\/wp-content\/uploads\/2026\/04\/Vlada-RH.jpg?fit=1200%2C557&ssl=1&resize=525%2C300 1.5x, https:\/\/i0.wp.com\/historiografija.hr\/wp-content\/uploads\/2026\/04\/Vlada-RH.jpg?fit=1200%2C557&ssl=1&resize=700%2C400 2x, https:\/\/i0.wp.com\/historiografija.hr\/wp-content\/uploads\/2026\/04\/Vlada-RH.jpg?fit=1200%2C557&ssl=1&resize=1050%2C600 3x"},"classes":[]},{"id":52578,"url":"https:\/\/historiografija.hr\/?p=52578","url_meta":{"origin":12680,"position":2},"title":"Poziv za sudjelovanje: XXII. Dani Julija Bene\u0161i\u0107a u Iloku","author":"Branimir Jankovi\u0107","date":"21. travnja 2026.","format":false,"excerpt":"Zavod za lingvisti\u010dka istra\u017eivanja Hrvatske akademije znanosti i umjetnosti, zajedno s Muzejom grada Iloka, organizira XXII. Dane Julija Bene\u0161i\u0107a, koji \u0107e se odr\u017eati od 28. do 30. listopada 2026. u Iloku.\u00a0Teme ovogodi\u0161njih Dana podijeljene su u dvije cjeline: Knji\u017eevno-jezikoslovni d\u00ecv\u0101n s Bene\u0161i\u0107em te Ilok i Srijem u povijesnim stalnicama i\u2026","rel":"","context":"U &quot;Novosti&quot;","block_context":{"text":"Novosti","link":"https:\/\/historiografija.hr\/?cat=3"},"img":{"alt_text":"","src":"https:\/\/i0.wp.com\/historiografija.hr\/wp-content\/uploads\/2019\/10\/HE2_Benesic.jpg?fit=413%2C591&ssl=1&resize=350%2C200","width":350,"height":200},"classes":[]},{"id":52536,"url":"https:\/\/historiografija.hr\/?p=52536","url_meta":{"origin":12680,"position":3},"title":"Kader Abdolah, \u201ePrije nego \u0161to bude kasno\u201c","author":"Branimir Jankovi\u0107","date":"20. travnja 2026.","format":false,"excerpt":"Kader Abdolah \u017eeli se vratiti ku\u0107i. Ali povratak je nemogu\u0107: u Iranu bi bio uhap\u0161en. Pod la\u017enim imenom i s krivotvorenim paso\u0161em ipak uspijeva u\u0107i u domovinu i sti\u017ee do roditeljske ku\u0107e, visoko u planinama. Majka ga ne prepoznaje, otac je mrtav, a sve \u0161to je tra\u017eio izmi\u010de mu pred\u2026","rel":"","context":"U &quot;Novosti&quot;","block_context":{"text":"Novosti","link":"https:\/\/historiografija.hr\/?cat=3"},"img":{"alt_text":"","src":"https:\/\/i0.wp.com\/historiografija.hr\/wp-content\/uploads\/2026\/04\/Prije-nego-sto-bude-kasno.webp?fit=566%2C872&ssl=1&resize=350%2C200","width":350,"height":200,"srcset":"https:\/\/i0.wp.com\/historiografija.hr\/wp-content\/uploads\/2026\/04\/Prije-nego-sto-bude-kasno.webp?fit=566%2C872&ssl=1&resize=350%2C200 1x, https:\/\/i0.wp.com\/historiografija.hr\/wp-content\/uploads\/2026\/04\/Prije-nego-sto-bude-kasno.webp?fit=566%2C872&ssl=1&resize=525%2C300 1.5x"},"classes":[]},{"id":52619,"url":"https:\/\/historiografija.hr\/?p=52619","url_meta":{"origin":12680,"position":4},"title":"Predavanje \u0110ur\u0111ice Vitkovi\u0107 &#8220;Izme\u0111u pera i objektiva: Zagorka i Foto Tonka&#8221;","author":"Branimir Jankovi\u0107","date":"23. travnja 2026.","format":false,"excerpt":"Memorijalni stan Marije Juri\u0107 Zagorke poziva Vas na predavanje \u0110ur\u0111ice Vitkovi\u0107 \u201eIzme\u0111u pera i objektiva: Zagorka i Foto Tonka\u201c koje \u0107e se odr\u017eati u utorak, 28. travnja 2026. s po\u010detkom u 18 h u sklopu Ciklusa predavanja u Memorijalnom stanu Marije Juri\u0107 Zagorke. Kako su se susrele knji\u017eevnost i fotografija\u2026","rel":"","context":"U &quot;Novosti&quot;","block_context":{"text":"Novosti","link":"https:\/\/historiografija.hr\/?cat=3"},"img":{"alt_text":"","src":"https:\/\/i0.wp.com\/historiografija.hr\/wp-content\/uploads\/2024\/11\/Zagorka_ciklus.jpg?fit=1200%2C1006&ssl=1&resize=350%2C200","width":350,"height":200,"srcset":"https:\/\/i0.wp.com\/historiografija.hr\/wp-content\/uploads\/2024\/11\/Zagorka_ciklus.jpg?fit=1200%2C1006&ssl=1&resize=350%2C200 1x, https:\/\/i0.wp.com\/historiografija.hr\/wp-content\/uploads\/2024\/11\/Zagorka_ciklus.jpg?fit=1200%2C1006&ssl=1&resize=525%2C300 1.5x, https:\/\/i0.wp.com\/historiografija.hr\/wp-content\/uploads\/2024\/11\/Zagorka_ciklus.jpg?fit=1200%2C1006&ssl=1&resize=700%2C400 2x, https:\/\/i0.wp.com\/historiografija.hr\/wp-content\/uploads\/2024\/11\/Zagorka_ciklus.jpg?fit=1200%2C1006&ssl=1&resize=1050%2C600 3x"},"classes":[]},{"id":52505,"url":"https:\/\/historiografija.hr\/?p=52505","url_meta":{"origin":12680,"position":5},"title":"Izlo\u017eba &#8220;Eschenstock \/ Jasenov prut&#8221;","author":"Branimir Jankovi\u0107","date":"17. travnja 2026.","format":false,"excerpt":"Srpsko narodno vije\u0107e (SNV) i Vizura aperta postavljaju izlo\u017ebu \u0161vicarskog slikara Velimira Ili\u0161evi\u0107a: Eschenstock \/ Jasenov prut. Izlo\u017eba se uz prisustvo autora otvara povodom 81. godi\u0161njice proboja logora\u0161a iz usta\u0161kog logora smrti Jasenovac 22. aprila 2026. u 19 sati u Srpskom kulturnom centru (SKC) u Preradovi\u0107evoj ulici 21 u Zagrebu.\u2026","rel":"","context":"U &quot;Izlo\u017ebe&quot;","block_context":{"text":"Izlo\u017ebe","link":"https:\/\/historiografija.hr\/?cat=10"},"img":{"alt_text":"","src":"https:\/\/i0.wp.com\/historiografija.hr\/wp-content\/uploads\/2026\/04\/Jasenov_prut.jpg?fit=1024%2C640&ssl=1&resize=350%2C200","width":350,"height":200,"srcset":"https:\/\/i0.wp.com\/historiografija.hr\/wp-content\/uploads\/2026\/04\/Jasenov_prut.jpg?fit=1024%2C640&ssl=1&resize=350%2C200 1x, https:\/\/i0.wp.com\/historiografija.hr\/wp-content\/uploads\/2026\/04\/Jasenov_prut.jpg?fit=1024%2C640&ssl=1&resize=525%2C300 1.5x, https:\/\/i0.wp.com\/historiografija.hr\/wp-content\/uploads\/2026\/04\/Jasenov_prut.jpg?fit=1024%2C640&ssl=1&resize=700%2C400 2x"},"classes":[]}],"_links":{"self":[{"href":"https:\/\/historiografija.hr\/index.php?rest_route=\/wp\/v2\/posts\/12680","targetHints":{"allow":["GET"]}}],"collection":[{"href":"https:\/\/historiografija.hr\/index.php?rest_route=\/wp\/v2\/posts"}],"about":[{"href":"https:\/\/historiografija.hr\/index.php?rest_route=\/wp\/v2\/types\/post"}],"author":[{"embeddable":true,"href":"https:\/\/historiografija.hr\/index.php?rest_route=\/wp\/v2\/users\/2"}],"replies":[{"embeddable":true,"href":"https:\/\/historiografija.hr\/index.php?rest_route=%2Fwp%2Fv2%2Fcomments&post=12680"}],"version-history":[{"count":3,"href":"https:\/\/historiografija.hr\/index.php?rest_route=\/wp\/v2\/posts\/12680\/revisions"}],"predecessor-version":[{"id":12684,"href":"https:\/\/historiografija.hr\/index.php?rest_route=\/wp\/v2\/posts\/12680\/revisions\/12684"}],"wp:featuredmedia":[{"embeddable":true,"href":"https:\/\/historiografija.hr\/index.php?rest_route=\/wp\/v2\/media\/12681"}],"wp:attachment":[{"href":"https:\/\/historiografija.hr\/index.php?rest_route=%2Fwp%2Fv2%2Fmedia&parent=12680"}],"wp:term":[{"taxonomy":"category","embeddable":true,"href":"https:\/\/historiografija.hr\/index.php?rest_route=%2Fwp%2Fv2%2Fcategories&post=12680"},{"taxonomy":"post_tag","embeddable":true,"href":"https:\/\/historiografija.hr\/index.php?rest_route=%2Fwp%2Fv2%2Ftags&post=12680"}],"curies":[{"name":"wp","href":"https:\/\/api.w.org\/{rel}","templated":true}]}}