{"id":12629,"date":"2018-12-03T13:16:18","date_gmt":"2018-12-03T13:16:18","guid":{"rendered":"http:\/\/historiografija.hr\/?p=12629"},"modified":"2018-12-03T13:16:18","modified_gmt":"2018-12-03T13:16:18","slug":"book-launch-world-war-one-in-central-and-eastern-europe","status":"publish","type":"post","link":"https:\/\/historiografija.hr\/?p=12629","title":{"rendered":"Book Launch &#8216;World War One in Central and Eastern Europe&#8217;"},"content":{"rendered":"<p>U utorak, 4. prosinca 2018. u Dublinu bit \u0107e predstavljena knjiga \u201cWorld War I in Central and Eastern Europe: Politics, Conflict and Military Experience\u201d.<\/p>\n<p>&nbsp;<\/p>\n<p>&#8212;<\/p>\n<p>&nbsp;<\/p>\n<p><strong>World War I in Central and Eastern Europe: Politics, Conflict and Military Experience<\/strong><\/p>\n<p><strong>\u00a0<\/strong><\/p>\n<p>Edited by: Judith Devlin, John Paul Newman, Maria Falina<\/p>\n<p>&nbsp;<\/p>\n<p>In the English language World War I has largely been analysed and understood through the lens of the Western Front. This book addresses this imbalance by examining the war in Eastern and Central Europe. The historiography of the war in the West has increasingly focused on the experience of ordinary soldiers and civilians, the relationships between them and the impact of war at the time and subsequently. This book takes up these themes and, engaging with the approaches and conclusions of historians of the Western front, examines wartime experiences and the memory of war in the East. Analysing soldiers&#8217; letters and diaries to discover the nature and impact of displacement and refugee status on memory, this volume offers a basis for comparison between experiences in these two areas. It also provides material for intra-regional comparisons that are still missing from the current research. Was the war in the East wholly `other&#8217;? Were soldiers in this region as alienated as those in the West? Did they see themselves as citizens and was there continuity between their pre-war or civilian and military identities? And if, in the Eastern context, these identities were fundamentally challenged, was it the experience of war itself or its consequences (in the shape of imprisonment and displacement, and changing borders) that mattered most? How did soldiers and citizens in this region experience and react to the traumas and upheavals of war and with what consequences for the post-war era? In seeking to answer these questions and others, this volume significantly adds to our understanding of World War I as experienced in Central and Eastern Europe.<\/p>\n<p>&nbsp;<\/p>\n<p>Izvori i dodatne informacije:<\/p>\n<p>&nbsp;<\/p>\n<p><a href=\"https:\/\/www.facebook.com\/events\/344941532749942\/\">https:\/\/www.facebook.com\/events\/344941532749942\/<\/a><\/p>\n<p>&nbsp;<\/p>\n<p><a href=\"https:\/\/www.ibtauris.com\/books\/humanities\/history\/military%20history\/first%20world%20war\/world%20war%20i%20in%20central%20and%20eastern%20europe%20politics%20conflict%20and%20military%20experience\">https:\/\/www.ibtauris.com\/books\/humanities\/history\/military%20history\/first%20world%20war\/world%20war%20i%20in%20central%20and%20eastern%20europe%20politics%20conflict%20and%20military%20experience<\/a><\/p>\n<p>&nbsp;<\/p>\n<p>&nbsp;<\/p>\n<p>&nbsp;<\/p>\n","protected":false},"excerpt":{"rendered":"","protected":false},"author":2,"featured_media":12630,"comment_status":"open","ping_status":"open","sticky":false,"template":"","format":"standard","meta":{"_acf_changed":false,"jetpack_post_was_ever_published":false,"_jetpack_newsletter_access":"","_jetpack_dont_email_post_to_subs":false,"_jetpack_newsletter_tier_id":0,"_jetpack_memberships_contains_paywalled_content":false,"_jetpack_memberships_contains_paid_content":false,"footnotes":"","jetpack_publicize_message":"","jetpack_publicize_feature_enabled":true,"jetpack_social_post_already_shared":true,"jetpack_social_options":{"image_generator_settings":{"template":"highway","default_image_id":0,"font":"","enabled":false},"version":2}},"categories":[3],"tags":[],"class_list":["post-12629","post","type-post","status-publish","format-standard","has-post-thumbnail","hentry","category-novosti"],"acf":{"facebook_opis":""},"jetpack_publicize_connections":[],"jetpack_featured_media_url":"https:\/\/i0.wp.com\/historiografija.hr\/wp-content\/uploads\/2018\/12\/Tauris.png?fit=427%2C666&ssl=1","jetpack_sharing_enabled":true,"jetpack-related-posts":[{"id":52688,"url":"https:\/\/historiografija.hr\/?p=52688","url_meta":{"origin":12629,"position":0},"title":"Eleonora Naxidou and Yura Konstantinova \u201eBalkan Perspectives of Europe: Between East and West\u201c","author":"Filip \u0160imunjak","date":"28. travnja 2026.","format":false,"excerpt":"Through the lens of the Balkan nations, this volume makes a valuable and significant contribution to the fields of European and Southeast European studies by reconsidering the East\/West dichotomy \u2013 both in terms of the Orient\u2013Occident divide and the Eastern\u2013Western Europe binary. Balkan Perspectives of Europe focuses on concepts of\u2026","rel":"","context":"U &quot;Knjige&quot;","block_context":{"text":"Knjige","link":"https:\/\/historiografija.hr\/?cat=8"},"img":{"alt_text":"","src":"https:\/\/i0.wp.com\/historiografija.hr\/wp-content\/uploads\/2026\/04\/Balkan-Perspectives-of-Europe-Between-East-and-West.jpg?fit=350%2C525&ssl=1&resize=350%2C200","width":350,"height":200},"classes":[]},{"id":52768,"url":"https:\/\/historiografija.hr\/?p=52768","url_meta":{"origin":12629,"position":1},"title":"Poziv za prijavu na me\u0111unarodni ljetni kamp za mlade \u201cYouth in Cold-War Europe\u201d","author":"Filip \u0160imunjak","date":"30. travnja 2026.","format":false,"excerpt":"Otvoren je poziv za prijavu na me\u0111unarodni ljetni kamp \"Youth in Cold-War Europe\", koji se odr\u017eava od 28.08. do 06.09. 2026. godine u Weimaru (Njema\u010dka). Kamp se odr\u017eava u organizaciji Europskog centra za obrazovanje mladih (EJBW) iz Weimara i njegovih me\u0111unarodnih partnera, te uz financijsku podr\u0161ku Europske unije i Savezne\u2026","rel":"","context":"U &quot;Novosti&quot;","block_context":{"text":"Novosti","link":"https:\/\/historiografija.hr\/?cat=3"},"img":{"alt_text":"","src":"https:\/\/i0.wp.com\/historiografija.hr\/wp-content\/uploads\/2026\/04\/LJETNI-KAMP-ZA-MLADE-YOUTH-IN-COLD-WAR-EUROPE.jpg?fit=667%2C375&ssl=1&resize=350%2C200","width":350,"height":200,"srcset":"https:\/\/i0.wp.com\/historiografija.hr\/wp-content\/uploads\/2026\/04\/LJETNI-KAMP-ZA-MLADE-YOUTH-IN-COLD-WAR-EUROPE.jpg?fit=667%2C375&ssl=1&resize=350%2C200 1x, https:\/\/i0.wp.com\/historiografija.hr\/wp-content\/uploads\/2026\/04\/LJETNI-KAMP-ZA-MLADE-YOUTH-IN-COLD-WAR-EUROPE.jpg?fit=667%2C375&ssl=1&resize=525%2C300 1.5x"},"classes":[]},{"id":52580,"url":"https:\/\/historiografija.hr\/?p=52580","url_meta":{"origin":12629,"position":2},"title":"Conference &#8220;Living in the aftermaths: Trauma, politics and survival in Yugoslavia and successor states, 1945 \u2013 present&#8221;","author":"Branimir Jankovi\u0107","date":"21. travnja 2026.","format":false,"excerpt":"The conference aims to explore how war-related psychological distress was experienced, narrated, debated and reframed in Yugoslavia in the second half of the twentieth century. It asks how the theme of wounded psyche and wartime suffering was addressed and acknowledged in political, psychiatric and broader cultural discourses of socialist Yugoslavia,\u2026","rel":"","context":"U &quot;Novosti&quot;","block_context":{"text":"Novosti","link":"https:\/\/historiografija.hr\/?cat=3"},"img":{"alt_text":"","src":"https:\/\/i0.wp.com\/historiografija.hr\/wp-content\/uploads\/2026\/04\/Battle_of_Neretva_Picasso_poster-Conference-Living-in-the-aftermaths.webp?fit=564%2C954&ssl=1&resize=350%2C200","width":350,"height":200,"srcset":"https:\/\/i0.wp.com\/historiografija.hr\/wp-content\/uploads\/2026\/04\/Battle_of_Neretva_Picasso_poster-Conference-Living-in-the-aftermaths.webp?fit=564%2C954&ssl=1&resize=350%2C200 1x, https:\/\/i0.wp.com\/historiografija.hr\/wp-content\/uploads\/2026\/04\/Battle_of_Neretva_Picasso_poster-Conference-Living-in-the-aftermaths.webp?fit=564%2C954&ssl=1&resize=525%2C300 1.5x"},"classes":[]},{"id":52643,"url":"https:\/\/historiografija.hr\/?p=52643","url_meta":{"origin":12629,"position":3},"title":"BRACEWELL TRAVELLING SCHOLARSHIP\u202fFOR PHD STUDENTS (DEADLINE: 30TH APRIL 2026)","author":"Branimir Jankovi\u0107","date":"24. travnja 2026.","format":false,"excerpt":"The Bracewell Travelling Scholarship\u202fis funded by a gift from SSEES Emeritus Professor of History Wendy Bracewell, whose research examines South Slav history, and travel writing in eastern Europe. The Scholarship honours the long tradition of mutual curiosity between the UK and eastern, central and southeastern Europe by supporting PhD students\u2026","rel":"","context":"U &quot;Novosti&quot;","block_context":{"text":"Novosti","link":"https:\/\/historiografija.hr\/?cat=3"},"img":{"alt_text":"","src":"https:\/\/i0.wp.com\/historiografija.hr\/wp-content\/uploads\/2026\/04\/Bracewell-Travelling-Scholarship-.webp?fit=980%2C700&ssl=1&resize=350%2C200","width":350,"height":200,"srcset":"https:\/\/i0.wp.com\/historiografija.hr\/wp-content\/uploads\/2026\/04\/Bracewell-Travelling-Scholarship-.webp?fit=980%2C700&ssl=1&resize=350%2C200 1x, https:\/\/i0.wp.com\/historiografija.hr\/wp-content\/uploads\/2026\/04\/Bracewell-Travelling-Scholarship-.webp?fit=980%2C700&ssl=1&resize=525%2C300 1.5x, https:\/\/i0.wp.com\/historiografija.hr\/wp-content\/uploads\/2026\/04\/Bracewell-Travelling-Scholarship-.webp?fit=980%2C700&ssl=1&resize=700%2C400 2x"},"classes":[]},{"id":52586,"url":"https:\/\/historiografija.hr\/?p=52586","url_meta":{"origin":12629,"position":4},"title":"Aur\u00e9lie Daher, \u201eHezbollah: Mobilisation and Power\u201c","author":"Branimir Jankovi\u0107","date":"22. travnja 2026.","format":false,"excerpt":"Morning Star \u2018Book of the Year\u2019 Social movement, liberation party or terrorist group? With Hezbollah\u2019s growing involvement in the war in Syria, this study of its impact on Lebanon, drawing heavily on first-hand interviews, could not be more timely. Description Almost forty years after its foundation, Hezbollah remains an enigma.\u2026","rel":"","context":"U &quot;Knjige&quot;","block_context":{"text":"Knjige","link":"https:\/\/historiografija.hr\/?cat=8"},"img":{"alt_text":"","src":"https:\/\/i0.wp.com\/historiografija.hr\/wp-content\/uploads\/2026\/04\/Daher-Hezbollah.jpg?fit=600%2C931&ssl=1&resize=350%2C200","width":350,"height":200,"srcset":"https:\/\/i0.wp.com\/historiografija.hr\/wp-content\/uploads\/2026\/04\/Daher-Hezbollah.jpg?fit=600%2C931&ssl=1&resize=350%2C200 1x, https:\/\/i0.wp.com\/historiografija.hr\/wp-content\/uploads\/2026\/04\/Daher-Hezbollah.jpg?fit=600%2C931&ssl=1&resize=525%2C300 1.5x"},"classes":[]},{"id":52692,"url":"https:\/\/historiografija.hr\/?p=52692","url_meta":{"origin":12629,"position":5},"title":"Florian Bieber \u201eHvar in the Modern Age: Identity and Change in Southeast Europe\u201c","author":"Filip \u0160imunjak","date":"28. travnja 2026.","format":false,"excerpt":"Description\u00a0 In this open-access book, Florian Bieber traces the history of the Adriatic island of Hvar over half a millennium, from the advent of Venetian rule in the 15th century to the end of Yugoslavia in the late 20th century. The history of Hvar tells a larger story about modernity,\u2026","rel":"","context":"U &quot;Knjige&quot;","block_context":{"text":"Knjige","link":"https:\/\/historiografija.hr\/?cat=8"},"img":{"alt_text":"","src":"https:\/\/i0.wp.com\/historiografija.hr\/wp-content\/uploads\/2026\/04\/Florian-Bieber-Hvar-in-the-Modern-Age-Identity-and-Change-in-Southeast-Europe.webp?fit=540%2C810&ssl=1&resize=350%2C200","width":350,"height":200,"srcset":"https:\/\/i0.wp.com\/historiografija.hr\/wp-content\/uploads\/2026\/04\/Florian-Bieber-Hvar-in-the-Modern-Age-Identity-and-Change-in-Southeast-Europe.webp?fit=540%2C810&ssl=1&resize=350%2C200 1x, https:\/\/i0.wp.com\/historiografija.hr\/wp-content\/uploads\/2026\/04\/Florian-Bieber-Hvar-in-the-Modern-Age-Identity-and-Change-in-Southeast-Europe.webp?fit=540%2C810&ssl=1&resize=525%2C300 1.5x"},"classes":[]}],"_links":{"self":[{"href":"https:\/\/historiografija.hr\/index.php?rest_route=\/wp\/v2\/posts\/12629","targetHints":{"allow":["GET"]}}],"collection":[{"href":"https:\/\/historiografija.hr\/index.php?rest_route=\/wp\/v2\/posts"}],"about":[{"href":"https:\/\/historiografija.hr\/index.php?rest_route=\/wp\/v2\/types\/post"}],"author":[{"embeddable":true,"href":"https:\/\/historiografija.hr\/index.php?rest_route=\/wp\/v2\/users\/2"}],"replies":[{"embeddable":true,"href":"https:\/\/historiografija.hr\/index.php?rest_route=%2Fwp%2Fv2%2Fcomments&post=12629"}],"version-history":[{"count":1,"href":"https:\/\/historiografija.hr\/index.php?rest_route=\/wp\/v2\/posts\/12629\/revisions"}],"predecessor-version":[{"id":12631,"href":"https:\/\/historiografija.hr\/index.php?rest_route=\/wp\/v2\/posts\/12629\/revisions\/12631"}],"wp:featuredmedia":[{"embeddable":true,"href":"https:\/\/historiografija.hr\/index.php?rest_route=\/wp\/v2\/media\/12630"}],"wp:attachment":[{"href":"https:\/\/historiografija.hr\/index.php?rest_route=%2Fwp%2Fv2%2Fmedia&parent=12629"}],"wp:term":[{"taxonomy":"category","embeddable":true,"href":"https:\/\/historiografija.hr\/index.php?rest_route=%2Fwp%2Fv2%2Fcategories&post=12629"},{"taxonomy":"post_tag","embeddable":true,"href":"https:\/\/historiografija.hr\/index.php?rest_route=%2Fwp%2Fv2%2Ftags&post=12629"}],"curies":[{"name":"wp","href":"https:\/\/api.w.org\/{rel}","templated":true}]}}