{"id":12624,"date":"2018-12-03T12:52:45","date_gmt":"2018-12-03T12:52:45","guid":{"rendered":"http:\/\/historiografija.hr\/?p=12624"},"modified":"2018-12-03T12:52:45","modified_gmt":"2018-12-03T12:52:45","slug":"predavanje-milivoja-beslina-stoljece-jugoslavije","status":"publish","type":"post","link":"https:\/\/historiografija.hr\/?p=12624","title":{"rendered":"Predavanje Milivoja Be\u0161lina \u201cStolje\u0107e Jugoslavije\u201d"},"content":{"rendered":"<p>Centar za historijska istra\u017eivanja (CeHIS) na Filozofskom fakultetu u Sarajevu organizira u srijedu, 5. prosinca 2018. u 18 sati predavanje Milivoja Be\u0161lina (Univerzitet u Beogradu) pod naslovom \u201eStolje\u0107e Jugoslavije\u201c.<\/p>\n<p>&nbsp;<\/p>\n<p>&#8212;<\/p>\n<p>&nbsp;<\/p>\n<p>Tribina Centra za historijska istra\u017eivanja (CeHIS)<\/p>\n<p>&nbsp;<\/p>\n<p>\u201eStolje\u0107e Jugoslavije\u201c<\/p>\n<p>&nbsp;<\/p>\n<p>Centar za historijska istra\u017eivanja (CeHIS) na Filozofskom fakultetu u Sarajevu organizuje predavanje dr. sc. Milivoja Be\u0161lina (Univerzitet u Beogradu) pod naslovom \u201eStolje\u0107e Jugoslavije\u201c. Predavanje \u0107e biti odr\u017eano u srijedu, 5. decembra 2018. godine s po\u010detkom u 18:00 sati u sali 30 (Mali amfiteatar).<\/p>\n<p>&nbsp;<\/p>\n<p>Milivoj Be\u0161lin, nau\u010dni saradnik Instituta za filozofiju i dru\u0161tvenu teoriju Univerziteta u Beogradu, pripada mla\u0111oj generaciji histori\u010dara koji je svoje istra\u017eiva\u010dke projekte orijentirao prema istra\u017eivanju tema savremene historije s posebnim fokusom na p\u043eliti\u010dku i dru\u0161tv\u0435nu hist\u043eri\u0458u s\u043eci\u0458\u0430listi\u010dk\u0435 \u0408ug\u043esl\u0430vi\u0458\u0435; studi\u0458 n\u0430ci\u043en\u0430lizm\u0430; t\u0435\u043eri\u0458u m\u043ed\u0435rniz\u0430ci\u0458\u0435; t\u0435\u043eri\u0458u hist\u043eri\u0458\u0435; p\u043eku\u0161\u0430\u0458e r\u0435f\u043ermi u drugoj \u0408ug\u043esl\u0430vi\u0458i; \u043edn\u043es \u0458ug\u043eslav\u0435nskih k\u043emunist\u0430 pr\u0435m\u0430 srpsk\u043em n\u0430ci\u043en\u0430lizmu; nacionalnom pitanju u Srbiji u drugoj polovini 20. stolje\u0107a. Tako\u0111er, svojim dosada\u0161njim radovima tretirao je i s\u043ev\u0458\u0435tsk\u043e-\u0458ug\u043eslav\u0435nske \u043edn\u043ese; stud\u0435ntske d\u0435m\u043enstr\u0430ci\u0458e 1968; \u043edn\u043es Kr\u0430lj\u0435vin\u0435 \u0408ug\u043esl\u0430vi\u0458\u0435 pr\u0435m\u0430 Gr\u0430\u0111\u0430nsk\u043em r\u0430tu u \u0160p\u0430ni\u0458i; utic\u0430\u0458 i k\u0430r\u0430kt\u0435r \u201e\u017eut\u0435\u201c \u0161t\u0430mp\u0435 u b\u0435\u043egr\u0430dsk\u043e\u0458 \u0458\u0430vn\u043esti u me\u0111uratnom razdoblju; \u043esn\u043evne \u0435l\u0435m\u0435nte \u0458ug\u043eslav\u0435nsk\u043eg f\u0435d\u0435r\u0430lizm\u0430 \u2013 konstituisanje i razvoj; srpsk\u043e-hrv\u0430tske \u043edn\u043ese u drug\u043e\u0458 \u0408ug\u043esl\u0430vi\u0458i; pr\u043ebl\u0435m \u0430ntif\u0430\u0161izm\u0430 i hist\u043eri\u0458sk\u043eg r\u0435vizi\u043enizm\u0430; Drugi svj\u0435tski r\u0430t u \u0408ug\u043esl\u0430vi\u0458i; \u0430ut\u043en\u043emi\u0458u V\u043e\u0458v\u043edin\u0435 u \u0458ug\u043eslav\u0435nsk\u043em f\u0435d\u0435r\u0430lizmu; ulogu Jugoslavije u Ma\u0111arskoj revoluciji 1956; problem intelektualnog anga\u017emana i nacionalizma; revizionisti\u010dke izazove historiografskoj metodologiji; idejom i praksom \u201cevrokomunizma\u201d kao teorijom \u201ctre\u0107eg puta\u201d itd.<\/p>\n<p>&nbsp;<\/p>\n<p>Ovom tribinom Centar za historijska istra\u017eivanja nastavlja svoje aktivnosti u skladu sa planom rada za teku\u0107u akademsku godinu, a u cilju ostvarenja misije Centra, afirmacije nau\u010dnoistra\u017eiva\u010dkog rada u oblasti historiografije i ja\u010danja komunikacije bosanskohercegova\u010dke sa susjednim i drugim historiografijama.<\/p>\n<p>&nbsp;<\/p>\n<p>Plakat:<\/p>\n<p><a href=\"http:\/\/ff.unsa.ba\/files\/CeHIS\/2018\/dec\/plakat.beslin.pdf\">http:\/\/ff.unsa.ba\/files\/CeHIS\/2018\/dec\/plakat.beslin.pdf<\/a><\/p>\n<p>&nbsp;<\/p>\n<p>Izvori:<\/p>\n<p>&nbsp;<\/p>\n<p><a href=\"http:\/\/ff.unsa.ba\/index.php\/bs\/oglasna-ploca-centra-za-historijska-istrazivanja\/5955-tribina-centra-za-historijska-istrazivanja-cehis-stoljece-jugoslavije\">http:\/\/ff.unsa.ba\/index.php\/bs\/oglasna-ploca-centra-za-historijska-istrazivanja\/5955-tribina-centra-za-historijska-istrazivanja-cehis-stoljece-jugoslavije<\/a><\/p>\n<p>&nbsp;<\/p>\n<p><a href=\"https:\/\/www.facebook.com\/Centar.HIS\/\">https:\/\/www.facebook.com\/Centar.HIS\/<\/a><\/p>\n<p>&nbsp;<\/p>\n","protected":false},"excerpt":{"rendered":"","protected":false},"author":2,"featured_media":12625,"comment_status":"open","ping_status":"open","sticky":false,"template":"","format":"standard","meta":{"_acf_changed":false,"jetpack_post_was_ever_published":false,"_jetpack_newsletter_access":"","_jetpack_dont_email_post_to_subs":false,"_jetpack_newsletter_tier_id":0,"_jetpack_memberships_contains_paywalled_content":false,"_jetpack_memberships_contains_paid_content":false,"footnotes":"","jetpack_publicize_message":"","jetpack_publicize_feature_enabled":true,"jetpack_social_post_already_shared":true,"jetpack_social_options":{"image_generator_settings":{"template":"highway","default_image_id":0,"font":"","enabled":false},"version":2}},"categories":[3],"tags":[],"class_list":["post-12624","post","type-post","status-publish","format-standard","has-post-thumbnail","hentry","category-novosti"],"acf":{"facebook_opis":""},"jetpack_publicize_connections":[],"jetpack_featured_media_url":"https:\/\/i0.wp.com\/historiografija.hr\/wp-content\/uploads\/2018\/12\/Plakat-Beslin.jpg?fit=679%2C960&ssl=1","jetpack_sharing_enabled":true,"jetpack-related-posts":[{"id":52657,"url":"https:\/\/historiografija.hr\/?p=52657","url_meta":{"origin":12624,"position":0},"title":"[Predavanje] Jezik i drugost u (post)socijalisti\u010dkoj Srbiji: diskurzivne politike identiteta (YugoLab)","author":"Branimir Jankovi\u0107","date":"24. travnja 2026.","format":false,"excerpt":"U sklopu projekta Prizma \/ IMAGINATION (\u201eZami\u0161ljanje nacije: srpski nacionalni narativi u sporu (XX\u2013XXI vek)\u201c), koji se realizuje na Institutu za filozofiju i dru\u0161tvenu teoriju Univerziteta u Beogradu (2024\u20132027) uz finansijsku podr\u0161ku Fonda za nauku Republike Srbije, organizuje se serija predavanja na kojoj istra\u017eiva\u010di i istra\u017eiva\u010dice projekta predstavljaju rezultate svojih\u2026","rel":"","context":"U &quot;Novosti&quot;","block_context":{"text":"Novosti","link":"https:\/\/historiografija.hr\/?cat=3"},"img":{"alt_text":"","src":"https:\/\/i0.wp.com\/historiografija.hr\/wp-content\/uploads\/2026\/04\/IFDT_28_IV.png?fit=1200%2C675&ssl=1&resize=350%2C200","width":350,"height":200,"srcset":"https:\/\/i0.wp.com\/historiografija.hr\/wp-content\/uploads\/2026\/04\/IFDT_28_IV.png?fit=1200%2C675&ssl=1&resize=350%2C200 1x, https:\/\/i0.wp.com\/historiografija.hr\/wp-content\/uploads\/2026\/04\/IFDT_28_IV.png?fit=1200%2C675&ssl=1&resize=525%2C300 1.5x, https:\/\/i0.wp.com\/historiografija.hr\/wp-content\/uploads\/2026\/04\/IFDT_28_IV.png?fit=1200%2C675&ssl=1&resize=700%2C400 2x, https:\/\/i0.wp.com\/historiografija.hr\/wp-content\/uploads\/2026\/04\/IFDT_28_IV.png?fit=1200%2C675&ssl=1&resize=1050%2C600 3x"},"classes":[]},{"id":52669,"url":"https:\/\/historiografija.hr\/?p=52669","url_meta":{"origin":12624,"position":1},"title":"Predavanje Igora Dude &#8220;Odmor kao \u017eivotna potreba: o slobodnom vremenu u socijalisti\u010dkoj Jugoslaviji&#8221;","author":"Branimir Jankovi\u0107","date":"27. travnja 2026.","format":false,"excerpt":"U sklopu proljetnog ciklusa programa\u00a0Kriti\u010dka dramaturgija: pauza, u\u00a0subotu, 25. travnja 2026. u 19 sati\u00a0u prostoru Udru\u017eenja hrvatskih arhitekata povjesni\u010dar Igor Duda\u00a0odr\u017eao je predavanje naslovljeno\u00a0Odmor kao \u017eivotna potreba: o slobodnom vremenu u socijalisti\u010dkoj Jugoslaviji. Industrijalizacija i urbanizacija dru\u0161tava u povijesti su zna\u010dile i prelazak s predindustrijskog na industrijsko shva\u0107anje vremena. Ono\u2026","rel":"","context":"U &quot;Novosti&quot;","block_context":{"text":"Novosti","link":"https:\/\/historiografija.hr\/?cat=3"},"img":{"alt_text":"","src":"https:\/\/i0.wp.com\/historiografija.hr\/wp-content\/uploads\/2026\/04\/Duda.png?fit=1200%2C628&ssl=1&resize=350%2C200","width":350,"height":200,"srcset":"https:\/\/i0.wp.com\/historiografija.hr\/wp-content\/uploads\/2026\/04\/Duda.png?fit=1200%2C628&ssl=1&resize=350%2C200 1x, https:\/\/i0.wp.com\/historiografija.hr\/wp-content\/uploads\/2026\/04\/Duda.png?fit=1200%2C628&ssl=1&resize=525%2C300 1.5x, https:\/\/i0.wp.com\/historiografija.hr\/wp-content\/uploads\/2026\/04\/Duda.png?fit=1200%2C628&ssl=1&resize=700%2C400 2x, https:\/\/i0.wp.com\/historiografija.hr\/wp-content\/uploads\/2026\/04\/Duda.png?fit=1200%2C628&ssl=1&resize=1050%2C600 3x"},"classes":[]},{"id":52631,"url":"https:\/\/historiografija.hr\/?p=52631","url_meta":{"origin":12624,"position":2},"title":"Predavanje Ivana Tepe\u0161a: Djelovanje hrvatske politi\u010dke emigracije","author":"Branimir Jankovi\u0107","date":"23. travnja 2026.","format":false,"excerpt":"Odjel za me\u0111unarodnu suradnju i iseljeni\u0161tvo Matice hrvatske Predavanje Ivana Tepe\u0161a: Djelovanje hrvatske politi\u010dke emigracije Utorak, 28. travnja 2026. u 18:00 sati, Dvorana Ljudevita Jonkea (Mala dvorana MH), Strossmayerov trg 4, Zagreb dr. sc. Ivan Tepe\u0161, Institut za istra\u017eivanje migracija Hrvatska politi\u010dka emigracija obilje\u017eila je polustoljetnu hrvatsku povijest u drugoj\u2026","rel":"","context":"U &quot;Novosti&quot;","block_context":{"text":"Novosti","link":"https:\/\/historiografija.hr\/?cat=3"},"img":{"alt_text":"","src":"","width":0,"height":0},"classes":[]},{"id":52569,"url":"https:\/\/historiografija.hr\/?p=52569","url_meta":{"origin":12624,"position":3},"title":"[Predavanje] Ne \u010dekaju\u0107i inspiraciju \u2013 anga\u017eovane intelektualne, kulturalne i umetni\u010dke prakse u me\u0111uratnom periodu: teorija i praksa kriti\u010dke levice u jugoslovenskoj kulturi (YugoLab)","author":"Branimir Jankovi\u0107","date":"21. travnja 2026.","format":false,"excerpt":"U vreme agresivnog ja\u010danja globalne desnice, (pro)fa\u0161isti\u010dkih, rasisti\u010dkih i imperijalisti\u010dkih politika, dok je istovremeno globalna levica izrazito slaba, a progresivni pokreti atomizirani i fragmentisani, va\u017eno je iz savremene perspektive vratiti se revolucionarnim i emancipatorskim zbivanjima u jugoslovenskom (ali i s njima u vezi internacionalnim de\u0161avanjima), kao i dru\u0161tvenoj ulozi kulturalnih\u2026","rel":"","context":"U &quot;Novosti&quot;","block_context":{"text":"Novosti","link":"https:\/\/historiografija.hr\/?cat=3"},"img":{"alt_text":"","src":"","width":0,"height":0},"classes":[]},{"id":52563,"url":"https:\/\/historiografija.hr\/?p=52563","url_meta":{"origin":12624,"position":4},"title":"Predavanje Nenada Fabijani\u0107a o stadionu Poljud u Splitu","author":"Branimir Jankovi\u0107","date":"21. travnja 2026.","format":false,"excerpt":"Znanstveno vije\u0107e za arhitekturu, urbanizam i ure\u0111enje prostora Hrvatske akademije znanosti i umjetnosti organizira predavanje \u201cPo Poljudu\u201d koje \u0107e u srijedu 22. travnja 2026. s po\u010detkom u 14 sati u Knji\u017enici HAZU, Strossmayerov trg 14 u Zagrebu, odr\u017eati\u00a0prof. emerit. dr. art. Nenad Fabijani\u0107,\u00a0\u010dlan suradnik HAZU. Predavanje \u201ePo Poljudu\u201c (Projekt obnove)\u2026","rel":"","context":"U &quot;Novosti&quot;","block_context":{"text":"Novosti","link":"https:\/\/historiografija.hr\/?cat=3"},"img":{"alt_text":"","src":"https:\/\/i0.wp.com\/historiografija.hr\/wp-content\/uploads\/2026\/04\/Poljud-scaled.jpeg?fit=1200%2C800&ssl=1&resize=350%2C200","width":350,"height":200,"srcset":"https:\/\/i0.wp.com\/historiografija.hr\/wp-content\/uploads\/2026\/04\/Poljud-scaled.jpeg?fit=1200%2C800&ssl=1&resize=350%2C200 1x, https:\/\/i0.wp.com\/historiografija.hr\/wp-content\/uploads\/2026\/04\/Poljud-scaled.jpeg?fit=1200%2C800&ssl=1&resize=525%2C300 1.5x, https:\/\/i0.wp.com\/historiografija.hr\/wp-content\/uploads\/2026\/04\/Poljud-scaled.jpeg?fit=1200%2C800&ssl=1&resize=700%2C400 2x, https:\/\/i0.wp.com\/historiografija.hr\/wp-content\/uploads\/2026\/04\/Poljud-scaled.jpeg?fit=1200%2C800&ssl=1&resize=1050%2C600 3x"},"classes":[]},{"id":52654,"url":"https:\/\/historiografija.hr\/?p=52654","url_meta":{"origin":12624,"position":5},"title":"Gostuju\u0107e predavanje &#8211; Danijel D\u017eino \u201eKasnoanti\u010dke i ranosrednjovjekovne gra\u0111evine u Brezi: Spomenici nepotpune biografije\u201c","author":"Branimir Jankovi\u0107","date":"24. travnja 2026.","format":false,"excerpt":"Doktorski studij predmoderne povijesti poziva na predavanje \"Kasnoanti\u010dke i ranosrednjovjekovne gra\u0111evine u Brezi: Spomenici nepotpune biografije\u201d koje \u0107e odr\u017eati profesor Danijel D\u017eino sa Sveu\u010dili\u0161ta Macquarie u Sydneyu u\u00a0utorak 28. travnja 2026. u 17h u Konferencijskoj dvorani Knji\u017enice Filozofskog fakulteta u Zagrebu. Predavanje \u0107e predo\u010diti nova saznanja dobivena kroz arhivsko-dokumentarna istra\u017eivanja\u2026","rel":"","context":"U &quot;Novosti&quot;","block_context":{"text":"Novosti","link":"https:\/\/historiografija.hr\/?cat=3"},"img":{"alt_text":"","src":"https:\/\/i0.wp.com\/historiografija.hr\/wp-content\/uploads\/2026\/04\/Dzino.jpg?fit=980%2C819&ssl=1&resize=350%2C200","width":350,"height":200,"srcset":"https:\/\/i0.wp.com\/historiografija.hr\/wp-content\/uploads\/2026\/04\/Dzino.jpg?fit=980%2C819&ssl=1&resize=350%2C200 1x, https:\/\/i0.wp.com\/historiografija.hr\/wp-content\/uploads\/2026\/04\/Dzino.jpg?fit=980%2C819&ssl=1&resize=525%2C300 1.5x, https:\/\/i0.wp.com\/historiografija.hr\/wp-content\/uploads\/2026\/04\/Dzino.jpg?fit=980%2C819&ssl=1&resize=700%2C400 2x"},"classes":[]}],"_links":{"self":[{"href":"https:\/\/historiografija.hr\/index.php?rest_route=\/wp\/v2\/posts\/12624","targetHints":{"allow":["GET"]}}],"collection":[{"href":"https:\/\/historiografija.hr\/index.php?rest_route=\/wp\/v2\/posts"}],"about":[{"href":"https:\/\/historiografija.hr\/index.php?rest_route=\/wp\/v2\/types\/post"}],"author":[{"embeddable":true,"href":"https:\/\/historiografija.hr\/index.php?rest_route=\/wp\/v2\/users\/2"}],"replies":[{"embeddable":true,"href":"https:\/\/historiografija.hr\/index.php?rest_route=%2Fwp%2Fv2%2Fcomments&post=12624"}],"version-history":[{"count":1,"href":"https:\/\/historiografija.hr\/index.php?rest_route=\/wp\/v2\/posts\/12624\/revisions"}],"predecessor-version":[{"id":12626,"href":"https:\/\/historiografija.hr\/index.php?rest_route=\/wp\/v2\/posts\/12624\/revisions\/12626"}],"wp:featuredmedia":[{"embeddable":true,"href":"https:\/\/historiografija.hr\/index.php?rest_route=\/wp\/v2\/media\/12625"}],"wp:attachment":[{"href":"https:\/\/historiografija.hr\/index.php?rest_route=%2Fwp%2Fv2%2Fmedia&parent=12624"}],"wp:term":[{"taxonomy":"category","embeddable":true,"href":"https:\/\/historiografija.hr\/index.php?rest_route=%2Fwp%2Fv2%2Fcategories&post=12624"},{"taxonomy":"post_tag","embeddable":true,"href":"https:\/\/historiografija.hr\/index.php?rest_route=%2Fwp%2Fv2%2Ftags&post=12624"}],"curies":[{"name":"wp","href":"https:\/\/api.w.org\/{rel}","templated":true}]}}