{"id":12606,"date":"2018-12-01T19:31:12","date_gmt":"2018-12-01T19:31:12","guid":{"rendered":"http:\/\/historiografija.hr\/?p=12606"},"modified":"2018-12-13T21:54:29","modified_gmt":"2018-12-13T21:54:29","slug":"pogledi-na-jugoslaviju-2","status":"publish","type":"post","link":"https:\/\/historiografija.hr\/?p=12606","title":{"rendered":"Pogledi na Jugoslaviju (2)"},"content":{"rendered":"<p>U nastavku donosimo poveznice na ve\u0107i dio tekstova o Jugoslaviji objavljenih tijekom 2018. godine, naj\u010de\u0161\u0107e povodom stogodi\u0161njice njezina stvaranja. U njima su dakako prisutni razli\u010diti i nerijetko suprotstavljeni pogledi na povijest Jugoslavije.<\/p>\n<p>&nbsp;<\/p>\n<p>Aleksandar Jakir<\/p>\n<p><a href=\"https:\/\/www.jutarnji.hr\/globus\/Globus-politika\/splitski-povjesnicar-dalmatinci-su-u-jugoslaviju-usli-s-odusevljenjem-a-onda-se-duboko-razocarali\/8119544\/\">https:\/\/www.jutarnji.hr\/globus\/Globus-politika\/splitski-povjesnicar-dalmatinci-su-u-jugoslaviju-usli-s-odusevljenjem-a-onda-se-duboko-razocarali\/8119544\/<\/a><\/p>\n<p>&nbsp;<\/p>\n<p>Ivo Goldstein<\/p>\n<p><a href=\"https:\/\/www.jutarnji.hr\/globus\/Globus-politika\/drzava-koja-je-nastala-i-nestala-u-33-dana-zasto-drzava-slovenaca-hrvata-i-srba-nije-potrajala-dulje-i-sto-se-dogadalo-u-vrijeme-dok-je-postojala\/8014310\/\">https:\/\/www.jutarnji.hr\/globus\/Globus-politika\/drzava-koja-je-nastala-i-nestala-u-33-dana-zasto-drzava-slovenaca-hrvata-i-srba-nije-potrajala-dulje-i-sto-se-dogadalo-u-vrijeme-dok-je-postojala\/8014310\/<\/a><\/p>\n<p><a href=\"https:\/\/www.jutarnji.hr\/globus\/Globus-komentari\/pise-ivo-goldstein-jesu-li-prije-sto-godina-hrvati-potpuno-pogrijesili-izabravsi-jugoslaviju\/8134838\/\">https:\/\/www.jutarnji.hr\/globus\/Globus-komentari\/pise-ivo-goldstein-jesu-li-prije-sto-godina-hrvati-potpuno-pogrijesili-izabravsi-jugoslaviju\/8134838\/<\/a><\/p>\n<p>&nbsp;<\/p>\n<p>Tihomir Pono\u0161<\/p>\n<p><a href=\"http:\/\/www.novilist.hr\/Vijesti\/Hrvatska\/Stota-obljetnica-nastanka-Kraljevine-SHS-U-Zagrebu-se-klicalo-Jugoslaviji-i-pjevala-hrvatska-himna\">http:\/\/www.novilist.hr\/Vijesti\/Hrvatska\/Stota-obljetnica-nastanka-Kraljevine-SHS-U-Zagrebu-se-klicalo-Jugoslaviji-i-pjevala-hrvatska-himna<\/a><\/p>\n<p><a href=\"http:\/\/novilist.hr\/Vijesti\/Hrvatska\/Kako-je-stvorena-drzava-juznoslavenskih-naroda-Neka-uvijek-bude-slavno-Kraljevstvo-Srba-Hrvata-i-Slovenaca\">http:\/\/novilist.hr\/Vijesti\/Hrvatska\/Kako-je-stvorena-drzava-juznoslavenskih-naroda-Neka-uvijek-bude-slavno-Kraljevstvo-Srba-Hrvata-i-Slovenaca<\/a><\/p>\n<p>&nbsp;<\/p>\n<p>Dragan Markovina<\/p>\n<p><a href=\"http:\/\/www.forum.tm\/vijesti\/obje-jugoslavije-su-spasile-hrvatsku-kao-ideju-i-prostor-6411\">http:\/\/www.forum.tm\/vijesti\/obje-jugoslavije-su-spasile-hrvatsku-kao-ideju-i-prostor-6411<\/a><\/p>\n<p><a href=\"https:\/\/www.danas.rs\/nedelja\/udruzeni-postjugoslovenski-revizionizam\/\">https:\/\/www.danas.rs\/nedelja\/udruzeni-postjugoslovenski-revizionizam\/<\/a><\/p>\n<p><a href=\"http:\/\/casopis.skd-prosvjeta.hr\/uvod-u-knjigu\/\">http:\/\/casopis.skd-prosvjeta.hr\/uvod-u-knjigu\/<\/a><\/p>\n<p><a href=\"https:\/\/www.telegram.hr\/price\/ulomak-iz-markovinine-knjige-proslo-je-100-godina-od-utemeljenja-kraljevine-jugoslavije-zasto-nije-uspjela\/\">https:\/\/www.telegram.hr\/price\/ulomak-iz-markovinine-knjige-proslo-je-100-godina-od-utemeljenja-kraljevine-jugoslavije-zasto-nije-uspjela\/<\/a><\/p>\n<p><a href=\"https:\/\/radiogornjigrad.wordpress.com\/2018\/04\/24\/jugoslavija-u-hrvatskoj-1918-2018-od-euforije-do-tabua-uvod\/\">https:\/\/radiogornjigrad.wordpress.com\/2018\/04\/24\/jugoslavija-u-hrvatskoj-1918-2018-od-euforije-do-tabua-uvod\/<\/a><\/p>\n<p>&nbsp;<\/p>\n<p>Igor Despot<\/p>\n<p><a href=\"http:\/\/www.forum.tm\/vijesti\/jugoslavija-nuznost-ili-zelja-7000\">http:\/\/www.forum.tm\/vijesti\/jugoslavija-nuznost-ili-zelja-7000<\/a><\/p>\n<p>&nbsp;<\/p>\n<p>\u017deljko Kru\u0161elj<\/p>\n<p><a href=\"https:\/\/www.vecernji.hr\/vijesti\/u-sredistu-jugoslavenske-ideje-bila-je-hrvatska-1286112\">https:\/\/www.vecernji.hr\/vijesti\/u-sredistu-jugoslavenske-ideje-bila-je-hrvatska-1286112<\/a><\/p>\n<p>&nbsp;<\/p>\n<p>Darko Pavi\u010di\u0107<\/p>\n<p><a href=\"https:\/\/www.vecernji.hr\/vijesti\/kad-se-stepinac-vratio-sa-solunskog-ratista-vise-nije-zelio-biti-svecenik-1285829\">https:\/\/www.vecernji.hr\/vijesti\/kad-se-stepinac-vratio-sa-solunskog-ratista-vise-nije-zelio-biti-svecenik-1285829<\/a><\/p>\n<p>&nbsp;<\/p>\n<p>Miro Kova\u010d<\/p>\n<p><a href=\"https:\/\/www.vecernji.hr\/vijesti\/washington-i-london-bili-su-za-novu-federalisticku-drzavu-ali-nije-bio-pariz-i-to-je-bilo-presudno-1285775\">https:\/\/www.vecernji.hr\/vijesti\/washington-i-london-bili-su-za-novu-federalisticku-drzavu-ali-nije-bio-pariz-i-to-je-bilo-presudno-1285775<\/a><\/p>\n<p>&nbsp;<\/p>\n<p>Boris De\u017eulovi\u0107<\/p>\n<p><a href=\"http:\/\/hr.n1info.com\/Kolumne\/Boris-Dezulovic\/a351502\/Kolumna-Borisa-Dezulovica-Deset-krvavih-sekundi.html\">http:\/\/hr.n1info.com\/Kolumne\/Boris-Dezulovic\/a351502\/Kolumna-Borisa-Dezulovica-Deset-krvavih-sekundi.html<\/a><\/p>\n<p><a href=\"http:\/\/hr.n1info.com\/a347711\/Kolumne\/Boris-Dezulovic\/Kolumna-Borisa-dezulovica-Sto-godina-samoce.html\">http:\/\/hr.n1info.com\/a347711\/Kolumne\/Boris-Dezulovic\/Kolumna-Borisa-dezulovica-Sto-godina-samoce.html<\/a><\/p>\n<p>&nbsp;<\/p>\n<p>Vlado Vuru\u0161i\u0107<\/p>\n<p><a href=\"https:\/\/www.jutarnji.hr\/globus\/Globus-politika\/sfrj-drzava-koja-je-umrla-s-titom-proslo-je-punih-26-godina-od-njezina-nestanka-ali-ona-jos-zulja-sve-svoje-nekadasnje-izvorne-dijelove-ili-clanice\/7021695\/\">https:\/\/www.jutarnji.hr\/globus\/Globus-politika\/sfrj-drzava-koja-je-umrla-s-titom-proslo-je-punih-26-godina-od-njezina-nestanka-ali-ona-jos-zulja-sve-svoje-nekadasnje-izvorne-dijelove-ili-clanice\/7021695\/<\/a><\/p>\n<p><a href=\"https:\/\/www.jutarnji.hr\/komentari\/nas-novinar-bio-je-na-premijeri-sedlarovog-uratka-sto-godina-srbijanskog-terora-u-hrvatskoj-hrvate-je-sedlar-proglasio-jadnicima-vrijednima-prezira\/8045165\">https:\/\/www.jutarnji.hr\/komentari\/nas-novinar-bio-je-na-premijeri-sedlarovog-uratka-sto-godina-srbijanskog-terora-u-hrvatskoj-hrvate-je-sedlar-proglasio-jadnicima-vrijednima-prezira\/8045165<\/a><\/p>\n<p>&nbsp;<\/p>\n<p>Tvrtko Jakovina, Ale\u0161 Gabri\u010d, Milivoj Be\u0161lin<\/p>\n<p><a href=\"https:\/\/www.jutarnji.hr\/globus\/Globus-politika\/globusov-specijalni-izvjestaj-stogodisnje-prokletstvo-jugoslavije-zasto-narodi-koji-su-je-najvise-htjeli-danas-misle-da-su-bili-njezine-najvece-zrtve\/7969398\/\">https:\/\/www.jutarnji.hr\/globus\/Globus-politika\/globusov-specijalni-izvjestaj-stogodisnje-prokletstvo-jugoslavije-zasto-narodi-koji-su-je-najvise-htjeli-danas-misle-da-su-bili-njezine-najvece-zrtve\/7969398\/<\/a><\/p>\n<p>&nbsp;<\/p>\n<p>Hrvoje Klasi\u0107<\/p>\n<p><a href=\"https:\/\/net.hr\/danas\/istina-za-koju-hrvati-nisu-spremni-u-jugoslaviju-su-nas-uvukli-svecenici-i-pravasi-a-samo-pogledajte-cime-se-tada-bavio-stepinac\/\">https:\/\/net.hr\/danas\/istina-za-koju-hrvati-nisu-spremni-u-jugoslaviju-su-nas-uvukli-svecenici-i-pravasi-a-samo-pogledajte-cime-se-tada-bavio-stepinac\/<\/a><\/p>\n<p><a href=\"https:\/\/www.tportal.hr\/vijesti\/clanak\/hrvoje-klasic-nema-sumnje-da-je-prva-monarhisticka-jugoslavija-bila-opterecena-idejom-o-stvaranju-velike-srbije-20181201\">https:\/\/www.tportal.hr\/vijesti\/clanak\/hrvoje-klasic-nema-sumnje-da-je-prva-monarhisticka-jugoslavija-bila-opterecena-idejom-o-stvaranju-velike-srbije-20181201<\/a><\/p>\n<p>&nbsp;<\/p>\n<p>\u017deljko Holjevac<\/p>\n<p><a href=\"http:\/\/www.matica.hr\/hr\/556\/dr-juricic-l-von-sudland-florian-lichttrager-hrvatski-luconosa-ivo-pilar-28373\/\">http:\/\/www.matica.hr\/hr\/556\/dr-juricic-l-von-sudland-florian-lichttrager-hrvatski-luconosa-ivo-pilar-28373\/<\/a><\/p>\n<p><a href=\"https:\/\/www.glas-koncila.hr\/dr-zeljko-holjevac-o-dvjema-povijesnim-obljetnicama-treba-suradivati-s-drugima-ali-i-voditi-racuna-o-svojim-interesima\/\">https:\/\/www.glas-koncila.hr\/dr-zeljko-holjevac-o-dvjema-povijesnim-obljetnicama-treba-suradivati-s-drugima-ali-i-voditi-racuna-o-svojim-interesima\/<\/a><\/p>\n<p>&nbsp;<\/p>\n<p>Davor Marijan, Mario Jareb<\/p>\n<p><a href=\"https:\/\/net.hr\/danas\/hrvatska\/100-godina-od-stvaranja-kraljevine-shs-ideja-je-nastala-unutar-hrvatske-inteligencije-a-za-hrvate-je-tada-bila-nabolja-opcija\/\">https:\/\/net.hr\/danas\/hrvatska\/100-godina-od-stvaranja-kraljevine-shs-ideja-je-nastala-unutar-hrvatske-inteligencije-a-za-hrvate-je-tada-bila-nabolja-opcija\/<\/a><\/p>\n<p><a href=\"https:\/\/narod.hr\/hrvatska\/marijan-o-kraljevini-shs\">https:\/\/narod.hr\/hrvatska\/marijan-o-kraljevini-shs<\/a><\/p>\n<p><a href=\"https:\/\/direktno.hr\/domovina\/povjesnicari-o-100-obljetnici-kraljevstva-shs-to-je-bilo-najmanje-bolno-rjesenje-no-nismo-mogli-zivjeti-u-istoj-drzavi-140402\/\">https:\/\/direktno.hr\/domovina\/povjesnicari-o-100-obljetnici-kraljevstva-shs-to-je-bilo-najmanje-bolno-rjesenje-no-nismo-mogli-zivjeti-u-istoj-drzavi-140402\/<\/a><\/p>\n<p>&nbsp;<\/p>\n<p>Ivo Lu\u010di\u0107<\/p>\n<p><a href=\"https:\/\/www.jutarnji.hr\/globus\/Globus-komentari\/ivo-lucic-pise-za-globus-kako-se-idejom-o-bih-kao-jugoslaviji-u-malom-rusila-ideja-hrvatske-drzave\/8016950\/\">https:\/\/www.jutarnji.hr\/globus\/Globus-komentari\/ivo-lucic-pise-za-globus-kako-se-idejom-o-bih-kao-jugoslaviji-u-malom-rusila-ideja-hrvatske-drzave\/8016950\/<\/a><\/p>\n<p><a href=\"https:\/\/www.jutarnji.hr\/globus\/Globus-komentari\/za-globus-pise-ivo-lucic-falange-jugoslavena-gube-utjecaj-ostaje-im-samo-nostalgija\/7277745\/\">https:\/\/www.jutarnji.hr\/globus\/Globus-komentari\/za-globus-pise-ivo-lucic-falange-jugoslavena-gube-utjecaj-ostaje-im-samo-nostalgija\/7277745\/<\/a><\/p>\n<p>&nbsp;<\/p>\n<p>Stipe Kljai\u0107<\/p>\n<p><a href=\"https:\/\/narod.hr\/hrvatska\/dr-stipe-kljaic-ne-vjerujem-kraj-povijesti-nakon-vukovara-dubrovnika-nova-jugoslavija-nije-moguca\">https:\/\/narod.hr\/hrvatska\/dr-stipe-kljaic-ne-vjerujem-kraj-povijesti-nakon-vukovara-dubrovnika-nova-jugoslavija-nije-moguca<\/a><\/p>\n<p><a href=\"https:\/\/direktno.hr\/direkt\/u-hrvatskoj-se-od-90-ih-krivnja-za-rat-prebacuje-na-cetnicko-velikosrpstvo-cime-se-suptilno-zeli-sacuvati-titoizam-120975\/\">https:\/\/direktno.hr\/direkt\/u-hrvatskoj-se-od-90-ih-krivnja-za-rat-prebacuje-na-cetnicko-velikosrpstvo-cime-se-suptilno-zeli-sacuvati-titoizam-120975\/<\/a><\/p>\n<p>&nbsp;<\/p>\n<p>Denis Kulji\u0161<\/p>\n<p><a href=\"https:\/\/www.zurnalist.online\/blog\/aktualno\/komentar\/jugoslavija-1918-2018-krleza-ideolog-titove-jugoslavije\/1209\/\">https:\/\/www.zurnalist.online\/blog\/aktualno\/komentar\/jugoslavija-1918-2018-krleza-ideolog-titove-jugoslavije\/1209\/<\/a><\/p>\n<p>&nbsp;<\/p>\n<p><span style=\"color: #000000; font-family: Calibri; font-size: medium;\">\u017darko Puhovski<\/span><\/p>\n<p><a href=\"http:\/\/ideje.hr\/nostalgija-umjesto-demokracije-ili-dugo-stoljece-pretezito-nenarodnih-nacionalnih-drzava\/\">http:\/\/ideje.hr\/nostalgija-umjesto-demokracije-ili-dugo-stoljece-pretezito-nenarodnih-nacionalnih-drzava\/<\/a><\/p>\n<p>&nbsp;<\/p>\n<p>Boris Postnikov<\/p>\n<p><a href=\"http:\/\/www.bilten.org\/?p=25858\">http:\/\/www.bilten.org\/?p=25858<\/a><\/p>\n<p>&nbsp;<\/p>\n<p>100 Jahre Jugoslawien<\/p>\n<p>Rosa-Luxemburg-Stiftung<\/p>\n<p>Grupa autora i autorica<\/p>\n<p><a href=\"https:\/\/jugoslawien.org\/\">https:\/\/jugoslawien.org\/<\/a><\/p>\n<p>&nbsp;<\/p>\n<p>Novi Plamen<\/p>\n<p>EDICIJA: 100 GODINA OD OSNIVANJA JUGOSLAVIJE<\/p>\n<p>Ana Rajkovi\u0107<\/p>\n<p><a href=\"http:\/\/www.noviplamen.net\/glavna\/stvaranje-prve-jugoslavije-ili-trcanje-gusaka-u-magli\/\">http:\/\/www.noviplamen.net\/glavna\/stvaranje-prve-jugoslavije-ili-trcanje-gusaka-u-magli\/<\/a><\/p>\n<p><a href=\"http:\/\/www.noviplamen.net\/glavna\/stvaranje-prve-jugoslavije-ili-trcanje-gusaka-u-magli-ii\/\">http:\/\/www.noviplamen.net\/glavna\/stvaranje-prve-jugoslavije-ili-trcanje-gusaka-u-magli-ii\/<\/a><\/p>\n<p>&nbsp;<\/p>\n<p>Goran Markovi\u0107<\/p>\n<p><a href=\"http:\/\/www.noviplamen.net\/glavna\/ustavni-temelji-prve-jugoslavije-i-dio\/\">http:\/\/www.noviplamen.net\/glavna\/ustavni-temelji-prve-jugoslavije-i-dio\/<\/a><\/p>\n<p><a href=\"http:\/\/www.noviplamen.net\/glavna\/ustavni-temelji-prve-jugoslavije-ii-dio\/\">http:\/\/www.noviplamen.net\/glavna\/ustavni-temelji-prve-jugoslavije-ii-dio\/<\/a><\/p>\n<p>&nbsp;<\/p>\n<p>Todor Kulji\u0107<\/p>\n<p><a href=\"http:\/\/www.noviplamen.net\/glavna\/jugoslovenstva-nova-umnost-za-razbijeni-juznoslovenski-prostor\/\">http:\/\/www.noviplamen.net\/glavna\/jugoslovenstva-nova-umnost-za-razbijeni-juznoslovenski-prostor\/<\/a><\/p>\n<p>&nbsp;<\/p>\n<p>\u201eNovosti\u201c: Yubilej<\/p>\n<p>Svetlana Broz, Dubravka Ugre\u0161i\u0107, Zoran \u010cutura, Davorka Turk, Nenad Vukosavljevi\u0107, Dragan Markovina, Dejan Jovi\u0107, Vjekoslav Perica, Budimir Lon\u010dar, Zlatko Dizdarevi\u0107, Rastko Mo\u010dnik, Mitja Velikonja, Drago Boji\u0107, Nade\u017eda \u010ca\u010dinovi\u010d, Luka Bogdani\u0107, Milan Gavrovi\u0107, Ante Le\u0161aja, \u0160tefica Gali\u0107, Sejo Sexon, Miki Manojlovi\u0107, Mira Bogdanovi\u0107, Tanja Petrovi\u0107, Vesna Ter\u0161eli\u010d, Rade \u0160erbed\u017eija, Snje\u017eana Kordi\u0107, Goran Vojnovi\u0107, Dejan Ili\u0107, Velimir Viskovi\u0107, Rumena Bu\u017earovska, Jurica Pavi\u010di\u0107, Mirjana Karanovi\u0107, Rajko Grli\u0107, Sr\u0111an Karanovi\u0107, Borivoj Dovnikovi\u0107, Bojan Kri\u0161tofi\u0107, Snje\u017eana Banovi\u0107, Vladimir Arsenijevi\u0107, Jeton Neziraj, Ma\u0161a Kolanovi\u0107, Damir Imamovi\u0107, Robert Botteri, Borka Pavi\u0107evi\u0107, \u0110or\u0111e Mati\u0107, Du\u0161ko Vujo\u0161evi\u0107, Andrej Nikolaidis i Boris Vlastelica.<\/p>\n<p><a href=\"https:\/\/www.portalnovosti.com\/\">https:\/\/www.portalnovosti.com\/<\/a><\/p>\n<p>&nbsp;<\/p>\n<p>Narod.hr<\/p>\n<p><a href=\"https:\/\/narod.hr\/hrvatska\/novosti-posvecene-jugoslaviji-izdale-yubilej-medu-autorima-budimir-loncar-terselic-jovic\">https:\/\/narod.hr\/hrvatska\/novosti-posvecene-jugoslaviji-izdale-yubilej-medu-autorima-budimir-loncar-terselic-jovic<\/a><\/p>\n<p><a href=\"https:\/\/narod.hr\/hrvatska\/jugoslavija-zemlja-pljacke-cak-1-3-kriminala-drzavi-privredni-kriminal\">https:\/\/narod.hr\/hrvatska\/jugoslavija-zemlja-pljacke-cak-1-3-kriminala-drzavi-privredni-kriminal<\/a><\/p>\n<p><a href=\"https:\/\/narod.hr\/kultura\/100-godina-jugoslavije-raskid-sveza-s-austro-ugarskom-brzoplet-i-naivan-ulaz-u-sveze-sa-srbijom\">https:\/\/narod.hr\/kultura\/100-godina-jugoslavije-raskid-sveza-s-austro-ugarskom-brzoplet-i-naivan-ulaz-u-sveze-sa-srbijom<\/a><\/p>\n<p>&nbsp;<\/p>\n<p>Direktno.hr<\/p>\n<p><a href=\"https:\/\/direktno.hr\/direkt\/na-danasnji-dan-prije-100-godina-stvorena-je-prva-jugoslavija-ubrzo-krenulo-i-prvo-nezadovoljstvo-140410\/\">https:\/\/direktno.hr\/direkt\/na-danasnji-dan-prije-100-godina-stvorena-je-prva-jugoslavija-ubrzo-krenulo-i-prvo-nezadovoljstvo-140410\/<\/a><\/p>\n<p><a href=\"https:\/\/direktno.hr\/direkt\/prorok-raspada-jugoslavije-covjek-koji-je-hrvate-prvi-upozorio-na-opasnosti-stvaranja-nove-drzave-137999\/\">https:\/\/direktno.hr\/direkt\/prorok-raspada-jugoslavije-covjek-koji-je-hrvate-prvi-upozorio-na-opasnosti-stvaranja-nove-drzave-137999\/<\/a><\/p>\n<p><a href=\"https:\/\/direktno.hr\/direkt\/tragicna-sudbina-hrvatskog-politicara-koji-je-prvi-prozreo-pasiceve-namjere-138406\/\">https:\/\/direktno.hr\/direkt\/tragicna-sudbina-hrvatskog-politicara-koji-je-prvi-prozreo-pasiceve-namjere-138406\/<\/a><\/p>\n<p><a href=\"https:\/\/direktno.hr\/direkt\/crna-i-bela-ruka-tajne-organizacije-koje-su-stvarale-jugoslaviju-i-njom-vladale-137977\/\">https:\/\/direktno.hr\/direkt\/crna-i-bela-ruka-tajne-organizacije-koje-su-stvarale-jugoslaviju-i-njom-vladale-137977\/<\/a><\/p>\n<p><a href=\"https:\/\/direktno.hr\/direkt\/kako-nas-je-ante-pavelic-uveo-u-jugoslaviju-140433\/\">https:\/\/direktno.hr\/direkt\/kako-nas-je-ante-pavelic-uveo-u-jugoslaviju-140433\/<\/a><\/p>\n<p><a href=\"https:\/\/direktno.hr\/eu-i-svijet\/crnogorski-parlament-nistavnim-proglasio-odluku-iz-1918-koja-omogucila-ujedinjenje-sa-srbijom-140667\/\">https:\/\/direktno.hr\/eu-i-svijet\/crnogorski-parlament-nistavnim-proglasio-odluku-iz-1918-koja-omogucila-ujedinjenje-sa-srbijom-140667\/<\/a><\/p>\n<p><a href=\"https:\/\/direktno.hr\/direkt\/nevjerojatno-pupovceve-novosti-sada-placu-za-jugoslavijom-140630\/\">https:\/\/direktno.hr\/direkt\/nevjerojatno-pupovceve-novosti-sada-placu-za-jugoslavijom-140630\/<\/a><\/p>\n<p><a href=\"https:\/\/direktno.hr\/kolumne\/o-stogodisnjici-radiceva-govora-o-guskama-u-magli-jugoslavenski-jubilej-i-stoljece-protuprosvjetiteljstva-139565\/\">https:\/\/direktno.hr\/kolumne\/o-stogodisnjici-radiceva-govora-o-guskama-u-magli-jugoslavenski-jubilej-i-stoljece-protuprosvjetiteljstva-139565\/<\/a><\/p>\n<p><a href=\"https:\/\/direktno.hr\/kolumne\/nakon-sto-godina-jugosfere-hrvatskoj-vrijedi-ona-orwellova-tko-kontrolira-proslost-kontrolira-buducn-138135\/\">https:\/\/direktno.hr\/kolumne\/nakon-sto-godina-jugosfere-hrvatskoj-vrijedi-ona-orwellova-tko-kontrolira-proslost-kontrolira-buducn-138135\/<\/a><\/p>\n<p><a href=\"https:\/\/direktno.hr\/direkt\/sedlar-za-direktno-o-novom-filmu-u-sat-vremena-prikazali-smo-stravu-u-kojoj-su-zivjele-generacije-hrvata-od-karadordevica-do-pupovca-136596\/\">https:\/\/direktno.hr\/direkt\/sedlar-za-direktno-o-novom-filmu-u-sat-vremena-prikazali-smo-stravu-u-kojoj-su-zivjele-generacije-hrvata-od-karadordevica-do-pupovca-136596\/<\/a><\/p>\n<p><a href=\"https:\/\/direktno.hr\/kolumne\/drugovima-i-drugaricama-dar-kratki-kurs-jugokomunisticke-mitologizirane-povijesti-deset-tocaka-122366\/\">https:\/\/direktno.hr\/kolumne\/drugovima-i-drugaricama-dar-kratki-kurs-jugokomunisticke-mitologizirane-povijesti-deset-tocaka-122366\/<\/a><\/p>\n<p><a href=\"https:\/\/direktno.hr\/kolumne\/o-pavicicevoj-viziji-propasti-hrvatske-ili-mozemo-li-govoriti-o-klijentelizmu-a-da-ne-govorimo-o-jugoslavenstvu-123952\/\">https:\/\/direktno.hr\/kolumne\/o-pavicicevoj-viziji-propasti-hrvatske-ili-mozemo-li-govoriti-o-klijentelizmu-a-da-ne-govorimo-o-jugoslavenstvu-123952\/<\/a><\/p>\n<p>&nbsp;<\/p>\n<p>Zvonimir Despot<\/p>\n<p><a href=\"https:\/\/www.vecernji.hr\/premium\/hocemo-li-konacno-nesto-nauciti-iz-povijesti-1235056\">https:\/\/www.vecernji.hr\/premium\/hocemo-li-konacno-nesto-nauciti-iz-povijesti-1235056<\/a><\/p>\n<p>&nbsp;<\/p>\n<p>Goran Vojkovi\u0107<\/p>\n<p><a href=\"https:\/\/www.index.hr\/vijesti\/clanak\/100-godina-krvave-zablude-zvane-jugoslavija\/2046891.aspx\">https:\/\/www.index.hr\/vijesti\/clanak\/100-godina-krvave-zablude-zvane-jugoslavija\/2046891.aspx<\/a><\/p>\n<p>&nbsp;<\/p>\n<p><span style=\"color: #000000; font-family: Calibri; font-size: medium;\">Davor Krile<\/span><\/p>\n<p><a href=\"https:\/\/www.slobodnadalmacija.hr\/novosti\/hrvatska\/clanak\/id\/577742\/za-jugoslaviju-spremni-proslo-je-100-godina-od-njezinog-stvaranja-jeste-li-znali-da-su-hrvate-u-tu-drzavu-uveli-katolicki-popovi-i-pravasi-a-da-su-joj-se-komunisti-ljuto-protivili\">https:\/\/www.slobodnadalmacija.hr\/novosti\/hrvatska\/clanak\/id\/577742\/za-jugoslaviju-spremni-proslo-je-100-godina-od-njezinog-stvaranja-jeste-li-znali-da-su-hrvate-u-tu-drzavu-uveli-katolicki-popovi-i-pravasi-a-da-su-joj-se-komunisti-ljuto-protivili<\/a><\/p>\n<p>&nbsp;<\/p>\n<p>Ljubi\u0161a Prica<\/p>\n<p><a href=\"https:\/\/net.hr\/danas\/hrvatska\/je-li-jugoslavija-bila-totalitarna-drzava-radikali-bi-morali-shvatiti-da-postoje-nijanse-i-da-su-korijeni-totalitarizma-zapravo-u-religiji\/\">https:\/\/net.hr\/danas\/hrvatska\/je-li-jugoslavija-bila-totalitarna-drzava-radikali-bi-morali-shvatiti-da-postoje-nijanse-i-da-su-korijeni-totalitarizma-zapravo-u-religiji\/<\/a><\/p>\n<p>&nbsp;<\/p>\n<p>O izlo\u017ebi u MoMA-i o arhitekturi Jugoslavije<\/p>\n<p><a href=\"https:\/\/www.tportal.hr\/kultura\/clanak\/strani-mediji-raspisali-se-o-spomeniksima-jugoslavije-haludovo-je-bilo-vise-seksi-od-icega-u-vegasu-foto-20180808\">https:\/\/www.tportal.hr\/kultura\/clanak\/strani-mediji-raspisali-se-o-spomeniksima-jugoslavije-haludovo-je-bilo-vise-seksi-od-icega-u-vegasu-foto-20180808<\/a><\/p>\n<p><a href=\"https:\/\/www.jutarnji.hr\/globus\/Globus-kultura\/arhitektice-koje-su-gradile-jugoslaviju-za-njih-gotovo-da-se-vise-ne-zna-iako-su-autorice-nekih-od-kljucnih-projekata-koji-su-obiljezili-bivsu-drzavu\/7741554\/\">https:\/\/www.jutarnji.hr\/globus\/Globus-kultura\/arhitektice-koje-su-gradile-jugoslaviju-za-njih-gotovo-da-se-vise-ne-zna-iako-su-autorice-nekih-od-kljucnih-projekata-koji-su-obiljezili-bivsu-drzavu\/7741554\/<\/a><\/p>\n<p><a href=\"https:\/\/www.telegram.hr\/price\/bio-sam-u-moma-i-na-izlozbi-o-jugoslaviji-koja-je-golemi-hit-ipak-mi-jos-ne-znamo-sramimo-li-se-toga-ili-ponosimo\/\">https:\/\/www.telegram.hr\/price\/bio-sam-u-moma-i-na-izlozbi-o-jugoslaviji-koja-je-golemi-hit-ipak-mi-jos-ne-znamo-sramimo-li-se-toga-ili-ponosimo\/<\/a><\/p>\n<p><a href=\"https:\/\/www.index.hr\/vijesti\/clanak\/kako-je-jugoslavenska-arhitektura-odusevila-njujorsku-art-scenu\/2019013.aspx\">https:\/\/www.index.hr\/vijesti\/clanak\/kako-je-jugoslavenska-arhitektura-odusevila-njujorsku-art-scenu\/2019013.aspx<\/a><\/p>\n<p><a href=\"https:\/\/www.express.hr\/kultura\/slava-i-moc-yu-arhitekture-omrazena-samo-kod-nas-16807\">https:\/\/www.express.hr\/kultura\/slava-i-moc-yu-arhitekture-omrazena-samo-kod-nas-16807<\/a><\/p>\n<p>&nbsp;<\/p>\n<p>&nbsp;<\/p>\n<p>Husnija Kamberovi\u0107<\/p>\n<p><a href=\"https:\/\/www.oslobodjenje.ba\/vijesti\/bih\/zabluda-je-da-je-do-stvaranja-jugoslavija-doslo-iskljucivo-voljom-velikih-sila-403320\">https:\/\/www.oslobodjenje.ba\/vijesti\/bih\/zabluda-je-da-je-do-stvaranja-jugoslavija-doslo-iskljucivo-voljom-velikih-sila-403320<\/a><\/p>\n<p><a href=\"https:\/\/www.bhdani.ba\/portal\/clanak\/1061\/intervju\/nije-jugoslavija-bila-vjeciti-bolesnik\">https:\/\/www.bhdani.ba\/portal\/clanak\/1061\/intervju\/nije-jugoslavija-bila-vjeciti-bolesnik<\/a><\/p>\n<p><a href=\"http:\/\/yuhistorija.com\/serbian\/aktuelnosti_txt27.html\">http:\/\/yuhistorija.com\/serbian\/aktuelnosti_txt27.html<\/a><\/p>\n<p>&nbsp;<\/p>\n<p>Husnija Kamberovi\u0107, Tvrtko Jakovina<\/p>\n<p><a href=\"http:\/\/balkans.aljazeera.net\/vijesti\/formiranjem-jugoslavije-sprijeceno-stvaranje-velike-srbije\">http:\/\/balkans.aljazeera.net\/vijesti\/formiranjem-jugoslavije-sprijeceno-stvaranje-velike-srbije<\/a><\/p>\n<p>&nbsp;<\/p>\n<p><span style=\"color: #000000; font-family: Calibri; font-size: medium;\">Husnija Kamberovi\u0107, Tvrtko Jakovina, Sr\u0111an Milo\u0161evi\u0107<\/span><\/p>\n<p><a href=\"http:\/\/hr.n1info.com\/Video\/Crvena-linija\/a354079\/Crvena-linija-Sto-godina-od-osnivanja-prve-zajednicke-drzave-juznih-Slavena.html\">http:\/\/hr.n1info.com\/Video\/Crvena-linija\/a354079\/Crvena-linija-Sto-godina-od-osnivanja-prve-zajednicke-drzave-juznih-Slavena.html<\/a><\/p>\n<p>&nbsp;<\/p>\n<p>Husnija Kamberovi\u0107, Adnan Jahi\u0107<\/p>\n<p><a href=\"https:\/\/www.dw.com\/bs\/100-godina-od-formiranja-prve-jugoslavije\/a-46534504\">https:\/\/www.dw.com\/bs\/100-godina-od-formiranja-prve-jugoslavije\/a-46534504<\/a><\/p>\n<p>&nbsp;<\/p>\n<p>Dubravka Stojanovi\u0107, Husnija Kamberovi\u0107, Hrvoje Klasi\u0107<\/p>\n<p><a href=\"https:\/\/www.dw.com\/bs\/jugoslavija-kao-idealni-neprijatelj\/a-45619435\">https:\/\/www.dw.com\/bs\/jugoslavija-kao-idealni-neprijatelj\/a-45619435<\/a><\/p>\n<p>&nbsp;<\/p>\n<p><span style=\"color: #000000; font-family: Calibri; font-size: medium;\">Olga Manojlovi\u0107 Pintar<\/span><\/p>\n<p><a href=\"http:\/\/www.autonomija.info\/istoricari-muzej-prisajedinjenja-je-propagandisticka-izlozba.html\">http:\/\/www.autonomija.info\/istoricari-muzej-prisajedinjenja-je-propagandisticka-izlozba.html<\/a><\/p>\n<p>&nbsp;<\/p>\n<p>DW<\/p>\n<p><a href=\"https:\/\/www.dw.com\/bs\/toliko-smo-je-voljeli-tu-stra\u0161nu-jugoslaviju\/a-46536391\">https:\/\/www.dw.com\/bs\/toliko-smo-je-voljeli-tu-stra\u0161nu-jugoslaviju\/a-46536391<\/a><\/p>\n<p><a href=\"https:\/\/www.dw.com\/bs\/vojvo\u0111anski-crnogorci-u-grotlu-prisajedinjenja\/a-46436676\">https:\/\/www.dw.com\/bs\/vojvo\u0111anski-crnogorci-u-grotlu-prisajedinjenja\/a-46436676<\/a><\/p>\n<p><a href=\"https:\/\/www.dw.com\/bs\/san-njema\u010dke-ljevice-o-jugoslaviji\/a-46507787\">https:\/\/www.dw.com\/bs\/san-njema\u010dke-ljevice-o-jugoslaviji\/a-46507787<\/a><\/p>\n<p>&nbsp;<\/p>\n<p>Pe\u0161\u010danik \/ Tema \u201cJugoslavija\u201d<\/p>\n<p><a href=\"https:\/\/pescanik.net\/jugoslavija\/\">https:\/\/pescanik.net\/jugoslavija\/<\/a><\/p>\n<p>&nbsp;<\/p>\n<p>Dubravka Stojanovi\u0107<\/p>\n<p><a href=\"https:\/\/pescanik.net\/jugoslavija-i-mi-vrlo-kratka-istorija\/\">https:\/\/pescanik.net\/jugoslavija-i-mi-vrlo-kratka-istorija\/<\/a><\/p>\n<p>&nbsp;<\/p>\n<p>Sr\u0111an Milo\u0161evi\u0107<\/p>\n<p><a href=\"https:\/\/pescanik.net\/jugoslavija-hegemonija-i-velika-srbija-poceci-kontroverze\/\">https:\/\/pescanik.net\/jugoslavija-hegemonija-i-velika-srbija-poceci-kontroverze\/<\/a><\/p>\n<p>&nbsp;<\/p>\n<p>Radio Slobodna Evropa<\/p>\n<p>Serijal \u201cSto godina Jugoslavije\u201d<\/p>\n<p>Stipe Mesi\u0107, Raif Dizdarevi\u0107, Budimir Lon\u010dar, Du\u0161an \u010ckrebi\u0107, Dimitrij Rupel, Latinka Perovi\u0107, Ciril Ribi\u010di\u010d, Miljenko Jergovi\u0107, Ivo Banac, Ljubodrag Dimi\u0107, Sergej Flere, Husnija Kamberovi\u0107 i Bo\u017eidar Jezernik.<\/p>\n<p><a href=\"https:\/\/www.slobodnaevropa.org\/a\/jugoslavija-propast-serijal-sjecanje-raspad-godisnjica\/29589870.html\">https:\/\/www.slobodnaevropa.org\/a\/jugoslavija-propast-serijal-sjecanje-raspad-godisnjica\/29589870.html<\/a><\/p>\n<p><a href=\"https:\/\/www.slobodnaevropa.org\/z\/21354\">https:\/\/www.slobodnaevropa.org\/z\/21354<\/a><\/p>\n<p>&nbsp;<\/p>\n<p>YU historija<\/p>\n<p>100 godina Jugoslavije<\/p>\n<p><a href=\"http:\/\/yuhistorija.com\/serbian\/aktuelnosti.html\">http:\/\/yuhistorija.com\/serbian\/aktuelnosti.html<\/a><\/p>\n<p>&nbsp;<\/p>\n<p>Milivoj Be\u0161lin<\/p>\n<p><a href=\"http:\/\/avangarda.ba\/detaljno.php?id=676\">http:\/\/avangarda.ba\/detaljno.php?id=676<\/a><\/p>\n<p>&nbsp;<\/p>\n<p>Dinko Gruhonji\u0107<\/p>\n<p><a href=\"https:\/\/lupiga.com\/kolumne\/przenje-mozga-vojvodina-poslovni-potez-koji-beogradu-donosi-profit-citavo-stolece\">https:\/\/lupiga.com\/kolumne\/przenje-mozga-vojvodina-poslovni-potez-koji-beogradu-donosi-profit-citavo-stolece<\/a><\/p>\n<p>&nbsp;<\/p>\n<p>Crnogorski parlament poni\u0161tio odluke tzv. \u201cPodgori\u010dke skup\u0161tine\u201d od prije 100 godina<\/p>\n<p><a href=\"https:\/\/www.hina.hr\/vijest\/9950030\">https:\/\/www.hina.hr\/vijest\/9950030<\/a><\/p>\n<p><a href=\"https:\/\/www.index.hr\/vijesti\/clanak\/crna-gora-ponistila-politicke-odluke-stare-100-godina\/2046622.aspx\">https:\/\/www.index.hr\/vijesti\/clanak\/crna-gora-ponistila-politicke-odluke-stare-100-godina\/2046622.aspx<\/a><\/p>\n<p><a href=\"https:\/\/www.express.hr\/top-news\/drama-u-crnoj-gori-na-rubu-smo-gra-anskog-rata-18868\">https:\/\/www.express.hr\/top-news\/drama-u-crnoj-gori-na-rubu-smo-gra-anskog-rata-18868<\/a><\/p>\n<p>&nbsp;<\/p>\n<p>&nbsp;<\/p>\n","protected":false},"excerpt":{"rendered":"","protected":false},"author":2,"featured_media":12607,"comment_status":"open","ping_status":"open","sticky":false,"template":"","format":"standard","meta":{"_acf_changed":false,"jetpack_post_was_ever_published":false,"_jetpack_newsletter_access":"","_jetpack_dont_email_post_to_subs":false,"_jetpack_newsletter_tier_id":0,"_jetpack_memberships_contains_paywalled_content":false,"_jetpack_memberships_contains_paid_content":false,"footnotes":"","jetpack_publicize_message":"","jetpack_publicize_feature_enabled":true,"jetpack_social_post_already_shared":true,"jetpack_social_options":{"image_generator_settings":{"template":"highway","default_image_id":0,"font":"","enabled":false},"version":2}},"categories":[3,17],"tags":[],"class_list":["post-12606","post","type-post","status-publish","format-standard","has-post-thumbnail","hentry","category-novosti","category-rasprave"],"acf":{"facebook_opis":""},"jetpack_publicize_connections":[],"jetpack_featured_media_url":"https:\/\/i0.wp.com\/historiografija.hr\/wp-content\/uploads\/2018\/12\/MarkovTrg-29-10-1918-SHS.jpg?fit=780%2C490&ssl=1","jetpack_sharing_enabled":true,"jetpack-related-posts":[{"id":52666,"url":"https:\/\/historiografija.hr\/?p=52666","url_meta":{"origin":12606,"position":0},"title":"Najava programa Festivala povijesti Kliofest (5-8. V. 2026)","author":"Branimir Jankovi\u0107","date":"24. travnja 2026.","format":false,"excerpt":"Po trinaesti put odr\u017eava se Festival povijesti Kliofest! Do petka \u0107emo odr\u017eati osam okruglih stolova i dva kolokvija te niz predstavljanja knjiga i projekata razli\u010dite tematike, od antike do suvremenosti. Bit \u0107e predstavljeno i nekoliko izlo\u017ebi te odr\u017ean jedan povijesni kviz. Prikazat \u0107emo i jedan film \u2013 o generalu Boroevi\u0107u.\u2026","rel":"","context":"U &quot;Novosti&quot;","block_context":{"text":"Novosti","link":"https:\/\/historiografija.hr\/?cat=3"},"img":{"alt_text":"","src":"https:\/\/i0.wp.com\/historiografija.hr\/wp-content\/uploads\/2026\/04\/Kliofest-2026.jpg?fit=526%2C526&ssl=1&resize=350%2C200","width":350,"height":200,"srcset":"https:\/\/i0.wp.com\/historiografija.hr\/wp-content\/uploads\/2026\/04\/Kliofest-2026.jpg?fit=526%2C526&ssl=1&resize=350%2C200 1x, https:\/\/i0.wp.com\/historiografija.hr\/wp-content\/uploads\/2026\/04\/Kliofest-2026.jpg?fit=526%2C526&ssl=1&resize=525%2C300 1.5x"},"classes":[]},{"id":52569,"url":"https:\/\/historiografija.hr\/?p=52569","url_meta":{"origin":12606,"position":1},"title":"[Predavanje] Ne \u010dekaju\u0107i inspiraciju \u2013 anga\u017eovane intelektualne, kulturalne i umetni\u010dke prakse u me\u0111uratnom periodu: teorija i praksa kriti\u010dke levice u jugoslovenskoj kulturi (YugoLab)","author":"Branimir Jankovi\u0107","date":"21. travnja 2026.","format":false,"excerpt":"U vreme agresivnog ja\u010danja globalne desnice, (pro)fa\u0161isti\u010dkih, rasisti\u010dkih i imperijalisti\u010dkih politika, dok je istovremeno globalna levica izrazito slaba, a progresivni pokreti atomizirani i fragmentisani, va\u017eno je iz savremene perspektive vratiti se revolucionarnim i emancipatorskim zbivanjima u jugoslovenskom (ali i s njima u vezi internacionalnim de\u0161avanjima), kao i dru\u0161tvenoj ulozi kulturalnih\u2026","rel":"","context":"U &quot;Novosti&quot;","block_context":{"text":"Novosti","link":"https:\/\/historiografija.hr\/?cat=3"},"img":{"alt_text":"","src":"","width":0,"height":0},"classes":[]},{"id":52592,"url":"https:\/\/historiografija.hr\/?p=52592","url_meta":{"origin":12606,"position":2},"title":"Predstavljanje knjige &#8220;Turska ku\u0107a u Rijeci&#8221; u Zagrebu","author":"Branimir Jankovi\u0107","date":"22. travnja 2026.","format":false,"excerpt":"U prostorijama Turskog kulturnog centra Yunus Emre u Zagrebu, u utorak 21. travnja 2026. godine, odr\u017eano je sve\u010dano predstavljanje dopunjenog izdanja knjige Turska ku\u0107a u Rijeci, u organizaciji Hrvatsko-turskog dru\u0161tva Rijeka i partnerstvu sa Skupinom prijateljstva Hrvatska-Turska Hrvatskog sabora, Veleposlanstvom Republike Turske u Republici Hrvatskoj te Turskim kulturnim centrom Yunus\u2026","rel":"","context":"U &quot;Novosti&quot;","block_context":{"text":"Novosti","link":"https:\/\/historiografija.hr\/?cat=3"},"img":{"alt_text":"","src":"https:\/\/i0.wp.com\/historiografija.hr\/wp-content\/uploads\/2026\/04\/Turska-kuca-ZG.jpg?fit=1200%2C800&ssl=1&resize=350%2C200","width":350,"height":200,"srcset":"https:\/\/i0.wp.com\/historiografija.hr\/wp-content\/uploads\/2026\/04\/Turska-kuca-ZG.jpg?fit=1200%2C800&ssl=1&resize=350%2C200 1x, https:\/\/i0.wp.com\/historiografija.hr\/wp-content\/uploads\/2026\/04\/Turska-kuca-ZG.jpg?fit=1200%2C800&ssl=1&resize=525%2C300 1.5x, https:\/\/i0.wp.com\/historiografija.hr\/wp-content\/uploads\/2026\/04\/Turska-kuca-ZG.jpg?fit=1200%2C800&ssl=1&resize=700%2C400 2x, https:\/\/i0.wp.com\/historiografija.hr\/wp-content\/uploads\/2026\/04\/Turska-kuca-ZG.jpg?fit=1200%2C800&ssl=1&resize=1050%2C600 3x"},"classes":[]},{"id":52628,"url":"https:\/\/historiografija.hr\/?p=52628","url_meta":{"origin":12606,"position":3},"title":"Predavanje dopisnog \u010dlana HAZU Alaina Finkielkrauta Izrael, Europa, antisemitizam","author":"Branimir Jankovi\u0107","date":"23. travnja 2026.","format":false,"excerpt":"Francuski filozof Alain Finkielkraut, redoviti \u010dlan Francuske akademije i dopisni \u010dlan HAZU, odr\u017eat \u0107e predavanje\u00a0Izrael, Europa, antisemitizam u utorak 28. travnja 2026. u 13 sati u Knji\u017enici HAZU,\u00a0Strossmayerov trg 14 u Zagrebu. Uvodne rije\u010di odr\u017eat \u0107e\u00a0akademkinja \u017deljka \u010corak i\u00a0akademik Dra\u017een Katunari\u0107. Predavanje \u0107e se odr\u017eati na francuskom jeziku uz konsekutivno\u2026","rel":"","context":"U &quot;Novosti&quot;","block_context":{"text":"Novosti","link":"https:\/\/historiografija.hr\/?cat=3"},"img":{"alt_text":"","src":"https:\/\/i0.wp.com\/historiografija.hr\/wp-content\/uploads\/2026\/04\/Alain_Finkielkraut.jpg?fit=350%2C407&ssl=1&resize=350%2C200","width":350,"height":200},"classes":[]},{"id":52505,"url":"https:\/\/historiografija.hr\/?p=52505","url_meta":{"origin":12606,"position":4},"title":"Izlo\u017eba &#8220;Eschenstock \/ Jasenov prut&#8221;","author":"Branimir Jankovi\u0107","date":"17. travnja 2026.","format":false,"excerpt":"Srpsko narodno vije\u0107e (SNV) i Vizura aperta postavljaju izlo\u017ebu \u0161vicarskog slikara Velimira Ili\u0161evi\u0107a: Eschenstock \/ Jasenov prut. Izlo\u017eba se uz prisustvo autora otvara povodom 81. godi\u0161njice proboja logora\u0161a iz usta\u0161kog logora smrti Jasenovac 22. aprila 2026. u 19 sati u Srpskom kulturnom centru (SKC) u Preradovi\u0107evoj ulici 21 u Zagrebu.\u2026","rel":"","context":"U &quot;Izlo\u017ebe&quot;","block_context":{"text":"Izlo\u017ebe","link":"https:\/\/historiografija.hr\/?cat=10"},"img":{"alt_text":"","src":"https:\/\/i0.wp.com\/historiografija.hr\/wp-content\/uploads\/2026\/04\/Jasenov_prut.jpg?fit=1024%2C640&ssl=1&resize=350%2C200","width":350,"height":200,"srcset":"https:\/\/i0.wp.com\/historiografija.hr\/wp-content\/uploads\/2026\/04\/Jasenov_prut.jpg?fit=1024%2C640&ssl=1&resize=350%2C200 1x, https:\/\/i0.wp.com\/historiografija.hr\/wp-content\/uploads\/2026\/04\/Jasenov_prut.jpg?fit=1024%2C640&ssl=1&resize=525%2C300 1.5x, https:\/\/i0.wp.com\/historiografija.hr\/wp-content\/uploads\/2026\/04\/Jasenov_prut.jpg?fit=1024%2C640&ssl=1&resize=700%2C400 2x"},"classes":[]},{"id":52528,"url":"https:\/\/historiografija.hr\/?p=52528","url_meta":{"origin":12606,"position":5},"title":"[Promocija knjige] Banja Luka u ratu: Etnopolitika i svakodnevica (1990\u20131995) (ActiveLab, YugoLab)","author":"Branimir Jankovi\u0107","date":"17. travnja 2026.","format":false,"excerpt":"Institut za filozofiju i dru\u0161tvenu teoriju i O\u0161tra Nula organizuju promociju knjige Banja Luka u ratu: Etnopolitika i svakodnevica (1990\u20131995) autorke Armine Galija\u0161, koja \u0107e se odr\u017eati 20. aprila 2026. u 12.00 sati u prostorijama Instituta (Kraljice Natalije 45, Beograd). Re\u010d je o prvom nau\u010dno utemeljenom i sistematskom radu koji\u2026","rel":"","context":"U &quot;Novosti&quot;","block_context":{"text":"Novosti","link":"https:\/\/historiografija.hr\/?cat=3"},"img":{"alt_text":"","src":"https:\/\/i0.wp.com\/historiografija.hr\/wp-content\/uploads\/2026\/04\/20-april-RS.jpg?fit=1200%2C675&ssl=1&resize=350%2C200","width":350,"height":200,"srcset":"https:\/\/i0.wp.com\/historiografija.hr\/wp-content\/uploads\/2026\/04\/20-april-RS.jpg?fit=1200%2C675&ssl=1&resize=350%2C200 1x, https:\/\/i0.wp.com\/historiografija.hr\/wp-content\/uploads\/2026\/04\/20-april-RS.jpg?fit=1200%2C675&ssl=1&resize=525%2C300 1.5x, https:\/\/i0.wp.com\/historiografija.hr\/wp-content\/uploads\/2026\/04\/20-april-RS.jpg?fit=1200%2C675&ssl=1&resize=700%2C400 2x, https:\/\/i0.wp.com\/historiografija.hr\/wp-content\/uploads\/2026\/04\/20-april-RS.jpg?fit=1200%2C675&ssl=1&resize=1050%2C600 3x"},"classes":[]}],"_links":{"self":[{"href":"https:\/\/historiografija.hr\/index.php?rest_route=\/wp\/v2\/posts\/12606","targetHints":{"allow":["GET"]}}],"collection":[{"href":"https:\/\/historiografija.hr\/index.php?rest_route=\/wp\/v2\/posts"}],"about":[{"href":"https:\/\/historiografija.hr\/index.php?rest_route=\/wp\/v2\/types\/post"}],"author":[{"embeddable":true,"href":"https:\/\/historiografija.hr\/index.php?rest_route=\/wp\/v2\/users\/2"}],"replies":[{"embeddable":true,"href":"https:\/\/historiografija.hr\/index.php?rest_route=%2Fwp%2Fv2%2Fcomments&post=12606"}],"version-history":[{"count":13,"href":"https:\/\/historiografija.hr\/index.php?rest_route=\/wp\/v2\/posts\/12606\/revisions"}],"predecessor-version":[{"id":12844,"href":"https:\/\/historiografija.hr\/index.php?rest_route=\/wp\/v2\/posts\/12606\/revisions\/12844"}],"wp:featuredmedia":[{"embeddable":true,"href":"https:\/\/historiografija.hr\/index.php?rest_route=\/wp\/v2\/media\/12607"}],"wp:attachment":[{"href":"https:\/\/historiografija.hr\/index.php?rest_route=%2Fwp%2Fv2%2Fmedia&parent=12606"}],"wp:term":[{"taxonomy":"category","embeddable":true,"href":"https:\/\/historiografija.hr\/index.php?rest_route=%2Fwp%2Fv2%2Fcategories&post=12606"},{"taxonomy":"post_tag","embeddable":true,"href":"https:\/\/historiografija.hr\/index.php?rest_route=%2Fwp%2Fv2%2Ftags&post=12606"}],"curies":[{"name":"wp","href":"https:\/\/api.w.org\/{rel}","templated":true}]}}