{"id":12582,"date":"2018-11-30T17:09:22","date_gmt":"2018-11-30T17:09:22","guid":{"rendered":"http:\/\/historiografija.hr\/?p=12582"},"modified":"2018-11-30T17:09:22","modified_gmt":"2018-11-30T17:09:22","slug":"zbornik-istorija-jedne-utopije-100-godina-od-stvaranja-jugoslavije","status":"publish","type":"post","link":"https:\/\/historiografija.hr\/?p=12582","title":{"rendered":"Zbornik \u201eIstorija jedne utopije \u2013 100 godina od stvaranja Jugoslavije\u201c"},"content":{"rendered":"<p>Izdava\u010d Catena mundi iz Beograda objavio je 2018. dvotomni zbornik \u201eIstorija jedne utopije \u2013 100 godina od stvaranja Jugoslavije\u201c, koji se uvodno pita mo\u017ee li \u201esrpski narod (\u2026) vek posle stvaranja ove utopijske dr\u017eave, trezveno sagledavati jugoslovenski projekat (\u2026) s obzirom na to da smo najve\u0107e \u017ertve njegovog raspada?\u201c (sic!).<\/p>\n<p>&nbsp;<\/p>\n<p>&#8212;<\/p>\n<p>&nbsp;<\/p>\n<p><strong>ISTORIJA JEDNE UTOPIJE<\/strong> &#8211; I i II tom<\/p>\n<p>Grupa autora<\/p>\n<p>&nbsp;<\/p>\n<p>Izdava\u010d: Catena Mundi<\/p>\n<p>Pismo: \u0106irilica<\/p>\n<p>Godina izdanja: 2018.<\/p>\n<p>&nbsp;<\/p>\n<p>&nbsp;<\/p>\n<p>Jugoslavije vi\u0161e nema, a kao njeno jedino nasle\u0111e name\u0107u nam se aveti titoizma. One i dalje poku\u0161avaju da formiraju na\u0161e \u017eelje, projekcije i razumevanje polo\u017eaja Srbije i srpskog naroda. Mo\u017eemo li, vek posle stvaranja ove utopijske dr\u017eave, trezveno sagledavati jugoslovenski projekat? Imamo li za to snage s obzirom na to da smo najve\u0107e \u017ertve njegovog raspada? Mi verujemo da srpski narod ima snage i zato Vam nudimo kapitalni izdava\u010dki projekat \u2013 Istorija jedne utopije: 100 godina od osnivanja Jugoslavije.<\/p>\n<p>&nbsp;<\/p>\n<p>Nudimo Vam svedo\u010denja tvoraca i graditelja me\u0111uratne dr\u017eave: Aleksandra Beli\u0107, Jovana Cviji\u0107a, Slobodana Jovanovi\u0107a i njihovog uticajnog prethodnika, Jovana Skerli\u0107a.<\/p>\n<p>&nbsp;<\/p>\n<p>U ovoj knjizi zastupljeni su i antologijski tekstovi najuticajnijih intelektualaca druge polovine 20. veka: Mihaila \u0110uri\u0107a, Milorada Ekme\u010di\u0107a, Dragoljuba \u017divojinovi\u0107a, Du\u0161ana T. Batakovi\u0107a. Tu su i: Ljubodrag Dimi\u0107, Kosta \u010cavo\u0161ki, Milo Lompar, Nenad Kecmanovi\u0107, Sr\u0111a Trifkovi\u0107 i Milo\u0161 Kova\u010devi\u0107.<\/p>\n<p>&nbsp;<\/p>\n<p>Kona\u010dno, zastupljeni su i autori koji svojim radom obele\u017eavaju prve dve decenije srpskog 21. veka: Milo\u0161 Kovi\u0107, \u010cedomir Anti\u0107, Aleksandar Rakovi\u0107, Slobodan Antoni\u0107, \u010caslav Koprivica i mnogi drugi\u2026<\/p>\n<p>&nbsp;<\/p>\n<p>Tekstovi sabrani me\u0111u koricama knjige Istorija jedne utopije: 100 godina od stvaranja Jugoslavije obra\u0111uju \u010ditav niz bitnih tema:<\/p>\n<p>&nbsp;<\/p>\n<p>Kako je nastala jugoslovenska ideja?<\/p>\n<p>Programski tekstovi tvoraca Jugoslavije.<\/p>\n<p>Kako su velike sile uticale na stvaranje i raspad Jugoslavije?<\/p>\n<p>Geopoliti\u010dki smisao Jugoslavije.<\/p>\n<p>Nikola Pa\u0161i\u0107 i srpski politi\u010dari o stvaranju Kraljevine SHS.<\/p>\n<p>Pitanje jugoslovenskog identiteta.<\/p>\n<p>Politika Vatikana prema Jugoslaviji.<\/p>\n<p>Da li Jugoslavija bila mogu\u0107a posle Jasenovca?<\/p>\n<p>Poreklo i posledice avnojevskih granica.<\/p>\n<p>Da li je titoizam sprovodio hrvatsku nacionalnu politiku?<\/p>\n<p>Brionski plenum, Rankovi\u0107ev pad i Ustav iz 1974.<\/p>\n<p>Srpska pop-kultura u SFRJ.<\/p>\n<p>Jugonostalgija kao ose\u0107anje i kao instrument propagande.<\/p>\n<p>Komadanje srpskog jezika kao lingvisti\u010dko nasle\u0111e jugoslovenstva.<\/p>\n<p>&nbsp;<\/p>\n<p>&nbsp;<\/p>\n<p>Izvor i dodatne informacije:<\/p>\n<p>&nbsp;<\/p>\n<p><a href=\"https:\/\/www.delfi.rs\/knjige\/124842_istorija_jedne_utopije_-_i_i_ii_tom_knjiga_delfi_knjizare.html\">https:\/\/www.delfi.rs\/knjige\/124842_istorija_jedne_utopije_-_i_i_ii_tom_knjiga_delfi_knjizare.html<\/a><\/p>\n<p>&nbsp;<\/p>\n<p><a href=\"http:\/\/catenamundi.rs\/shop\/istorija-jedne-utopije-100-godina-od-stvaranja-jugoslavije\/\">http:\/\/catenamundi.rs\/shop\/istorija-jedne-utopije-100-godina-od-stvaranja-jugoslavije\/<\/a><\/p>\n<p>&nbsp;<\/p>\n<p><a href=\"http:\/\/www.rts.rs\/page\/rts\/sr\/Dijaspora\/story\/1526\/srbija-na-vezi\/3155285\/jugoslavija-istorija-jedne-utopije.html\">http:\/\/www.rts.rs\/page\/rts\/sr\/Dijaspora\/story\/1526\/srbija-na-vezi\/3155285\/jugoslavija-istorija-jedne-utopije.html<\/a><\/p>\n<p>&nbsp;<\/p>\n<p>&nbsp;<\/p>\n","protected":false},"excerpt":{"rendered":"","protected":false},"author":2,"featured_media":12583,"comment_status":"open","ping_status":"open","sticky":false,"template":"","format":"standard","meta":{"_acf_changed":false,"jetpack_post_was_ever_published":false,"_jetpack_newsletter_access":"","_jetpack_dont_email_post_to_subs":false,"_jetpack_newsletter_tier_id":0,"_jetpack_memberships_contains_paywalled_content":false,"_jetpack_memberships_contains_paid_content":false,"footnotes":"","jetpack_publicize_message":"","jetpack_publicize_feature_enabled":true,"jetpack_social_post_already_shared":true,"jetpack_social_options":{"image_generator_settings":{"template":"highway","default_image_id":0,"font":"","enabled":false},"version":2}},"categories":[8,3],"tags":[],"class_list":["post-12582","post","type-post","status-publish","format-standard","has-post-thumbnail","hentry","category-knjige","category-novosti"],"acf":{"facebook_opis":""},"jetpack_publicize_connections":[],"jetpack_featured_media_url":"https:\/\/i0.wp.com\/historiografija.hr\/wp-content\/uploads\/2018\/11\/korice-jugoslavija.png?fit=600%2C724&ssl=1","jetpack_sharing_enabled":true,"jetpack-related-posts":[{"id":52631,"url":"https:\/\/historiografija.hr\/?p=52631","url_meta":{"origin":12582,"position":0},"title":"Predavanje Ivana Tepe\u0161a: Djelovanje hrvatske politi\u010dke emigracije","author":"Branimir Jankovi\u0107","date":"23. travnja 2026.","format":false,"excerpt":"Odjel za me\u0111unarodnu suradnju i iseljeni\u0161tvo Matice hrvatske Predavanje Ivana Tepe\u0161a: Djelovanje hrvatske politi\u010dke emigracije Utorak, 28. travnja 2026. u 18:00 sati, Dvorana Ljudevita Jonkea (Mala dvorana MH), Strossmayerov trg 4, Zagreb dr. sc. Ivan Tepe\u0161, Institut za istra\u017eivanje migracija Hrvatska politi\u010dka emigracija obilje\u017eila je polustoljetnu hrvatsku povijest u drugoj\u2026","rel":"","context":"U &quot;Novosti&quot;","block_context":{"text":"Novosti","link":"https:\/\/historiografija.hr\/?cat=3"},"img":{"alt_text":"","src":"","width":0,"height":0},"classes":[]},{"id":52657,"url":"https:\/\/historiografija.hr\/?p=52657","url_meta":{"origin":12582,"position":1},"title":"[Predavanje] Jezik i drugost u (post)socijalisti\u010dkoj Srbiji: diskurzivne politike identiteta (YugoLab)","author":"Branimir Jankovi\u0107","date":"24. travnja 2026.","format":false,"excerpt":"U sklopu projekta Prizma \/ IMAGINATION (\u201eZami\u0161ljanje nacije: srpski nacionalni narativi u sporu (XX\u2013XXI vek)\u201c), koji se realizuje na Institutu za filozofiju i dru\u0161tvenu teoriju Univerziteta u Beogradu (2024\u20132027) uz finansijsku podr\u0161ku Fonda za nauku Republike Srbije, organizuje se serija predavanja na kojoj istra\u017eiva\u010di i istra\u017eiva\u010dice projekta predstavljaju rezultate svojih\u2026","rel":"","context":"U &quot;Novosti&quot;","block_context":{"text":"Novosti","link":"https:\/\/historiografija.hr\/?cat=3"},"img":{"alt_text":"","src":"https:\/\/i0.wp.com\/historiografija.hr\/wp-content\/uploads\/2026\/04\/IFDT_28_IV.png?fit=1200%2C675&ssl=1&resize=350%2C200","width":350,"height":200,"srcset":"https:\/\/i0.wp.com\/historiografija.hr\/wp-content\/uploads\/2026\/04\/IFDT_28_IV.png?fit=1200%2C675&ssl=1&resize=350%2C200 1x, https:\/\/i0.wp.com\/historiografija.hr\/wp-content\/uploads\/2026\/04\/IFDT_28_IV.png?fit=1200%2C675&ssl=1&resize=525%2C300 1.5x, https:\/\/i0.wp.com\/historiografija.hr\/wp-content\/uploads\/2026\/04\/IFDT_28_IV.png?fit=1200%2C675&ssl=1&resize=700%2C400 2x, https:\/\/i0.wp.com\/historiografija.hr\/wp-content\/uploads\/2026\/04\/IFDT_28_IV.png?fit=1200%2C675&ssl=1&resize=1050%2C600 3x"},"classes":[]},{"id":52502,"url":"https:\/\/historiografija.hr\/?p=52502","url_meta":{"origin":12582,"position":2},"title":"Novi znanstveni projekt Hrvatskog instituta za povijest: \u201c\u017drtve ratova i dr\u017eavnog\/politi\u010dkog nasilja u hrvatskoj povijesti 20. stolje\u0107a\u201d","author":"Branimir Jankovi\u0107","date":"17. travnja 2026.","format":false,"excerpt":"Na redovitoj sjednici Vlade RH, 16. travnja 2026., donijet je Zaklju\u010dak kojim se pokre\u0107e znanstveni projekt \u201c\u017drtve ratova i dr\u017eavnog\/politi\u010dkog nasilja u hrvatskoj povijesti 20. stolje\u0107a\u201d. Projekt \u0107e provoditi i koordinirati Hrvatski institut za povijest u razdoblju trajanja projekta od pet godina. Zakljucak Vlade RH Iz teksta projektnog prijedloga: Problematika\u2026","rel":"","context":"U &quot;Novosti&quot;","block_context":{"text":"Novosti","link":"https:\/\/historiografija.hr\/?cat=3"},"img":{"alt_text":"","src":"https:\/\/i0.wp.com\/historiografija.hr\/wp-content\/uploads\/2026\/04\/Vlada-RH.jpg?fit=1200%2C557&ssl=1&resize=350%2C200","width":350,"height":200,"srcset":"https:\/\/i0.wp.com\/historiografija.hr\/wp-content\/uploads\/2026\/04\/Vlada-RH.jpg?fit=1200%2C557&ssl=1&resize=350%2C200 1x, https:\/\/i0.wp.com\/historiografija.hr\/wp-content\/uploads\/2026\/04\/Vlada-RH.jpg?fit=1200%2C557&ssl=1&resize=525%2C300 1.5x, https:\/\/i0.wp.com\/historiografija.hr\/wp-content\/uploads\/2026\/04\/Vlada-RH.jpg?fit=1200%2C557&ssl=1&resize=700%2C400 2x, https:\/\/i0.wp.com\/historiografija.hr\/wp-content\/uploads\/2026\/04\/Vlada-RH.jpg?fit=1200%2C557&ssl=1&resize=1050%2C600 3x"},"classes":[]},{"id":52666,"url":"https:\/\/historiografija.hr\/?p=52666","url_meta":{"origin":12582,"position":3},"title":"Najava programa Festivala povijesti Kliofest (5-8. V. 2026)","author":"Branimir Jankovi\u0107","date":"24. travnja 2026.","format":false,"excerpt":"Po trinaesti put odr\u017eava se Festival povijesti Kliofest! Do petka \u0107emo odr\u017eati osam okruglih stolova i dva kolokvija te niz predstavljanja knjiga i projekata razli\u010dite tematike, od antike do suvremenosti. Bit \u0107e predstavljeno i nekoliko izlo\u017ebi te odr\u017ean jedan povijesni kviz. Prikazat \u0107emo i jedan film \u2013 o generalu Boroevi\u0107u.\u2026","rel":"","context":"U &quot;Novosti&quot;","block_context":{"text":"Novosti","link":"https:\/\/historiografija.hr\/?cat=3"},"img":{"alt_text":"","src":"https:\/\/i0.wp.com\/historiografija.hr\/wp-content\/uploads\/2026\/04\/Kliofest-2026.jpg?fit=526%2C526&ssl=1&resize=350%2C200","width":350,"height":200,"srcset":"https:\/\/i0.wp.com\/historiografija.hr\/wp-content\/uploads\/2026\/04\/Kliofest-2026.jpg?fit=526%2C526&ssl=1&resize=350%2C200 1x, https:\/\/i0.wp.com\/historiografija.hr\/wp-content\/uploads\/2026\/04\/Kliofest-2026.jpg?fit=526%2C526&ssl=1&resize=525%2C300 1.5x"},"classes":[]},{"id":52496,"url":"https:\/\/historiografija.hr\/?p=52496","url_meta":{"origin":12582,"position":4},"title":"30 godina Podru\u017enice \u2013 Javno predavanje Matea \u010calu\u0161i\u0107a \u201eSlavonski Brod u Domovinskom ratu\u201c","author":"Branimir Jankovi\u0107","date":"17. travnja 2026.","format":false,"excerpt":"U 2026. navr\u0161ava se trideset godina od osnutka Podru\u017enice za povijest Slavonije, Srijema i Baranje Hrvatskoga instituta za povijest. Obilje\u017eavanje ove zna\u010dajne obljetnice zapo\u010dinje ciklusom javnih povijesnih predavanja znanstvenika Instituta. Tre\u0107e po redu je predavanje Matea \u010calu\u0161i\u0107a \u2013 \u201eSLAVONSKI BROD U DOMOVINSKOM RATU\u201c. Predavanje \u0107e se odr\u017eati 21. travnja 2026.\u2026","rel":"","context":"U &quot;Novosti&quot;","block_context":{"text":"Novosti","link":"https:\/\/historiografija.hr\/?cat=3"},"img":{"alt_text":"","src":"https:\/\/i0.wp.com\/historiografija.hr\/wp-content\/uploads\/2026\/04\/Predavanje-Calusic.png?fit=860%2C1200&ssl=1&resize=350%2C200","width":350,"height":200,"srcset":"https:\/\/i0.wp.com\/historiografija.hr\/wp-content\/uploads\/2026\/04\/Predavanje-Calusic.png?fit=860%2C1200&ssl=1&resize=350%2C200 1x, https:\/\/i0.wp.com\/historiografija.hr\/wp-content\/uploads\/2026\/04\/Predavanje-Calusic.png?fit=860%2C1200&ssl=1&resize=525%2C300 1.5x, https:\/\/i0.wp.com\/historiografija.hr\/wp-content\/uploads\/2026\/04\/Predavanje-Calusic.png?fit=860%2C1200&ssl=1&resize=700%2C400 2x"},"classes":[]},{"id":52628,"url":"https:\/\/historiografija.hr\/?p=52628","url_meta":{"origin":12582,"position":5},"title":"Predavanje dopisnog \u010dlana HAZU Alaina Finkielkrauta Izrael, Europa, antisemitizam","author":"Branimir Jankovi\u0107","date":"23. travnja 2026.","format":false,"excerpt":"Francuski filozof Alain Finkielkraut, redoviti \u010dlan Francuske akademije i dopisni \u010dlan HAZU, odr\u017eat \u0107e predavanje\u00a0Izrael, Europa, antisemitizam u utorak 28. travnja 2026. u 13 sati u Knji\u017enici HAZU,\u00a0Strossmayerov trg 14 u Zagrebu. Uvodne rije\u010di odr\u017eat \u0107e\u00a0akademkinja \u017deljka \u010corak i\u00a0akademik Dra\u017een Katunari\u0107. Predavanje \u0107e se odr\u017eati na francuskom jeziku uz konsekutivno\u2026","rel":"","context":"U &quot;Novosti&quot;","block_context":{"text":"Novosti","link":"https:\/\/historiografija.hr\/?cat=3"},"img":{"alt_text":"","src":"https:\/\/i0.wp.com\/historiografija.hr\/wp-content\/uploads\/2026\/04\/Alain_Finkielkraut.jpg?fit=350%2C407&ssl=1&resize=350%2C200","width":350,"height":200},"classes":[]}],"_links":{"self":[{"href":"https:\/\/historiografija.hr\/index.php?rest_route=\/wp\/v2\/posts\/12582","targetHints":{"allow":["GET"]}}],"collection":[{"href":"https:\/\/historiografija.hr\/index.php?rest_route=\/wp\/v2\/posts"}],"about":[{"href":"https:\/\/historiografija.hr\/index.php?rest_route=\/wp\/v2\/types\/post"}],"author":[{"embeddable":true,"href":"https:\/\/historiografija.hr\/index.php?rest_route=\/wp\/v2\/users\/2"}],"replies":[{"embeddable":true,"href":"https:\/\/historiografija.hr\/index.php?rest_route=%2Fwp%2Fv2%2Fcomments&post=12582"}],"version-history":[{"count":1,"href":"https:\/\/historiografija.hr\/index.php?rest_route=\/wp\/v2\/posts\/12582\/revisions"}],"predecessor-version":[{"id":12584,"href":"https:\/\/historiografija.hr\/index.php?rest_route=\/wp\/v2\/posts\/12582\/revisions\/12584"}],"wp:featuredmedia":[{"embeddable":true,"href":"https:\/\/historiografija.hr\/index.php?rest_route=\/wp\/v2\/media\/12583"}],"wp:attachment":[{"href":"https:\/\/historiografija.hr\/index.php?rest_route=%2Fwp%2Fv2%2Fmedia&parent=12582"}],"wp:term":[{"taxonomy":"category","embeddable":true,"href":"https:\/\/historiografija.hr\/index.php?rest_route=%2Fwp%2Fv2%2Fcategories&post=12582"},{"taxonomy":"post_tag","embeddable":true,"href":"https:\/\/historiografija.hr\/index.php?rest_route=%2Fwp%2Fv2%2Ftags&post=12582"}],"curies":[{"name":"wp","href":"https:\/\/api.w.org\/{rel}","templated":true}]}}