{"id":12565,"date":"2018-11-29T12:04:49","date_gmt":"2018-11-29T12:04:49","guid":{"rendered":"http:\/\/historiografija.hr\/?p=12565"},"modified":"2018-11-29T12:04:49","modified_gmt":"2018-11-29T12:04:49","slug":"diskusioni-forum-sto-godina-od-osnivanja-jugoslavije","status":"publish","type":"post","link":"https:\/\/historiografija.hr\/?p=12565","title":{"rendered":"Diskusioni forum \u201cSto godina od osnivanja Jugoslavije\u201d"},"content":{"rendered":"<p>Diskusioni forum \u201cSto godina od osnivanja Jugoslavije\u201d \u2013 koji \u0107e se odr\u017eati u utorak, 4. prosinca 2018. u Beogradu \u2013 zavr\u0161ni je doga\u0111aj istoimenog iznimno sadr\u017eajnog ciklusa tribina koji su tijekom 2018. godine uspje\u0161no organizirali Centar za jugoslovenske studije i Dom omladine Beograd.<\/p>\n<p>&nbsp;<\/p>\n<p>&#8212;<\/p>\n<p>&nbsp;<\/p>\n<p><strong>Centar za jugoslovenske studije<\/strong><\/p>\n<p>&nbsp;<\/p>\n<p>Diskusioni forum Sto godina od osnivanja Jugoslavije zavr\u0161ni je doga\u0111aj istoimenog tribinskog programa koga su Centar za jugoslovenske studije i Dom omladine Beograd organizovali tokom \u010ditave 2018. godine kako bi u godini kada obele\u017eavamo stvaranja jugoslovenske dr\u017eave podsetili ne samo na njenu pro\u0161lost ve\u0107 i na njeno nasle\u0111e.<\/p>\n<p>&nbsp;<\/p>\n<p>U\u010desnici i u\u010desnice Diskusionog foruma Sto godina od osnivanja Jugoslavije poku\u0161a\u0107e u okviru dve panel diskusije (Modernizacija javnog prostora i Jugo-film) kao i u okviru okruglog stola (Radni\u010dko pitanje u socijalisti\u010dkoj Jugoslaviji) da odgovore na brojna pitanja koja su samo delimi\u010dno otvorena u predhodnih godinu dana. U isto vreme, Diskusioni forum Sto godina od osnivanja Jugoslavije predstavlja najavu novog tribinskog programa koga \u0107e Centar za jugoslovenske studije i Dom omladine Beograd organizovati 2019. godine a koji \u0107e razmatrati jugoslovensku dr\u017eavu kao modernizacijski okvir.<\/p>\n<p>&nbsp;<\/p>\n<p>&nbsp;<\/p>\n<p>Diskusioni forum: Sto godina od osnivanja Jugoslavije<\/p>\n<p>&nbsp;<\/p>\n<p>10 \u2013 10. 30<\/p>\n<p>Kafa dobrodo\u0161lice<\/p>\n<p>&nbsp;<\/p>\n<p>10.30 \u2013 10. 45<\/p>\n<p>Uvodna re\u010d<\/p>\n<p>Sergej Beuk, Dom omladine Beograda<\/p>\n<p>Sanja Petrovi\u0107 Todosijevi\u0107, Institut za noviju istoriju Srbije\/Cejus<\/p>\n<p>&nbsp;<\/p>\n<p>&nbsp;<\/p>\n<p>Prvi panel<\/p>\n<p>&nbsp;<\/p>\n<p>JUGOSLAVIJA<\/p>\n<p>Modernizacija javnog prostora 10. 45 \u2013 12. 30<\/p>\n<p>moderatorka: Ana Pani\u0107 (Muzej Jugoslavije\/Cejus)<\/p>\n<p>&nbsp;<\/p>\n<p>u\u010desnici:<\/p>\n<p>Jelica Jovanovi\u0107 (Docomomo Srbija)<\/p>\n<p>&nbsp;<\/p>\n<p>Obnova, izgradnja i oblikovanje javnih prostora u kontekstu izgradnje spomenika NOB i Revolucije 10.45 \u2013 11. 05<\/p>\n<p>&nbsp;<\/p>\n<p>Goran Ar\u010dabi\u0107 (Muzej grada Zagreba)<\/p>\n<p>&nbsp;<\/p>\n<p>Industrijsko naslje\u0111e kao prostor modernosti 11.05 \u2013 11. 25<\/p>\n<p>&nbsp;<\/p>\n<p>Tatjana Karabegovi\u0107 (Arhitektonski fakultet Univerziteta u Beogradu)<\/p>\n<p>&nbsp;<\/p>\n<p>Moderna arhitektura Beograda kao prostorni okvir modernosti kroz primere iz filmova jugoslovenske produkcije 11. 25 \u2013 11. 45<\/p>\n<p>&nbsp;<\/p>\n<p>Diskusija 11. 45 \u2013 12. 30<\/p>\n<p>&nbsp;<\/p>\n<p>Pauza za kafu 12. 30 \u2013 13. 00<\/p>\n<p>&nbsp;<\/p>\n<p>Okrugli sto<\/p>\n<p>&nbsp;<\/p>\n<p>JUGOSLOVENI<\/p>\n<p>&nbsp;<\/p>\n<p>Radni\u010dko pitanje u socijalisti\u010dkoj Jugoslaviji 13. 00 \u2013 15. 00<\/p>\n<p>&nbsp;<\/p>\n<p>moderator: Sr\u0111an Atanasovski (Muzikolo\u0161ki institut SANU\/Cejus)<\/p>\n<p>&nbsp;<\/p>\n<p>u\u010desnici:<\/p>\n<p>Ivana Dobrivojevi\u0107 (Institut za savremenu istoriju)<\/p>\n<p>Nada Novakovi\u0107 (Institut dru\u0161tvenih nauka)<\/p>\n<p>Goran Musi\u0107 (Me\u0111unarodna konferencija za rad i dru\u0161tvenu istoriju)<\/p>\n<p>&nbsp;<\/p>\n<p>Pauza za ru\u010dak 15. 00 \u2013 16. 00<\/p>\n<p>&nbsp;<\/p>\n<p>Drugi panel<\/p>\n<p>&nbsp;<\/p>\n<p>SLIKA JUGOSLAVIJE<\/p>\n<p>&nbsp;<\/p>\n<p>Jugo-film 16. 00 \u2013 18. 00<\/p>\n<p>&nbsp;<\/p>\n<p>moderatorka: Lada Stevanovi\u0107 (Etnografski institut SANU\/Cejus)<\/p>\n<p>&nbsp;<\/p>\n<p>u\u010desnici:<\/p>\n<p>&nbsp;<\/p>\n<p>Marijana Stoj\u010di\u0107 (Centar za primenjenu istoriju)<\/p>\n<p>&nbsp;<\/p>\n<p>Jedan prilog istoriji odustajanja: kako su doma\u0107ice zamenile partizanke 16. 00 \u2013 16. 20<\/p>\n<p>&nbsp;<\/p>\n<p>Miroslava Male\u0161evi\u0107 (Etnografski institut SANU)<\/p>\n<p>&nbsp;<\/p>\n<p>Isku\u0161enja socijalisti\u010dkog raja \u2013 refleksije konzumeristi\u010dkog dru\u0161tva u jugoslovenskom filmu 1960-ih 16. 20 \u2013 16. 40<\/p>\n<p>&nbsp;<\/p>\n<p>Doplgenger (Bo\u0161ko Prostran\/Isidora Ili\u0107)<\/p>\n<p>&nbsp;<\/p>\n<p>Kolektivno telo jugoslovenskog samoupravljanja (sinemati\u010dno predavanje \u2013 performans) 16.40 \u2013 17. 00<\/p>\n<p>&nbsp;<\/p>\n<p>&nbsp;<\/p>\n<p>Diskusija 17. 00 \u2013 17. 40<\/p>\n<p>&nbsp;<\/p>\n<p>&nbsp;<\/p>\n<p>O u\u010desnicima<\/p>\n<p>&nbsp;<\/p>\n<p>Jelica Jovanovi\u0107 (Para\u0107in, 1983) je doktorandkinja Katedre za istoriju umetnosti, arheologiju i restauraciju Tehni\u010dkog univerziteta u Be\u010du. Diplomirala je na Arhitektonskom fakultetu Univerziteta u Beogradu. Osniva\u010dica je NVO Grupa arhitekata u Beogradu i jedan od osniva\u010da Docomomo Srbija. Dvostruki je stipendista Slova\u010dke akademske informativne agencije. Koordinator je regionalnih projekata Nedovr\u0161ene modernizacije \u2013 izme\u0111u utopije i pragmatizma i (Ne)primereni spomenici. Pripravnik je i volonter radionica Cultural Heritage without Borders (CHwB). Polaznik je Centralnog instituta za konzervaciju (CIK) i spoljni saradnik nekoliko zavoda za za\u0161titu spomenika kulture u Srbiji. Stipendista je OEAD i World University Service. Kustos je saradnik Muzeja moderne umetnosti MoMA u Njujorku na izlo\u017ebi \u201eKa konkretnoj utopiji: arhitektura u Jugoslaviji 1948-1980\u201c.<\/p>\n<p>&nbsp;<\/p>\n<p>Goran Ar\u010dabi\u0107 (Zagreb, 1977) je povjesni\u010dar i vi\u0161i kustos u Muzeju grada Zagreba. Zavr\u0161io je poslijediplomski studij na Odsjeku za povijest Filozofskog fakulteta Sveu\u010dili\u0161ta u Zagrebu, gdje poha\u0111a doktorski studij. Voditelj je projekta Zagreba\u010dka industrijska ba\u0161tina: povijest, stanje, perspektive (2010-2017). Profesionalni interesi su mu: povijest institucija, industrijalizacija, modernizacija, industrijsko naslije\u0111e.<\/p>\n<p>&nbsp;<\/p>\n<p>Tatjana Karabegovi\u0107 je arhitekta i istraziva\u010d u oblasti istorije, teorije i estetike arhitekture i vizuelnih umetnosti, kulturne istorije, intelektualne istorije, istorije istoriografije. Doktorirala je na Arhitektonskom fakultetu Univerziteta u Beogradu (2018) odbraniv\u0161i tezu Reprezentacija moderne arhitekture Beograda na filmu jugoslovenske produkcije od 1945. do 1968. godine. U\u010desnik je brojnih me\u0111unarodnih konferencija i autor nau\u010dnih \u010dlanaka i publikacija u kojima se bavi arhitekturom kao kulturolo\u0161kom kategorijom i njenim zna\u010denjima u kontekstima \u0161irih dru\u0161tvenih realnosti i specifi\u010dnih istorijskih praksi. Bila je asistent na Arhitektonskom fakultetu Univerziteta u Beogradu (2006-2012). Njen rad Medijski prostor, deo rada Urbani portret Beograda\/Atlas Beograda, predstavljen je na Wohnlich izlo\u017ebi u Paviljonu Republike Srbije na 11. Bijenalu, Me\u0111unarodnoj izlo\u017ebi arhitekture, Out there: Architecture Beyond Building (2008) u Veneciji (Italija).<\/p>\n<p>&nbsp;<\/p>\n<p>Ivana Dobrivojevi\u0107 Tomi\u0107 (Beograd, 1975) je vi\u0161a nau\u010dna saradnica Instituta za savremenu istoriju. Bavi se politi\u010dkom i dru\u0161tvenom istorijom Jugoslavije sa posebnim osvrtom na dr\u017eavnu represiju u periodu postojanja Jugoslavije kao kraljevine i procese koji su pratili transformaciju jugoslovenskog dru\u0161tva u periodu postojanja socijalisti\u010dke Jugoslavije. Gostovala je kao visiting fellow u Imre Kertesz Kolleg-u u Jeni, Insistutu za prou\u010davanje istorije isto\u010dne i jugoisto\u010dne Evrope u Regensburgu i Insitutu za istoriju isto\u010dne i jugoisto\u010dne Evrope u Gracu. Jedna je od autorki izlo\u017ebi: Jugoslavija od po\u010detka do kraja (Muzej Jugoslavije) i Nikad im nije bilo bolje. Modernizacija svakodnevnog \u017eivota u socijalisti\u010dkoj Jugoslaviji (Muzej Jugoslavije). Autorka je monografskih studija: Dr\u017eavna represija u doba diktature kralja Aleksandra (1929 \u2013 1935) (2006) i Selo i grad. Transformacija agrarnog dru\u0161tva Srbije 1945 \u2013 1955. (2013). Trenutno radi na knjizi o planiranju porodice u socijalisti\u010dkoj Jugoslaviji.<\/p>\n<p>&nbsp;<\/p>\n<p>Nada Novakovi\u0107 (Civljane\/Knin, 1956) je nau\u010dna saradnica Centra za sociolo\u0161ka istra\u017eivanja Instituta dru\u0161tvenih nauka. Bavi se istra\u017eivanjem dru\u0161tvene nejednakosti, raslojavanjem, \u0161trajkovima, nezaposleno\u0161\u0107u, privatizacijom, tranzicijom, globalizacijom i (dez)integracionim procesima u Jugoslaviji, regionu i svetu. U\u010destvovala je na brojnim okruglim stolovima, nau\u010dnim, sindikalnim i drugim skupovima. \u010clanica je Srpskog sociolo\u0161kog dru\u0161tva i Internetional sociological Association. Autorka je ve\u0107eg broja radova \u2013 izme\u0111u ostalog publikacija: Propadanje radni\u010dke klase: materijalni i dru\u0161tveni polo\u017eaj radni\u010dke klase Jugoslavije od 1960. do 1990. godine. (2007), (Dez)integracija radni\u010dke klase druge Jugoslavije (2008), Radni\u010dki \u0161trajkovi i tranzicija u Srbiji od 1990. do 2015. godine (2017).<\/p>\n<p>&nbsp;<\/p>\n<p>Goran Musi\u0107 (Beograd, 1981) je diplomirao na Ekonomskom fakultetu Univerziteta u Beogradu. Trenutno se bavi istra\u017eivanjem radni\u010dkih \u0161trajkova u poznom jugoslovenskom socijalizmu pri odseku za istoriju Evropskog univerzitetskog instituta u Firenci gde je i doktorirao. Aktivan je u\u010desnik raznih inicijativa za studentska i radni\u010dka prava u Srbiji. \u010clan je uredni\u0161tva internet portala Crvena kritika (www.crvenakritika.org). Autor je ve\u0107eg broja radova. Neki od njih su: Working Class Communities in Late Socialist Yugoslavia: Politics, Protest and Identity from Tito to Milo\u0161evi\u0107 (under contract with I.B. Tauris, submission February 2019). (co-authored with Rory Archer), Making and Breaking the Yugoslav Working Class: A Tale of Two Self-Managed Factories (under contract with CEU Press, forthcoming in 2018), Serbia\u2019s Working Class in Transition, 1988-2013 (2013).<\/p>\n<p>&nbsp;<\/p>\n<p>&nbsp;<\/p>\n<p>&nbsp;<\/p>\n<p>Marijana Stoj\u010di\u0107 (Ni\u0161, 1971) je sociolo\u0161kinja, istraziva\u010dica, feministi\u010dka i mirovna aktivistkinja. Bavi se: kulturom se\u0107anja i politikama povesti, politikama identiteta, istorijom feminizma i socijalnim pokretima. Poslednjih godina u fokusu njenog rada je kriti\u010dko promi\u0161ljanje jugoslovenskog nasle\u0111a, aktuelnih politika se\u0107anja i strategija istorijskog revizionizma, funkcija koje one imaju danas i njihovoj povezanosti sa \u0161irim evropskim i globalnim kontekstom. Neki od relevantnih radova i publikacija: Proleteri svih zemalja ko vam pere \u010darape? Feministi\u010dki pokret u Jugoslaviji 1978-1989 (Beograd, 2009); Gde je nestala Roza Luksemburg? Recepcija ideja Roze Luksemburg u Srbiji\/SFRJ (Beograd, 2011); Paradoksi jednakosti \u2013 Istra\u017eivanje o delovanju institucija u Srbiji na re\u0161avanju problema interno raseljenih \u017eena(Beograd, 2013); Homofobija i internalizovana homofobija \u2013 Kvalitativno istra\u017eivanje (Beograd, 2016); Na tragu Podunavskih Nemaca (Beograd, 2016); From Partisans to Housewives: Representation of Women in Yugoslav Cinema (Rijeka, 2017); Slika\/e neprijatelja \u2013 Istra\u017eivanje medijskog izve\u0161tavanja o izbeglicama u Srbiji (Beograd, 2017); Nelagodnost(i) u istoriografiji \u2013 Analiza postavke i vo\u0111enja kroz izlo\u017ebu Muzeja Banji\u010dkog logora (Beograd, 2018); The Culture of Memory and Remodification of the Socialist Heritage in Contemporary Serbia. The Perception of Goli otok and of the Persecution of Vojvodina Germans after World War II (London, u procesu objavljivanja).<\/p>\n<p>&nbsp;<\/p>\n<p>Miroslava Male\u0161evi\u0107 (Beograd, 1956) je bila dugogodi\u0161nja saradnica Etnografskog instituta SANU. U svom radu uglavnom se bavila pitanjima polo\u017eaja \u017eena u balkanskoj patrijarhalnoj tradiciji, kao i u savremenoj kulturi, te pitanjima nacionalizma i politika identiteta. Autorka je monografija: Ritualizacija socijalnog razvoja \u017eene (1986), Didara \u2013 \u017eivotna pri\u010da jedne Prizrenke (2004), \u017densko (2007), Ima li nacija na planeti Ribok? (2011).<\/p>\n<p>&nbsp;<\/p>\n<p>Doplgenger umetni\u010dki duo \u010dine Isidora Ili\u0107 i Bo\u0161ko Prostran, film\/video umetnici iz Beograda. Radovi Doplgengera se bave odnosom izme\u0111u umetnosti i politike kroz preispitivanje re\u017eima pokretnih slika i modusa njihove recepcije. Doplgenger dekonstrui\u0161e filmski medij, jezik, strukturu i tekst kako bi ispitali na\u010dine putem kojih umetnost i pokretne slike u\u010destvuju u kreiranju politi\u010dke stvarnosti. Oslanjaju\u0107i se na tradicije eksperimentalnog filma i videa, Doplgenger interveni\u0161e na ve\u0107 postoje\u0107im medijskim proizvodima ili proizvodi u formi pro\u0161irenog filma. Iako im je pokretna slika osnovni medij, njihova praksa uklju\u010duje i tekst, prostorne instalacije, performanse, predavanja i diskusije.<\/p>\n<p>&nbsp;<\/p>\n<p>&nbsp;<\/p>\n<p>&nbsp;<\/p>\n<p>O moderatorima<\/p>\n<p>&nbsp;<\/p>\n<p>Ana Pani\u0107 (Beograd, 1978) je vi\u0161a kustoskinja i istori\u010darka umetnosti. Od 2005. godine radi kao kustoskinja likovne zbirke Muzeja istorije Jugoslavije u Beogradu. Autorka je i koautorka brojnih izlo\u017ebi sa temama iz istorije i popularne kulture SFRJ, kao i izlo\u017ebi iz zbirki Muzeja istorije Jugoslavije. Dobitnica je dva priznanja Muzejskog dru\u0161tva Srbije \u2212 nagrade \u201eMihailo Valtrovi\u0107\u201c, kao i priznanja Dru\u0161tva istori\u010dara umetnosti Srbije. Podru\u010dje njenog posebnog interesa su kultura i umetnost u socijalisti\u010dkoj Jugoslaviji, politi\u010dke prakse (post) jugoslovenske umetnosti i savremena umetni\u010dka produkcija, kultura se\u0107anja i izgradnja kolektivnog se\u0107anja na Jugoslaviju, javni spomenici i njihova uloga u materijalizaciji kolektivnog se\u0107anja, umetnost kao sredstvo konstruisanja (nad) nacionalnog identiteta. Jedna je od osniva\u010dica Centra za jugoslovenske studije.<\/p>\n<p>&nbsp;<\/p>\n<p>Sr\u0111an Atanasovski (Kumanovo, 1983) je nau\u010dni saradnik Muzikolo\u0161kog instituta SANU. Podru\u010dja njegovog nau\u010dnog interesovanja obuhvataju studije nacionalizama, studije slu\u0161anja i zvu\u010dnih predela i posmarksisti\u010dke teorije. Autor je monografije Mapiranje Stare Srbije: Stopama putopisaca, tragom narodne pesme (2017). Jedan je od osniva\u010da i predsednik Centra za jugoslovenske studije.<\/p>\n<p>&nbsp;<\/p>\n<p>Lada Stevanovi\u0107 (Zagreb, 1974) je vi\u0161a nau\u010dna saradnica Etnografskog instituta SANU. Izme\u0111u ostalog, bavi se pam\u0107enjem i nacionalnim identitetom odnosno pre svega na\u010dinom na koji je konstruisano jugoslovenstvo. Autorka je monografije Laughing at the Funeral: Gender and Anthropology in the Greek Funerary Rites (2009). Jedna je od osniva\u010dica Centra za jugoslovenske studije.<\/p>\n<p>&nbsp;<\/p>\n<p>Izvor:<\/p>\n<p>&nbsp;<\/p>\n<p><a href=\"https:\/\/www.facebook.com\/events\/481264942281364\/\">https:\/\/www.facebook.com\/events\/481264942281364\/<\/a><\/p>\n<p>&nbsp;<\/p>\n<p><a href=\"https:\/\/www.facebook.com\/cejus.jus\/\">https:\/\/www.facebook.com\/cejus.jus\/<\/a><\/p>\n<p>&nbsp;<\/p>\n<p>&nbsp;<\/p>\n","protected":false},"excerpt":{"rendered":"","protected":false},"author":2,"featured_media":12566,"comment_status":"open","ping_status":"open","sticky":false,"template":"","format":"standard","meta":{"_acf_changed":false,"jetpack_post_was_ever_published":false,"_jetpack_newsletter_access":"","_jetpack_dont_email_post_to_subs":false,"_jetpack_newsletter_tier_id":0,"_jetpack_memberships_contains_paywalled_content":false,"_jetpack_memberships_contains_paid_content":false,"footnotes":"","jetpack_publicize_message":"","jetpack_publicize_feature_enabled":true,"jetpack_social_post_already_shared":true,"jetpack_social_options":{"image_generator_settings":{"template":"highway","default_image_id":0,"font":"","enabled":false},"version":2}},"categories":[3],"tags":[],"class_list":["post-12565","post","type-post","status-publish","format-standard","has-post-thumbnail","hentry","category-novosti"],"acf":{"facebook_opis":""},"jetpack_publicize_connections":[],"jetpack_featured_media_url":"https:\/\/i0.wp.com\/historiografija.hr\/wp-content\/uploads\/2018\/11\/diskusioni-forum.jpg?fit=620%2C419&ssl=1","jetpack_sharing_enabled":true,"jetpack-related-posts":[{"id":52657,"url":"https:\/\/historiografija.hr\/?p=52657","url_meta":{"origin":12565,"position":0},"title":"[Predavanje] Jezik i drugost u (post)socijalisti\u010dkoj Srbiji: diskurzivne politike identiteta (YugoLab)","author":"Branimir Jankovi\u0107","date":"24. travnja 2026.","format":false,"excerpt":"U sklopu projekta Prizma \/ IMAGINATION (\u201eZami\u0161ljanje nacije: srpski nacionalni narativi u sporu (XX\u2013XXI vek)\u201c), koji se realizuje na Institutu za filozofiju i dru\u0161tvenu teoriju Univerziteta u Beogradu (2024\u20132027) uz finansijsku podr\u0161ku Fonda za nauku Republike Srbije, organizuje se serija predavanja na kojoj istra\u017eiva\u010di i istra\u017eiva\u010dice projekta predstavljaju rezultate svojih\u2026","rel":"","context":"U &quot;Novosti&quot;","block_context":{"text":"Novosti","link":"https:\/\/historiografija.hr\/?cat=3"},"img":{"alt_text":"","src":"https:\/\/i0.wp.com\/historiografija.hr\/wp-content\/uploads\/2026\/04\/IFDT_28_IV.png?fit=1200%2C675&ssl=1&resize=350%2C200","width":350,"height":200,"srcset":"https:\/\/i0.wp.com\/historiografija.hr\/wp-content\/uploads\/2026\/04\/IFDT_28_IV.png?fit=1200%2C675&ssl=1&resize=350%2C200 1x, https:\/\/i0.wp.com\/historiografija.hr\/wp-content\/uploads\/2026\/04\/IFDT_28_IV.png?fit=1200%2C675&ssl=1&resize=525%2C300 1.5x, https:\/\/i0.wp.com\/historiografija.hr\/wp-content\/uploads\/2026\/04\/IFDT_28_IV.png?fit=1200%2C675&ssl=1&resize=700%2C400 2x, https:\/\/i0.wp.com\/historiografija.hr\/wp-content\/uploads\/2026\/04\/IFDT_28_IV.png?fit=1200%2C675&ssl=1&resize=1050%2C600 3x"},"classes":[]},{"id":52502,"url":"https:\/\/historiografija.hr\/?p=52502","url_meta":{"origin":12565,"position":1},"title":"Novi znanstveni projekt Hrvatskog instituta za povijest: \u201c\u017drtve ratova i dr\u017eavnog\/politi\u010dkog nasilja u hrvatskoj povijesti 20. stolje\u0107a\u201d","author":"Branimir Jankovi\u0107","date":"17. travnja 2026.","format":false,"excerpt":"Na redovitoj sjednici Vlade RH, 16. travnja 2026., donijet je Zaklju\u010dak kojim se pokre\u0107e znanstveni projekt \u201c\u017drtve ratova i dr\u017eavnog\/politi\u010dkog nasilja u hrvatskoj povijesti 20. stolje\u0107a\u201d. Projekt \u0107e provoditi i koordinirati Hrvatski institut za povijest u razdoblju trajanja projekta od pet godina. Zakljucak Vlade RH Iz teksta projektnog prijedloga: Problematika\u2026","rel":"","context":"U &quot;Novosti&quot;","block_context":{"text":"Novosti","link":"https:\/\/historiografija.hr\/?cat=3"},"img":{"alt_text":"","src":"https:\/\/i0.wp.com\/historiografija.hr\/wp-content\/uploads\/2026\/04\/Vlada-RH.jpg?fit=1200%2C557&ssl=1&resize=350%2C200","width":350,"height":200,"srcset":"https:\/\/i0.wp.com\/historiografija.hr\/wp-content\/uploads\/2026\/04\/Vlada-RH.jpg?fit=1200%2C557&ssl=1&resize=350%2C200 1x, https:\/\/i0.wp.com\/historiografija.hr\/wp-content\/uploads\/2026\/04\/Vlada-RH.jpg?fit=1200%2C557&ssl=1&resize=525%2C300 1.5x, https:\/\/i0.wp.com\/historiografija.hr\/wp-content\/uploads\/2026\/04\/Vlada-RH.jpg?fit=1200%2C557&ssl=1&resize=700%2C400 2x, https:\/\/i0.wp.com\/historiografija.hr\/wp-content\/uploads\/2026\/04\/Vlada-RH.jpg?fit=1200%2C557&ssl=1&resize=1050%2C600 3x"},"classes":[]},{"id":52631,"url":"https:\/\/historiografija.hr\/?p=52631","url_meta":{"origin":12565,"position":2},"title":"Predavanje Ivana Tepe\u0161a: Djelovanje hrvatske politi\u010dke emigracije","author":"Branimir Jankovi\u0107","date":"23. travnja 2026.","format":false,"excerpt":"Odjel za me\u0111unarodnu suradnju i iseljeni\u0161tvo Matice hrvatske Predavanje Ivana Tepe\u0161a: Djelovanje hrvatske politi\u010dke emigracije Utorak, 28. travnja 2026. u 18:00 sati, Dvorana Ljudevita Jonkea (Mala dvorana MH), Strossmayerov trg 4, Zagreb dr. sc. Ivan Tepe\u0161, Institut za istra\u017eivanje migracija Hrvatska politi\u010dka emigracija obilje\u017eila je polustoljetnu hrvatsku povijest u drugoj\u2026","rel":"","context":"U &quot;Novosti&quot;","block_context":{"text":"Novosti","link":"https:\/\/historiografija.hr\/?cat=3"},"img":{"alt_text":"","src":"","width":0,"height":0},"classes":[]},{"id":52536,"url":"https:\/\/historiografija.hr\/?p=52536","url_meta":{"origin":12565,"position":3},"title":"Kader Abdolah, \u201ePrije nego \u0161to bude kasno\u201c","author":"Branimir Jankovi\u0107","date":"20. travnja 2026.","format":false,"excerpt":"Kader Abdolah \u017eeli se vratiti ku\u0107i. Ali povratak je nemogu\u0107: u Iranu bi bio uhap\u0161en. Pod la\u017enim imenom i s krivotvorenim paso\u0161em ipak uspijeva u\u0107i u domovinu i sti\u017ee do roditeljske ku\u0107e, visoko u planinama. Majka ga ne prepoznaje, otac je mrtav, a sve \u0161to je tra\u017eio izmi\u010de mu pred\u2026","rel":"","context":"U &quot;Novosti&quot;","block_context":{"text":"Novosti","link":"https:\/\/historiografija.hr\/?cat=3"},"img":{"alt_text":"","src":"https:\/\/i0.wp.com\/historiografija.hr\/wp-content\/uploads\/2026\/04\/Prije-nego-sto-bude-kasno.webp?fit=566%2C872&ssl=1&resize=350%2C200","width":350,"height":200,"srcset":"https:\/\/i0.wp.com\/historiografija.hr\/wp-content\/uploads\/2026\/04\/Prije-nego-sto-bude-kasno.webp?fit=566%2C872&ssl=1&resize=350%2C200 1x, https:\/\/i0.wp.com\/historiografija.hr\/wp-content\/uploads\/2026\/04\/Prije-nego-sto-bude-kasno.webp?fit=566%2C872&ssl=1&resize=525%2C300 1.5x"},"classes":[]},{"id":52666,"url":"https:\/\/historiografija.hr\/?p=52666","url_meta":{"origin":12565,"position":4},"title":"Najava programa Festivala povijesti Kliofest (5-8. V. 2026)","author":"Branimir Jankovi\u0107","date":"24. travnja 2026.","format":false,"excerpt":"Po trinaesti put odr\u017eava se Festival povijesti Kliofest! Do petka \u0107emo odr\u017eati osam okruglih stolova i dva kolokvija te niz predstavljanja knjiga i projekata razli\u010dite tematike, od antike do suvremenosti. Bit \u0107e predstavljeno i nekoliko izlo\u017ebi te odr\u017ean jedan povijesni kviz. Prikazat \u0107emo i jedan film \u2013 o generalu Boroevi\u0107u.\u2026","rel":"","context":"U &quot;Novosti&quot;","block_context":{"text":"Novosti","link":"https:\/\/historiografija.hr\/?cat=3"},"img":{"alt_text":"","src":"https:\/\/i0.wp.com\/historiografija.hr\/wp-content\/uploads\/2026\/04\/Kliofest-2026.jpg?fit=526%2C526&ssl=1&resize=350%2C200","width":350,"height":200,"srcset":"https:\/\/i0.wp.com\/historiografija.hr\/wp-content\/uploads\/2026\/04\/Kliofest-2026.jpg?fit=526%2C526&ssl=1&resize=350%2C200 1x, https:\/\/i0.wp.com\/historiografija.hr\/wp-content\/uploads\/2026\/04\/Kliofest-2026.jpg?fit=526%2C526&ssl=1&resize=525%2C300 1.5x"},"classes":[]},{"id":52733,"url":"https:\/\/historiografija.hr\/?p=52733","url_meta":{"origin":12565,"position":5},"title":"Vlado Raji\u0107 \u201eGranica na kraju stolje\u0107a\u201c","author":"Filip \u0160imunjak","date":"29. travnja 2026.","format":false,"excerpt":"U suizdanju Durieuxa i Beletre objavljena je 2025. godine knjiga Granica na kraju stolje\u0107a autora Vlade Raji\u0107a.\u00a0 O knjizi\u00a0 Romansirana biografija Vladimira Iblera mnogo je vi\u0161e od zanimljive pri\u010de o privatnom \u017eivotu i impresivnoj profesionalnoj karijeri istaknutog stru\u010dnjaka za me\u0111unarodno pravo i dugo\u00adgodi\u0161njeg profesora na zagreba\u010dkom Pravnom fakultetu, akademika, koji\u2026","rel":"","context":"U &quot;Knjige&quot;","block_context":{"text":"Knjige","link":"https:\/\/historiografija.hr\/?cat=8"},"img":{"alt_text":"","src":"https:\/\/i0.wp.com\/historiografija.hr\/wp-content\/uploads\/2026\/04\/VLADO-RAJIC-GRANICA-NA-KRAJU-STOLJECA.jpg?fit=450%2C650&ssl=1&resize=350%2C200","width":350,"height":200},"classes":[]}],"_links":{"self":[{"href":"https:\/\/historiografija.hr\/index.php?rest_route=\/wp\/v2\/posts\/12565","targetHints":{"allow":["GET"]}}],"collection":[{"href":"https:\/\/historiografija.hr\/index.php?rest_route=\/wp\/v2\/posts"}],"about":[{"href":"https:\/\/historiografija.hr\/index.php?rest_route=\/wp\/v2\/types\/post"}],"author":[{"embeddable":true,"href":"https:\/\/historiografija.hr\/index.php?rest_route=\/wp\/v2\/users\/2"}],"replies":[{"embeddable":true,"href":"https:\/\/historiografija.hr\/index.php?rest_route=%2Fwp%2Fv2%2Fcomments&post=12565"}],"version-history":[{"count":1,"href":"https:\/\/historiografija.hr\/index.php?rest_route=\/wp\/v2\/posts\/12565\/revisions"}],"predecessor-version":[{"id":12567,"href":"https:\/\/historiografija.hr\/index.php?rest_route=\/wp\/v2\/posts\/12565\/revisions\/12567"}],"wp:featuredmedia":[{"embeddable":true,"href":"https:\/\/historiografija.hr\/index.php?rest_route=\/wp\/v2\/media\/12566"}],"wp:attachment":[{"href":"https:\/\/historiografija.hr\/index.php?rest_route=%2Fwp%2Fv2%2Fmedia&parent=12565"}],"wp:term":[{"taxonomy":"category","embeddable":true,"href":"https:\/\/historiografija.hr\/index.php?rest_route=%2Fwp%2Fv2%2Fcategories&post=12565"},{"taxonomy":"post_tag","embeddable":true,"href":"https:\/\/historiografija.hr\/index.php?rest_route=%2Fwp%2Fv2%2Ftags&post=12565"}],"curies":[{"name":"wp","href":"https:\/\/api.w.org\/{rel}","templated":true}]}}