{"id":12546,"date":"2018-11-29T10:18:07","date_gmt":"2018-11-29T10:18:07","guid":{"rendered":"http:\/\/historiografija.hr\/?p=12546"},"modified":"2018-11-29T10:18:07","modified_gmt":"2018-11-29T10:18:07","slug":"aleksandar-jakir-dalmacija-u-meduratnom-razdoblju-1918-1941","status":"publish","type":"post","link":"https:\/\/historiografija.hr\/?p=12546","title":{"rendered":"Aleksandar Jakir, \u201cDalmacija u me\u0111uratnom razdoblju 1918.-1941.\u201d"},"content":{"rendered":"<p>Izdava\u010d Leykam international objavio je 2018. godine knjigu povjesni\u010dara Aleksandra Jakira \u201cDalmacija u me\u0111uratnom razdoblju 1918.-1941.\u201d.<\/p>\n<p>&nbsp;<\/p>\n<p>&#8212;<\/p>\n<p>&nbsp;<\/p>\n<p>O Dalmaciji u prvoj polovici 20. stolje\u0107a nema opse\u017enijeg historiografskog djela do sada koje bi obuhvatilo vi\u0161e aspekata razvoja. Dalmacija je u pro\u0161lo stolje\u0107e u\u0161la kao habsbur\u0161ka krunovina Dalmacija, da bi nakon pada Austro-Ugarske monarhije postala dijelom najprije Dr\u017eave Slovenaca, Hrvata i Srba, potom Kraljevine Srba, Hrvata i Slovenaca. Mirovnim ugovorom 1919 Italija je zauzela Zadar i Lastovo s Palagru\u017eom, te Cres i Lo\u0161inj. NDH zadr\u017eala je 1941 manji dio Dalmacije, ustupiv\u0161i Italiji sve ostalo. Formalno je NDH 1943 poslije kapitulacije Italije pripojila dijelove koje je 1941 prepustila. Nakon Drugog svjetskog rata sva se Dalmacija ponovo na\u0161la zajedno u drugoj i socijalisti\u010dkoj Jugoslaviji, uglavnom u sastavu Hrvatske.Po mnogo \u010demu se Dalmacija, gdje su prista\u0161e jugoslavenstva od svih hrvatskih krajeva prije 1918. godine bili razmjerno najja\u010di, \u010dini pogodna za istra\u017eivanje pitanja integracijskih i dezintegracijskih procesa oblikovanja modernih nacionalnih identiteta. Prikaz povijesti jugoslavenstva kao politi\u010dke opcije u Dalmaciji nakon Prvog svjetskog rata poma\u017ee u razumijevanju glavnih razloga za\u0161to je poku\u0161aj formiranja jugoslavenske nacionalne svijesti, kakvu su zagovarali tvorci Kraljevine Srba, Hrvata i Slovenaca, bio osu\u0111en na propast. Prou\u010davanje politi\u010dkih, gospodarskih i dru\u0161tvenih zbivanja u Dalmaciji u me\u0111uratnom razdoblju potvr\u0111uje da je tek stranka bra\u0107e Radi\u0107a, koja je promicala interese naj\u0161irijih dru\u0161venih slojeva i stajala na \u010delu jednog pokreta koji je istovremeno bio i nacionalni i selja\u010dki, uspjela ukorijeniti \u0161to bi se moglo nazvati modernim hrvatskim identitetom u svim segmentima dru\u0161tva ve\u0107insko katoli\u010dkog stanovni\u0161tva.<\/p>\n<p>Me\u0111uratno je razdoblje je i na planu dru\u0161tvenog razvoja dio dugotrajnijeg razdoblja op\u0107enite modernizacije \u017eivota u skladu s tehni\u010dkim napretkom. Zbog toga se u rukopisu stavlja naglasak na to koje i kakve je promjene me\u0111uratno razdoblje donijelo Dalmaciji (i njenom urbanom centru Splitu) na dru\u0161tvenom planu.<\/p>\n<p>&nbsp;<\/p>\n<p>Izvor: <a href=\"http:\/\/www.leykam-international.hr\/publikacija.php?id=96\">http:\/\/www.leykam-international.hr\/publikacija.php?id=96<\/a><\/p>\n<p>&nbsp;<\/p>\n","protected":false},"excerpt":{"rendered":"","protected":false},"author":2,"featured_media":12547,"comment_status":"open","ping_status":"open","sticky":false,"template":"","format":"standard","meta":{"_acf_changed":false,"jetpack_post_was_ever_published":false,"_jetpack_newsletter_access":"","_jetpack_dont_email_post_to_subs":false,"_jetpack_newsletter_tier_id":0,"_jetpack_memberships_contains_paywalled_content":false,"_jetpack_memberships_contains_paid_content":false,"footnotes":"","jetpack_publicize_message":"","jetpack_publicize_feature_enabled":true,"jetpack_social_post_already_shared":true,"jetpack_social_options":{"image_generator_settings":{"template":"highway","default_image_id":0,"font":"","enabled":false},"version":2}},"categories":[8,3],"tags":[],"class_list":["post-12546","post","type-post","status-publish","format-standard","has-post-thumbnail","hentry","category-knjige","category-novosti"],"acf":{"facebook_opis":""},"jetpack_publicize_connections":[],"jetpack_featured_media_url":"https:\/\/i0.wp.com\/historiografija.hr\/wp-content\/uploads\/2018\/11\/jakir.jpg?fit=246%2C347&ssl=1","jetpack_sharing_enabled":true,"jetpack-related-posts":[{"id":52502,"url":"https:\/\/historiografija.hr\/?p=52502","url_meta":{"origin":12546,"position":0},"title":"Novi znanstveni projekt Hrvatskog instituta za povijest: \u201c\u017drtve ratova i dr\u017eavnog\/politi\u010dkog nasilja u hrvatskoj povijesti 20. stolje\u0107a\u201d","author":"Branimir Jankovi\u0107","date":"17. travnja 2026.","format":false,"excerpt":"Na redovitoj sjednici Vlade RH, 16. travnja 2026., donijet je Zaklju\u010dak kojim se pokre\u0107e znanstveni projekt \u201c\u017drtve ratova i dr\u017eavnog\/politi\u010dkog nasilja u hrvatskoj povijesti 20. stolje\u0107a\u201d. Projekt \u0107e provoditi i koordinirati Hrvatski institut za povijest u razdoblju trajanja projekta od pet godina. Zakljucak Vlade RH Iz teksta projektnog prijedloga: Problematika\u2026","rel":"","context":"U &quot;Novosti&quot;","block_context":{"text":"Novosti","link":"https:\/\/historiografija.hr\/?cat=3"},"img":{"alt_text":"","src":"https:\/\/i0.wp.com\/historiografija.hr\/wp-content\/uploads\/2026\/04\/Vlada-RH.jpg?fit=1200%2C557&ssl=1&resize=350%2C200","width":350,"height":200,"srcset":"https:\/\/i0.wp.com\/historiografija.hr\/wp-content\/uploads\/2026\/04\/Vlada-RH.jpg?fit=1200%2C557&ssl=1&resize=350%2C200 1x, https:\/\/i0.wp.com\/historiografija.hr\/wp-content\/uploads\/2026\/04\/Vlada-RH.jpg?fit=1200%2C557&ssl=1&resize=525%2C300 1.5x, https:\/\/i0.wp.com\/historiografija.hr\/wp-content\/uploads\/2026\/04\/Vlada-RH.jpg?fit=1200%2C557&ssl=1&resize=700%2C400 2x, https:\/\/i0.wp.com\/historiografija.hr\/wp-content\/uploads\/2026\/04\/Vlada-RH.jpg?fit=1200%2C557&ssl=1&resize=1050%2C600 3x"},"classes":[]},{"id":52592,"url":"https:\/\/historiografija.hr\/?p=52592","url_meta":{"origin":12546,"position":1},"title":"Predstavljanje knjige &#8220;Turska ku\u0107a u Rijeci&#8221; u Zagrebu","author":"Branimir Jankovi\u0107","date":"22. travnja 2026.","format":false,"excerpt":"U prostorijama Turskog kulturnog centra Yunus Emre u Zagrebu, u utorak 21. travnja 2026. godine, odr\u017eano je sve\u010dano predstavljanje dopunjenog izdanja knjige Turska ku\u0107a u Rijeci, u organizaciji Hrvatsko-turskog dru\u0161tva Rijeka i partnerstvu sa Skupinom prijateljstva Hrvatska-Turska Hrvatskog sabora, Veleposlanstvom Republike Turske u Republici Hrvatskoj te Turskim kulturnim centrom Yunus\u2026","rel":"","context":"U &quot;Novosti&quot;","block_context":{"text":"Novosti","link":"https:\/\/historiografija.hr\/?cat=3"},"img":{"alt_text":"","src":"https:\/\/i0.wp.com\/historiografija.hr\/wp-content\/uploads\/2026\/04\/Turska-kuca-ZG.jpg?fit=1200%2C800&ssl=1&resize=350%2C200","width":350,"height":200,"srcset":"https:\/\/i0.wp.com\/historiografija.hr\/wp-content\/uploads\/2026\/04\/Turska-kuca-ZG.jpg?fit=1200%2C800&ssl=1&resize=350%2C200 1x, https:\/\/i0.wp.com\/historiografija.hr\/wp-content\/uploads\/2026\/04\/Turska-kuca-ZG.jpg?fit=1200%2C800&ssl=1&resize=525%2C300 1.5x, https:\/\/i0.wp.com\/historiografija.hr\/wp-content\/uploads\/2026\/04\/Turska-kuca-ZG.jpg?fit=1200%2C800&ssl=1&resize=700%2C400 2x, https:\/\/i0.wp.com\/historiografija.hr\/wp-content\/uploads\/2026\/04\/Turska-kuca-ZG.jpg?fit=1200%2C800&ssl=1&resize=1050%2C600 3x"},"classes":[]},{"id":52563,"url":"https:\/\/historiografija.hr\/?p=52563","url_meta":{"origin":12546,"position":2},"title":"Predavanje Nenada Fabijani\u0107a o stadionu Poljud u Splitu","author":"Branimir Jankovi\u0107","date":"21. travnja 2026.","format":false,"excerpt":"Znanstveno vije\u0107e za arhitekturu, urbanizam i ure\u0111enje prostora Hrvatske akademije znanosti i umjetnosti organizira predavanje \u201cPo Poljudu\u201d koje \u0107e u srijedu 22. travnja 2026. s po\u010detkom u 14 sati u Knji\u017enici HAZU, Strossmayerov trg 14 u Zagrebu, odr\u017eati\u00a0prof. emerit. dr. art. Nenad Fabijani\u0107,\u00a0\u010dlan suradnik HAZU. Predavanje \u201ePo Poljudu\u201c (Projekt obnove)\u2026","rel":"","context":"U &quot;Novosti&quot;","block_context":{"text":"Novosti","link":"https:\/\/historiografija.hr\/?cat=3"},"img":{"alt_text":"","src":"https:\/\/i0.wp.com\/historiografija.hr\/wp-content\/uploads\/2026\/04\/Poljud-scaled.jpeg?fit=1200%2C800&ssl=1&resize=350%2C200","width":350,"height":200,"srcset":"https:\/\/i0.wp.com\/historiografija.hr\/wp-content\/uploads\/2026\/04\/Poljud-scaled.jpeg?fit=1200%2C800&ssl=1&resize=350%2C200 1x, https:\/\/i0.wp.com\/historiografija.hr\/wp-content\/uploads\/2026\/04\/Poljud-scaled.jpeg?fit=1200%2C800&ssl=1&resize=525%2C300 1.5x, https:\/\/i0.wp.com\/historiografija.hr\/wp-content\/uploads\/2026\/04\/Poljud-scaled.jpeg?fit=1200%2C800&ssl=1&resize=700%2C400 2x, https:\/\/i0.wp.com\/historiografija.hr\/wp-content\/uploads\/2026\/04\/Poljud-scaled.jpeg?fit=1200%2C800&ssl=1&resize=1050%2C600 3x"},"classes":[]},{"id":52536,"url":"https:\/\/historiografija.hr\/?p=52536","url_meta":{"origin":12546,"position":3},"title":"Kader Abdolah, \u201ePrije nego \u0161to bude kasno\u201c","author":"Branimir Jankovi\u0107","date":"20. travnja 2026.","format":false,"excerpt":"Kader Abdolah \u017eeli se vratiti ku\u0107i. Ali povratak je nemogu\u0107: u Iranu bi bio uhap\u0161en. Pod la\u017enim imenom i s krivotvorenim paso\u0161em ipak uspijeva u\u0107i u domovinu i sti\u017ee do roditeljske ku\u0107e, visoko u planinama. Majka ga ne prepoznaje, otac je mrtav, a sve \u0161to je tra\u017eio izmi\u010de mu pred\u2026","rel":"","context":"U &quot;Novosti&quot;","block_context":{"text":"Novosti","link":"https:\/\/historiografija.hr\/?cat=3"},"img":{"alt_text":"","src":"https:\/\/i0.wp.com\/historiografija.hr\/wp-content\/uploads\/2026\/04\/Prije-nego-sto-bude-kasno.webp?fit=566%2C872&ssl=1&resize=350%2C200","width":350,"height":200,"srcset":"https:\/\/i0.wp.com\/historiografija.hr\/wp-content\/uploads\/2026\/04\/Prije-nego-sto-bude-kasno.webp?fit=566%2C872&ssl=1&resize=350%2C200 1x, https:\/\/i0.wp.com\/historiografija.hr\/wp-content\/uploads\/2026\/04\/Prije-nego-sto-bude-kasno.webp?fit=566%2C872&ssl=1&resize=525%2C300 1.5x"},"classes":[]},{"id":52631,"url":"https:\/\/historiografija.hr\/?p=52631","url_meta":{"origin":12546,"position":4},"title":"Predavanje Ivana Tepe\u0161a: Djelovanje hrvatske politi\u010dke emigracije","author":"Branimir Jankovi\u0107","date":"23. travnja 2026.","format":false,"excerpt":"Odjel za me\u0111unarodnu suradnju i iseljeni\u0161tvo Matice hrvatske Predavanje Ivana Tepe\u0161a: Djelovanje hrvatske politi\u010dke emigracije Utorak, 28. travnja 2026. u 18:00 sati, Dvorana Ljudevita Jonkea (Mala dvorana MH), Strossmayerov trg 4, Zagreb dr. sc. Ivan Tepe\u0161, Institut za istra\u017eivanje migracija Hrvatska politi\u010dka emigracija obilje\u017eila je polustoljetnu hrvatsku povijest u drugoj\u2026","rel":"","context":"U &quot;Novosti&quot;","block_context":{"text":"Novosti","link":"https:\/\/historiografija.hr\/?cat=3"},"img":{"alt_text":"","src":"","width":0,"height":0},"classes":[]},{"id":52619,"url":"https:\/\/historiografija.hr\/?p=52619","url_meta":{"origin":12546,"position":5},"title":"Predavanje \u0110ur\u0111ice Vitkovi\u0107 &#8220;Izme\u0111u pera i objektiva: Zagorka i Foto Tonka&#8221;","author":"Branimir Jankovi\u0107","date":"23. travnja 2026.","format":false,"excerpt":"Memorijalni stan Marije Juri\u0107 Zagorke poziva Vas na predavanje \u0110ur\u0111ice Vitkovi\u0107 \u201eIzme\u0111u pera i objektiva: Zagorka i Foto Tonka\u201c koje \u0107e se odr\u017eati u utorak, 28. travnja 2026. s po\u010detkom u 18 h u sklopu Ciklusa predavanja u Memorijalnom stanu Marije Juri\u0107 Zagorke. Kako su se susrele knji\u017eevnost i fotografija\u2026","rel":"","context":"U &quot;Novosti&quot;","block_context":{"text":"Novosti","link":"https:\/\/historiografija.hr\/?cat=3"},"img":{"alt_text":"","src":"https:\/\/i0.wp.com\/historiografija.hr\/wp-content\/uploads\/2024\/11\/Zagorka_ciklus.jpg?fit=1200%2C1006&ssl=1&resize=350%2C200","width":350,"height":200,"srcset":"https:\/\/i0.wp.com\/historiografija.hr\/wp-content\/uploads\/2024\/11\/Zagorka_ciklus.jpg?fit=1200%2C1006&ssl=1&resize=350%2C200 1x, https:\/\/i0.wp.com\/historiografija.hr\/wp-content\/uploads\/2024\/11\/Zagorka_ciklus.jpg?fit=1200%2C1006&ssl=1&resize=525%2C300 1.5x, https:\/\/i0.wp.com\/historiografija.hr\/wp-content\/uploads\/2024\/11\/Zagorka_ciklus.jpg?fit=1200%2C1006&ssl=1&resize=700%2C400 2x, https:\/\/i0.wp.com\/historiografija.hr\/wp-content\/uploads\/2024\/11\/Zagorka_ciklus.jpg?fit=1200%2C1006&ssl=1&resize=1050%2C600 3x"},"classes":[]}],"_links":{"self":[{"href":"https:\/\/historiografija.hr\/index.php?rest_route=\/wp\/v2\/posts\/12546","targetHints":{"allow":["GET"]}}],"collection":[{"href":"https:\/\/historiografija.hr\/index.php?rest_route=\/wp\/v2\/posts"}],"about":[{"href":"https:\/\/historiografija.hr\/index.php?rest_route=\/wp\/v2\/types\/post"}],"author":[{"embeddable":true,"href":"https:\/\/historiografija.hr\/index.php?rest_route=\/wp\/v2\/users\/2"}],"replies":[{"embeddable":true,"href":"https:\/\/historiografija.hr\/index.php?rest_route=%2Fwp%2Fv2%2Fcomments&post=12546"}],"version-history":[{"count":1,"href":"https:\/\/historiografija.hr\/index.php?rest_route=\/wp\/v2\/posts\/12546\/revisions"}],"predecessor-version":[{"id":12548,"href":"https:\/\/historiografija.hr\/index.php?rest_route=\/wp\/v2\/posts\/12546\/revisions\/12548"}],"wp:featuredmedia":[{"embeddable":true,"href":"https:\/\/historiografija.hr\/index.php?rest_route=\/wp\/v2\/media\/12547"}],"wp:attachment":[{"href":"https:\/\/historiografija.hr\/index.php?rest_route=%2Fwp%2Fv2%2Fmedia&parent=12546"}],"wp:term":[{"taxonomy":"category","embeddable":true,"href":"https:\/\/historiografija.hr\/index.php?rest_route=%2Fwp%2Fv2%2Fcategories&post=12546"},{"taxonomy":"post_tag","embeddable":true,"href":"https:\/\/historiografija.hr\/index.php?rest_route=%2Fwp%2Fv2%2Ftags&post=12546"}],"curies":[{"name":"wp","href":"https:\/\/api.w.org\/{rel}","templated":true}]}}