{"id":12542,"date":"2018-11-28T22:01:23","date_gmt":"2018-11-28T22:01:23","guid":{"rendered":"http:\/\/historiografija.hr\/?p=12542"},"modified":"2018-11-28T22:02:24","modified_gmt":"2018-11-28T22:02:24","slug":"izlozba-dan-vredan-veka-1-decembar-1918","status":"publish","type":"post","link":"https:\/\/historiografija.hr\/?p=12542","title":{"rendered":"Izlo\u017eba \u201cDan vredan veka \u2013 1. decembar 1918.\u201d"},"content":{"rendered":"<p>Muzej Jugoslavije u Beogradu \u0107e u subotu, 1. prosinca 2018., &#8220;na dan kada se navr\u0161ava 100 godina od ujedinjenja Srba, Hrvata i Slovenaca u jednu dr\u017eavu&#8221;, otvoriti izlo\u017ebu \u201cDan vredan veka \u2013 1. decembar 1918.\u201d<\/p>\n<p>&nbsp;<\/p>\n<p>&#8212;<\/p>\n<p>&nbsp;<\/p>\n<p><strong>Dan vredan veka \u2013 1. decembar 1918.<\/strong><\/p>\n<p>&nbsp;<\/p>\n<p>01.12.2018-28.04.2019.<\/p>\n<p>&nbsp;<\/p>\n<p>Muzej Jugoslavije \u0107e 1. decembra 2018, na dan kada se navr\u0161ava 100 godina od ujedinjenja Srba, Hrvata i Slovenaca u jednu dr\u017eavu, otvoriti izlo\u017ebu Dan vredan veka. Zbog radova u objektu Muzej 25. maj izlo\u017eba \u0107e se odr\u017eati u Palati Srbija na Novom Beogradu. Izlo\u017ebu je mogu\u0107e posetiti svakog vikenda uz obaveznu prijavu na https:\/\/goo.gl\/v8yRrs ili putem telefona, svakog radnog dana od 12 do 14 \u010dasova, na broj 0628003322.<\/p>\n<p>&nbsp;<\/p>\n<p>Palata Srbija izabrana je iz vi\u0161e razloga, a glavni je \u010dinjenica da je jedan od projektanata tog velelepnog objekta koji predstavlja simbol socijalisti\u010dke Jugoslavije, Mihailo Mika Jankovi\u0107, arhitekta koji je potpisao i projekat prvog namenskog muzeja u Beogradu \u2013 Muzeja 25. maj (danas u sastavu kompleksa Muzeja Jugoslavije). Oba objekta predstavljaju monumentalne primere moderne jugoslovenske arhitekture. Palata Srbija (nekada Zgrada SIV-a, po skra\u0107enici za Savezno izvr\u0161no ve\u0107e \u2013 vladu socijalisti\u010dke Jugoslavije \u010dije je sedi\u0161te bila) otvorena je 1961. godine u vreme Prvog samita nesvrstanih zemalja koji se tu odr\u017eao, a Muzej 25. maj 1962. povodom obele\u017eavanja sedamdesetog ro\u0111endana Josipa Broza Tita.<\/p>\n<p>&nbsp;<\/p>\n<p>Muzej Jugoslavije jedna je od malobrojnih institucija u regionu koja se kontinuirano bavi Jugoslavijom i njenom istorijom. Delokrug istra\u017eivanja i muzealizacije usmeren je na \u0161irok spektar razli\u010ditih fenomena koji obele\u017eavaju jugoslovensko nasle\u0111e i iskustvo. Fond Muzeja Jugoslavije do pre nekoliko godina bio je uglavnom vezan samo za socijalisti\u010dko nasle\u0111e. Realizacija izlo\u017ebi o periodu prve Jugoslavije donela je nove akvizicije koje dopunjavaju muzejski fond i legitimi\u0161u Muzej kao relevantan centar za prou\u010davanje i prezentovanje celokupne istorije Jugoslavije.<\/p>\n<p>&nbsp;<\/p>\n<p>Kako bismo publici pribli\u017eili okolnosti pod kojima je nastala dr\u017eava koja je imala prose\u010dan \u017eivotni vek \u010doveka, odlu\u010dili smo se za pripremu izlo\u017ebe Dan vredan veka. Autorski tim izlo\u017ebe \u010dine Radovan Cuki\u0107, kustos, Veselinka Kastratovi\u0107 Risti\u0107, muzejska savetnica, Marija Vasiljevi\u0107, kustoskinja (Muzej Jugoslavije) i dr Zoran Bajin, istori\u010dar (Univerzitetska biblioteka Svetozar Markovi\u0107). Izlo\u017eba obja\u0161njava nastajanje Jugoslavije kao \u010din kome je prethodilo dugogodi\u0161nje zalaganje kulturne i intelektualne elite za ujedinjenje ju\u017enih Slovena, ali i nagla\u0161ava koliko su se vizije stvaranja jugoslovenske dr\u017eave razlikovale od jedne do druge interesne grupe i kroz razli\u010dite periode. Pored arhivskih dokumenata, plakata i fotografija iz tog perioda bi\u0107e izlo\u017eene umetni\u010dke slike, skulpture, li\u010dni predmeti, odlikovanja i oru\u017eje.<\/p>\n<p>&nbsp;<\/p>\n<p>Realizaciju izlo\u017ebe \u2013 uglavnom kroz pozajmicu predmeta i dokumenata \u2013 pomoglo je preko 50 ustanova iz zemlje i regiona, kao i vi\u0161e kolekcionara i pojedinaca. Me\u0111u njima su Narodni muzej Beograd, Vojni muzej Beograd, Arhiv Jugoslavije, Narodna biblioteka Srbije, Arhiv Srbije, Ministarstvo spoljnih poslova RS, Muzej grada Beograda, Muzej za umetnost i zanatstvo Zagreb, Hrvatski istorijski muzej, Hrvatski dr\u017eavni arhiv, Narodni muzej Zaje\u010dar i Muzej savremene istorije Ljubljana.<\/p>\n<p>&nbsp;<\/p>\n<p>Narativ izlo\u017ebe zapo\u010dinje 1904. kada se u Beogradu, uz krunisanje kralja Petra I Kara\u0111or\u0111evi\u0107a i proslavu 100 godina od Prvog srpskog ustanka, organizuje vi\u0161e kulturnih manifestacija s jugoslovenskim predznakom. Izlo\u017eba zatim prati period Prvog svetskog rata, kroz prizmu borbe za ujedinjenje, fokusiraju\u0107i se na ratne ciljeve Vlade Srbije, delatnost Jugoslovenskog odbora i odnos velikih sila prema jugoslovenskom pitanju. \u010cin progla\u0161enja ujedinjenja 1. decembra 1918. okosnica je cele postavke. Me\u0111utim, izlo\u017eba se ne zavr\u0161ava trenutkom progla\u0161enja Kraljevine SHS, ve\u0107 se posve\u0107uje i periodu dr\u017eavnog provizorijuma koji traje sve do dono\u0161enja Vidovdanskog ustava 1921. godine.<\/p>\n<p>&nbsp;<\/p>\n<p>Izvor:<\/p>\n<p>&nbsp;<\/p>\n<p><a href=\"https:\/\/www.muzej-jugoslavije.org\/exhibition\/dan-vredan-veka-1-decembar-1918\/\">https:\/\/www.muzej-jugoslavije.org\/exhibition\/dan-vredan-veka-1-decembar-1918\/<\/a><\/p>\n<p>&nbsp;<\/p>\n<p><a href=\"https:\/\/www.facebook.com\/events\/278023956248598\/\">https:\/\/www.facebook.com\/events\/278023956248598\/<\/a><\/p>\n<p>&nbsp;<\/p>\n<p>&nbsp;<\/p>\n","protected":false},"excerpt":{"rendered":"","protected":false},"author":2,"featured_media":12543,"comment_status":"open","ping_status":"open","sticky":false,"template":"","format":"standard","meta":{"_acf_changed":false,"jetpack_post_was_ever_published":false,"_jetpack_newsletter_access":"","_jetpack_dont_email_post_to_subs":false,"_jetpack_newsletter_tier_id":0,"_jetpack_memberships_contains_paywalled_content":false,"_jetpack_memberships_contains_paid_content":false,"footnotes":"","jetpack_publicize_message":"","jetpack_publicize_feature_enabled":true,"jetpack_social_post_already_shared":true,"jetpack_social_options":{"image_generator_settings":{"template":"highway","default_image_id":0,"font":"","enabled":false},"version":2}},"categories":[10,3],"tags":[],"class_list":["post-12542","post","type-post","status-publish","format-standard","has-post-thumbnail","hentry","category-izlozbe","category-novosti"],"acf":{"facebook_opis":""},"jetpack_publicize_connections":[],"jetpack_featured_media_url":"https:\/\/i0.wp.com\/historiografija.hr\/wp-content\/uploads\/2018\/11\/dan-veka.jpg?fit=1920%2C1080&ssl=1","jetpack_sharing_enabled":true,"jetpack-related-posts":[{"id":52760,"url":"https:\/\/historiografija.hr\/?p=52760","url_meta":{"origin":12542,"position":0},"title":"Izlo\u017eba \u201cLo\u0161injski brodovi, njihove zastave i ljudi\u201d, 4. svibnja u 19h","author":"Filip \u0160imunjak","date":"30. travnja 2026.","format":false,"excerpt":"Hrvatski pomorski muzej Split, Glagolja\u0161a 18 (Tvr\u0111ava Gripe) Nakon \u0161to je u rujnu 2025. godine na otoku Lo\u0161inju, u suradnji Lo\u0161injskog muzeja i Hrvatskog pomorskog muzeja Split, predstavljena izlo\u017eba posve\u0107ena bogatoj pomorskoj ba\u0161tini otoka, njezino pro\u0161ireno izdanje postavlja se u Splitu. Uo\u010di blagdana svetog Dujma splitskoj \u0107e se publici predstaviti\u2026","rel":"","context":"U &quot;Izlo\u017ebe&quot;","block_context":{"text":"Izlo\u017ebe","link":"https:\/\/historiografija.hr\/?cat=10"},"img":{"alt_text":"","src":"https:\/\/i0.wp.com\/historiografija.hr\/wp-content\/uploads\/2026\/04\/Losinjski-brodovi-Izlozba-1-scaled.webp?fit=840%2C1200&ssl=1&resize=350%2C200","width":350,"height":200,"srcset":"https:\/\/i0.wp.com\/historiografija.hr\/wp-content\/uploads\/2026\/04\/Losinjski-brodovi-Izlozba-1-scaled.webp?fit=840%2C1200&ssl=1&resize=350%2C200 1x, https:\/\/i0.wp.com\/historiografija.hr\/wp-content\/uploads\/2026\/04\/Losinjski-brodovi-Izlozba-1-scaled.webp?fit=840%2C1200&ssl=1&resize=525%2C300 1.5x, https:\/\/i0.wp.com\/historiografija.hr\/wp-content\/uploads\/2026\/04\/Losinjski-brodovi-Izlozba-1-scaled.webp?fit=840%2C1200&ssl=1&resize=700%2C400 2x"},"classes":[]},{"id":52657,"url":"https:\/\/historiografija.hr\/?p=52657","url_meta":{"origin":12542,"position":1},"title":"[Predavanje] Jezik i drugost u (post)socijalisti\u010dkoj Srbiji: diskurzivne politike identiteta (YugoLab)","author":"Branimir Jankovi\u0107","date":"24. travnja 2026.","format":false,"excerpt":"U sklopu projekta Prizma \/ IMAGINATION (\u201eZami\u0161ljanje nacije: srpski nacionalni narativi u sporu (XX\u2013XXI vek)\u201c), koji se realizuje na Institutu za filozofiju i dru\u0161tvenu teoriju Univerziteta u Beogradu (2024\u20132027) uz finansijsku podr\u0161ku Fonda za nauku Republike Srbije, organizuje se serija predavanja na kojoj istra\u017eiva\u010di i istra\u017eiva\u010dice projekta predstavljaju rezultate svojih\u2026","rel":"","context":"U &quot;Novosti&quot;","block_context":{"text":"Novosti","link":"https:\/\/historiografija.hr\/?cat=3"},"img":{"alt_text":"","src":"https:\/\/i0.wp.com\/historiografija.hr\/wp-content\/uploads\/2026\/04\/IFDT_28_IV.png?fit=1200%2C675&ssl=1&resize=350%2C200","width":350,"height":200,"srcset":"https:\/\/i0.wp.com\/historiografija.hr\/wp-content\/uploads\/2026\/04\/IFDT_28_IV.png?fit=1200%2C675&ssl=1&resize=350%2C200 1x, https:\/\/i0.wp.com\/historiografija.hr\/wp-content\/uploads\/2026\/04\/IFDT_28_IV.png?fit=1200%2C675&ssl=1&resize=525%2C300 1.5x, https:\/\/i0.wp.com\/historiografija.hr\/wp-content\/uploads\/2026\/04\/IFDT_28_IV.png?fit=1200%2C675&ssl=1&resize=700%2C400 2x, https:\/\/i0.wp.com\/historiografija.hr\/wp-content\/uploads\/2026\/04\/IFDT_28_IV.png?fit=1200%2C675&ssl=1&resize=1050%2C600 3x"},"classes":[]},{"id":52575,"url":"https:\/\/historiografija.hr\/?p=52575","url_meta":{"origin":12542,"position":2},"title":"Izlo\u017eba dje\u010djih radova \u201cU po\u010detku bija\u0161e crte\u017e\u2026\u201d","author":"Branimir Jankovi\u0107","date":"21. travnja 2026.","format":false,"excerpt":"U subotu, 25. travnja 2026. u 11 sati u Galeriji Klovi\u0107evi dvori sve\u010dano otvaramo izlo\u017ebu dje\u010djih radova pod nazivom U po\u010detku bija\u0161e crte\u017e\u2026 Radovi su nastali u sklopu likovnih radionica uz izlo\u017ebu U po\u010detku bija\u0161e kraljevstvo \u2013 izlo\u017eba povodom 1100 godina Hrvatskoga Kraljevstva. Na brojnim likovnim radionicama, uz \u0161kolsku djecu,\u2026","rel":"","context":"U &quot;Izlo\u017ebe&quot;","block_context":{"text":"Izlo\u017ebe","link":"https:\/\/historiografija.hr\/?cat=10"},"img":{"alt_text":"","src":"https:\/\/i0.wp.com\/historiografija.hr\/wp-content\/uploads\/2025\/10\/Klovicevi_sluzbeni-plakat.png?fit=840%2C1200&ssl=1&resize=350%2C200","width":350,"height":200,"srcset":"https:\/\/i0.wp.com\/historiografija.hr\/wp-content\/uploads\/2025\/10\/Klovicevi_sluzbeni-plakat.png?fit=840%2C1200&ssl=1&resize=350%2C200 1x, https:\/\/i0.wp.com\/historiografija.hr\/wp-content\/uploads\/2025\/10\/Klovicevi_sluzbeni-plakat.png?fit=840%2C1200&ssl=1&resize=525%2C300 1.5x, https:\/\/i0.wp.com\/historiografija.hr\/wp-content\/uploads\/2025\/10\/Klovicevi_sluzbeni-plakat.png?fit=840%2C1200&ssl=1&resize=700%2C400 2x"},"classes":[]},{"id":52631,"url":"https:\/\/historiografija.hr\/?p=52631","url_meta":{"origin":12542,"position":3},"title":"Predavanje Ivana Tepe\u0161a: Djelovanje hrvatske politi\u010dke emigracije","author":"Branimir Jankovi\u0107","date":"23. travnja 2026.","format":false,"excerpt":"Odjel za me\u0111unarodnu suradnju i iseljeni\u0161tvo Matice hrvatske Predavanje Ivana Tepe\u0161a: Djelovanje hrvatske politi\u010dke emigracije Utorak, 28. travnja 2026. u 18:00 sati, Dvorana Ljudevita Jonkea (Mala dvorana MH), Strossmayerov trg 4, Zagreb dr. sc. Ivan Tepe\u0161, Institut za istra\u017eivanje migracija Hrvatska politi\u010dka emigracija obilje\u017eila je polustoljetnu hrvatsku povijest u drugoj\u2026","rel":"","context":"U &quot;Novosti&quot;","block_context":{"text":"Novosti","link":"https:\/\/historiografija.hr\/?cat=3"},"img":{"alt_text":"","src":"","width":0,"height":0},"classes":[]},{"id":52502,"url":"https:\/\/historiografija.hr\/?p=52502","url_meta":{"origin":12542,"position":4},"title":"Novi znanstveni projekt Hrvatskog instituta za povijest: \u201c\u017drtve ratova i dr\u017eavnog\/politi\u010dkog nasilja u hrvatskoj povijesti 20. stolje\u0107a\u201d","author":"Branimir Jankovi\u0107","date":"17. travnja 2026.","format":false,"excerpt":"Na redovitoj sjednici Vlade RH, 16. travnja 2026., donijet je Zaklju\u010dak kojim se pokre\u0107e znanstveni projekt \u201c\u017drtve ratova i dr\u017eavnog\/politi\u010dkog nasilja u hrvatskoj povijesti 20. stolje\u0107a\u201d. Projekt \u0107e provoditi i koordinirati Hrvatski institut za povijest u razdoblju trajanja projekta od pet godina. Zakljucak Vlade RH Iz teksta projektnog prijedloga: Problematika\u2026","rel":"","context":"U &quot;Novosti&quot;","block_context":{"text":"Novosti","link":"https:\/\/historiografija.hr\/?cat=3"},"img":{"alt_text":"","src":"https:\/\/i0.wp.com\/historiografija.hr\/wp-content\/uploads\/2026\/04\/Vlada-RH.jpg?fit=1200%2C557&ssl=1&resize=350%2C200","width":350,"height":200,"srcset":"https:\/\/i0.wp.com\/historiografija.hr\/wp-content\/uploads\/2026\/04\/Vlada-RH.jpg?fit=1200%2C557&ssl=1&resize=350%2C200 1x, https:\/\/i0.wp.com\/historiografija.hr\/wp-content\/uploads\/2026\/04\/Vlada-RH.jpg?fit=1200%2C557&ssl=1&resize=525%2C300 1.5x, https:\/\/i0.wp.com\/historiografija.hr\/wp-content\/uploads\/2026\/04\/Vlada-RH.jpg?fit=1200%2C557&ssl=1&resize=700%2C400 2x, https:\/\/i0.wp.com\/historiografija.hr\/wp-content\/uploads\/2026\/04\/Vlada-RH.jpg?fit=1200%2C557&ssl=1&resize=1050%2C600 3x"},"classes":[]},{"id":52569,"url":"https:\/\/historiografija.hr\/?p=52569","url_meta":{"origin":12542,"position":5},"title":"[Predavanje] Ne \u010dekaju\u0107i inspiraciju \u2013 anga\u017eovane intelektualne, kulturalne i umetni\u010dke prakse u me\u0111uratnom periodu: teorija i praksa kriti\u010dke levice u jugoslovenskoj kulturi (YugoLab)","author":"Branimir Jankovi\u0107","date":"21. travnja 2026.","format":false,"excerpt":"U vreme agresivnog ja\u010danja globalne desnice, (pro)fa\u0161isti\u010dkih, rasisti\u010dkih i imperijalisti\u010dkih politika, dok je istovremeno globalna levica izrazito slaba, a progresivni pokreti atomizirani i fragmentisani, va\u017eno je iz savremene perspektive vratiti se revolucionarnim i emancipatorskim zbivanjima u jugoslovenskom (ali i s njima u vezi internacionalnim de\u0161avanjima), kao i dru\u0161tvenoj ulozi kulturalnih\u2026","rel":"","context":"U &quot;Novosti&quot;","block_context":{"text":"Novosti","link":"https:\/\/historiografija.hr\/?cat=3"},"img":{"alt_text":"","src":"","width":0,"height":0},"classes":[]}],"_links":{"self":[{"href":"https:\/\/historiografija.hr\/index.php?rest_route=\/wp\/v2\/posts\/12542","targetHints":{"allow":["GET"]}}],"collection":[{"href":"https:\/\/historiografija.hr\/index.php?rest_route=\/wp\/v2\/posts"}],"about":[{"href":"https:\/\/historiografija.hr\/index.php?rest_route=\/wp\/v2\/types\/post"}],"author":[{"embeddable":true,"href":"https:\/\/historiografija.hr\/index.php?rest_route=\/wp\/v2\/users\/2"}],"replies":[{"embeddable":true,"href":"https:\/\/historiografija.hr\/index.php?rest_route=%2Fwp%2Fv2%2Fcomments&post=12542"}],"version-history":[{"count":2,"href":"https:\/\/historiografija.hr\/index.php?rest_route=\/wp\/v2\/posts\/12542\/revisions"}],"predecessor-version":[{"id":12545,"href":"https:\/\/historiografija.hr\/index.php?rest_route=\/wp\/v2\/posts\/12542\/revisions\/12545"}],"wp:featuredmedia":[{"embeddable":true,"href":"https:\/\/historiografija.hr\/index.php?rest_route=\/wp\/v2\/media\/12543"}],"wp:attachment":[{"href":"https:\/\/historiografija.hr\/index.php?rest_route=%2Fwp%2Fv2%2Fmedia&parent=12542"}],"wp:term":[{"taxonomy":"category","embeddable":true,"href":"https:\/\/historiografija.hr\/index.php?rest_route=%2Fwp%2Fv2%2Fcategories&post=12542"},{"taxonomy":"post_tag","embeddable":true,"href":"https:\/\/historiografija.hr\/index.php?rest_route=%2Fwp%2Fv2%2Ftags&post=12542"}],"curies":[{"name":"wp","href":"https:\/\/api.w.org\/{rel}","templated":true}]}}