{"id":12496,"date":"2018-11-27T15:37:06","date_gmt":"2018-11-27T15:37:06","guid":{"rendered":"http:\/\/historiografija.hr\/?p=12496"},"modified":"2018-11-27T15:37:06","modified_gmt":"2018-11-27T15:37:06","slug":"predavanje-zeljka-holjevca-zavrsetak-prvoga-svjetskog-rata-raspad-austro-ugarske-i-ulazak-hrvatske-u-kraljevstvo-shs","status":"publish","type":"post","link":"https:\/\/historiografija.hr\/?p=12496","title":{"rendered":"Predavanje \u017deljka Holjevca \u201cZavr\u0161etak Prvoga svjetskog rata: raspad Austro-Ugarske i ulazak Hrvatske u Kraljevstvo SHS\u201d"},"content":{"rendered":"<p>U \u010detvrtak, 29. studenoga 2018. odr\u017eat \u0107e se u prostorijama Hrvatske paneuropske unije u Zagrebu (Juri\u0161i\u0107eva 1a\/I) predavanje prof. dr. sc. \u017deljka Holjevca pod naslovom \u201cZavr\u0161etak Prvoga svjetskog rata: raspad Austro-Ugarske i ulazak Hrvatske u Kraljevstvo SHS\u201d.<\/p>\n<p>&nbsp;<\/p>\n<p>NAJAVA TEME I KRATAK \u017dIVOTOPIS PREDAVA\u010cA<\/p>\n<p>&nbsp;<\/p>\n<p>Zavr\u0161etak Prvoga svjetskog rata: raspad Austro-Ugarske i ulazak Hrvatske u Kraljevstvo SHS<\/p>\n<p>&nbsp;<\/p>\n<p>Zapadne sile u Prvome svjetskom ratu nisu namjeravale uni\u0161titi Austro-Ugarsku nego je primorati na teritorijalne ustupke, uglavnom na \u0161tetu rubnih zemalja i naroda poput Hrvatske i Hrvata. Ameri\u010dki je predsjednik Wilson jo\u0161 po\u010detkom 1918. predvi\u0111ao samo slobodu za autonomni razvitak austro-ugarskih naroda. Istodobno se kongres slavenskih naroda u Rimu izjasnio za potpuno ru\u0161enje Austro-Ugarske. Uskoro su i vode\u0107e stranke iz banske Hrvatske i Bosne i Hercegovine zatra\u017eile narodno samoodre\u0111enje i samostalnu dr\u017eavu Hrvata, Slovenaca i Srba. \u201eMoje izvode moram zapo\u010deti kategori\u010dkom tvrdnjom, da Monarhija mora neminovno bez svakog spasa izgubiti ju\u017enoslavenske pokrajine, bude li na jugu i dalje vodila istu politiku\u201c, napisao je hrvatski geopoliti\u010dar Ivo Pilar u knjizi Ju\u017enoslavensko pitanje, tiskanoj u Be\u010du 1918. na njema\u010dkom jeziku pod naslovom Die S\u00fcdslavische Frage und der Weltkrieg. Predlo\u017eio je da se ju\u017enoslavensko pitanje rije\u0161i ujedinjenjem Hrvatske, Slavonije, Dalmacije i Bosne i Hercegovine u hrvatsku dr\u017eavu unutar Austro-Ugarske. No, razvoj doga\u0111aja krenuo je drugim smjerom. Ubrzo su Jugoslavenski klub i \u010ce\u0161ki savez u Carevinskome vije\u0107u u Be\u010du istupili protiv austrijske vlade, a op\u0107a nesta\u0161ica, skupo\u0107a i lihvarenje potaknuli su vrenje u zemlji i osnivanje narodnih vije\u0107a. Stoga su se i suzdr\u017eani politi\u010dari poput Stjepana Radi\u0107a, koji je prvobitno bio za preustrojstvo Austro-Ugarske u federaciju, okrenuli prema ju\u017enoslavenskom ujedinjenju. \u201eMi mo\u017eda mo\u017eemo propasti, ali prije nego \u0161to propadnemo mi mo\u017eemo sve one koji te\u017ee takvim ciljevima zgnje\u010diti\u201c, uzalud je prijetio biv\u0161i predsjednik ma\u0111arske vlade, grof Istv\u00e1n Tisza.<\/p>\n<p>&nbsp;<\/p>\n<p>U Zagrebu je 6. listopada 1918. osnovano Narodno vije\u0107e Slovenaca, Hrvata i Srba. U to je Vije\u0107e u\u0161la i Hrvatsko-srpska koalicija koja je imala ve\u0107inu u Hrvatskome saboru. Narodno vije\u0107e se 19. listopada 1918. proglasilo politi\u010dkim predstavnikom Ju\u017enih Slavena u Austro-Ugarskoj i zatra\u017eilo njihovo ujedinjenje u jedinstvenu i potpuno suverenu dr\u017eavu. Dio prava\u0161kih politi\u010dara nastojao je o\u010duvati kontinuitet hrvatske dr\u017eavnosti pa se protivio oduzimanju suvereniteta hrvatskomu narodu. Oni su 21. i 22. listopada 1918. dobili na\u010delnu suglasnost cara i kralja Karla, kao i vode\u0107ih ma\u0111arskih politi\u010dara, za progla\u0161enje trijalisti\u010dke austro-ugarsko-hrvatske monarhije pod \u017eezlom Habsburgovaca. Za to je, me\u0111utim, bilo prekasno. U Zagrebu se 29. listopada 1918. sastao Hrvatski sabor koji je prekinuo sve dr\u017eavnopravne odnose s Austro-Ugarskom i proglasio Dalmaciju, Hrvatsku i Slavoniju s Rijekom neovisnom dr\u017eavom koja je u\u0161la u privremenu Dr\u017eavu Slovenaca, Hrvata i Srba. Austro-Ugarska se raspala, a Hrvatsko-srpska koalicija i Sredi\u0161nji odbor Narodnoga vije\u0107a bili su za \u017eurno ujedinjenje sa Srbijom. U Zagreb je u\u0161la srbijanska vojska, a u Rijeku uplovili talijanski ratni brodovi pa je to rje\u0161enje zbog talijanskoga iredentizma podr\u017eao i hrvatski katoli\u010dki episkopat sa zagreba\u010dkim nadbiskupom Antunom Bauerom na \u010delu. Na koncu je u Beogradu 1. prosinca 1918. progla\u0161eno ujedinjenje Dr\u017eave Slovenaca, Hrvata i Srba s Kraljevinom Srbijom u Kraljevstvo Srba, Hrvata i Slovenaca. Trijalizam je tako kao konkurentna zamisao propao, a hrvatski je narod u jugoslavenskoj dr\u017eavi izgubio politi\u010dku autonomiju iz habsbur\u0161koga razdoblja pa se tijekom mnogih desetlje\u0107a morao boriti za svoju nacionalnu i dr\u017eavnu samobitnost.<\/p>\n<p>&nbsp;<\/p>\n<p>\u017deljko Holjevac ro\u0111en je 1973. u Brinju. Studirao je povijest na Filozofskome fakultetu Sveu\u010dili\u0161ta u Zagrebu, gdje je 2006. stekao akademski stupanj doktora znanosti. Od 1998. do 2007. radio je kao asistent u Institutu dru\u0161tvenih znanosti Ivo Pilar u Zagrebu. Od 2007. zaposlen je na Odsjeku za povijest Filozofskoga fakulteta Sveu\u010dili\u0161ta u Zagrebu. Bio je prodekan za organizaciju i razvoj, a akademske godine 2016.\/2017. i obna\u0161atelj du\u017enosti dekana Filozofskoga fakulteta. Bavi se hrvatskom povije\u0161\u0107u ranoga novoga vijeka i 19. stolje\u0107a u europskome kontekstu, posebice povije\u0161\u0107u hrvatsko-ma\u0111arskih odnosa u tome razdoblju. Istra\u017eiva\u010dki je vi\u0161e puta boravio u inozemstvu, rade\u0107i najvi\u0161e u arhivima i knji\u017enicama u Be\u010du i Budimpe\u0161ti. Predsjednik je Dru\u0161tva za hrvatsku povjesnicu i \u010dlan Organizacijskoga odbora Me\u0111unarodnog kulturno-povijesnog simpozija Mogersdorf. Sudjeluje u radu znanstvenih konferencija i sura\u0111uje u znanstvenim \u010dasopisima i drugim publikacijama s razli\u010ditim temama u rasponu od ranoga novoga vijeka do suvremene povijesti. Kao autor ili suautor objavio je nekoliko knjiga i niz znanstvenih radova, uredio nekoliko zbornika radova i uredni\u010dkih knjiga, a oku\u0161ao se i u pisanju ud\u017ebenika povijesti za osnovne i srednje \u0161kole.<\/p>\n<p>&nbsp;<\/p>\n<p>Predava\u010d: prof. dr. sc. \u017deljko Holjevac<\/p>\n<p>Moderator: mag. hist. Matko Globa\u010dnik, \u010dlan Mlade\u017ei HPEU<\/p>\n<p>&nbsp;<\/p>\n<p>&nbsp;<\/p>\n<p>Izvor:<\/p>\n<p>&nbsp;<\/p>\n<p><a href=\"http:\/\/www.hpeu.hr\/#\/obavijesti:skupovi\">http:\/\/www.hpeu.hr\/#\/obavijesti:skupovi<\/a><\/p>\n<p>&nbsp;<\/p>\n<p><a href=\"https:\/\/www.facebook.com\/events\/258691734822606\/\">https:\/\/www.facebook.com\/events\/258691734822606\/<\/a><\/p>\n<p>&nbsp;<\/p>\n<p>&nbsp;<\/p>\n<p>&nbsp;<\/p>\n","protected":false},"excerpt":{"rendered":"","protected":false},"author":2,"featured_media":12497,"comment_status":"open","ping_status":"open","sticky":false,"template":"","format":"standard","meta":{"_acf_changed":false,"jetpack_post_was_ever_published":false,"_jetpack_newsletter_access":"","_jetpack_dont_email_post_to_subs":false,"_jetpack_newsletter_tier_id":0,"_jetpack_memberships_contains_paywalled_content":false,"_jetpack_memberships_contains_paid_content":false,"footnotes":"","jetpack_publicize_message":"","jetpack_publicize_feature_enabled":true,"jetpack_social_post_already_shared":true,"jetpack_social_options":{"image_generator_settings":{"template":"highway","default_image_id":0,"font":"","enabled":false},"version":2}},"categories":[3],"tags":[],"class_list":["post-12496","post","type-post","status-publish","format-standard","has-post-thumbnail","hentry","category-novosti"],"acf":{"facebook_opis":""},"jetpack_publicize_connections":[],"jetpack_featured_media_url":"https:\/\/i0.wp.com\/historiografija.hr\/wp-content\/uploads\/2018\/11\/Jugoslovenski-Odbor-u-Londonu.jpg?fit=1199%2C790&ssl=1","jetpack_sharing_enabled":true,"jetpack-related-posts":[{"id":52502,"url":"https:\/\/historiografija.hr\/?p=52502","url_meta":{"origin":12496,"position":0},"title":"Novi znanstveni projekt Hrvatskog instituta za povijest: \u201c\u017drtve ratova i dr\u017eavnog\/politi\u010dkog nasilja u hrvatskoj povijesti 20. stolje\u0107a\u201d","author":"Branimir Jankovi\u0107","date":"17. travnja 2026.","format":false,"excerpt":"Na redovitoj sjednici Vlade RH, 16. travnja 2026., donijet je Zaklju\u010dak kojim se pokre\u0107e znanstveni projekt \u201c\u017drtve ratova i dr\u017eavnog\/politi\u010dkog nasilja u hrvatskoj povijesti 20. stolje\u0107a\u201d. Projekt \u0107e provoditi i koordinirati Hrvatski institut za povijest u razdoblju trajanja projekta od pet godina. Zakljucak Vlade RH Iz teksta projektnog prijedloga: Problematika\u2026","rel":"","context":"U &quot;Novosti&quot;","block_context":{"text":"Novosti","link":"https:\/\/historiografija.hr\/?cat=3"},"img":{"alt_text":"","src":"https:\/\/i0.wp.com\/historiografija.hr\/wp-content\/uploads\/2026\/04\/Vlada-RH.jpg?fit=1200%2C557&ssl=1&resize=350%2C200","width":350,"height":200,"srcset":"https:\/\/i0.wp.com\/historiografija.hr\/wp-content\/uploads\/2026\/04\/Vlada-RH.jpg?fit=1200%2C557&ssl=1&resize=350%2C200 1x, https:\/\/i0.wp.com\/historiografija.hr\/wp-content\/uploads\/2026\/04\/Vlada-RH.jpg?fit=1200%2C557&ssl=1&resize=525%2C300 1.5x, https:\/\/i0.wp.com\/historiografija.hr\/wp-content\/uploads\/2026\/04\/Vlada-RH.jpg?fit=1200%2C557&ssl=1&resize=700%2C400 2x, https:\/\/i0.wp.com\/historiografija.hr\/wp-content\/uploads\/2026\/04\/Vlada-RH.jpg?fit=1200%2C557&ssl=1&resize=1050%2C600 3x"},"classes":[]},{"id":52631,"url":"https:\/\/historiografija.hr\/?p=52631","url_meta":{"origin":12496,"position":1},"title":"Predavanje Ivana Tepe\u0161a: Djelovanje hrvatske politi\u010dke emigracije","author":"Branimir Jankovi\u0107","date":"23. travnja 2026.","format":false,"excerpt":"Odjel za me\u0111unarodnu suradnju i iseljeni\u0161tvo Matice hrvatske Predavanje Ivana Tepe\u0161a: Djelovanje hrvatske politi\u010dke emigracije Utorak, 28. travnja 2026. u 18:00 sati, Dvorana Ljudevita Jonkea (Mala dvorana MH), Strossmayerov trg 4, Zagreb dr. sc. Ivan Tepe\u0161, Institut za istra\u017eivanje migracija Hrvatska politi\u010dka emigracija obilje\u017eila je polustoljetnu hrvatsku povijest u drugoj\u2026","rel":"","context":"U &quot;Novosti&quot;","block_context":{"text":"Novosti","link":"https:\/\/historiografija.hr\/?cat=3"},"img":{"alt_text":"","src":"","width":0,"height":0},"classes":[]},{"id":52669,"url":"https:\/\/historiografija.hr\/?p=52669","url_meta":{"origin":12496,"position":2},"title":"Predavanje Igora Dude &#8220;Odmor kao \u017eivotna potreba: o slobodnom vremenu u socijalisti\u010dkoj Jugoslaviji&#8221;","author":"Branimir Jankovi\u0107","date":"27. travnja 2026.","format":false,"excerpt":"U sklopu proljetnog ciklusa programa\u00a0Kriti\u010dka dramaturgija: pauza, u\u00a0subotu, 25. travnja 2026. u 19 sati\u00a0u prostoru Udru\u017eenja hrvatskih arhitekata povjesni\u010dar Igor Duda\u00a0odr\u017eao je predavanje naslovljeno\u00a0Odmor kao \u017eivotna potreba: o slobodnom vremenu u socijalisti\u010dkoj Jugoslaviji. Industrijalizacija i urbanizacija dru\u0161tava u povijesti su zna\u010dile i prelazak s predindustrijskog na industrijsko shva\u0107anje vremena. Ono\u2026","rel":"","context":"U &quot;Novosti&quot;","block_context":{"text":"Novosti","link":"https:\/\/historiografija.hr\/?cat=3"},"img":{"alt_text":"","src":"https:\/\/i0.wp.com\/historiografija.hr\/wp-content\/uploads\/2026\/04\/Duda.png?fit=1200%2C628&ssl=1&resize=350%2C200","width":350,"height":200,"srcset":"https:\/\/i0.wp.com\/historiografija.hr\/wp-content\/uploads\/2026\/04\/Duda.png?fit=1200%2C628&ssl=1&resize=350%2C200 1x, https:\/\/i0.wp.com\/historiografija.hr\/wp-content\/uploads\/2026\/04\/Duda.png?fit=1200%2C628&ssl=1&resize=525%2C300 1.5x, https:\/\/i0.wp.com\/historiografija.hr\/wp-content\/uploads\/2026\/04\/Duda.png?fit=1200%2C628&ssl=1&resize=700%2C400 2x, https:\/\/i0.wp.com\/historiografija.hr\/wp-content\/uploads\/2026\/04\/Duda.png?fit=1200%2C628&ssl=1&resize=1050%2C600 3x"},"classes":[]},{"id":52616,"url":"https:\/\/historiografija.hr\/?p=52616","url_meta":{"origin":12496,"position":3},"title":"No\u0107 knjige 2026.","author":"Branimir Jankovi\u0107","date":"22. travnja 2026.","format":false,"excerpt":"Slavljeni\u010dka 15. No\u0107 knjige odr\u017eat \u0107e se 23. travnja diljem Hrvatske u povodu Svjetskog dana knjige i autorskih prava te Dana hrvatske knjige. S vi\u0161e od 1.000 prijavljenih programa i akcija s pravom nosi epitet najmasovnije doma\u0107e kulturne manifestacije, a ove \u0107e godine prote\u0107i u znaku mira, razumijevanja, tolerancije, srodnosti\u2026","rel":"","context":"U &quot;Novosti&quot;","block_context":{"text":"Novosti","link":"https:\/\/historiografija.hr\/?cat=3"},"img":{"alt_text":"","src":"https:\/\/i0.wp.com\/historiografija.hr\/wp-content\/uploads\/2026\/04\/noc_knjige_2026.jpg?fit=680%2C276&ssl=1&resize=350%2C200","width":350,"height":200,"srcset":"https:\/\/i0.wp.com\/historiografija.hr\/wp-content\/uploads\/2026\/04\/noc_knjige_2026.jpg?fit=680%2C276&ssl=1&resize=350%2C200 1x, https:\/\/i0.wp.com\/historiografija.hr\/wp-content\/uploads\/2026\/04\/noc_knjige_2026.jpg?fit=680%2C276&ssl=1&resize=525%2C300 1.5x"},"classes":[]},{"id":52628,"url":"https:\/\/historiografija.hr\/?p=52628","url_meta":{"origin":12496,"position":4},"title":"Predavanje dopisnog \u010dlana HAZU Alaina Finkielkrauta Izrael, Europa, antisemitizam","author":"Branimir Jankovi\u0107","date":"23. travnja 2026.","format":false,"excerpt":"Francuski filozof Alain Finkielkraut, redoviti \u010dlan Francuske akademije i dopisni \u010dlan HAZU, odr\u017eat \u0107e predavanje\u00a0Izrael, Europa, antisemitizam u utorak 28. travnja 2026. u 13 sati u Knji\u017enici HAZU,\u00a0Strossmayerov trg 14 u Zagrebu. Uvodne rije\u010di odr\u017eat \u0107e\u00a0akademkinja \u017deljka \u010corak i\u00a0akademik Dra\u017een Katunari\u0107. Predavanje \u0107e se odr\u017eati na francuskom jeziku uz konsekutivno\u2026","rel":"","context":"U &quot;Novosti&quot;","block_context":{"text":"Novosti","link":"https:\/\/historiografija.hr\/?cat=3"},"img":{"alt_text":"","src":"https:\/\/i0.wp.com\/historiografija.hr\/wp-content\/uploads\/2026\/04\/Alain_Finkielkraut.jpg?fit=350%2C407&ssl=1&resize=350%2C200","width":350,"height":200},"classes":[]},{"id":52752,"url":"https:\/\/historiografija.hr\/?p=52752","url_meta":{"origin":12496,"position":5},"title":"Otvaranje izlo\u017ebe &#8220;Hrvati na So\u010danskom frontu&#8221; i predavanje &#8220;So\u010danska fronta u Prvome svjetskom ratu&#8221;","author":"Filip \u0160imunjak","date":"30. travnja 2026.","format":false,"excerpt":"Otvaranje izlo\u017ebe \u201eHrvati na So\u010danskom frontu\u201c, Kobari\u0161ki muzej Prvog svjetskog rata, Kobarid, odr\u017eat \u0107e se u sklopu ovogodi\u0161njega Festivala povijesti Kliofest u Nacionalnoj i sveu\u010dili\u0161noj knji\u017enici u Zagrebu, u utorak 5. svibnja, s po\u010detkom u 10 sati, uz sudjelovanje: Ga\u0161pera Dov\u017eana, veleposlanika Republike Slovenije u RH, te Martina \u0160olara, direktora\u2026","rel":"","context":"U &quot;Izlo\u017ebe&quot;","block_context":{"text":"Izlo\u017ebe","link":"https:\/\/historiografija.hr\/?cat=10"},"img":{"alt_text":"","src":"https:\/\/i0.wp.com\/historiografija.hr\/wp-content\/uploads\/2026\/04\/Kliofest-01-utorak-II-08-P-Socanska-fronta.jpg?fit=1200%2C566&ssl=1&resize=350%2C200","width":350,"height":200,"srcset":"https:\/\/i0.wp.com\/historiografija.hr\/wp-content\/uploads\/2026\/04\/Kliofest-01-utorak-II-08-P-Socanska-fronta.jpg?fit=1200%2C566&ssl=1&resize=350%2C200 1x, https:\/\/i0.wp.com\/historiografija.hr\/wp-content\/uploads\/2026\/04\/Kliofest-01-utorak-II-08-P-Socanska-fronta.jpg?fit=1200%2C566&ssl=1&resize=525%2C300 1.5x, https:\/\/i0.wp.com\/historiografija.hr\/wp-content\/uploads\/2026\/04\/Kliofest-01-utorak-II-08-P-Socanska-fronta.jpg?fit=1200%2C566&ssl=1&resize=700%2C400 2x, https:\/\/i0.wp.com\/historiografija.hr\/wp-content\/uploads\/2026\/04\/Kliofest-01-utorak-II-08-P-Socanska-fronta.jpg?fit=1200%2C566&ssl=1&resize=1050%2C600 3x"},"classes":[]}],"_links":{"self":[{"href":"https:\/\/historiografija.hr\/index.php?rest_route=\/wp\/v2\/posts\/12496","targetHints":{"allow":["GET"]}}],"collection":[{"href":"https:\/\/historiografija.hr\/index.php?rest_route=\/wp\/v2\/posts"}],"about":[{"href":"https:\/\/historiografija.hr\/index.php?rest_route=\/wp\/v2\/types\/post"}],"author":[{"embeddable":true,"href":"https:\/\/historiografija.hr\/index.php?rest_route=\/wp\/v2\/users\/2"}],"replies":[{"embeddable":true,"href":"https:\/\/historiografija.hr\/index.php?rest_route=%2Fwp%2Fv2%2Fcomments&post=12496"}],"version-history":[{"count":1,"href":"https:\/\/historiografija.hr\/index.php?rest_route=\/wp\/v2\/posts\/12496\/revisions"}],"predecessor-version":[{"id":12498,"href":"https:\/\/historiografija.hr\/index.php?rest_route=\/wp\/v2\/posts\/12496\/revisions\/12498"}],"wp:featuredmedia":[{"embeddable":true,"href":"https:\/\/historiografija.hr\/index.php?rest_route=\/wp\/v2\/media\/12497"}],"wp:attachment":[{"href":"https:\/\/historiografija.hr\/index.php?rest_route=%2Fwp%2Fv2%2Fmedia&parent=12496"}],"wp:term":[{"taxonomy":"category","embeddable":true,"href":"https:\/\/historiografija.hr\/index.php?rest_route=%2Fwp%2Fv2%2Fcategories&post=12496"},{"taxonomy":"post_tag","embeddable":true,"href":"https:\/\/historiografija.hr\/index.php?rest_route=%2Fwp%2Fv2%2Ftags&post=12496"}],"curies":[{"name":"wp","href":"https:\/\/api.w.org\/{rel}","templated":true}]}}