{"id":12468,"date":"2018-11-26T11:53:46","date_gmt":"2018-11-26T11:53:46","guid":{"rendered":"http:\/\/historiografija.hr\/?p=12468"},"modified":"2018-11-26T11:53:46","modified_gmt":"2018-11-26T11:53:46","slug":"natalie-zemon-davis-lecture-series-joan-scott-the-judgement-of-history","status":"publish","type":"post","link":"https:\/\/historiografija.hr\/?p=12468","title":{"rendered":"Natalie Zemon Davis lecture series \u2013 Joan Scott: The Judgement of History"},"content":{"rendered":"<p>Na Srednjoeuropskom sveu\u010dili\u0161tu (CEU) u Budimpe\u0161ti povjesni\u010darka Joan W. Scott odr\u017eat \u0107e od 26. do 29. studenog 2018. seriju predavanja o slo\u017eenoj problematici osude povijesti.<\/p>\n<p>&nbsp;<\/p>\n<p>&#8212;<\/p>\n<p>&nbsp;<\/p>\n<p>&#8220;As a historian, I know that there is no closure for history, that the repressed returns, sometimes as tragedy, sometimes as farce.\u00a0\u00a0 Still, I think I (naively) held to the popular belief that there was a certain finality to history\u2019s judgment. We often use the words \u201cthe judgment of history,\u201d or we suggest that we need to be \u201con the right side of history.\u201d The moral stance implied in those words draws enduring distinctions between good and evil, justice and injustice, equality and inequality, right and wrong\u2014as if in her wisdom, Clio will rescue us mortals from the errors of our ways. In these lectures, I am interested in the paradoxical operations of the judgment of history, particularly as the imposition of that judgment was seen as a means of closing the future to the wrongs of the past and in this way establishing the singular linearity of history\u2019s path. What aspects of the past were repudiated? How and in what terms? What of them remained?\u00a0\u00a0 How account for the remainders? And what do they tell us about the ways in which the moral and the political are inextricably intertwined in the idea of history itself? I take as my cases three examples of the way the realization of justice was defined in the discourse of the judgment of history.&#8221; (Joan W. Scott)<\/p>\n<p>&nbsp;<\/p>\n<p>&nbsp;<\/p>\n<p><strong>Monday, November 26, 2018 &#8211; 5:30pm<\/strong><\/p>\n<p>&nbsp;<\/p>\n<p>Retribution: The Nuremberg Trials<\/p>\n<p>&nbsp;<\/p>\n<p><strong>Lecture I Nuremberg: The Future of the Nation-State<\/strong><\/p>\n<p>&nbsp;<\/p>\n<p>This lecture looks at the Nuremberg trial in 1946. Then the defeat of Germany in war was evidence that the judgment of history had prevailed. There the imposition of justice had at least two meanings. One looked to the past: requiring retribution, the imposition of sanctions in the name of the rule of law to ensure that the criminal acts of the Nazis would never be repeated.\u00a0\u00a0 The other meaning for justice looked to the future, to the nation-state as the guarantor of human rights. The Nuremberg judges took for granted that the (\u201ccivilized\u201d) nation-state was the apotheosis of historical evolution and so left uncriticized its practices of racial and ethnic exclusion, in this way allowing aspects of the discredited past to leak into the practices of the future.<\/p>\n<p>&nbsp;<\/p>\n<p><a href=\"https:\/\/history.ceu.edu\/events\/2018-11-26\/natalie-zemon-davis-lecture-series-joan-scott-judgement-history-retribution\">https:\/\/history.ceu.edu\/events\/2018-11-26\/natalie-zemon-davis-lecture-series-joan-scott-judgement-history-retribution<\/a><\/p>\n<p>&nbsp;<\/p>\n<p>&nbsp;<\/p>\n<p><strong>Tuesday, November 27, 2018 &#8211; 5:30pm<\/strong><\/p>\n<p>&nbsp;<\/p>\n<p>Redemption: Truth and Reconciliation in South Africa<\/p>\n<p><strong>\u00a0<\/strong><\/p>\n<p><strong>Lecture II Truth and Reconciliation in South Africa: National politics in the present <\/strong><\/p>\n<p>&nbsp;<\/p>\n<p>This lecture moves to 1996, when the South African Truth and Reconciliation Commission struggled to implement the judgment of history (the end of apartheid) as the future of the nation was being negotiated. There the challenge involved confronting a present fraught with danger and finding some common ground between the victims and perpetrators of \u201cgross human rights violations.\u201d These violations had to do with individual bodily harm and psychological \u201ctrauma\u201d\u2014at once recognizing and leaving aside the structures of oppression (segregation, discrimination, political disenfranchisement, economic exploitation\u2026) that defined the system. The common ground was \u201cforgiveness,\u201d justice conceived as individual redemption for victims and perpetrators alike. In South Africa, the need for political compromise crucially left in place the material underpinnings of the white supremacist state, especially its rules of property ownership. As a result the racial inequality taken to be a violation of human rights under apartheid persisted in the form of economic inequality in the non-racialist new South Africa.<\/p>\n<p>&nbsp;<\/p>\n<p><a href=\"https:\/\/medievalstudies.ceu.edu\/events\/2018-11-27\/natalie-zemon-davis-lecture-series-joan-scott-judgement-history-redemption-truth\">https:\/\/medievalstudies.ceu.edu\/events\/2018-11-27\/natalie-zemon-davis-lecture-series-joan-scott-judgement-history-redemption-truth<\/a><\/p>\n<p>&nbsp;<\/p>\n<p>&nbsp;<\/p>\n<p><strong>Thursday, November 29, 2018 &#8211; 5:30pm<\/strong><\/p>\n<p>&nbsp;<\/p>\n<p>Reparation: The Movement to Reimburse Victims of Slavery in the U.S.<\/p>\n<p>&nbsp;<\/p>\n<p><strong>Lecture III Reparations for slavery: redeeming past promises<\/strong><\/p>\n<p>&nbsp;<\/p>\n<p>This lecture takes up the movement for reparations for slavery in the U.S. An ongoing demand from before the Civil War to the present, the movement for reparations in the early twenty-first century called for recognition of an old judgment of history\u2014about the immorality of human bondage\u2014in the present.\u00a0\u00a0 In this case, it was not only monetary compensation that was at stake, but the exposure of the failure of a modern democratic nation to abide by the judgment of history.\u00a0\u00a0 Reparative justice for its proponents meant recognition of the fact that the institutionalized racism of the nation continued to be at odds with a judgment that history had long ago rendered; it was an indictment of an evil formally repudiated\u2014a past disavowed\u2014but perpetuated nonetheless by law and custom.\u00a0\u00a0 Reparation had to do with recognizing and perhaps even repairing injustice (but not forgiving it), and also with insisting on adherence to a moral standard that had yet to be realized.\u00a0\u00a0 History had made its judgment; the point now was to enforce it. The reparations movement strategically appealed to a linear conception of the progress of history even as it exposed the emptiness of its very premises.<\/p>\n<p>&nbsp;<\/p>\n<p>In these lectures I maintain that \u201crace-thinking\u201d as an aspect of nationhood informed the judgments at Nuremberg (despite condemnation of the excesses of Nazism). In South Africa, the central challenge was how to realize Arendt\u2019s \u201cpolitical nationhood\u201d in the post-apartheid state. For the reparations movement in the United States, the point was to reveal the extent to which \u201crace-thinking\u201d prevailed despite its constitutional repudiation.<\/p>\n<p>&nbsp;<\/p>\n<p><a href=\"https:\/\/medievalstudies.ceu.edu\/events\/2018-11-29\/natalie-zemon-davis-lecture-series-joan-scott-judgment-history-reparation-movement\">https:\/\/medievalstudies.ceu.edu\/events\/2018-11-29\/natalie-zemon-davis-lecture-series-joan-scott-judgment-history-reparation-movement<\/a><\/p>\n<p>&nbsp;<\/p>\n","protected":false},"excerpt":{"rendered":"","protected":false},"author":2,"featured_media":12469,"comment_status":"open","ping_status":"open","sticky":false,"template":"","format":"standard","meta":{"_acf_changed":false,"jetpack_post_was_ever_published":false,"_jetpack_newsletter_access":"","_jetpack_dont_email_post_to_subs":false,"_jetpack_newsletter_tier_id":0,"_jetpack_memberships_contains_paywalled_content":false,"_jetpack_memberships_contains_paid_content":false,"footnotes":"","jetpack_publicize_message":"","jetpack_publicize_feature_enabled":true,"jetpack_social_post_already_shared":true,"jetpack_social_options":{"image_generator_settings":{"template":"highway","default_image_id":0,"font":"","enabled":false},"version":2}},"categories":[3],"tags":[],"class_list":["post-12468","post","type-post","status-publish","format-standard","has-post-thumbnail","hentry","category-novosti"],"acf":{"facebook_opis":""},"jetpack_publicize_connections":[],"jetpack_featured_media_url":"https:\/\/i0.wp.com\/historiografija.hr\/wp-content\/uploads\/2018\/11\/Scott.png?fit=1073%2C1200&ssl=1","jetpack_sharing_enabled":true,"jetpack-related-posts":[{"id":52664,"url":"https:\/\/historiografija.hr\/?p=52664","url_meta":{"origin":12468,"position":0},"title":"CfP: CONFERENCE OF THE HISTORY OF CONCEPTS GROUP, HELSINKI, 19TH\u201321ST AUGUST 2026 (DEADLINE: 30TH APRIL 2026)","author":"Branimir Jankovi\u0107","date":"24. travnja 2026.","format":false,"excerpt":"The annual conference of the History of Concepts Group is held at the University of Helsinki, 19-21 August 2026. Conference of the History of Concepts Group Conceptual history studies the use of concepts and tries to understand how historical actors have linguistically articulated views of the world. Studying concepts from\u2026","rel":"","context":"U &quot;Novosti&quot;","block_context":{"text":"Novosti","link":"https:\/\/historiografija.hr\/?cat=3"},"img":{"alt_text":"","src":"https:\/\/i0.wp.com\/historiografija.hr\/wp-content\/uploads\/2017\/10\/hsozkult.png?fit=1006%2C241&ssl=1&resize=350%2C200","width":350,"height":200,"srcset":"https:\/\/i0.wp.com\/historiografija.hr\/wp-content\/uploads\/2017\/10\/hsozkult.png?fit=1006%2C241&ssl=1&resize=350%2C200 1x, https:\/\/i0.wp.com\/historiografija.hr\/wp-content\/uploads\/2017\/10\/hsozkult.png?fit=1006%2C241&ssl=1&resize=525%2C300 1.5x, https:\/\/i0.wp.com\/historiografija.hr\/wp-content\/uploads\/2017\/10\/hsozkult.png?fit=1006%2C241&ssl=1&resize=700%2C400 2x"},"classes":[]},{"id":52673,"url":"https:\/\/historiografija.hr\/?p=52673","url_meta":{"origin":12468,"position":1},"title":"TWO POSTDOCTORAL POSITIONS IN THE &#8220;PROLETGARD ERC STARTING GRANT PROJECT&#8221;, KASS\u00c1K FOUNDATION, BUDAPEST (DEADLINE: 1ST MAY 2026)","author":"Branimir Jankovi\u0107","date":"27. travnja 2026.","format":false,"excerpt":"This five-year ERC-funded project examines how avant-garde art contributed to the formation of a workers\u2019 movement counterculture in East Central Europe after 1918. It argues that socialist and avant-garde periodicals, groups, and figures shaped both avant-garde culture and transnational workers\u2019 movements. Focusing on the successor states of the Austro\u2013Hungarian Empire\u2026","rel":"","context":"U &quot;Novosti&quot;","block_context":{"text":"Novosti","link":"https:\/\/historiografija.hr\/?cat=3"},"img":{"alt_text":"","src":"https:\/\/i0.wp.com\/historiografija.hr\/wp-content\/uploads\/2017\/10\/hsozkult.png?fit=1006%2C241&ssl=1&resize=350%2C200","width":350,"height":200,"srcset":"https:\/\/i0.wp.com\/historiografija.hr\/wp-content\/uploads\/2017\/10\/hsozkult.png?fit=1006%2C241&ssl=1&resize=350%2C200 1x, https:\/\/i0.wp.com\/historiografija.hr\/wp-content\/uploads\/2017\/10\/hsozkult.png?fit=1006%2C241&ssl=1&resize=525%2C300 1.5x, https:\/\/i0.wp.com\/historiografija.hr\/wp-content\/uploads\/2017\/10\/hsozkult.png?fit=1006%2C241&ssl=1&resize=700%2C400 2x"},"classes":[]},{"id":52531,"url":"https:\/\/historiografija.hr\/?p=52531","url_meta":{"origin":12468,"position":2},"title":"Jonathan G. Leslie, \u201eFear and Insecurity: Israel and the Iran Threat Narrative\u201c","author":"Branimir Jankovi\u0107","date":"17. travnja 2026.","format":false,"excerpt":"Why is Israel\u2019s former ally Iran now perceived as the country\u2019s greatest threat? Description To observers of the Iran-Israel conflict, its vitriolic rhetoric might suggest an ancient hatred between Jews and Muslims\u2013a biblical feud dating back hundreds, or thousands, of years. But this rivalry is a far more modern development.\u2026","rel":"","context":"U &quot;Knjige&quot;","block_context":{"text":"Knjige","link":"https:\/\/historiografija.hr\/?cat=8"},"img":{"alt_text":"","src":"https:\/\/i0.wp.com\/historiografija.hr\/wp-content\/uploads\/2026\/04\/Leslie.jpg?fit=391%2C612&ssl=1&resize=350%2C200","width":350,"height":200},"classes":[]},{"id":52677,"url":"https:\/\/historiografija.hr\/?p=52677","url_meta":{"origin":12468,"position":3},"title":"CfP: NAVIGATING THE PAST, FACING THE PRESENT: CHALLENGES AND OPPORTUNITIES IN RE-PRESENTING CONFLICTS AND VIOLENCE IN MEMORY AND EDUCATION INSTITUTIONS, WARSAW, 22ND\u201324TH OCTOBER 2026 (DEADLINE: 30TH APRIL 2026)","author":"Branimir Jankovi\u0107","date":"27. travnja 2026.","format":false,"excerpt":"The conference and graduate workshop (October 22-24, 2026, Warsaw) addresses the representation of history in public and institutional contexts, with a focus beyond the often-studied field of \u201cmemory culture\u201d. Rather than emphasizing the politicization of memory and cultural institutions, the discussion shifts toward new methods, media, and challenges in historical\u2026","rel":"","context":"U &quot;Novosti&quot;","block_context":{"text":"Novosti","link":"https:\/\/historiografija.hr\/?cat=3"},"img":{"alt_text":"","src":"https:\/\/i0.wp.com\/historiografija.hr\/wp-content\/uploads\/2017\/10\/hsozkult.png?fit=1006%2C241&ssl=1&resize=350%2C200","width":350,"height":200,"srcset":"https:\/\/i0.wp.com\/historiografija.hr\/wp-content\/uploads\/2017\/10\/hsozkult.png?fit=1006%2C241&ssl=1&resize=350%2C200 1x, https:\/\/i0.wp.com\/historiografija.hr\/wp-content\/uploads\/2017\/10\/hsozkult.png?fit=1006%2C241&ssl=1&resize=525%2C300 1.5x, https:\/\/i0.wp.com\/historiografija.hr\/wp-content\/uploads\/2017\/10\/hsozkult.png?fit=1006%2C241&ssl=1&resize=700%2C400 2x"},"classes":[]},{"id":52679,"url":"https:\/\/historiografija.hr\/?p=52679","url_meta":{"origin":12468,"position":4},"title":"CfP: CHOSEN NATION(S): HISTORICAL AND CULTURAL INTERPRETATIONS OF EXCEPTIONALISM, BUDAPEST, 10TH\u201311TH JUNE 2026 (DEADLINE: 1ST MAY 2026)","author":"Branimir Jankovi\u0107","date":"27. travnja 2026.","format":false,"excerpt":"The Ludovika University of Public Service (NKE) and the Jewish Theological Seminary \u2013 University of Jewish Studies (OR-ZSE) are pleased to announce a joint academic conference on \u201cChosen Nation(s): Historical and Cultural Interpretations of Exceptionalism\u201d, to be held in Budapest, Hungary. Chosen Nation(s): Historical and Cultural Interpretations of Exceptionalism Keynote\u2026","rel":"","context":"U &quot;Novosti&quot;","block_context":{"text":"Novosti","link":"https:\/\/historiografija.hr\/?cat=3"},"img":{"alt_text":"","src":"https:\/\/i0.wp.com\/historiografija.hr\/wp-content\/uploads\/2017\/10\/hsozkult.png?fit=1006%2C241&ssl=1&resize=350%2C200","width":350,"height":200,"srcset":"https:\/\/i0.wp.com\/historiografija.hr\/wp-content\/uploads\/2017\/10\/hsozkult.png?fit=1006%2C241&ssl=1&resize=350%2C200 1x, https:\/\/i0.wp.com\/historiografija.hr\/wp-content\/uploads\/2017\/10\/hsozkult.png?fit=1006%2C241&ssl=1&resize=525%2C300 1.5x, https:\/\/i0.wp.com\/historiografija.hr\/wp-content\/uploads\/2017\/10\/hsozkult.png?fit=1006%2C241&ssl=1&resize=700%2C400 2x"},"classes":[]},{"id":52520,"url":"https:\/\/historiografija.hr\/?p=52520","url_meta":{"origin":12468,"position":5},"title":"Predstavljanje knjige &#8220;Socialist Economics in Yugoslavia: A Critical History&#8221; u Zagrebu","author":"Branimir Jankovi\u0107","date":"17. travnja 2026.","format":false,"excerpt":"Pozivamo vas na predstavljanje knjige \"Socialist Economics in Yugoslavia: A Critical History\", autora Mislava \u00a0\u017ditka i Marka Grde\u0161i\u0107a (Routledge, 2026). Na predstavljanju \u0107e govoriti Branko Milanovi\u0107 (CUNY), Milica Uvali\u0107 (EUI), Zdravko Petak (FPZG) te autori.\u00a0 Predstavljanje \u0107e se odr\u017eati u srijedu 22. travnja u 16:00 sati na Fakultetu politi\u010dkih znanosti\u2026","rel":"","context":"U &quot;Novosti&quot;","block_context":{"text":"Novosti","link":"https:\/\/historiografija.hr\/?cat=3"},"img":{"alt_text":"","src":"https:\/\/i0.wp.com\/historiografija.hr\/wp-content\/uploads\/2026\/04\/Poziv-na-predstavljanje.png?fit=800%2C652&ssl=1&resize=350%2C200","width":350,"height":200,"srcset":"https:\/\/i0.wp.com\/historiografija.hr\/wp-content\/uploads\/2026\/04\/Poziv-na-predstavljanje.png?fit=800%2C652&ssl=1&resize=350%2C200 1x, https:\/\/i0.wp.com\/historiografija.hr\/wp-content\/uploads\/2026\/04\/Poziv-na-predstavljanje.png?fit=800%2C652&ssl=1&resize=525%2C300 1.5x, https:\/\/i0.wp.com\/historiografija.hr\/wp-content\/uploads\/2026\/04\/Poziv-na-predstavljanje.png?fit=800%2C652&ssl=1&resize=700%2C400 2x"},"classes":[]}],"_links":{"self":[{"href":"https:\/\/historiografija.hr\/index.php?rest_route=\/wp\/v2\/posts\/12468","targetHints":{"allow":["GET"]}}],"collection":[{"href":"https:\/\/historiografija.hr\/index.php?rest_route=\/wp\/v2\/posts"}],"about":[{"href":"https:\/\/historiografija.hr\/index.php?rest_route=\/wp\/v2\/types\/post"}],"author":[{"embeddable":true,"href":"https:\/\/historiografija.hr\/index.php?rest_route=\/wp\/v2\/users\/2"}],"replies":[{"embeddable":true,"href":"https:\/\/historiografija.hr\/index.php?rest_route=%2Fwp%2Fv2%2Fcomments&post=12468"}],"version-history":[{"count":1,"href":"https:\/\/historiografija.hr\/index.php?rest_route=\/wp\/v2\/posts\/12468\/revisions"}],"predecessor-version":[{"id":12470,"href":"https:\/\/historiografija.hr\/index.php?rest_route=\/wp\/v2\/posts\/12468\/revisions\/12470"}],"wp:featuredmedia":[{"embeddable":true,"href":"https:\/\/historiografija.hr\/index.php?rest_route=\/wp\/v2\/media\/12469"}],"wp:attachment":[{"href":"https:\/\/historiografija.hr\/index.php?rest_route=%2Fwp%2Fv2%2Fmedia&parent=12468"}],"wp:term":[{"taxonomy":"category","embeddable":true,"href":"https:\/\/historiografija.hr\/index.php?rest_route=%2Fwp%2Fv2%2Fcategories&post=12468"},{"taxonomy":"post_tag","embeddable":true,"href":"https:\/\/historiografija.hr\/index.php?rest_route=%2Fwp%2Fv2%2Ftags&post=12468"}],"curies":[{"name":"wp","href":"https:\/\/api.w.org\/{rel}","templated":true}]}}