{"id":12446,"date":"2018-11-24T13:22:00","date_gmt":"2018-11-24T13:22:00","guid":{"rendered":"http:\/\/historiografija.hr\/?p=12446"},"modified":"2018-11-24T13:22:00","modified_gmt":"2018-11-24T13:22:00","slug":"sest-lica-trazi-mladog-autora","status":"publish","type":"post","link":"https:\/\/historiografija.hr\/?p=12446","title":{"rendered":"\u0160est lica tra\u017ei (mladog) autora!"},"content":{"rendered":"<p>Ako imate dojam da su prijenos znanja i vje\u0161tina s dru\u0161tveno-humanisti\u010dkih studija u praksu kao Jeti \u2013 rado ih se spominje, ali ih nitko nije vidio \u2013 bacite pogled na ovaj oglas i mo\u017eda ga ugledate! Platforma za razvoj turizma kulture i do\u017eivljaja, &#8220;Culsperience: Croatia to know&#8221;, otvara poziv za autorsku suradnju na izradi popularno-znanstvene studije &#8220;Gladijadori: Povijest svakodnevnog \u017eivota u Hrvatskoj&#8221;. Poziv je namijenjen svim spisateljski navudrenim, a neafirmiranim diplomantima, apsolventima i studentima zavr\u0161nih godina gore navedenih usmjerenja, s naglaskom na studijima povijesti, knji\u017eevnosti, jezi\u010dnih grupa, etnologije i sl. (ukratko, HC humanistike).<\/p>\n<p>&nbsp;<\/p>\n<p>Procedura prijave je sljede\u0107a:<\/p>\n<p>&nbsp;<\/p>\n<ol>\n<li>Informirajte se o projektu na Culsperience\u200b FB [mo\u017ee\u0161 hyperlink staviti: <a href=\"https:\/\/www.facebook.com\/Culsperience\">https:\/\/www.facebook.com\/Culsperience<\/a> ] i IG profile [hyperlink: <a href=\"https:\/\/www.instagram.com\/culsperience\/\">https:\/\/www.instagram.com\/culsperience\/<\/a>], odnosno na recider.com\/culsperience\/<\/li>\n<\/ol>\n<p>&nbsp;<\/p>\n<ol start=\"2\">\n<li>Ako vas zaintrigira, nabacite lajk, share i\/ili follow<\/li>\n<\/ol>\n<p>&nbsp;<\/p>\n<ol start=\"3\">\n<li>Provjerite osobnu. Ako imate manje od 28 godina, najkasnije do 02. 12. 2018. na culsperience@recider.com po\u0161aljite nam kratko motivacijsko pismo, CV te dva znanstveno-stru\u010dna ili literarna prozna teksta (mo\u017ee i po jedno od obojega; tekstovi ne moraju biti prethodno objavljivani)<\/li>\n<\/ol>\n<p>&nbsp;<\/p>\n<ol start=\"4\">\n<li>Pri\u010dekajte 07. 12. 2018. i objavu rezultata na Culsperience FB stranici.<\/li>\n<\/ol>\n<p>&nbsp;<\/p>\n<p>Po obavljenom razgovoru, odabrani kandidat\/kinja bit \u0107e uklju\u010den\/a u na\u0161u ekipu gladijador\u00e2, kao autor\/ica jednog (pot)poglavlja knjige, u duljini 25-30 kartica teksta (kartica = 1.800 znakova). Isporuka teksta o\u010dekuje se najkasnije do 10. 02. 2019. Knjigu objavljujemo dvojezi\u010dno (hrv\/eng), u lipnju 2019. Nakon toga slijedi uklju\u010divanje u ostale faze projekta.<\/p>\n<p>&nbsp;<\/p>\n<p>Autorski honorar iznosi 3.500,00 kn neto (ne ra\u010dunaju\u0107i honorare koje o\u010dekujemo nakon \u0161to se BBC i Penguin posva\u0111aju oko otkupa prava nad na\u0161im uratkom )<\/p>\n<p>&nbsp;<\/p>\n<p>Sudjelovanjem u natje\u010daju dajete privolu da, u slu\u010daju pobjede, na Culsperience fejsu budu objavljeni Va\u0161i ime, prezime te prethodno autorizirana bio-bilje\u0161ka<\/p>\n<p>&nbsp;<\/p>\n<p>Sretno!<\/p>\n<p>&nbsp;<\/p>\n","protected":false},"excerpt":{"rendered":"","protected":false},"author":2,"featured_media":12447,"comment_status":"open","ping_status":"open","sticky":false,"template":"","format":"standard","meta":{"_acf_changed":false,"jetpack_post_was_ever_published":false,"_jetpack_newsletter_access":"","_jetpack_dont_email_post_to_subs":false,"_jetpack_newsletter_tier_id":0,"_jetpack_memberships_contains_paywalled_content":false,"_jetpack_memberships_contains_paid_content":false,"footnotes":"","jetpack_publicize_message":"","jetpack_publicize_feature_enabled":true,"jetpack_social_post_already_shared":true,"jetpack_social_options":{"image_generator_settings":{"template":"highway","default_image_id":0,"font":"","enabled":false},"version":2}},"categories":[3],"tags":[],"class_list":["post-12446","post","type-post","status-publish","format-standard","has-post-thumbnail","hentry","category-novosti"],"acf":{"facebook_opis":""},"jetpack_publicize_connections":[],"jetpack_featured_media_url":"https:\/\/i0.wp.com\/historiografija.hr\/wp-content\/uploads\/2018\/11\/cover-crveni-01-01.jpg?fit=3042%2C1382&ssl=1","jetpack_sharing_enabled":true,"jetpack-related-posts":[{"id":52768,"url":"https:\/\/historiografija.hr\/?p=52768","url_meta":{"origin":12446,"position":0},"title":"Poziv za prijavu na me\u0111unarodni ljetni kamp za mlade \u201cYouth in Cold-War Europe\u201d","author":"Filip \u0160imunjak","date":"30. travnja 2026.","format":false,"excerpt":"Otvoren je poziv za prijavu na me\u0111unarodni ljetni kamp \"Youth in Cold-War Europe\", koji se odr\u017eava od 28.08. do 06.09. 2026. godine u Weimaru (Njema\u010dka). Kamp se odr\u017eava u organizaciji Europskog centra za obrazovanje mladih (EJBW) iz Weimara i njegovih me\u0111unarodnih partnera, te uz financijsku podr\u0161ku Europske unije i Savezne\u2026","rel":"","context":"U &quot;Novosti&quot;","block_context":{"text":"Novosti","link":"https:\/\/historiografija.hr\/?cat=3"},"img":{"alt_text":"","src":"https:\/\/i0.wp.com\/historiografija.hr\/wp-content\/uploads\/2026\/04\/LJETNI-KAMP-ZA-MLADE-YOUTH-IN-COLD-WAR-EUROPE.jpg?fit=667%2C375&ssl=1&resize=350%2C200","width":350,"height":200,"srcset":"https:\/\/i0.wp.com\/historiografija.hr\/wp-content\/uploads\/2026\/04\/LJETNI-KAMP-ZA-MLADE-YOUTH-IN-COLD-WAR-EUROPE.jpg?fit=667%2C375&ssl=1&resize=350%2C200 1x, https:\/\/i0.wp.com\/historiografija.hr\/wp-content\/uploads\/2026\/04\/LJETNI-KAMP-ZA-MLADE-YOUTH-IN-COLD-WAR-EUROPE.jpg?fit=667%2C375&ssl=1&resize=525%2C300 1.5x"},"classes":[]},{"id":52148,"url":"https:\/\/historiografija.hr\/?p=52148","url_meta":{"origin":12446,"position":1},"title":"Poziv za prijavu na me\u0111unarodnu znanstvenu konferenciju \u201eGranice (ne)slobode: Zadarski krug 1966. Intelektualna opozicija u totalitarnom dru\u0161tvu\u201c","author":"Branimir Jankovi\u0107","date":"27. o\u017eujka 2026.","format":false,"excerpt":"\u00a0\u00a0\u00a0\u00a0 Povodom \u0161ezdesete obljetnice poku\u0161aja osnivanja \u010dasopisa Slobodan glas u Zadru 1966. godine, pozivamo vas na znanstvenu konferenciju posve\u0107enu istra\u017eivanju disidentstva, intelektualne opozicije i granica divergentnog mi\u0161ljenja nasuprot slu\u017ebenoj ideologiji u komunisti\u010dkoj Jugoslaviji. Ideja konferencije je analizirati konkretan fenomen zadarskog slu\u010daja razloge i okolnosti njegove pojave, ali uz otvaranje komparativnih\u2026","rel":"","context":"U &quot;Novosti&quot;","block_context":{"text":"Novosti","link":"https:\/\/historiografija.hr\/?cat=3"},"img":{"alt_text":"","src":"https:\/\/i0.wp.com\/historiografija.hr\/wp-content\/uploads\/2026\/03\/Poziv-konferencija-Zadar.jpg?fit=1200%2C509&ssl=1&resize=350%2C200","width":350,"height":200,"srcset":"https:\/\/i0.wp.com\/historiografija.hr\/wp-content\/uploads\/2026\/03\/Poziv-konferencija-Zadar.jpg?fit=1200%2C509&ssl=1&resize=350%2C200 1x, https:\/\/i0.wp.com\/historiografija.hr\/wp-content\/uploads\/2026\/03\/Poziv-konferencija-Zadar.jpg?fit=1200%2C509&ssl=1&resize=525%2C300 1.5x, https:\/\/i0.wp.com\/historiografija.hr\/wp-content\/uploads\/2026\/03\/Poziv-konferencija-Zadar.jpg?fit=1200%2C509&ssl=1&resize=700%2C400 2x, https:\/\/i0.wp.com\/historiografija.hr\/wp-content\/uploads\/2026\/03\/Poziv-konferencija-Zadar.jpg?fit=1200%2C509&ssl=1&resize=1050%2C600 3x"},"classes":[]},{"id":52578,"url":"https:\/\/historiografija.hr\/?p=52578","url_meta":{"origin":12446,"position":2},"title":"Poziv za sudjelovanje: XXII. Dani Julija Bene\u0161i\u0107a u Iloku","author":"Branimir Jankovi\u0107","date":"21. travnja 2026.","format":false,"excerpt":"Zavod za lingvisti\u010dka istra\u017eivanja Hrvatske akademije znanosti i umjetnosti, zajedno s Muzejom grada Iloka, organizira XXII. Dane Julija Bene\u0161i\u0107a, koji \u0107e se odr\u017eati od 28. do 30. listopada 2026. u Iloku.\u00a0Teme ovogodi\u0161njih Dana podijeljene su u dvije cjeline: Knji\u017eevno-jezikoslovni d\u00ecv\u0101n s Bene\u0161i\u0107em te Ilok i Srijem u povijesnim stalnicama i\u2026","rel":"","context":"U &quot;Novosti&quot;","block_context":{"text":"Novosti","link":"https:\/\/historiografija.hr\/?cat=3"},"img":{"alt_text":"","src":"https:\/\/i0.wp.com\/historiografija.hr\/wp-content\/uploads\/2019\/10\/HE2_Benesic.jpg?fit=413%2C591&ssl=1&resize=350%2C200","width":350,"height":200},"classes":[]},{"id":52631,"url":"https:\/\/historiografija.hr\/?p=52631","url_meta":{"origin":12446,"position":3},"title":"Predavanje Ivana Tepe\u0161a: Djelovanje hrvatske politi\u010dke emigracije","author":"Branimir Jankovi\u0107","date":"23. travnja 2026.","format":false,"excerpt":"Odjel za me\u0111unarodnu suradnju i iseljeni\u0161tvo Matice hrvatske Predavanje Ivana Tepe\u0161a: Djelovanje hrvatske politi\u010dke emigracije Utorak, 28. travnja 2026. u 18:00 sati, Dvorana Ljudevita Jonkea (Mala dvorana MH), Strossmayerov trg 4, Zagreb dr. sc. Ivan Tepe\u0161, Institut za istra\u017eivanje migracija Hrvatska politi\u010dka emigracija obilje\u017eila je polustoljetnu hrvatsku povijest u drugoj\u2026","rel":"","context":"U &quot;Novosti&quot;","block_context":{"text":"Novosti","link":"https:\/\/historiografija.hr\/?cat=3"},"img":{"alt_text":"","src":"","width":0,"height":0},"classes":[]},{"id":52633,"url":"https:\/\/historiografija.hr\/?p=52633","url_meta":{"origin":12446,"position":4},"title":"POVIJEST TRE\u0160NJEVA\u010cKE GLAZBE: prikupljanje virtualnog fundusa Muzeja susjedstva Tre\u0161njevka","author":"Branimir Jankovi\u0107","date":"23. travnja 2026.","format":false,"excerpt":"utorak 28. 4. 2026. 14 - 18 h Nova BAZA, Nova cesta 66, Zagreb Prvi su dani ljeta 1957. godine. Bo\u017eica Kalafati\u0107 poha\u0111a drugi razred Osnovne \u0161kole Bratstvo i jedinstvo, danas kralja Tomislava, a ide i na muzi\u010dke satove u Mo\u0161\u0107eni\u010dkoj ulici. Na fotografiji s harmonikom u rukama stoji u\u2026","rel":"","context":"U &quot;Novosti&quot;","block_context":{"text":"Novosti","link":"https:\/\/historiografija.hr\/?cat=3"},"img":{"alt_text":"","src":"https:\/\/i0.wp.com\/historiografija.hr\/wp-content\/uploads\/2026\/04\/MST_prikupljanje.jpg?fit=380%2C475&ssl=1&resize=350%2C200","width":350,"height":200},"classes":[]},{"id":52528,"url":"https:\/\/historiografija.hr\/?p=52528","url_meta":{"origin":12446,"position":5},"title":"[Promocija knjige] Banja Luka u ratu: Etnopolitika i svakodnevica (1990\u20131995) (ActiveLab, YugoLab)","author":"Branimir Jankovi\u0107","date":"17. travnja 2026.","format":false,"excerpt":"Institut za filozofiju i dru\u0161tvenu teoriju i O\u0161tra Nula organizuju promociju knjige Banja Luka u ratu: Etnopolitika i svakodnevica (1990\u20131995) autorke Armine Galija\u0161, koja \u0107e se odr\u017eati 20. aprila 2026. u 12.00 sati u prostorijama Instituta (Kraljice Natalije 45, Beograd). Re\u010d je o prvom nau\u010dno utemeljenom i sistematskom radu koji\u2026","rel":"","context":"U &quot;Novosti&quot;","block_context":{"text":"Novosti","link":"https:\/\/historiografija.hr\/?cat=3"},"img":{"alt_text":"","src":"https:\/\/i0.wp.com\/historiografija.hr\/wp-content\/uploads\/2026\/04\/20-april-RS.jpg?fit=1200%2C675&ssl=1&resize=350%2C200","width":350,"height":200,"srcset":"https:\/\/i0.wp.com\/historiografija.hr\/wp-content\/uploads\/2026\/04\/20-april-RS.jpg?fit=1200%2C675&ssl=1&resize=350%2C200 1x, https:\/\/i0.wp.com\/historiografija.hr\/wp-content\/uploads\/2026\/04\/20-april-RS.jpg?fit=1200%2C675&ssl=1&resize=525%2C300 1.5x, https:\/\/i0.wp.com\/historiografija.hr\/wp-content\/uploads\/2026\/04\/20-april-RS.jpg?fit=1200%2C675&ssl=1&resize=700%2C400 2x, https:\/\/i0.wp.com\/historiografija.hr\/wp-content\/uploads\/2026\/04\/20-april-RS.jpg?fit=1200%2C675&ssl=1&resize=1050%2C600 3x"},"classes":[]}],"_links":{"self":[{"href":"https:\/\/historiografija.hr\/index.php?rest_route=\/wp\/v2\/posts\/12446","targetHints":{"allow":["GET"]}}],"collection":[{"href":"https:\/\/historiografija.hr\/index.php?rest_route=\/wp\/v2\/posts"}],"about":[{"href":"https:\/\/historiografija.hr\/index.php?rest_route=\/wp\/v2\/types\/post"}],"author":[{"embeddable":true,"href":"https:\/\/historiografija.hr\/index.php?rest_route=\/wp\/v2\/users\/2"}],"replies":[{"embeddable":true,"href":"https:\/\/historiografija.hr\/index.php?rest_route=%2Fwp%2Fv2%2Fcomments&post=12446"}],"version-history":[{"count":1,"href":"https:\/\/historiografija.hr\/index.php?rest_route=\/wp\/v2\/posts\/12446\/revisions"}],"predecessor-version":[{"id":12448,"href":"https:\/\/historiografija.hr\/index.php?rest_route=\/wp\/v2\/posts\/12446\/revisions\/12448"}],"wp:featuredmedia":[{"embeddable":true,"href":"https:\/\/historiografija.hr\/index.php?rest_route=\/wp\/v2\/media\/12447"}],"wp:attachment":[{"href":"https:\/\/historiografija.hr\/index.php?rest_route=%2Fwp%2Fv2%2Fmedia&parent=12446"}],"wp:term":[{"taxonomy":"category","embeddable":true,"href":"https:\/\/historiografija.hr\/index.php?rest_route=%2Fwp%2Fv2%2Fcategories&post=12446"},{"taxonomy":"post_tag","embeddable":true,"href":"https:\/\/historiografija.hr\/index.php?rest_route=%2Fwp%2Fv2%2Ftags&post=12446"}],"curies":[{"name":"wp","href":"https:\/\/api.w.org\/{rel}","templated":true}]}}