{"id":12413,"date":"2018-11-24T11:19:21","date_gmt":"2018-11-24T11:19:21","guid":{"rendered":"http:\/\/historiografija.hr\/?p=12413"},"modified":"2018-11-24T11:19:21","modified_gmt":"2018-11-24T11:19:21","slug":"izlozba-cijena-carstva-sjecanje-na-veliki-rat-1914-1918","status":"publish","type":"post","link":"https:\/\/historiografija.hr\/?p=12413","title":{"rendered":"Izlo\u017eba &#8220;Cijena carstva. Sje\u0107anje na veliki rat 1914.-1918.&#8221;"},"content":{"rendered":"<p>U Muzeju Sveti Ivan Zelina traje tijekom listopada i studenog 2018. godine izlo\u017eba &#8220;Cijena carstva \u2013 sje\u0107anje na Veliki rat 1914-1918&#8221;, autora Igora Zrinskog.<\/p>\n<p>&nbsp;<\/p>\n<p>&#8212;<\/p>\n<p>&nbsp;<\/p>\n<p>Ove 2018. godine sje\u0107amo se stogodi\u0161njice zavr\u0161etka Velikog rata ili kako se \u010desto u historiografiji zove 1. Svjetskog rata. Prije sto godina na prostorima Europe dogodile su se najve\u0107e promjene, lomovi i preslagivanja na politi\u010dkoj karti starog kontinenta. Nestaju tisu\u0107godi\u0161nja carstva \u2013 rusko, austro-ugarsko, njema\u010dko i osmansko. Zbrajaju se vrtoglave brojke \u010detverogodi\u0161njeg ludila: 20 miliona ljudi je ubijeno ili je umrlo od ranjavanja, bolesti ili gladi. Jo\u0161 20 miliona ljudi je ranjeno tokom ratnih godina. Na prostoru dana\u0161nje Hrvatske ukupno je bilo mobilizirano oko 640.000 \u2013 700.000 vojnika. Ukupan broj mrtvih nikad nije to\u010dno utvr\u0111en. Po nekim procjenama on bi mogao dosegnuti i gotovo 200.000 mrtvih, \u0161to je strahovit gubitak i \u010dini gotovo 10 posto tada\u0161njeg stanovni\u0161tva Hrvatske.<\/p>\n<p>&nbsp;<\/p>\n<p>Hrvatsku je nakon 1918. godine, osim strahovito velikog broja poginulih, \u010dekala jo\u0161 jedna kazna. Pe\u010dat gubitnika. Hrvati su bili dio gubitni\u010dke, pora\u017eene vojske, iako u ratu bitke nisu gubili. Kaznu za gubitnike Hrvatska je odra\u0111ivala od 1919. pa do 1990. godine. Kazna je podrazumijevala brisanje svijesti i sje\u0107anja na 1. Svjetski rat i njegove \u017ertve. Generacije mladih nakon 1919. godine nikada nisu u\u010dile u \u0161kolama o hrvatskim postrojbama u tom ratu i njihovom ratnom putu. Sve je to moralo biti zaboravljeno, kao i na\u0161i djedovi i pradjedovi koji su se \u010dasno borili za domovinu. Zato to danas, sto godina kasnije moramo promijeniti i boriti se da nikada \u017ertve hrvatskog naroda u tom stra\u0161nom ratu ne budu zaboravljene.<\/p>\n<p>&nbsp;<\/p>\n<p>Izlo\u017eba koju je pripremio na\u0161 Muzej neka bude mali doprinos nastojanju da se Veliki rat i njegove \u017ertve nikada ne zaborave. Na izlo\u017ei je Muzej radio gotovo godinu dana, a posebne. Ovim putem naro\u010dito zahvaljujemo marljivim sabira\u010dima koji su nam za potrebe izlo\u017ebe ustupili stotine predmeta iz svojih zbirki ili obiteljske ostav\u0161tine \u2013 gospodi Ivanu Pavi\u010di\u0107u, Vjekoslavu Krambergeru i Vidislavu Ki\u0161u \u2013 \u0160aulove\u010dkom. Tako\u0111er velika zahvala i Dru\u017ebi Bra\u0107e Hrvatskog Zmaja \u2013 Zmajski stol Krapina na potpori ovoj izlo\u017ebi.<\/p>\n<p>&nbsp;<\/p>\n<p>Prvi svjetski rat, Veliki rat, Globalni rat, Rat naroda ili Rat za civilizaciju, bez obzira kako ga nazivali, stradanje na globalnoj razini po\u010detkom 20. stolje\u0107a, to\u010dnije izme\u0111u 1914.-1918. godine, bilo je uistinu zastra\u0161uju\u0107e, a njegove posljedice osje\u0107ale su se desetlje\u0107ima kasnije. Dugo Europa nije imala sukobe me\u0111unarodnih razmjera. Gotovo stotinjak godina kontinuiranog mira do 1914. fenomen je ne\u010duven u analima europske povijesti. Izuzmemo li krimski rat i francusko-pruski rat, Europa je tijekom ovih stotinu godina ratovala svega 18 mjeseci. Usporedbe radi, prethodna dva stolje\u0107a u prosjeku su imala 60-70 godina rata u svakom od njih. Pridodamo li ovom \u010dimbeniku i izuzetan industrijski i znanstveni rast, mogli bi zaklju\u010diti da je Europa \u017eivjela u skladu i suglasnosti.<\/p>\n<p>&nbsp;<\/p>\n<p>Ubrzo su prividan sklad i suglasnost zamijenili dubinski i nerazrije\u0161eni problemi, ne samo izme\u0111u europskih carstava i dr\u017eava ve\u0107 i unutar njih, kada je kobni hitac ispaljen od strane Gavrila Principa usmrtio Austro-ugarskog prestolonasljednika i monarha Franju Ferdinanda i njegovu suprugu 28. lipnja 1914. godine tijekom boravka u Sarajevu. Preko no\u0107i akumulirano nezadovoljstvo europskih nacija buknulo je u dotada ponajve\u0107i i sveobuhvatni Prvi svjetski rat.<\/p>\n<p>&nbsp;<\/p>\n<p>Veliki rat zahvatio je i Hrvatsku. U to vrijeme ona se nalazila u sastavu Austro-ugarske monarhije, pod apsolutnom vla\u0161\u0107u Franje Josipa I., ali i rastrganu izme\u0111u austrijskog i ugarskog dijela monarhije. Hrvati su u Monarhiji \u010dinili oko 10% stanovni\u0161tva, ali su tijekom Velikog rata u cjelokupnoj vojsci \u010dinili 13-14% vojnika. Iako je rat zaobi\u0161ao hrvatski teritorij, hrvatski su vojnici sudjelovali na svim va\u017enijim boji\u0161tima u sklopu Austro-ugarske vojske te su zbog te \u010dinjenice platili visoku cijenu u ljudstvu, ali i u drugim dru\u0161tvenim podru\u010djima kao \u0161to je gospodarstvo, ekonomija, demografija, politika, itd. Nemali broj sudionika Velikog rata do\u0161ao je upravo i sa podru\u010dja Svetog Ivana Zeline i Zelinskog prigorja. Ukratko, budu\u0107nost nacionalnih interesa i zbivanja na podru\u010dju Hrvatske, kako na nacionalnoj, tako i na lokalnim razinama, usko je povezana s ishodom Prvog svjetskog rata.<\/p>\n<p>&nbsp;<\/p>\n<p>Ve\u0107 je prve godine rata sveop\u0107i elan i borbenost dolaskom prvih ranjenika sa fronta zamijenjena o\u010dajem, sveop\u0107im strahom i nevjericom. \u017divopisne i bajkovite uniforme Austro-ugarske vojske ubrzo su se suo\u010dile sa surovom stvarno\u0161\u0107u rovovskog ratovanja, primjenama novih oru\u017eja, novih na\u010dina stradanja i situacija koje su im do tada bile nepoznate. Juna\u0161tvo i heroizam, toliko slavljeno u redovima monarhije nije pretjerano pomoglo kada se na\u0161lo o\u010di u o\u010di sa strojnicama, artiljerijom, otrovnim plinovima, avijacijom, podmornicama\u2026.<\/p>\n<p>&nbsp;<\/p>\n<p>Cijena carstva kako Austro-ugarskog, tako i drugih europskih carstava bila je uistinu previsoka za njihovo stanovni\u0161tvo. Prvi svjetski rat zapo\u010deo je sa dva sudbonosna pucnja, ali je zavr\u0161io sa milijunima nevinih \u017ertava.<\/p>\n<p>&nbsp;<\/p>\n<p>U prilogu mo\u017eete preuzeti popis gubitaka Austro-ugarske vojske od 1914. do 1918. godine, koji se odnosi na sudionike Velikog rata iz kotara Sveti Ivan Zelina. Popis je razvrstan u tri kategorije &#8220;umrli, ranjeni i zarobljeni&#8221;.<\/p>\n<p>&nbsp;<\/p>\n<p>&nbsp;<\/p>\n<p>Izvor: <a href=\"https:\/\/www.muzej-zelina.hr\/hr\/izlozbe\/sjecanje-na-veliki-rat-1914-1918-1\/\">https:\/\/www.muzej-zelina.hr\/hr\/izlozbe\/sjecanje-na-veliki-rat-1914-1918-1\/<\/a><\/p>\n<p>&nbsp;<\/p>\n","protected":false},"excerpt":{"rendered":"","protected":false},"author":2,"featured_media":12414,"comment_status":"open","ping_status":"open","sticky":false,"template":"","format":"standard","meta":{"_acf_changed":false,"jetpack_post_was_ever_published":false,"_jetpack_newsletter_access":"","_jetpack_dont_email_post_to_subs":false,"_jetpack_newsletter_tier_id":0,"_jetpack_memberships_contains_paywalled_content":false,"_jetpack_memberships_contains_paid_content":false,"footnotes":"","jetpack_publicize_message":"","jetpack_publicize_feature_enabled":true,"jetpack_social_post_already_shared":true,"jetpack_social_options":{"image_generator_settings":{"template":"highway","default_image_id":0,"font":"","enabled":false},"version":2}},"categories":[10,3],"tags":[],"class_list":["post-12413","post","type-post","status-publish","format-standard","has-post-thumbnail","hentry","category-izlozbe","category-novosti"],"acf":{"facebook_opis":""},"jetpack_publicize_connections":[],"jetpack_featured_media_url":"https:\/\/i0.wp.com\/historiografija.hr\/wp-content\/uploads\/2018\/11\/cijena.jpg?fit=1654%2C1172&ssl=1","jetpack_sharing_enabled":true,"jetpack-related-posts":[{"id":52760,"url":"https:\/\/historiografija.hr\/?p=52760","url_meta":{"origin":12413,"position":0},"title":"Izlo\u017eba \u201cLo\u0161injski brodovi, njihove zastave i ljudi\u201d, 4. svibnja u 19h","author":"Filip \u0160imunjak","date":"30. travnja 2026.","format":false,"excerpt":"Hrvatski pomorski muzej Split, Glagolja\u0161a 18 (Tvr\u0111ava Gripe) Nakon \u0161to je u rujnu 2025. godine na otoku Lo\u0161inju, u suradnji Lo\u0161injskog muzeja i Hrvatskog pomorskog muzeja Split, predstavljena izlo\u017eba posve\u0107ena bogatoj pomorskoj ba\u0161tini otoka, njezino pro\u0161ireno izdanje postavlja se u Splitu. Uo\u010di blagdana svetog Dujma splitskoj \u0107e se publici predstaviti\u2026","rel":"","context":"U &quot;Izlo\u017ebe&quot;","block_context":{"text":"Izlo\u017ebe","link":"https:\/\/historiografija.hr\/?cat=10"},"img":{"alt_text":"","src":"https:\/\/i0.wp.com\/historiografija.hr\/wp-content\/uploads\/2026\/04\/Losinjski-brodovi-Izlozba-1-scaled.webp?fit=840%2C1200&ssl=1&resize=350%2C200","width":350,"height":200,"srcset":"https:\/\/i0.wp.com\/historiografija.hr\/wp-content\/uploads\/2026\/04\/Losinjski-brodovi-Izlozba-1-scaled.webp?fit=840%2C1200&ssl=1&resize=350%2C200 1x, https:\/\/i0.wp.com\/historiografija.hr\/wp-content\/uploads\/2026\/04\/Losinjski-brodovi-Izlozba-1-scaled.webp?fit=840%2C1200&ssl=1&resize=525%2C300 1.5x, https:\/\/i0.wp.com\/historiografija.hr\/wp-content\/uploads\/2026\/04\/Losinjski-brodovi-Izlozba-1-scaled.webp?fit=840%2C1200&ssl=1&resize=700%2C400 2x"},"classes":[]},{"id":52575,"url":"https:\/\/historiografija.hr\/?p=52575","url_meta":{"origin":12413,"position":1},"title":"Izlo\u017eba dje\u010djih radova \u201cU po\u010detku bija\u0161e crte\u017e\u2026\u201d","author":"Branimir Jankovi\u0107","date":"21. travnja 2026.","format":false,"excerpt":"U subotu, 25. travnja 2026. u 11 sati u Galeriji Klovi\u0107evi dvori sve\u010dano otvaramo izlo\u017ebu dje\u010djih radova pod nazivom U po\u010detku bija\u0161e crte\u017e\u2026 Radovi su nastali u sklopu likovnih radionica uz izlo\u017ebu U po\u010detku bija\u0161e kraljevstvo \u2013 izlo\u017eba povodom 1100 godina Hrvatskoga Kraljevstva. Na brojnim likovnim radionicama, uz \u0161kolsku djecu,\u2026","rel":"","context":"U &quot;Izlo\u017ebe&quot;","block_context":{"text":"Izlo\u017ebe","link":"https:\/\/historiografija.hr\/?cat=10"},"img":{"alt_text":"","src":"https:\/\/i0.wp.com\/historiografija.hr\/wp-content\/uploads\/2025\/10\/Klovicevi_sluzbeni-plakat.png?fit=840%2C1200&ssl=1&resize=350%2C200","width":350,"height":200,"srcset":"https:\/\/i0.wp.com\/historiografija.hr\/wp-content\/uploads\/2025\/10\/Klovicevi_sluzbeni-plakat.png?fit=840%2C1200&ssl=1&resize=350%2C200 1x, https:\/\/i0.wp.com\/historiografija.hr\/wp-content\/uploads\/2025\/10\/Klovicevi_sluzbeni-plakat.png?fit=840%2C1200&ssl=1&resize=525%2C300 1.5x, https:\/\/i0.wp.com\/historiografija.hr\/wp-content\/uploads\/2025\/10\/Klovicevi_sluzbeni-plakat.png?fit=840%2C1200&ssl=1&resize=700%2C400 2x"},"classes":[]},{"id":52631,"url":"https:\/\/historiografija.hr\/?p=52631","url_meta":{"origin":12413,"position":2},"title":"Predavanje Ivana Tepe\u0161a: Djelovanje hrvatske politi\u010dke emigracije","author":"Branimir Jankovi\u0107","date":"23. travnja 2026.","format":false,"excerpt":"Odjel za me\u0111unarodnu suradnju i iseljeni\u0161tvo Matice hrvatske Predavanje Ivana Tepe\u0161a: Djelovanje hrvatske politi\u010dke emigracije Utorak, 28. travnja 2026. u 18:00 sati, Dvorana Ljudevita Jonkea (Mala dvorana MH), Strossmayerov trg 4, Zagreb dr. sc. Ivan Tepe\u0161, Institut za istra\u017eivanje migracija Hrvatska politi\u010dka emigracija obilje\u017eila je polustoljetnu hrvatsku povijest u drugoj\u2026","rel":"","context":"U &quot;Novosti&quot;","block_context":{"text":"Novosti","link":"https:\/\/historiografija.hr\/?cat=3"},"img":{"alt_text":"","src":"","width":0,"height":0},"classes":[]},{"id":52704,"url":"https:\/\/historiografija.hr\/?p=52704","url_meta":{"origin":12413,"position":3},"title":"Predstavljanje knjige &#8220;Vladimir Vasiljevi\u0107: Moji do\u017eivljaji. Dnevni\u010dki zapisi iz Prvoga svjetskog rata i poratnoga vremena&#8221;","author":"Filip \u0160imunjak","date":"29. travnja 2026.","format":false,"excerpt":"Doga\u0111anja ovogodi\u0161njega Festivala povijesti Kliofest zapo\u010dinjemo ve\u0107 i prije samoga slu\u017ebenog otvaranja, predstavljanjem knjige \u201eMoji do\u017eivljaji. Dnevni\u010dki zapisi iz Prvoga svjetskog rata i poratnoga vremena\u201d Vladimira Vasiljevi\u0107a, koju su priredili Karlo Rukavina i Damir Agi\u010di\u0107. Pozivamo Vas na predstavljanje koje \u0107e se odr\u017eati u ponedjeljak 4. svibnja, s po\u010detkom u\u2026","rel":"","context":"U &quot;Knjige&quot;","block_context":{"text":"Knjige","link":"https:\/\/historiografija.hr\/?cat=8"},"img":{"alt_text":"","src":"https:\/\/i0.wp.com\/historiografija.hr\/wp-content\/uploads\/2026\/04\/Naslovna-V.-Vasiljevic.webp?fit=1200%2C600&ssl=1&resize=350%2C200","width":350,"height":200,"srcset":"https:\/\/i0.wp.com\/historiografija.hr\/wp-content\/uploads\/2026\/04\/Naslovna-V.-Vasiljevic.webp?fit=1200%2C600&ssl=1&resize=350%2C200 1x, https:\/\/i0.wp.com\/historiografija.hr\/wp-content\/uploads\/2026\/04\/Naslovna-V.-Vasiljevic.webp?fit=1200%2C600&ssl=1&resize=525%2C300 1.5x, https:\/\/i0.wp.com\/historiografija.hr\/wp-content\/uploads\/2026\/04\/Naslovna-V.-Vasiljevic.webp?fit=1200%2C600&ssl=1&resize=700%2C400 2x, https:\/\/i0.wp.com\/historiografija.hr\/wp-content\/uploads\/2026\/04\/Naslovna-V.-Vasiljevic.webp?fit=1200%2C600&ssl=1&resize=1050%2C600 3x"},"classes":[]},{"id":52666,"url":"https:\/\/historiografija.hr\/?p=52666","url_meta":{"origin":12413,"position":4},"title":"Najava programa Festivala povijesti Kliofest (5-8. V. 2026)","author":"Branimir Jankovi\u0107","date":"24. travnja 2026.","format":false,"excerpt":"Po trinaesti put odr\u017eava se Festival povijesti Kliofest! Do petka \u0107emo odr\u017eati osam okruglih stolova i dva kolokvija te niz predstavljanja knjiga i projekata razli\u010dite tematike, od antike do suvremenosti. Bit \u0107e predstavljeno i nekoliko izlo\u017ebi te odr\u017ean jedan povijesni kviz. Prikazat \u0107emo i jedan film \u2013 o generalu Boroevi\u0107u.\u2026","rel":"","context":"U &quot;Novosti&quot;","block_context":{"text":"Novosti","link":"https:\/\/historiografija.hr\/?cat=3"},"img":{"alt_text":"","src":"https:\/\/i0.wp.com\/historiografija.hr\/wp-content\/uploads\/2026\/04\/Kliofest-2026.jpg?fit=526%2C526&ssl=1&resize=350%2C200","width":350,"height":200,"srcset":"https:\/\/i0.wp.com\/historiografija.hr\/wp-content\/uploads\/2026\/04\/Kliofest-2026.jpg?fit=526%2C526&ssl=1&resize=350%2C200 1x, https:\/\/i0.wp.com\/historiografija.hr\/wp-content\/uploads\/2026\/04\/Kliofest-2026.jpg?fit=526%2C526&ssl=1&resize=525%2C300 1.5x"},"classes":[]},{"id":52733,"url":"https:\/\/historiografija.hr\/?p=52733","url_meta":{"origin":12413,"position":5},"title":"Vlado Raji\u0107 \u201eGranica na kraju stolje\u0107a\u201c","author":"Filip \u0160imunjak","date":"29. travnja 2026.","format":false,"excerpt":"U suizdanju Durieuxa i Beletre objavljena je 2025. godine knjiga Granica na kraju stolje\u0107a autora Vlade Raji\u0107a.\u00a0 O knjizi\u00a0 Romansirana biografija Vladimira Iblera mnogo je vi\u0161e od zanimljive pri\u010de o privatnom \u017eivotu i impresivnoj profesionalnoj karijeri istaknutog stru\u010dnjaka za me\u0111unarodno pravo i dugo\u00adgodi\u0161njeg profesora na zagreba\u010dkom Pravnom fakultetu, akademika, koji\u2026","rel":"","context":"U &quot;Knjige&quot;","block_context":{"text":"Knjige","link":"https:\/\/historiografija.hr\/?cat=8"},"img":{"alt_text":"","src":"https:\/\/i0.wp.com\/historiografija.hr\/wp-content\/uploads\/2026\/04\/VLADO-RAJIC-GRANICA-NA-KRAJU-STOLJECA.jpg?fit=450%2C650&ssl=1&resize=350%2C200","width":350,"height":200},"classes":[]}],"_links":{"self":[{"href":"https:\/\/historiografija.hr\/index.php?rest_route=\/wp\/v2\/posts\/12413","targetHints":{"allow":["GET"]}}],"collection":[{"href":"https:\/\/historiografija.hr\/index.php?rest_route=\/wp\/v2\/posts"}],"about":[{"href":"https:\/\/historiografija.hr\/index.php?rest_route=\/wp\/v2\/types\/post"}],"author":[{"embeddable":true,"href":"https:\/\/historiografija.hr\/index.php?rest_route=\/wp\/v2\/users\/2"}],"replies":[{"embeddable":true,"href":"https:\/\/historiografija.hr\/index.php?rest_route=%2Fwp%2Fv2%2Fcomments&post=12413"}],"version-history":[{"count":1,"href":"https:\/\/historiografija.hr\/index.php?rest_route=\/wp\/v2\/posts\/12413\/revisions"}],"predecessor-version":[{"id":12415,"href":"https:\/\/historiografija.hr\/index.php?rest_route=\/wp\/v2\/posts\/12413\/revisions\/12415"}],"wp:featuredmedia":[{"embeddable":true,"href":"https:\/\/historiografija.hr\/index.php?rest_route=\/wp\/v2\/media\/12414"}],"wp:attachment":[{"href":"https:\/\/historiografija.hr\/index.php?rest_route=%2Fwp%2Fv2%2Fmedia&parent=12413"}],"wp:term":[{"taxonomy":"category","embeddable":true,"href":"https:\/\/historiografija.hr\/index.php?rest_route=%2Fwp%2Fv2%2Fcategories&post=12413"},{"taxonomy":"post_tag","embeddable":true,"href":"https:\/\/historiografija.hr\/index.php?rest_route=%2Fwp%2Fv2%2Ftags&post=12413"}],"curies":[{"name":"wp","href":"https:\/\/api.w.org\/{rel}","templated":true}]}}