{"id":12406,"date":"2018-11-24T10:56:01","date_gmt":"2018-11-24T10:56:01","guid":{"rendered":"http:\/\/historiografija.hr\/?p=12406"},"modified":"2018-11-27T16:45:15","modified_gmt":"2018-11-27T16:45:15","slug":"tekstovi-povodom-obiljezavanja-kraja-prvog-svjetskog-rata","status":"publish","type":"post","link":"https:\/\/historiografija.hr\/?p=12406","title":{"rendered":"Tekstovi povodom obilje\u017eavanja kraja Prvog svjetskog rata"},"content":{"rendered":"<p>U nastavku donosimo poveznice na razli\u010dite tekstove objavljene u studenom 2018. godine povodom obilje\u017eavanja stogodi\u0161njice kraja Prvog svjetskog rata.<\/p>\n<p>&nbsp;<\/p>\n<p>&#8212;<\/p>\n<p>&nbsp;<\/p>\n<p>Vlada Republike Hrvatske<\/p>\n<p><a href=\"https:\/\/vlada.gov.hr\/vijesti\/obiljezavanje-100-godisnjice-zavrsetka-prvog-svjetskog-rata\/24706\">https:\/\/vlada.gov.hr\/vijesti\/obiljezavanje-100-godisnjice-zavrsetka-prvog-svjetskog-rata\/24706<\/a><\/p>\n<p>&nbsp;<\/p>\n<p>HINA<\/p>\n<p><a href=\"https:\/\/www.jutarnji.hr\/vijesti\/svijet\/kako-je-veliki-rat-oblikovao-20-stoljece-doslo-je-do-nove-podjele-europe-prvog-sustavnog-genocida-ali-i-drustvenog-napretka-i-procvata-umjetnosti\/8033522\/\">https:\/\/www.jutarnji.hr\/vijesti\/svijet\/kako-je-veliki-rat-oblikovao-20-stoljece-doslo-je-do-nove-podjele-europe-prvog-sustavnog-genocida-ali-i-drustvenog-napretka-i-procvata-umjetnosti\/8033522\/<\/a><\/p>\n<p><a href=\"https:\/\/www.jutarnji.hr\/vijesti\/svijet\/nacionalizam-je-izdaja-domoljublja-macron-zagovarao-mir-drzavnicima-okupljenim-u-parizu-na-stogodisnicu-zavrsetka-prvog-svjetskog-rata\/8045147\/\">https:\/\/www.jutarnji.hr\/vijesti\/svijet\/nacionalizam-je-izdaja-domoljublja-macron-zagovarao-mir-drzavnicima-okupljenim-u-parizu-na-stogodisnicu-zavrsetka-prvog-svjetskog-rata\/8045147\/<\/a><\/p>\n<p>&nbsp;<\/p>\n<p>DW<\/p>\n<p><a href=\"https:\/\/www.dw.com\/hr\/rat-tuga-i-gnjev-kraj-prvog-svjetskog-rata\/a-45406039\">https:\/\/www.dw.com\/hr\/rat-tuga-i-gnjev-kraj-prvog-svjetskog-rata\/a-45406039<\/a><\/p>\n<p><a href=\"https:\/\/www.dw.com\/hr\/komentar-koji-rat-koji-kraj-11-11-1918\/a-46228326\">https:\/\/www.dw.com\/hr\/komentar-koji-rat-koji-kraj-11-11-1918\/a-46228326<\/a><\/p>\n<p><a href=\"https:\/\/www.dw.com\/hr\/kraj-prvog-svjetskog-rata-hrvati-nisu-ba%C5%A1-za-slavlje\/a-46045240\">https:\/\/www.dw.com\/hr\/kraj-prvog-svjetskog-rata-hrvati-nisu-ba%C5%A1-za-slavlje\/a-46045240<\/a><\/p>\n<p>&nbsp;<\/p>\n<p>Jurica Pavi\u010di\u0107<\/p>\n<p><a href=\"https:\/\/www.jutarnji.hr\/komentari\/veliki-rat-i-tri-hrvatska-sjecanja-dalmatinci-su-masovno-ginuli-sjevernjaci-su-bili-zrtvovano-topovsko-meso-svi-ostali-o-njima-se-danas-ne-prica\/8067614\/\">https:\/\/www.jutarnji.hr\/komentari\/veliki-rat-i-tri-hrvatska-sjecanja-dalmatinci-su-masovno-ginuli-sjevernjaci-su-bili-zrtvovano-topovsko-meso-svi-ostali-o-njima-se-danas-ne-prica\/8067614\/<\/a><\/p>\n<p>&nbsp;<\/p>\n<p>Branimir Pofuk<\/p>\n<p><a href=\"https:\/\/m.vecernji.hr\/premium\/pouka-spomenika-koji-je-od-hrvatskog-kamena-podignut-kana-anima-u-francuskoj-1281945\">https:\/\/m.vecernji.hr\/premium\/pouka-spomenika-koji-je-od-hrvatskog-kamena-podignut-kana-anima-u-francuskoj-1281945<\/a><\/p>\n<p>&nbsp;<\/p>\n<p>Vlaho Bogi\u0161i\u0107<\/p>\n<p><a href=\"https:\/\/www.jutarnji.hr\/kultura\/knjizevnost\/veliki-pisci-i-kraj-velikog-rata-ivo-andric-nezvani-neka-sute-krleza-dolje-s-nedostojnim\/8067788\/\">https:\/\/www.jutarnji.hr\/kultura\/knjizevnost\/veliki-pisci-i-kraj-velikog-rata-ivo-andric-nezvani-neka-sute-krleza-dolje-s-nedostojnim\/8067788\/<\/a><\/p>\n<p>&nbsp;<\/p>\n<p>Husnija Kamberovi\u0107<\/p>\n<p><a href=\"https:\/\/interview.ba\/vijesti\/item\/12229-kamberovic-bih-ne-obiljezava-niti-druge-vazne-datume-pa-ni-kraj-prvog-svjetskog-rata-i-uspostavu-mira\">https:\/\/interview.ba\/vijesti\/item\/12229-kamberovic-bih-ne-obiljezava-niti-druge-vazne-datume-pa-ni-kraj-prvog-svjetskog-rata-i-uspostavu-mira<\/a><\/p>\n<p><a href=\"https:\/\/www.oslobodjenje.ba\/vijesti\/bih\/husnija-kamberovic-zasto-bih-nije-obiljezila-100-godisnjicu-od-kraja-prvog-svjetskog-rata-408583\">https:\/\/www.oslobodjenje.ba\/vijesti\/bih\/husnija-kamberovic-zasto-bih-nije-obiljezila-100-godisnjicu-od-kraja-prvog-svjetskog-rata-408583<\/a><\/p>\n<p><a href=\"http:\/\/nap.ba\/new\/vijest.php?id=49936\">http:\/\/nap.ba\/new\/vijest.php?id=49936<\/a><\/p>\n<p>&nbsp;<\/p>\n<p>HKD Napredak<\/p>\n<p><a href=\"http:\/\/hkdnapredak.com\/napredak\/2018\/11\/14\/izdanjem-knjige-juznoslavensko-pitanje-i-svjetski-rat-u-hrvatskom-drzavnom-arhivu-obiljezena-stota-godisnjica-od-kraja-prvog-svjetskog-rata\/\">http:\/\/hkdnapredak.com\/napredak\/2018\/11\/14\/izdanjem-knjige-juznoslavensko-pitanje-i-svjetski-rat-u-hrvatskom-drzavnom-arhivu-obiljezena-stota-godisnjica-od-kraja-prvog-svjetskog-rata\/<\/a><\/p>\n<p>&nbsp;<\/p>\n<p>Robert Bur\u0161i\u0107<\/p>\n<p><a href=\"https:\/\/www.glasistre.hr\/pula\/-austrougarska-prije-stotinu-godina-3-studenog-1918-godine-potpisala-primirje-i-kapitulaciju-plin-glad-smrt-i-rovovi-veliki-uzas-velikog-rata-573627\">https:\/\/www.glasistre.hr\/pula\/-austrougarska-prije-stotinu-godina-3-studenog-1918-godine-potpisala-primirje-i-kapitulaciju-plin-glad-smrt-i-rovovi-veliki-uzas-velikog-rata-573627<\/a><\/p>\n<p>&nbsp;<\/p>\n<p>Mislav Miholek<\/p>\n<p><a href=\"https:\/\/blog.vecernji.hr\/mislav-miholek\/prvi-svjetski-rat-bolna-je-rana-krscanske-europe-a-njegova-sjena-jos-lebdi-nad-nama-10554\">https:\/\/blog.vecernji.hr\/mislav-miholek\/prvi-svjetski-rat-bolna-je-rana-krscanske-europe-a-njegova-sjena-jos-lebdi-nad-nama-10554<\/a><\/p>\n<p>&nbsp;<\/p>\n<p><span style=\"color: #000000; font-family: Calibri; font-size: medium;\">U Zagrebu obilje\u017eena stogodi\u0161njica trijalisti\u010dkog proglasa bl. hrv. kralja Karla IV., preustroja K.u.K. monarhije i pravnog sjedinjenja hrvatskih zemalja (1918.-2018.)<\/span><\/p>\n<p><a href=\"https:\/\/hkrv-vodstvo.wixsite.com\/hkrv\/single-post\/2018\/10\/21\/U-Zagrebu-obilje%C5%BEena-stogodi%C5%A1njica-trijalisti%C4%8Dkog-proglasa-bl-hrv-kralja-Karla-IV-preustroja-KuK-monarhije-i-pravnog-sjedinjenja-hrvatskih-zemalja-1918-2018\">https:\/\/hkrv-vodstvo.wixsite.com\/hkrv\/single-post\/2018\/10\/21\/U-Zagrebu-obilje%C5%BEena-stogodi%C5%A1njica-trijalisti%C4%8Dkog-proglasa-bl-hrv-kralja-Karla-IV-preustroja-KuK-monarhije-i-pravnog-sjedinjenja-hrvatskih-zemalja-1918-2018<\/a><\/p>\n<p>&nbsp;<\/p>\n<p>Tematski prilozi o Prvom svjetskom ratu (&#8220;24 sata&#8221;)<\/p>\n<p><a href=\"https:\/\/www.24sata.hr\/tagovi\/prvi-svjetski-rat-14201\">https:\/\/www.24sata.hr\/tagovi\/prvi-svjetski-rat-14201<\/a><\/p>\n<p>&nbsp;<\/p>\n<p>&nbsp;<\/p>\n<p>&nbsp;<\/p>\n","protected":false},"excerpt":{"rendered":"","protected":false},"author":2,"featured_media":12407,"comment_status":"open","ping_status":"open","sticky":false,"template":"","format":"standard","meta":{"_acf_changed":false,"jetpack_post_was_ever_published":false,"_jetpack_newsletter_access":"","_jetpack_dont_email_post_to_subs":false,"_jetpack_newsletter_tier_id":0,"_jetpack_memberships_contains_paywalled_content":false,"_jetpack_memberships_contains_paid_content":false,"footnotes":"","jetpack_publicize_message":"","jetpack_publicize_feature_enabled":true,"jetpack_social_post_already_shared":true,"jetpack_social_options":{"image_generator_settings":{"template":"highway","default_image_id":0,"font":"","enabled":false},"version":2}},"categories":[3],"tags":[],"class_list":["post-12406","post","type-post","status-publish","format-standard","has-post-thumbnail","hentry","category-novosti"],"acf":{"facebook_opis":""},"jetpack_publicize_connections":[],"jetpack_featured_media_url":"https:\/\/i0.wp.com\/historiografija.hr\/wp-content\/uploads\/2018\/11\/hrvatski-vojnici.jpg?fit=750%2C557&ssl=1","jetpack_sharing_enabled":true,"jetpack-related-posts":[{"id":52752,"url":"https:\/\/historiografija.hr\/?p=52752","url_meta":{"origin":12406,"position":0},"title":"Otvaranje izlo\u017ebe &#8220;Hrvati na So\u010danskom frontu&#8221; i predavanje &#8220;So\u010danska fronta u Prvome svjetskom ratu&#8221;","author":"Filip \u0160imunjak","date":"30. travnja 2026.","format":false,"excerpt":"Otvaranje izlo\u017ebe \u201eHrvati na So\u010danskom frontu\u201c, Kobari\u0161ki muzej Prvog svjetskog rata, Kobarid, odr\u017eat \u0107e se u sklopu ovogodi\u0161njega Festivala povijesti Kliofest u Nacionalnoj i sveu\u010dili\u0161noj knji\u017enici u Zagrebu, u utorak 5. svibnja, s po\u010detkom u 10 sati, uz sudjelovanje: Ga\u0161pera Dov\u017eana, veleposlanika Republike Slovenije u RH, te Martina \u0160olara, direktora\u2026","rel":"","context":"U &quot;Izlo\u017ebe&quot;","block_context":{"text":"Izlo\u017ebe","link":"https:\/\/historiografija.hr\/?cat=10"},"img":{"alt_text":"","src":"https:\/\/i0.wp.com\/historiografija.hr\/wp-content\/uploads\/2026\/04\/Kliofest-01-utorak-II-08-P-Socanska-fronta.jpg?fit=1200%2C566&ssl=1&resize=350%2C200","width":350,"height":200,"srcset":"https:\/\/i0.wp.com\/historiografija.hr\/wp-content\/uploads\/2026\/04\/Kliofest-01-utorak-II-08-P-Socanska-fronta.jpg?fit=1200%2C566&ssl=1&resize=350%2C200 1x, https:\/\/i0.wp.com\/historiografija.hr\/wp-content\/uploads\/2026\/04\/Kliofest-01-utorak-II-08-P-Socanska-fronta.jpg?fit=1200%2C566&ssl=1&resize=525%2C300 1.5x, https:\/\/i0.wp.com\/historiografija.hr\/wp-content\/uploads\/2026\/04\/Kliofest-01-utorak-II-08-P-Socanska-fronta.jpg?fit=1200%2C566&ssl=1&resize=700%2C400 2x, https:\/\/i0.wp.com\/historiografija.hr\/wp-content\/uploads\/2026\/04\/Kliofest-01-utorak-II-08-P-Socanska-fronta.jpg?fit=1200%2C566&ssl=1&resize=1050%2C600 3x"},"classes":[]},{"id":52589,"url":"https:\/\/historiografija.hr\/?p=52589","url_meta":{"origin":12406,"position":1},"title":"Predstavljena knjiga Miomira \u017du\u017eula &#8220;Dayton: Diplomacija &#8211; druga strana rata&#8221;","author":"Branimir Jankovi\u0107","date":"22. travnja 2026.","format":false,"excerpt":"Knjiga Miomira \u017du\u017eula \u201eDayton: Diplomacija \u2013 druga strana rata\u201d predstavljena je u srijedu, 22. travnja 2026. godine u foajeu Hrvatskoga narodnog kazali\u0161ta u Zagrebu. Op\u0161irnije: https:\/\/vijesti.hrt.hr\/hrvatska\/predstavljena-knjiga-miomira-zuzula-dayton-diplomacija-druga-strana-rata-12683259 https:\/\/www.vecernji.ba\/amp\/vijesti\/zuzulova-knjiga-o-daytonu-predstavljena-u-zagrebu-diplomacija-kao-druga-strana-rata-1953700 https:\/\/www.tportal.hr\/vijesti\/clanak\/bivsi-sanaderov-ministar-odrzao-promociju-evo-tko-je-sve-dosao-na-predstavljanje-knjige-miomira-zuzula-foto-20260422 https:\/\/direktno.hr\/zivot\/kultura\/zuzul-otkrio-sve-o-drugoj-strani-rata-za-hrvatsku-se-nije-libio-povuci-nekoga-i-za-kosu-395042 https:\/\/www.24sata.hr\/news\/miomir-zuzul-predstavio-je-knjigu-o-daytonu-diplomacija-je-bila-druga-strana-rata-1123152 https:\/\/www.vecernji.hr\/kultura\/kolinda-grabar-kitarovic-otvoreno-miomir-zuzul-nije-vukao-samo-za-rukav-nego-i-za-kosu-1953722 https:\/\/www.vecernji.hr\/kultura\/i-papa-lav-xiv-eksplicitno-je-daytonski-sporazum-istaknuo-kao-primjer-uspjesna-rjesavanja-sukoba-1952215","rel":"","context":"U &quot;Novosti&quot;","block_context":{"text":"Novosti","link":"https:\/\/historiografija.hr\/?cat=3"},"img":{"alt_text":"","src":"https:\/\/i0.wp.com\/historiografija.hr\/wp-content\/uploads\/2026\/04\/Dayton.jpg?fit=1024%2C683&ssl=1&resize=350%2C200","width":350,"height":200,"srcset":"https:\/\/i0.wp.com\/historiografija.hr\/wp-content\/uploads\/2026\/04\/Dayton.jpg?fit=1024%2C683&ssl=1&resize=350%2C200 1x, https:\/\/i0.wp.com\/historiografija.hr\/wp-content\/uploads\/2026\/04\/Dayton.jpg?fit=1024%2C683&ssl=1&resize=525%2C300 1.5x, https:\/\/i0.wp.com\/historiografija.hr\/wp-content\/uploads\/2026\/04\/Dayton.jpg?fit=1024%2C683&ssl=1&resize=700%2C400 2x"},"classes":[]},{"id":52704,"url":"https:\/\/historiografija.hr\/?p=52704","url_meta":{"origin":12406,"position":2},"title":"Predstavljanje knjige &#8220;Vladimir Vasiljevi\u0107: Moji do\u017eivljaji. Dnevni\u010dki zapisi iz Prvoga svjetskog rata i poratnoga vremena&#8221;","author":"Filip \u0160imunjak","date":"29. travnja 2026.","format":false,"excerpt":"Doga\u0111anja ovogodi\u0161njega Festivala povijesti Kliofest zapo\u010dinjemo ve\u0107 i prije samoga slu\u017ebenog otvaranja, predstavljanjem knjige \u201eMoji do\u017eivljaji. Dnevni\u010dki zapisi iz Prvoga svjetskog rata i poratnoga vremena\u201d Vladimira Vasiljevi\u0107a, koju su priredili Karlo Rukavina i Damir Agi\u010di\u0107. Pozivamo Vas na predstavljanje koje \u0107e se odr\u017eati u ponedjeljak 4. svibnja, s po\u010detkom u\u2026","rel":"","context":"U &quot;Knjige&quot;","block_context":{"text":"Knjige","link":"https:\/\/historiografija.hr\/?cat=8"},"img":{"alt_text":"","src":"https:\/\/i0.wp.com\/historiografija.hr\/wp-content\/uploads\/2026\/04\/Naslovna-V.-Vasiljevic.webp?fit=1200%2C600&ssl=1&resize=350%2C200","width":350,"height":200,"srcset":"https:\/\/i0.wp.com\/historiografija.hr\/wp-content\/uploads\/2026\/04\/Naslovna-V.-Vasiljevic.webp?fit=1200%2C600&ssl=1&resize=350%2C200 1x, https:\/\/i0.wp.com\/historiografija.hr\/wp-content\/uploads\/2026\/04\/Naslovna-V.-Vasiljevic.webp?fit=1200%2C600&ssl=1&resize=525%2C300 1.5x, https:\/\/i0.wp.com\/historiografija.hr\/wp-content\/uploads\/2026\/04\/Naslovna-V.-Vasiljevic.webp?fit=1200%2C600&ssl=1&resize=700%2C400 2x, https:\/\/i0.wp.com\/historiografija.hr\/wp-content\/uploads\/2026\/04\/Naslovna-V.-Vasiljevic.webp?fit=1200%2C600&ssl=1&resize=1050%2C600 3x"},"classes":[]},{"id":52502,"url":"https:\/\/historiografija.hr\/?p=52502","url_meta":{"origin":12406,"position":3},"title":"Novi znanstveni projekt Hrvatskog instituta za povijest: \u201c\u017drtve ratova i dr\u017eavnog\/politi\u010dkog nasilja u hrvatskoj povijesti 20. stolje\u0107a\u201d","author":"Branimir Jankovi\u0107","date":"17. travnja 2026.","format":false,"excerpt":"Na redovitoj sjednici Vlade RH, 16. travnja 2026., donijet je Zaklju\u010dak kojim se pokre\u0107e znanstveni projekt \u201c\u017drtve ratova i dr\u017eavnog\/politi\u010dkog nasilja u hrvatskoj povijesti 20. stolje\u0107a\u201d. Projekt \u0107e provoditi i koordinirati Hrvatski institut za povijest u razdoblju trajanja projekta od pet godina. Zakljucak Vlade RH Iz teksta projektnog prijedloga: Problematika\u2026","rel":"","context":"U &quot;Novosti&quot;","block_context":{"text":"Novosti","link":"https:\/\/historiografija.hr\/?cat=3"},"img":{"alt_text":"","src":"https:\/\/i0.wp.com\/historiografija.hr\/wp-content\/uploads\/2026\/04\/Vlada-RH.jpg?fit=1200%2C557&ssl=1&resize=350%2C200","width":350,"height":200,"srcset":"https:\/\/i0.wp.com\/historiografija.hr\/wp-content\/uploads\/2026\/04\/Vlada-RH.jpg?fit=1200%2C557&ssl=1&resize=350%2C200 1x, https:\/\/i0.wp.com\/historiografija.hr\/wp-content\/uploads\/2026\/04\/Vlada-RH.jpg?fit=1200%2C557&ssl=1&resize=525%2C300 1.5x, https:\/\/i0.wp.com\/historiografija.hr\/wp-content\/uploads\/2026\/04\/Vlada-RH.jpg?fit=1200%2C557&ssl=1&resize=700%2C400 2x, https:\/\/i0.wp.com\/historiografija.hr\/wp-content\/uploads\/2026\/04\/Vlada-RH.jpg?fit=1200%2C557&ssl=1&resize=1050%2C600 3x"},"classes":[]},{"id":52633,"url":"https:\/\/historiografija.hr\/?p=52633","url_meta":{"origin":12406,"position":4},"title":"POVIJEST TRE\u0160NJEVA\u010cKE GLAZBE: prikupljanje virtualnog fundusa Muzeja susjedstva Tre\u0161njevka","author":"Branimir Jankovi\u0107","date":"23. travnja 2026.","format":false,"excerpt":"utorak 28. 4. 2026. 14 - 18 h Nova BAZA, Nova cesta 66, Zagreb Prvi su dani ljeta 1957. godine. Bo\u017eica Kalafati\u0107 poha\u0111a drugi razred Osnovne \u0161kole Bratstvo i jedinstvo, danas kralja Tomislava, a ide i na muzi\u010dke satove u Mo\u0161\u0107eni\u010dkoj ulici. Na fotografiji s harmonikom u rukama stoji u\u2026","rel":"","context":"U &quot;Novosti&quot;","block_context":{"text":"Novosti","link":"https:\/\/historiografija.hr\/?cat=3"},"img":{"alt_text":"","src":"https:\/\/i0.wp.com\/historiografija.hr\/wp-content\/uploads\/2026\/04\/MST_prikupljanje.jpg?fit=380%2C475&ssl=1&resize=350%2C200","width":350,"height":200},"classes":[]},{"id":52666,"url":"https:\/\/historiografija.hr\/?p=52666","url_meta":{"origin":12406,"position":5},"title":"Najava programa Festivala povijesti Kliofest (5-8. V. 2026)","author":"Branimir Jankovi\u0107","date":"24. travnja 2026.","format":false,"excerpt":"Po trinaesti put odr\u017eava se Festival povijesti Kliofest! Do petka \u0107emo odr\u017eati osam okruglih stolova i dva kolokvija te niz predstavljanja knjiga i projekata razli\u010dite tematike, od antike do suvremenosti. Bit \u0107e predstavljeno i nekoliko izlo\u017ebi te odr\u017ean jedan povijesni kviz. Prikazat \u0107emo i jedan film \u2013 o generalu Boroevi\u0107u.\u2026","rel":"","context":"U &quot;Novosti&quot;","block_context":{"text":"Novosti","link":"https:\/\/historiografija.hr\/?cat=3"},"img":{"alt_text":"","src":"https:\/\/i0.wp.com\/historiografija.hr\/wp-content\/uploads\/2026\/04\/Kliofest-2026.jpg?fit=526%2C526&ssl=1&resize=350%2C200","width":350,"height":200,"srcset":"https:\/\/i0.wp.com\/historiografija.hr\/wp-content\/uploads\/2026\/04\/Kliofest-2026.jpg?fit=526%2C526&ssl=1&resize=350%2C200 1x, https:\/\/i0.wp.com\/historiografija.hr\/wp-content\/uploads\/2026\/04\/Kliofest-2026.jpg?fit=526%2C526&ssl=1&resize=525%2C300 1.5x"},"classes":[]}],"_links":{"self":[{"href":"https:\/\/historiografija.hr\/index.php?rest_route=\/wp\/v2\/posts\/12406","targetHints":{"allow":["GET"]}}],"collection":[{"href":"https:\/\/historiografija.hr\/index.php?rest_route=\/wp\/v2\/posts"}],"about":[{"href":"https:\/\/historiografija.hr\/index.php?rest_route=\/wp\/v2\/types\/post"}],"author":[{"embeddable":true,"href":"https:\/\/historiografija.hr\/index.php?rest_route=\/wp\/v2\/users\/2"}],"replies":[{"embeddable":true,"href":"https:\/\/historiografija.hr\/index.php?rest_route=%2Fwp%2Fv2%2Fcomments&post=12406"}],"version-history":[{"count":3,"href":"https:\/\/historiografija.hr\/index.php?rest_route=\/wp\/v2\/posts\/12406\/revisions"}],"predecessor-version":[{"id":12511,"href":"https:\/\/historiografija.hr\/index.php?rest_route=\/wp\/v2\/posts\/12406\/revisions\/12511"}],"wp:featuredmedia":[{"embeddable":true,"href":"https:\/\/historiografija.hr\/index.php?rest_route=\/wp\/v2\/media\/12407"}],"wp:attachment":[{"href":"https:\/\/historiografija.hr\/index.php?rest_route=%2Fwp%2Fv2%2Fmedia&parent=12406"}],"wp:term":[{"taxonomy":"category","embeddable":true,"href":"https:\/\/historiografija.hr\/index.php?rest_route=%2Fwp%2Fv2%2Fcategories&post=12406"},{"taxonomy":"post_tag","embeddable":true,"href":"https:\/\/historiografija.hr\/index.php?rest_route=%2Fwp%2Fv2%2Ftags&post=12406"}],"curies":[{"name":"wp","href":"https:\/\/api.w.org\/{rel}","templated":true}]}}