{"id":12367,"date":"2018-11-22T10:45:56","date_gmt":"2018-11-22T10:45:56","guid":{"rendered":"http:\/\/historiografija.hr\/?p=12367"},"modified":"2018-11-22T10:45:56","modified_gmt":"2018-11-22T10:45:56","slug":"petar-macut-ustaska-mladez-povijest-organizacije-koja-je-brinula-o-podmlatku-ustaskog-pokreta","status":"publish","type":"post","link":"https:\/\/historiografija.hr\/?p=12367","title":{"rendered":"Petar Macut, \u201eUsta\u0161ka mlade\u017e: povijest organizacije koja je brinula o podmlatku Usta\u0161kog pokreta\u201c"},"content":{"rendered":"<p>Izdava\u010d Despot Infinitus objavio je 2018. godine knjigu povjesni\u010dara Petra Macuta \u201eUsta\u0161ka mlade\u017e: povijest organizacije koja je brinula o podmlatku Usta\u0161kog pokreta\u201c. O Usta\u0161koj mlade\u017ei ove je godine knjigu objavio i povjesni\u010dar Goran Miljan, \u201cCroatia and the Rise of Fascism: The Youth Movement and the Ustasha During WWII\u201d, o kojoj smo ve\u0107 obavijestili na portalu.<\/p>\n<p>&nbsp;<\/p>\n<p>&#8212;<\/p>\n<p>&nbsp;<\/p>\n<p>Petar Macut<\/p>\n<p>&nbsp;<\/p>\n<p><strong>Usta\u0161ka mlade\u017e<\/strong><\/p>\n<p>&nbsp;<\/p>\n<p>Usta\u0161ka mlade\u017e bila je ambiciozno osmi\u0161ljena, dobro ustrojena i \u010dvrstom rukom vo\u0111ena omladinska organizacija Usta\u0161koga pokreta. Sve prednosti i mane totalitarnoga ustroja Nezavisne Dr\u017eave Hrvatske, kao i njezine politi\u010dke sudbine, jasno se vide i i\u0161\u010ditavaju iz njezina djelovanja.<\/p>\n<p>&nbsp;<\/p>\n<p>Po\u010detni mjeseci sa sobom su donijeli nesigurnost i neizvjesnost zbog nepoznavanja jasnoga politi\u010dkog smjera i nedostatka prakse i procedure koje su nove usta\u0161ke vlasti \u017eeljele uvesti. Takvo previranje sasvim je o\u010dekivano i normalno. Unato\u010d tomu, odmah je od po\u010detka bila jasna volja vlasti da se mlade\u017e odgaja i da radi u duhu novoga poretka. Ustroj radne slu\u017ebe mladosti i vojne prednaobrazbe po\u010detni su institucijski napori organiziranja mlade\u017ei u djelatne postrojbe kojima je glavni zadatak bio rad i priprema za vojnu slu\u017ebu. Me\u0111utim, takvim ustrojem ostala je upitna ideolo\u0161ka indoktrinacija koja je morala uslijediti i bila je preduvjet korjenitoj primjeni usta\u0161ke ideologije u dru\u0161tvo Nezavisne Dr\u017eave Hrvatske.<\/p>\n<p>&nbsp;<\/p>\n<p>Osnutkom Usta\u0161ke mlade\u017ei kao dijela Usta\u0161koga pokreta koji \u0107e biti zadu\u017een za sveobuhvatni odgoj i brigu o mu\u0161koj i \u017eenskoj mlade\u017ei od 7. do 21. godine u srpnju 1941. godine, Usta\u0161ki pokret omogu\u0107io je provedbu sljede\u0107ih ciljeva:<\/p>\n<p>&nbsp;<\/p>\n<p>\u2013 indoktrinirati cjelokupnu mlade\u017e usta\u0161kom ideologijom;<\/p>\n<p>&nbsp;<\/p>\n<p>\u2013 izabrati sposobnije pripadnike organizacije i pripremiti ih za preuzimanje voditeljskih du\u017enosti u Usta\u0161koj mlade\u017ei;<\/p>\n<p>&nbsp;<\/p>\n<p>\u2013 sve pripadnike mu\u0161ke Usta\u0161ke mlade\u017ei osposobiti za djelatno sudjelovanje u vojnim naporima NDH-a;<\/p>\n<p>&nbsp;<\/p>\n<p>\u2013 \u017eenske pripadnice Usta\u0161ke mlade\u017ei odgojiti u duhu poslu\u0161nosti i za ulogu budu\u0107ih majki i odgojiteljica;<\/p>\n<p>&nbsp;<\/p>\n<p>\u2013 temeljitim i sveobuhvatnim odgojem pripadnika Usta\u0161ke mlade\u017ei osigurati transfer vrijednosti usta\u0161ke ideologije i politike na sljede\u0107u generaciju te<\/p>\n<p>&nbsp;<\/p>\n<p>\u2013 osigurati apsolutnu vlast i poslu\u0161nost Poglavniku NDH-a kao jedinomu autoritetu i nositelju suvereniteta hrvatske dr\u017eave.<\/p>\n<p>&nbsp;<\/p>\n<p>&nbsp;<\/p>\n<p>Uzimaju\u0107i u obzir kontekst nastanka, trajanja i nestanka NDH-a, \u010diji se politi\u010dki \u017eivot poklopio s vrhuncem Drugoga svjetskoga rata, o organizaciji Usta\u0161ke mlade\u017ei mo\u017ee se zaklju\u010diti da je ona izvr\u0161ila svoj zadatak. Organizirala je najve\u0107i mogu\u0107i broj pripadnika i pripadnica Usta\u0161ke mlade\u017ei, osigurala je nekoliko tisu\u0107a du\u017enosnika koji su tu istu mlade\u017e trebali voditi, provodila je sve direktive iz jednoga sredi\u0161ta efikasno ih distribuiraju\u0107i prema svim ograncima organizacije, osiguravala je sve potrebne sadr\u017eaje i nacrte za njihov odgoj te se trudila, u skladu s mogu\u0107nostima vremena u kojemu je djelovala, provesti sve upute i smjernice Glavnoga usta\u0161kog stana na \u010delu s poglavnikom Antom Paveli\u0107em.<\/p>\n<p>&nbsp;<\/p>\n<p>Iz rezultata istra\u017eivanja ove knjige jasno se vidi razlika izme\u0111u zami\u0161ljenoga nacrta i provedene organizacije Usta\u0161ke mlade\u017ei, kao i njezin administrativni ustroj. Svaki dio te slo\u017eene i uspje\u0161ne organizacije zaslu\u017euje poseban osvrt i detaljniji opis, uz nadu da \u0107e se u budu\u0107nosti otkriti zasada nepoznati dokumenti koji \u0107e nam pomo\u0107i u detaljnijoj rekonstrukciji ove organizacije.<\/p>\n<p>&nbsp;<\/p>\n<p>&nbsp;<\/p>\n<p>SADR\u017dAJ KNJIGE:<\/p>\n<p>&nbsp;<\/p>\n<p>Uvod<\/p>\n<p>&nbsp;<\/p>\n<p>Mlade\u017e od 10. travnja do 12. srpnja 1941. godine<\/p>\n<p>&nbsp;<\/p>\n<p>Travanjske manifestacije hrvatske mlade\u017ei<\/p>\n<p>&nbsp;<\/p>\n<p>Radna slu\u017eba mladosti i vojna prednaobrazba<\/p>\n<p>&nbsp;<\/p>\n<p>Organiziranje mlade\u017ei izvan Zagreba<\/p>\n<p>&nbsp;<\/p>\n<p>Mlade\u017e i novi duh: \u010di\u0161\u0107enje knji\u017enica<\/p>\n<p>&nbsp;<\/p>\n<p>Zavr\u0161etak \u0161kolske godine 1940.\/1941.<\/p>\n<p>&nbsp;<\/p>\n<p>Posljednje pripreme za osnutak Usta\u0161ke mlade\u017ei<\/p>\n<p>&nbsp;<\/p>\n<p>Osnutak Usta\u0161ke mlade\u017ei 12. srpnja 1941. i njezino djelovanje do kraja godine<\/p>\n<p>&nbsp;<\/p>\n<p>Intenzivan rad od po\u010detka<\/p>\n<p>&nbsp;<\/p>\n<p>Rad i razvoj Usta\u0161ke mlade\u017ei od 1942. do 1945. godine<\/p>\n<p>&nbsp;<\/p>\n<p>Upravno zapovjedni\u0161tvo i pro\u010delni\u0161tva<\/p>\n<p>&nbsp;<\/p>\n<p>Pro\u010delni\u0161tvo za upravu<\/p>\n<p>&nbsp;<\/p>\n<p>Pro\u010delni\u0161tvo za duhovni odgoj<\/p>\n<p>&nbsp;<\/p>\n<p>Pro\u010delni\u0161tvo za tjelesni odgoj<\/p>\n<p>&nbsp;<\/p>\n<p>Pro\u010delni\u0161tvo za dru\u0161tveni rad (brigu)<\/p>\n<p>&nbsp;<\/p>\n<p>Radna slu\u017eba Usta\u0161ke mlade\u017ei<\/p>\n<p>&nbsp;<\/p>\n<p>Odjelno upraviteljstvo za vanjske veze<\/p>\n<p>&nbsp;<\/p>\n<p>Odjel za nadzor Usta\u0161ke mlade\u017ei<\/p>\n<p>&nbsp;<\/p>\n<p>Nakladna djelatnost Usta\u0161ke mlade\u017ei<\/p>\n<p>&nbsp;<\/p>\n<p>Zaklju\u010dak<\/p>\n<p>&nbsp;<\/p>\n<p>Kratice<\/p>\n<p>&nbsp;<\/p>\n<p>Izvori i literatura<\/p>\n<p>&nbsp;<\/p>\n<p>Bilje\u0161ka o piscu<\/p>\n<p>&nbsp;<\/p>\n<p>&nbsp;<\/p>\n<p>PRILOZI:<\/p>\n<p>&nbsp;<\/p>\n<p>POGLAVNIKOVI GOVORI USTA\u0160KOJ MLADE\u017dI<\/p>\n<p>&nbsp;<\/p>\n<p>POPIS DU\u017dNOSNIKA I DU\u017dNOSNICA USTA\u0160KE MLADE\u017dI<\/p>\n<p>&nbsp;<\/p>\n<p>&nbsp;<\/p>\n<p>Izvor: <a href=\"https:\/\/despot-infinitus.com\/proizvod\/ustaska-mladez\/\">https:\/\/despot-infinitus.com\/proizvod\/ustaska-mladez\/<\/a><\/p>\n<p>&nbsp;<\/p>\n<p>&nbsp;<\/p>\n","protected":false},"excerpt":{"rendered":"","protected":false},"author":2,"featured_media":12368,"comment_status":"open","ping_status":"open","sticky":false,"template":"","format":"standard","meta":{"_acf_changed":false,"jetpack_post_was_ever_published":false,"_jetpack_newsletter_access":"","_jetpack_dont_email_post_to_subs":false,"_jetpack_newsletter_tier_id":0,"_jetpack_memberships_contains_paywalled_content":false,"_jetpack_memberships_contains_paid_content":false,"footnotes":"","jetpack_publicize_message":"","jetpack_publicize_feature_enabled":true,"jetpack_social_post_already_shared":true,"jetpack_social_options":{"image_generator_settings":{"template":"highway","default_image_id":0,"font":"","enabled":false},"version":2}},"categories":[8,3],"tags":[],"class_list":["post-12367","post","type-post","status-publish","format-standard","has-post-thumbnail","hentry","category-knjige","category-novosti"],"acf":{"facebook_opis":""},"jetpack_publicize_connections":[],"jetpack_featured_media_url":"https:\/\/i0.wp.com\/historiografija.hr\/wp-content\/uploads\/2018\/11\/ust-mlad.png?fit=960%2C960&ssl=1","jetpack_sharing_enabled":true,"jetpack-related-posts":[{"id":52148,"url":"https:\/\/historiografija.hr\/?p=52148","url_meta":{"origin":12367,"position":0},"title":"Poziv za prijavu na me\u0111unarodnu znanstvenu konferenciju \u201eGranice (ne)slobode: Zadarski krug 1966. Intelektualna opozicija u totalitarnom dru\u0161tvu\u201c","author":"Branimir Jankovi\u0107","date":"27. o\u017eujka 2026.","format":false,"excerpt":"\u00a0\u00a0\u00a0\u00a0 Povodom \u0161ezdesete obljetnice poku\u0161aja osnivanja \u010dasopisa Slobodan glas u Zadru 1966. godine, pozivamo vas na znanstvenu konferenciju posve\u0107enu istra\u017eivanju disidentstva, intelektualne opozicije i granica divergentnog mi\u0161ljenja nasuprot slu\u017ebenoj ideologiji u komunisti\u010dkoj Jugoslaviji. Ideja konferencije je analizirati konkretan fenomen zadarskog slu\u010daja razloge i okolnosti njegove pojave, ali uz otvaranje komparativnih\u2026","rel":"","context":"U &quot;Novosti&quot;","block_context":{"text":"Novosti","link":"https:\/\/historiografija.hr\/?cat=3"},"img":{"alt_text":"","src":"https:\/\/i0.wp.com\/historiografija.hr\/wp-content\/uploads\/2026\/03\/Poziv-konferencija-Zadar.jpg?fit=1200%2C509&ssl=1&resize=350%2C200","width":350,"height":200,"srcset":"https:\/\/i0.wp.com\/historiografija.hr\/wp-content\/uploads\/2026\/03\/Poziv-konferencija-Zadar.jpg?fit=1200%2C509&ssl=1&resize=350%2C200 1x, https:\/\/i0.wp.com\/historiografija.hr\/wp-content\/uploads\/2026\/03\/Poziv-konferencija-Zadar.jpg?fit=1200%2C509&ssl=1&resize=525%2C300 1.5x, https:\/\/i0.wp.com\/historiografija.hr\/wp-content\/uploads\/2026\/03\/Poziv-konferencija-Zadar.jpg?fit=1200%2C509&ssl=1&resize=700%2C400 2x, https:\/\/i0.wp.com\/historiografija.hr\/wp-content\/uploads\/2026\/03\/Poziv-konferencija-Zadar.jpg?fit=1200%2C509&ssl=1&resize=1050%2C600 3x"},"classes":[]},{"id":52539,"url":"https:\/\/historiografija.hr\/?p=52539","url_meta":{"origin":12367,"position":1},"title":"Drugi po redu studentski simpozij &#8220;In fonte veritas&#8221;","author":"Branimir Jankovi\u0107","date":"20. travnja 2026.","format":false,"excerpt":"U srijedu, 22. travnja 2026. godine, u dvorani C 0.4 na Hrvatskom katoli\u010dkom sveu\u010dili\u0161tu odr\u017eat \u0107e se drugi studentski simpozij \u201eIn fonte veritas\". Ovogodi\u0161nja sredi\u0161nja tema simpozija je Papinstvo. Kroz istra\u017eiva\u010dko suo\u010davanje s povijesnim izvorima deset \u0107e studenata predstaviti rezultate svojih istra\u017eivanja o instituciji koja je stolje\u0107ima oblikovala europsku i\u2026","rel":"","context":"U &quot;Novosti&quot;","block_context":{"text":"Novosti","link":"https:\/\/historiografija.hr\/?cat=3"},"img":{"alt_text":"","src":"https:\/\/i0.wp.com\/historiografija.hr\/wp-content\/uploads\/2026\/04\/Papinstvo.png?fit=1024%2C500&ssl=1&resize=350%2C200","width":350,"height":200,"srcset":"https:\/\/i0.wp.com\/historiografija.hr\/wp-content\/uploads\/2026\/04\/Papinstvo.png?fit=1024%2C500&ssl=1&resize=350%2C200 1x, https:\/\/i0.wp.com\/historiografija.hr\/wp-content\/uploads\/2026\/04\/Papinstvo.png?fit=1024%2C500&ssl=1&resize=525%2C300 1.5x, https:\/\/i0.wp.com\/historiografija.hr\/wp-content\/uploads\/2026\/04\/Papinstvo.png?fit=1024%2C500&ssl=1&resize=700%2C400 2x"},"classes":[]},{"id":52536,"url":"https:\/\/historiografija.hr\/?p=52536","url_meta":{"origin":12367,"position":2},"title":"Kader Abdolah, \u201ePrije nego \u0161to bude kasno\u201c","author":"Branimir Jankovi\u0107","date":"20. travnja 2026.","format":false,"excerpt":"Kader Abdolah \u017eeli se vratiti ku\u0107i. Ali povratak je nemogu\u0107: u Iranu bi bio uhap\u0161en. Pod la\u017enim imenom i s krivotvorenim paso\u0161em ipak uspijeva u\u0107i u domovinu i sti\u017ee do roditeljske ku\u0107e, visoko u planinama. Majka ga ne prepoznaje, otac je mrtav, a sve \u0161to je tra\u017eio izmi\u010de mu pred\u2026","rel":"","context":"U &quot;Novosti&quot;","block_context":{"text":"Novosti","link":"https:\/\/historiografija.hr\/?cat=3"},"img":{"alt_text":"","src":"https:\/\/i0.wp.com\/historiografija.hr\/wp-content\/uploads\/2026\/04\/Prije-nego-sto-bude-kasno.webp?fit=566%2C872&ssl=1&resize=350%2C200","width":350,"height":200,"srcset":"https:\/\/i0.wp.com\/historiografija.hr\/wp-content\/uploads\/2026\/04\/Prije-nego-sto-bude-kasno.webp?fit=566%2C872&ssl=1&resize=350%2C200 1x, https:\/\/i0.wp.com\/historiografija.hr\/wp-content\/uploads\/2026\/04\/Prije-nego-sto-bude-kasno.webp?fit=566%2C872&ssl=1&resize=525%2C300 1.5x"},"classes":[]},{"id":52633,"url":"https:\/\/historiografija.hr\/?p=52633","url_meta":{"origin":12367,"position":3},"title":"POVIJEST TRE\u0160NJEVA\u010cKE GLAZBE: prikupljanje virtualnog fundusa Muzeja susjedstva Tre\u0161njevka","author":"Branimir Jankovi\u0107","date":"23. travnja 2026.","format":false,"excerpt":"utorak 28. 4. 2026. 14 - 18 h Nova BAZA, Nova cesta 66, Zagreb Prvi su dani ljeta 1957. godine. Bo\u017eica Kalafati\u0107 poha\u0111a drugi razred Osnovne \u0161kole Bratstvo i jedinstvo, danas kralja Tomislava, a ide i na muzi\u010dke satove u Mo\u0161\u0107eni\u010dkoj ulici. Na fotografiji s harmonikom u rukama stoji u\u2026","rel":"","context":"U &quot;Novosti&quot;","block_context":{"text":"Novosti","link":"https:\/\/historiografija.hr\/?cat=3"},"img":{"alt_text":"","src":"https:\/\/i0.wp.com\/historiografija.hr\/wp-content\/uploads\/2026\/04\/MST_prikupljanje.jpg?fit=380%2C475&ssl=1&resize=350%2C200","width":350,"height":200},"classes":[]},{"id":52569,"url":"https:\/\/historiografija.hr\/?p=52569","url_meta":{"origin":12367,"position":4},"title":"[Predavanje] Ne \u010dekaju\u0107i inspiraciju \u2013 anga\u017eovane intelektualne, kulturalne i umetni\u010dke prakse u me\u0111uratnom periodu: teorija i praksa kriti\u010dke levice u jugoslovenskoj kulturi (YugoLab)","author":"Branimir Jankovi\u0107","date":"21. travnja 2026.","format":false,"excerpt":"U vreme agresivnog ja\u010danja globalne desnice, (pro)fa\u0161isti\u010dkih, rasisti\u010dkih i imperijalisti\u010dkih politika, dok je istovremeno globalna levica izrazito slaba, a progresivni pokreti atomizirani i fragmentisani, va\u017eno je iz savremene perspektive vratiti se revolucionarnim i emancipatorskim zbivanjima u jugoslovenskom (ali i s njima u vezi internacionalnim de\u0161avanjima), kao i dru\u0161tvenoj ulozi kulturalnih\u2026","rel":"","context":"U &quot;Novosti&quot;","block_context":{"text":"Novosti","link":"https:\/\/historiografija.hr\/?cat=3"},"img":{"alt_text":"","src":"","width":0,"height":0},"classes":[]},{"id":52589,"url":"https:\/\/historiografija.hr\/?p=52589","url_meta":{"origin":12367,"position":5},"title":"Predstavljena knjiga Miomira \u017du\u017eula &#8220;Dayton: Diplomacija &#8211; druga strana rata&#8221;","author":"Branimir Jankovi\u0107","date":"22. travnja 2026.","format":false,"excerpt":"Knjiga Miomira \u017du\u017eula \u201eDayton: Diplomacija \u2013 druga strana rata\u201d predstavljena je u srijedu, 22. travnja 2026. godine u foajeu Hrvatskoga narodnog kazali\u0161ta u Zagrebu. Op\u0161irnije: https:\/\/vijesti.hrt.hr\/hrvatska\/predstavljena-knjiga-miomira-zuzula-dayton-diplomacija-druga-strana-rata-12683259 https:\/\/www.vecernji.ba\/amp\/vijesti\/zuzulova-knjiga-o-daytonu-predstavljena-u-zagrebu-diplomacija-kao-druga-strana-rata-1953700 https:\/\/www.tportal.hr\/vijesti\/clanak\/bivsi-sanaderov-ministar-odrzao-promociju-evo-tko-je-sve-dosao-na-predstavljanje-knjige-miomira-zuzula-foto-20260422 https:\/\/direktno.hr\/zivot\/kultura\/zuzul-otkrio-sve-o-drugoj-strani-rata-za-hrvatsku-se-nije-libio-povuci-nekoga-i-za-kosu-395042 https:\/\/www.24sata.hr\/news\/miomir-zuzul-predstavio-je-knjigu-o-daytonu-diplomacija-je-bila-druga-strana-rata-1123152 https:\/\/www.vecernji.hr\/kultura\/kolinda-grabar-kitarovic-otvoreno-miomir-zuzul-nije-vukao-samo-za-rukav-nego-i-za-kosu-1953722 https:\/\/www.vecernji.hr\/kultura\/i-papa-lav-xiv-eksplicitno-je-daytonski-sporazum-istaknuo-kao-primjer-uspjesna-rjesavanja-sukoba-1952215","rel":"","context":"U &quot;Novosti&quot;","block_context":{"text":"Novosti","link":"https:\/\/historiografija.hr\/?cat=3"},"img":{"alt_text":"","src":"https:\/\/i0.wp.com\/historiografija.hr\/wp-content\/uploads\/2026\/04\/Dayton.jpg?fit=1024%2C683&ssl=1&resize=350%2C200","width":350,"height":200,"srcset":"https:\/\/i0.wp.com\/historiografija.hr\/wp-content\/uploads\/2026\/04\/Dayton.jpg?fit=1024%2C683&ssl=1&resize=350%2C200 1x, https:\/\/i0.wp.com\/historiografija.hr\/wp-content\/uploads\/2026\/04\/Dayton.jpg?fit=1024%2C683&ssl=1&resize=525%2C300 1.5x, https:\/\/i0.wp.com\/historiografija.hr\/wp-content\/uploads\/2026\/04\/Dayton.jpg?fit=1024%2C683&ssl=1&resize=700%2C400 2x"},"classes":[]}],"_links":{"self":[{"href":"https:\/\/historiografija.hr\/index.php?rest_route=\/wp\/v2\/posts\/12367","targetHints":{"allow":["GET"]}}],"collection":[{"href":"https:\/\/historiografija.hr\/index.php?rest_route=\/wp\/v2\/posts"}],"about":[{"href":"https:\/\/historiografija.hr\/index.php?rest_route=\/wp\/v2\/types\/post"}],"author":[{"embeddable":true,"href":"https:\/\/historiografija.hr\/index.php?rest_route=\/wp\/v2\/users\/2"}],"replies":[{"embeddable":true,"href":"https:\/\/historiografija.hr\/index.php?rest_route=%2Fwp%2Fv2%2Fcomments&post=12367"}],"version-history":[{"count":1,"href":"https:\/\/historiografija.hr\/index.php?rest_route=\/wp\/v2\/posts\/12367\/revisions"}],"predecessor-version":[{"id":12369,"href":"https:\/\/historiografija.hr\/index.php?rest_route=\/wp\/v2\/posts\/12367\/revisions\/12369"}],"wp:featuredmedia":[{"embeddable":true,"href":"https:\/\/historiografija.hr\/index.php?rest_route=\/wp\/v2\/media\/12368"}],"wp:attachment":[{"href":"https:\/\/historiografija.hr\/index.php?rest_route=%2Fwp%2Fv2%2Fmedia&parent=12367"}],"wp:term":[{"taxonomy":"category","embeddable":true,"href":"https:\/\/historiografija.hr\/index.php?rest_route=%2Fwp%2Fv2%2Fcategories&post=12367"},{"taxonomy":"post_tag","embeddable":true,"href":"https:\/\/historiografija.hr\/index.php?rest_route=%2Fwp%2Fv2%2Ftags&post=12367"}],"curies":[{"name":"wp","href":"https:\/\/api.w.org\/{rel}","templated":true}]}}