{"id":12364,"date":"2018-11-22T10:43:17","date_gmt":"2018-11-22T10:43:17","guid":{"rendered":"http:\/\/historiografija.hr\/?p=12364"},"modified":"2018-11-22T10:43:17","modified_gmt":"2018-11-22T10:43:17","slug":"ivan-macut-filozofija-u-nezavisnoj-drzavi-hrvatskoj","status":"publish","type":"post","link":"https:\/\/historiografija.hr\/?p=12364","title":{"rendered":"Ivan Macut, \u201cFilozofija u Nezavisnoj Dr\u017eavi Hrvatskoj\u201d"},"content":{"rendered":"<p>Izdava\u010d \u0160kolska knjiga objavila je 2018. godine knjigu Ivana Macuta \u201cFilozofija u Nezavisnoj Dr\u017eavi Hrvatskoj\u201d.<\/p>\n<p>&nbsp;<\/p>\n<p>&#8212;<\/p>\n<p>&nbsp;<\/p>\n<p>Monografija <em>Filozofija u Nezavisnoj Dr\u017eavi Hrvatskoj<\/em> nezaobilazno je djelo u prou\u010davanju nedovoljno znanstveno obra\u0111enog i javnosti gotovo posve nepoznatog dijela povijesti hrvatske filozofije. Autor je na objektivan i imanentno znanstven na\u010din pokazao filozofsku misao u Nezavisnoj Dr\u017eavi Hrvatskoj dokazav\u0161i da je filozofija u to proskribirano vrijeme, suprotno o\u010dekivanome, do\u017eivjela pravu \u017eivost.<\/p>\n<p>&nbsp;<\/p>\n<p>U knjizi su sistematizirani filozofski i intelektualni dosezi desetak intelektualaca u kontekstu \u0161irega javnog i politi\u010dkog djelovanja u vrijeme Drugoga svjetskog rata. Autor analizira glavne teme kojima su se tada\u0161nji filozofi bavili koriste\u0107i se pri tome svim dostupnim izvorima i literaturom. Nadalje, istra\u017euje i njihova osobna gledi\u0161ta o ostvarenju stoljetne te\u017enje hrvatskog naroda za vlastitom samostalnom dr\u017eavom. Nezavisnu Dr\u017eavu Hrvatsku neki su doista dr\u017eali ostvarenjem tih te\u017enji, a drugi su je podr\u017eavali u njezinim po\u010detcima, no poslije su se od nje jasno distancirali, a autor argumentirano obja\u0161njava i razloge promjene osobnih stajali\u0161ta.<\/p>\n<p>&nbsp;<\/p>\n<p>Knjiga sadr\u017eava i detaljan popis svih u to doba objavljenih filozofskih tekstova. <em>Filozofija u Nezavisnoj Dr\u017eavi Hrvatskoj<\/em> vrijedno je izdanje ne samo za znanstveno-istra\u017eiva\u010dku i sveu\u010dili\u0161nu zajednicu nego i za \u0161iru \u010ditala\u010dku javnost.<\/p>\n<p>&nbsp;<\/p>\n<p>&nbsp;<\/p>\n<p>&#8220;Djelo se temelji na relevantnoj povijesnoj i filozofskoj literaturi koja je konzultirana po pravilima struke. Rezultat znanstveno-istra\u017eiva\u010dkog rada autora pomo\u0107i \u0107e budu\u0107im istra\u017eiva\u010dima ne samo filozofske struke ve\u0107 i povjesni\u010darima koji istra\u017euju povijest mentaliteta, odnosno intelektualnu historiju. Djelo je originalan i izvoran doprinos hrvatskoj znanosti. (&#8230;) Knjiga pru\u017ea uvid u brojne nove \u010dinjenice, svojom va\u017eno\u0161\u0107u potaknut \u0107e nova istra\u017eivanja te \u0107e njezinim objavljivanjem mnogi zaslu\u017eni i zaboravljeni hrvatski intelektualci dobiti zaslu\u017eeno mjesto u hrvatskoj intelektualnoj i dru\u0161tvenoj povijesti.&#8221;<\/p>\n<p>&#8211; Dr. sc. Petar Macut, Institut dru\u0161tvenih znanosti Ivo Pilar<\/p>\n<p>&nbsp;<\/p>\n<p>&#8220;Iako je knjiga Filozofija u Nezavisnoj Dr\u017eavi Hrvatskoj od interesa za sve one koji se bave filozofijom, djelo je ipak prvotno namijenjeno akademskoj zajednici humanisti\u010dke provenijencije. Studenti i znanstvenici iz nje mogu ste\u0107i temeljit uvid u osnovne struje i upoznati glavne nositelje filozofske misli razdoblja prije i u vrijeme NDH te tako dobiti mogu\u0107nost boljeg razumijevanja i tuma\u010denja zbivanja na tom podru\u010dju. Uz relevantnost i aktualnost teme, valja istaknuti objektivnost autorova pristupa, \u0161to ovo djelo s pravom \u010dini nezaobilaznim u prou\u010davanju povijesti filozofije kod nas.&#8221;<\/p>\n<p>&#8211; Prof. dr. sc. Josip Mu\u017ei\u0107, Katoli\u010dki bogoslovni fakultet Sveu\u010dili\u0161ta u Splitu<\/p>\n<p>&nbsp;<\/p>\n<p>O autoru<\/p>\n<p>Ivan Macut ro\u0111en je 3. listopada 1981. u Vukovaru. Franjeva\u010dku klasi\u010dnu gimnaziju zavr\u0161io je u Sinju, a filozofsko-teolo\u0161ki studij poha\u0111ao je u Splitu na Katoli\u010dkome bogoslovnom fakultetu. Sve\u010dane je zavjete polo\u017eio 10. rujna 2006. Za sve\u0107enika je, na naslov Franjeva\u010dke provincije Presvetoga Otkupitelja, zare\u0111en 24. lipnja 2007. Dvije godine poslije Uprava Provincije \u0161alje ga na poslijediplomski studij iz me\u0111ureligijskog dijaloga i ekumenske teologije u Rim.<\/p>\n<p>Godine 2009. upisao je specijalizaciju iz fundamentalne teologije \u2013 Znanosti o religijama \u2013 na Papinskom sveu\u010dili\u0161tu Lateran u Rimu, na kojemu je 24. lipnja 2011. polo\u017eio licencijat.<\/p>\n<p>Od 2011. doktorand je na Papinskom sveu\u010dili\u0161tu Antonianum u Rimu sa specijalizacijom iz ekumenske teologije, a ujedno poha\u0111a predavanja i provodi istra\u017eivanja u Institutu za ekumenske studije u Veneciji. Obranio je doktorski rad 29. svibnja 2013. i stekao akademski naslov doktora teologije sa specijalizacijom u ekumenskoj teologiji.<\/p>\n<p>Od 2014. doktorand je na Filozofskom fakultetu Sveu\u010dili\u0161ta u Splitu \u2013 modul filozofija, na kojem je 20. studenoga 2015. godine jednoglasno obranio doktorski rad.<\/p>\n<p>Od 2016. profesor je na Katoli\u010dkome bogoslovnom fakultetu Sveu\u010dili\u0161ta u Splitu te predaje predmete iz ekumenske i fundamentalne teologije. Pi\u0161e teolo\u0161ke i filozofske \u010dlanke te tekstove o duhovnim razmi\u0161ljanjima. Posebno se bavi ekumenskom teologijom, Scijentolo\u0161kom crkvom te hrvatskom filozofijom u 20. stolje\u0107u. Autor je vi\u0161e desetaka znanstvenih teolo\u0161kih i filozofskih \u010dlanaka i nekoliko knjiga.<\/p>\n<p>&nbsp;<\/p>\n<p>Izdava\u010d: \u0160kolska knjiga<\/p>\n<p>&nbsp;<\/p>\n<p>Broj stranica: 422<\/p>\n<p>&nbsp;<\/p>\n<p>Godina izdanja: 2018<\/p>\n<p>&nbsp;<\/p>\n<p><strong>Prelistaj\u00a0knjigu:<\/strong><\/p>\n<p>&nbsp;<\/p>\n<p><a href=\"https:\/\/shop.skolskaknjiga.hr\/filozofija-u-nezavisnoj-drzavi-hrvatskoj.html\">https:\/\/shop.skolskaknjiga.hr\/filozofija-u-nezavisnoj-drzavi-hrvatskoj.html<\/a><\/p>\n<p>&nbsp;<\/p>\n<p>&nbsp;<\/p>\n<p>&nbsp;<\/p>\n","protected":false},"excerpt":{"rendered":"","protected":false},"author":2,"featured_media":12365,"comment_status":"open","ping_status":"open","sticky":false,"template":"","format":"standard","meta":{"_acf_changed":false,"jetpack_post_was_ever_published":false,"_jetpack_newsletter_access":"","_jetpack_dont_email_post_to_subs":false,"_jetpack_newsletter_tier_id":0,"_jetpack_memberships_contains_paywalled_content":false,"_jetpack_memberships_contains_paid_content":false,"footnotes":"","jetpack_publicize_message":"","jetpack_publicize_feature_enabled":true,"jetpack_social_post_already_shared":true,"jetpack_social_options":{"image_generator_settings":{"template":"highway","default_image_id":0,"font":"","enabled":false},"version":2}},"categories":[8,3],"tags":[],"class_list":["post-12364","post","type-post","status-publish","format-standard","has-post-thumbnail","hentry","category-knjige","category-novosti"],"acf":{"facebook_opis":""},"jetpack_publicize_connections":[],"jetpack_featured_media_url":"https:\/\/i0.wp.com\/historiografija.hr\/wp-content\/uploads\/2018\/11\/Ivan-Macut.jpg?fit=658%2C1000&ssl=1","jetpack_sharing_enabled":true,"jetpack-related-posts":[{"id":52573,"url":"https:\/\/historiografija.hr\/?p=52573","url_meta":{"origin":12364,"position":0},"title":"Znanstvena konferencija &#8220;Filozofija odgoja: povijest, praksa, perspektive&#8221;","author":"Branimir Jankovi\u0107","date":"21. travnja 2026.","format":false,"excerpt":"Znanstvena konferencija \"Filozofija odgoja: povijest, praksa, perspektive\" odr\u017eat \u0107e se 23. i 24. travnja 2026. u Konferencijskoj dvorani Knji\u017enice Filozofskog fakulteta u Zagrebu (2. kat).\u00a0Konferencija je organizirana u okviru projekta\u00a0SUMKOS (voditeljica prof. dr. sc. Ivana Zagorac, financiran\u00a0sredstvima NextGenerationEU), uz potporu Odsjeka za filozofiju.\u00a0 Uz izlaga\u010dki dio, konferencija obuhva\u0107a i izlo\u017ebu\u2026","rel":"","context":"U &quot;Novosti&quot;","block_context":{"text":"Novosti","link":"https:\/\/historiografija.hr\/?cat=3"},"img":{"alt_text":"","src":"","width":0,"height":0},"classes":[]},{"id":52660,"url":"https:\/\/historiografija.hr\/?p=52660","url_meta":{"origin":12364,"position":1},"title":"Medijski odjeci \u010dlanka Steve \u0110ura\u0161kovi\u0107a \u201e\u017dupanovljeva ne\u017eeljena djeca: ideolo\u0161ko pribli\u017eavanje neoliberala i kr\u0161\u0107anske radikalne desnice u Hrvatskoj\u201c","author":"Branimir Jankovi\u0107","date":"24. travnja 2026.","format":false,"excerpt":"U sklopu projekta \u201eIzazovi intelektualne povijesti: recepcije, preobrazbe i upotrebe politi\u010dkih ideja\u201c objavljen je polemi\u010dki \u010dlanak Steve \u0110ura\u0161kovi\u0107a \u201e\u017dupanovljeva ne\u017eeljena djeca: ideolo\u0161ko pribli\u017eavanje neoliberala i kr\u0161\u0107anske radikalne desnice u Hrvatskoj\u201c, koji je izazvao odre\u0111ene medijske reakcije. Stevo \u0110ura\u0161kovi\u0107 \u017dupanovljeva ne\u017eeljena djeca: ideolo\u0161ko pribli\u017eavanje neoliberala i kr\u0161\u0107anske radikalne desnice u Hrvatskoj\u2026","rel":"","context":"U &quot;Novosti&quot;","block_context":{"text":"Novosti","link":"https:\/\/historiografija.hr\/?cat=3"},"img":{"alt_text":"","src":"https:\/\/i0.wp.com\/historiografija.hr\/wp-content\/uploads\/2026\/04\/SD.png?fit=809%2C821&ssl=1&resize=350%2C200","width":350,"height":200,"srcset":"https:\/\/i0.wp.com\/historiografija.hr\/wp-content\/uploads\/2026\/04\/SD.png?fit=809%2C821&ssl=1&resize=350%2C200 1x, https:\/\/i0.wp.com\/historiografija.hr\/wp-content\/uploads\/2026\/04\/SD.png?fit=809%2C821&ssl=1&resize=525%2C300 1.5x, https:\/\/i0.wp.com\/historiografija.hr\/wp-content\/uploads\/2026\/04\/SD.png?fit=809%2C821&ssl=1&resize=700%2C400 2x"},"classes":[]},{"id":52502,"url":"https:\/\/historiografija.hr\/?p=52502","url_meta":{"origin":12364,"position":2},"title":"Novi znanstveni projekt Hrvatskog instituta za povijest: \u201c\u017drtve ratova i dr\u017eavnog\/politi\u010dkog nasilja u hrvatskoj povijesti 20. stolje\u0107a\u201d","author":"Branimir Jankovi\u0107","date":"17. travnja 2026.","format":false,"excerpt":"Na redovitoj sjednici Vlade RH, 16. travnja 2026., donijet je Zaklju\u010dak kojim se pokre\u0107e znanstveni projekt \u201c\u017drtve ratova i dr\u017eavnog\/politi\u010dkog nasilja u hrvatskoj povijesti 20. stolje\u0107a\u201d. Projekt \u0107e provoditi i koordinirati Hrvatski institut za povijest u razdoblju trajanja projekta od pet godina. Zakljucak Vlade RH Iz teksta projektnog prijedloga: Problematika\u2026","rel":"","context":"U &quot;Novosti&quot;","block_context":{"text":"Novosti","link":"https:\/\/historiografija.hr\/?cat=3"},"img":{"alt_text":"","src":"https:\/\/i0.wp.com\/historiografija.hr\/wp-content\/uploads\/2026\/04\/Vlada-RH.jpg?fit=1200%2C557&ssl=1&resize=350%2C200","width":350,"height":200,"srcset":"https:\/\/i0.wp.com\/historiografija.hr\/wp-content\/uploads\/2026\/04\/Vlada-RH.jpg?fit=1200%2C557&ssl=1&resize=350%2C200 1x, https:\/\/i0.wp.com\/historiografija.hr\/wp-content\/uploads\/2026\/04\/Vlada-RH.jpg?fit=1200%2C557&ssl=1&resize=525%2C300 1.5x, https:\/\/i0.wp.com\/historiografija.hr\/wp-content\/uploads\/2026\/04\/Vlada-RH.jpg?fit=1200%2C557&ssl=1&resize=700%2C400 2x, https:\/\/i0.wp.com\/historiografija.hr\/wp-content\/uploads\/2026\/04\/Vlada-RH.jpg?fit=1200%2C557&ssl=1&resize=1050%2C600 3x"},"classes":[]},{"id":52505,"url":"https:\/\/historiografija.hr\/?p=52505","url_meta":{"origin":12364,"position":3},"title":"Izlo\u017eba &#8220;Eschenstock \/ Jasenov prut&#8221;","author":"Branimir Jankovi\u0107","date":"17. travnja 2026.","format":false,"excerpt":"Srpsko narodno vije\u0107e (SNV) i Vizura aperta postavljaju izlo\u017ebu \u0161vicarskog slikara Velimira Ili\u0161evi\u0107a: Eschenstock \/ Jasenov prut. Izlo\u017eba se uz prisustvo autora otvara povodom 81. godi\u0161njice proboja logora\u0161a iz usta\u0161kog logora smrti Jasenovac 22. aprila 2026. u 19 sati u Srpskom kulturnom centru (SKC) u Preradovi\u0107evoj ulici 21 u Zagrebu.\u2026","rel":"","context":"U &quot;Izlo\u017ebe&quot;","block_context":{"text":"Izlo\u017ebe","link":"https:\/\/historiografija.hr\/?cat=10"},"img":{"alt_text":"","src":"https:\/\/i0.wp.com\/historiografija.hr\/wp-content\/uploads\/2026\/04\/Jasenov_prut.jpg?fit=1024%2C640&ssl=1&resize=350%2C200","width":350,"height":200,"srcset":"https:\/\/i0.wp.com\/historiografija.hr\/wp-content\/uploads\/2026\/04\/Jasenov_prut.jpg?fit=1024%2C640&ssl=1&resize=350%2C200 1x, https:\/\/i0.wp.com\/historiografija.hr\/wp-content\/uploads\/2026\/04\/Jasenov_prut.jpg?fit=1024%2C640&ssl=1&resize=525%2C300 1.5x, https:\/\/i0.wp.com\/historiografija.hr\/wp-content\/uploads\/2026\/04\/Jasenov_prut.jpg?fit=1024%2C640&ssl=1&resize=700%2C400 2x"},"classes":[]},{"id":52628,"url":"https:\/\/historiografija.hr\/?p=52628","url_meta":{"origin":12364,"position":4},"title":"Predavanje dopisnog \u010dlana HAZU Alaina Finkielkrauta Izrael, Europa, antisemitizam","author":"Branimir Jankovi\u0107","date":"23. travnja 2026.","format":false,"excerpt":"Francuski filozof Alain Finkielkraut, redoviti \u010dlan Francuske akademije i dopisni \u010dlan HAZU, odr\u017eat \u0107e predavanje\u00a0Izrael, Europa, antisemitizam u utorak 28. travnja 2026. u 13 sati u Knji\u017enici HAZU,\u00a0Strossmayerov trg 14 u Zagrebu. Uvodne rije\u010di odr\u017eat \u0107e\u00a0akademkinja \u017deljka \u010corak i\u00a0akademik Dra\u017een Katunari\u0107. Predavanje \u0107e se odr\u017eati na francuskom jeziku uz konsekutivno\u2026","rel":"","context":"U &quot;Novosti&quot;","block_context":{"text":"Novosti","link":"https:\/\/historiografija.hr\/?cat=3"},"img":{"alt_text":"","src":"https:\/\/i0.wp.com\/historiografija.hr\/wp-content\/uploads\/2026\/04\/Alain_Finkielkraut.jpg?fit=350%2C407&ssl=1&resize=350%2C200","width":350,"height":200},"classes":[]},{"id":52592,"url":"https:\/\/historiografija.hr\/?p=52592","url_meta":{"origin":12364,"position":5},"title":"Predstavljanje knjige &#8220;Turska ku\u0107a u Rijeci&#8221; u Zagrebu","author":"Branimir Jankovi\u0107","date":"22. travnja 2026.","format":false,"excerpt":"U prostorijama Turskog kulturnog centra Yunus Emre u Zagrebu, u utorak 21. travnja 2026. godine, odr\u017eano je sve\u010dano predstavljanje dopunjenog izdanja knjige Turska ku\u0107a u Rijeci, u organizaciji Hrvatsko-turskog dru\u0161tva Rijeka i partnerstvu sa Skupinom prijateljstva Hrvatska-Turska Hrvatskog sabora, Veleposlanstvom Republike Turske u Republici Hrvatskoj te Turskim kulturnim centrom Yunus\u2026","rel":"","context":"U &quot;Novosti&quot;","block_context":{"text":"Novosti","link":"https:\/\/historiografija.hr\/?cat=3"},"img":{"alt_text":"","src":"https:\/\/i0.wp.com\/historiografija.hr\/wp-content\/uploads\/2026\/04\/Turska-kuca-ZG.jpg?fit=1200%2C800&ssl=1&resize=350%2C200","width":350,"height":200,"srcset":"https:\/\/i0.wp.com\/historiografija.hr\/wp-content\/uploads\/2026\/04\/Turska-kuca-ZG.jpg?fit=1200%2C800&ssl=1&resize=350%2C200 1x, https:\/\/i0.wp.com\/historiografija.hr\/wp-content\/uploads\/2026\/04\/Turska-kuca-ZG.jpg?fit=1200%2C800&ssl=1&resize=525%2C300 1.5x, https:\/\/i0.wp.com\/historiografija.hr\/wp-content\/uploads\/2026\/04\/Turska-kuca-ZG.jpg?fit=1200%2C800&ssl=1&resize=700%2C400 2x, https:\/\/i0.wp.com\/historiografija.hr\/wp-content\/uploads\/2026\/04\/Turska-kuca-ZG.jpg?fit=1200%2C800&ssl=1&resize=1050%2C600 3x"},"classes":[]}],"_links":{"self":[{"href":"https:\/\/historiografija.hr\/index.php?rest_route=\/wp\/v2\/posts\/12364","targetHints":{"allow":["GET"]}}],"collection":[{"href":"https:\/\/historiografija.hr\/index.php?rest_route=\/wp\/v2\/posts"}],"about":[{"href":"https:\/\/historiografija.hr\/index.php?rest_route=\/wp\/v2\/types\/post"}],"author":[{"embeddable":true,"href":"https:\/\/historiografija.hr\/index.php?rest_route=\/wp\/v2\/users\/2"}],"replies":[{"embeddable":true,"href":"https:\/\/historiografija.hr\/index.php?rest_route=%2Fwp%2Fv2%2Fcomments&post=12364"}],"version-history":[{"count":1,"href":"https:\/\/historiografija.hr\/index.php?rest_route=\/wp\/v2\/posts\/12364\/revisions"}],"predecessor-version":[{"id":12366,"href":"https:\/\/historiografija.hr\/index.php?rest_route=\/wp\/v2\/posts\/12364\/revisions\/12366"}],"wp:featuredmedia":[{"embeddable":true,"href":"https:\/\/historiografija.hr\/index.php?rest_route=\/wp\/v2\/media\/12365"}],"wp:attachment":[{"href":"https:\/\/historiografija.hr\/index.php?rest_route=%2Fwp%2Fv2%2Fmedia&parent=12364"}],"wp:term":[{"taxonomy":"category","embeddable":true,"href":"https:\/\/historiografija.hr\/index.php?rest_route=%2Fwp%2Fv2%2Fcategories&post=12364"},{"taxonomy":"post_tag","embeddable":true,"href":"https:\/\/historiografija.hr\/index.php?rest_route=%2Fwp%2Fv2%2Ftags&post=12364"}],"curies":[{"name":"wp","href":"https:\/\/api.w.org\/{rel}","templated":true}]}}