{"id":12264,"date":"2018-11-18T12:59:20","date_gmt":"2018-11-18T12:59:20","guid":{"rendered":"http:\/\/historiografija.hr\/?p=12264"},"modified":"2018-11-18T12:59:20","modified_gmt":"2018-11-18T12:59:20","slug":"zene-u-crnom-nikada-necemo-zaboraviti-zlocine-u-vukovaru","status":"publish","type":"post","link":"https:\/\/historiografija.hr\/?p=12264","title":{"rendered":"\u017dene u crnom: Nikada ne\u0107emo zaboraviti zlo\u010dine u Vukovaru"},"content":{"rendered":"<p>\u017dene u crnom \u0107e 18. novembra 2018. godine organizovati mirovnu akciju Vukovar \u2013 ubijanje jednog grada, u Knez Mihailovoj u Beogradu, od 17h do 18h. Dana, 19. novembra aktivistkinje \u017dena u crnom \u0107e prisustvovati komemoraciji u Vukovaru. Povodom 27 godina od pada Vukovara, podse\u0107amo da je: 25. 8. 1991. godine napadom JNA iz vazduha, sa zemlje i Dunava, po\u010deo \u201epakao Vukovara\u201c. 19. septembra 1991. veliki broj Beogra\u0111ana, bacaju\u0107i cve\u0107e pred tenkove, ispratio je Prvu gardijsku oklopnu diviziju JNA u ru\u0161ila\u010dki pohod na Vukovar. Kao jedan od najsramnijih doga\u0111aja u istoriji Beograda, prekriven je zavetom \u0107utanja i poricanja!<\/p>\n<p>Vukovar je 1991. bio punih 87 dana pod opsadom JNA i paravojnih srpskih formacija. Tokom opsade Vukovara po\u010dinjen je ratni zlo\u010din urbicida i kulturocida \u2013 uni\u0161teno je istorijsko jezgro grada; Vukovar je postao simbol varvarskog uni\u0161tavanja gradova u ratu&#8230; Ubijeno je vi\u0161e 1000 civila, ranjeno je vi\u0161e od 25000 ljudi, dok je vi\u0161e hiljada bolesnih i ranjenih zarobljenika i zarobljenica pro\u0161lo kroz logore u Srbiji. Za zlo\u010dine urbicida, za osnivanje logora, ubijanje i mu\u010denje hrvatskih zarobljenika\/ca u Srbiji jo\u0161 uvek niko nije odgovarao, \u0161to ukazuje na kontinuitet neka\u017enjivosti.<\/p>\n<p>I ove godine obratili smo se nadle\u017enim institucijama (op\u0161tinama Zrenjanin i \u017diti\u0161te na kojima se nalazili logori) sa zahtevom da se na mestima stradanja i mu\u010denja u logorima Staji\u0107evo i Begejci postave spomen-plo\u010de, \u0161to bi bio doprinos procesu obnove poverenja i pomirenja, kao i uva\u017eavanje dostojanstva \u017ertava tih logora i njihovih porodica. Na\u0161i zahtevi nisu usli\u0161eni, \u0161to ukazuje na nedostatak politi\u010dke volje i moralne odgovornosti u odnosu na zlo\u010dine po\u010dinjene u na\u0161e ime. Ovom prilikom podr\u017eavamo zahteve trojice hrvatskih gra\u0111ana iz Vukovara koji su ove godine tu\u017eili dr\u017eavu Srbiju zato \u0161to su bili zato\u010denici logora Staji\u0107evo i Begejci.<\/p>\n<p>\u017dene u crnom \u0107e nastaviti sa zalaganjem za pravedno i primereno ka\u017enjavanje svih po\u010dinilaca ratnih zlo\u010dina po\u010dinjenih od strane srpskih oru\u017eanih formacija pred sudovima Republike Srbije. Istina o zlo\u010dinima po\u010dinjenih u ratovima devedesetih godina pro\u0161log veka ne sme da bude sahranjena zajedno sa \u017ertvama, a njihovi inspiratori, organizatori i izvr\u0161ioci ne smeju da izbegnu moralnu, politi\u010dku i krivi\u010dnu odgovornost. To je preduslov pravednog mira i regionalne stabilnosti.<\/p>\n<p>&nbsp;<\/p>\n<p>Beograd, 17. novembar 2018.<\/p>\n<p>&nbsp;<\/p>\n<p>\u017dene u crnom<\/p>\n<p>uz podr\u0161ku Fonda za humanitarno pravo, Beograd<\/p>\n<p>&nbsp;<\/p>\n<p>Izvori:<\/p>\n<p>&nbsp;<\/p>\n<p><a href=\"https:\/\/www.facebook.com\/events\/2312631092112684\/\">https:\/\/www.facebook.com\/events\/2312631092112684\/<\/a><\/p>\n<p>&nbsp;<\/p>\n<p><a href=\"https:\/\/www.facebook.com\/womeninblackserbia\/\">https:\/\/www.facebook.com\/womeninblackserbia\/<\/a><\/p>\n<p>&nbsp;<\/p>\n<p><a href=\"https:\/\/www.facebook.com\/FHP.HLC\/\">https:\/\/www.facebook.com\/FHP.HLC\/<\/a><\/p>\n<p>&nbsp;<\/p>\n","protected":false},"excerpt":{"rendered":"","protected":false},"author":2,"featured_media":12265,"comment_status":"open","ping_status":"open","sticky":false,"template":"","format":"standard","meta":{"_acf_changed":false,"jetpack_post_was_ever_published":false,"_jetpack_newsletter_access":"","_jetpack_dont_email_post_to_subs":false,"_jetpack_newsletter_tier_id":0,"_jetpack_memberships_contains_paywalled_content":false,"_jetpack_memberships_contains_paid_content":false,"footnotes":"","jetpack_publicize_message":"","jetpack_publicize_feature_enabled":true,"jetpack_social_post_already_shared":true,"jetpack_social_options":{"image_generator_settings":{"template":"highway","default_image_id":0,"font":"","enabled":false},"version":2}},"categories":[3],"tags":[],"class_list":["post-12264","post","type-post","status-publish","format-standard","has-post-thumbnail","hentry","category-novosti"],"acf":{"facebook_opis":""},"jetpack_publicize_connections":[],"jetpack_featured_media_url":"https:\/\/i0.wp.com\/historiografija.hr\/wp-content\/uploads\/2018\/11\/zene-u-crnom.jpg?fit=960%2C639&ssl=1","jetpack_sharing_enabled":true,"jetpack-related-posts":[{"id":52616,"url":"https:\/\/historiografija.hr\/?p=52616","url_meta":{"origin":12264,"position":0},"title":"No\u0107 knjige 2026.","author":"Branimir Jankovi\u0107","date":"22. travnja 2026.","format":false,"excerpt":"Slavljeni\u010dka 15. No\u0107 knjige odr\u017eat \u0107e se 23. travnja diljem Hrvatske u povodu Svjetskog dana knjige i autorskih prava te Dana hrvatske knjige. S vi\u0161e od 1.000 prijavljenih programa i akcija s pravom nosi epitet najmasovnije doma\u0107e kulturne manifestacije, a ove \u0107e godine prote\u0107i u znaku mira, razumijevanja, tolerancije, srodnosti\u2026","rel":"","context":"U &quot;Novosti&quot;","block_context":{"text":"Novosti","link":"https:\/\/historiografija.hr\/?cat=3"},"img":{"alt_text":"","src":"https:\/\/i0.wp.com\/historiografija.hr\/wp-content\/uploads\/2026\/04\/noc_knjige_2026.jpg?fit=680%2C276&ssl=1&resize=350%2C200","width":350,"height":200,"srcset":"https:\/\/i0.wp.com\/historiografija.hr\/wp-content\/uploads\/2026\/04\/noc_knjige_2026.jpg?fit=680%2C276&ssl=1&resize=350%2C200 1x, https:\/\/i0.wp.com\/historiografija.hr\/wp-content\/uploads\/2026\/04\/noc_knjige_2026.jpg?fit=680%2C276&ssl=1&resize=525%2C300 1.5x"},"classes":[]},{"id":52543,"url":"https:\/\/historiografija.hr\/?p=52543","url_meta":{"origin":12264,"position":1},"title":"Znanstveno-stru\u010dni skup \u201eOto\u010dne pu\u010dke pobo\u017enosti: kontinuiteti i transformacije\u201c","author":"Branimir Jankovi\u0107","date":"20. travnja 2026.","format":false,"excerpt":"Najavljujemo\u00a0znanstveno-stru\u010dni skup \u201eOto\u010dne pu\u010dke pobo\u017enosti: kontinuiteti i transformacije\u201c,\u00a0koji \u0107e se odr\u017eati\u00a0u Rabu od 24. do 26. travnja 2026.,\u00a0u organizaciji i uz potporu\u00a0Instituta za etnologiju i folkloristiku, Zagreb, \u00a0Grada Raba, Pu\u010dkog otvorenog u\u010dili\u0161ta Rab i Centra za istra\u017eivanje srednjovjekovne ba\u0161tine Jadrana RIMAH. Skup okuplja vode\u0107e doma\u0107e stru\u010dnjake koji \u0107e kroz niz\u2026","rel":"","context":"U &quot;Novosti&quot;","block_context":{"text":"Novosti","link":"https:\/\/historiografija.hr\/?cat=3"},"img":{"alt_text":"","src":"https:\/\/i0.wp.com\/historiografija.hr\/wp-content\/uploads\/2026\/04\/Skup_Rab.jpg?fit=848%2C1200&ssl=1&resize=350%2C200","width":350,"height":200,"srcset":"https:\/\/i0.wp.com\/historiografija.hr\/wp-content\/uploads\/2026\/04\/Skup_Rab.jpg?fit=848%2C1200&ssl=1&resize=350%2C200 1x, https:\/\/i0.wp.com\/historiografija.hr\/wp-content\/uploads\/2026\/04\/Skup_Rab.jpg?fit=848%2C1200&ssl=1&resize=525%2C300 1.5x, https:\/\/i0.wp.com\/historiografija.hr\/wp-content\/uploads\/2026\/04\/Skup_Rab.jpg?fit=848%2C1200&ssl=1&resize=700%2C400 2x"},"classes":[]},{"id":52633,"url":"https:\/\/historiografija.hr\/?p=52633","url_meta":{"origin":12264,"position":2},"title":"POVIJEST TRE\u0160NJEVA\u010cKE GLAZBE: prikupljanje virtualnog fundusa Muzeja susjedstva Tre\u0161njevka","author":"Branimir Jankovi\u0107","date":"23. travnja 2026.","format":false,"excerpt":"utorak 28. 4. 2026. 14 - 18 h Nova BAZA, Nova cesta 66, Zagreb Prvi su dani ljeta 1957. godine. Bo\u017eica Kalafati\u0107 poha\u0111a drugi razred Osnovne \u0161kole Bratstvo i jedinstvo, danas kralja Tomislava, a ide i na muzi\u010dke satove u Mo\u0161\u0107eni\u010dkoj ulici. Na fotografiji s harmonikom u rukama stoji u\u2026","rel":"","context":"U &quot;Novosti&quot;","block_context":{"text":"Novosti","link":"https:\/\/historiografija.hr\/?cat=3"},"img":{"alt_text":"","src":"https:\/\/i0.wp.com\/historiografija.hr\/wp-content\/uploads\/2026\/04\/MST_prikupljanje.jpg?fit=380%2C475&ssl=1&resize=350%2C200","width":350,"height":200},"classes":[]},{"id":52666,"url":"https:\/\/historiografija.hr\/?p=52666","url_meta":{"origin":12264,"position":3},"title":"Najava programa Festivala povijesti Kliofest (5-8. V. 2026)","author":"Branimir Jankovi\u0107","date":"24. travnja 2026.","format":false,"excerpt":"Po trinaesti put odr\u017eava se Festival povijesti Kliofest! Do petka \u0107emo odr\u017eati osam okruglih stolova i dva kolokvija te niz predstavljanja knjiga i projekata razli\u010dite tematike, od antike do suvremenosti. Bit \u0107e predstavljeno i nekoliko izlo\u017ebi te odr\u017ean jedan povijesni kviz. Prikazat \u0107emo i jedan film \u2013 o generalu Boroevi\u0107u.\u2026","rel":"","context":"U &quot;Novosti&quot;","block_context":{"text":"Novosti","link":"https:\/\/historiografija.hr\/?cat=3"},"img":{"alt_text":"","src":"https:\/\/i0.wp.com\/historiografija.hr\/wp-content\/uploads\/2026\/04\/Kliofest-2026.jpg?fit=526%2C526&ssl=1&resize=350%2C200","width":350,"height":200,"srcset":"https:\/\/i0.wp.com\/historiografija.hr\/wp-content\/uploads\/2026\/04\/Kliofest-2026.jpg?fit=526%2C526&ssl=1&resize=350%2C200 1x, https:\/\/i0.wp.com\/historiografija.hr\/wp-content\/uploads\/2026\/04\/Kliofest-2026.jpg?fit=526%2C526&ssl=1&resize=525%2C300 1.5x"},"classes":[]},{"id":52704,"url":"https:\/\/historiografija.hr\/?p=52704","url_meta":{"origin":12264,"position":4},"title":"Predstavljanje knjige &#8220;Vladimir Vasiljevi\u0107: Moji do\u017eivljaji. Dnevni\u010dki zapisi iz Prvoga svjetskog rata i poratnoga vremena&#8221;","author":"Filip \u0160imunjak","date":"29. travnja 2026.","format":false,"excerpt":"Doga\u0111anja ovogodi\u0161njega Festivala povijesti Kliofest zapo\u010dinjemo ve\u0107 i prije samoga slu\u017ebenog otvaranja, predstavljanjem knjige \u201eMoji do\u017eivljaji. Dnevni\u010dki zapisi iz Prvoga svjetskog rata i poratnoga vremena\u201d Vladimira Vasiljevi\u0107a, koju su priredili Karlo Rukavina i Damir Agi\u010di\u0107. Pozivamo Vas na predstavljanje koje \u0107e se odr\u017eati u ponedjeljak 4. svibnja, s po\u010detkom u\u2026","rel":"","context":"U &quot;Knjige&quot;","block_context":{"text":"Knjige","link":"https:\/\/historiografija.hr\/?cat=8"},"img":{"alt_text":"","src":"https:\/\/i0.wp.com\/historiografija.hr\/wp-content\/uploads\/2026\/04\/Naslovna-V.-Vasiljevic.webp?fit=1200%2C600&ssl=1&resize=350%2C200","width":350,"height":200,"srcset":"https:\/\/i0.wp.com\/historiografija.hr\/wp-content\/uploads\/2026\/04\/Naslovna-V.-Vasiljevic.webp?fit=1200%2C600&ssl=1&resize=350%2C200 1x, https:\/\/i0.wp.com\/historiografija.hr\/wp-content\/uploads\/2026\/04\/Naslovna-V.-Vasiljevic.webp?fit=1200%2C600&ssl=1&resize=525%2C300 1.5x, https:\/\/i0.wp.com\/historiografija.hr\/wp-content\/uploads\/2026\/04\/Naslovna-V.-Vasiljevic.webp?fit=1200%2C600&ssl=1&resize=700%2C400 2x, https:\/\/i0.wp.com\/historiografija.hr\/wp-content\/uploads\/2026\/04\/Naslovna-V.-Vasiljevic.webp?fit=1200%2C600&ssl=1&resize=1050%2C600 3x"},"classes":[]},{"id":52619,"url":"https:\/\/historiografija.hr\/?p=52619","url_meta":{"origin":12264,"position":5},"title":"Predavanje \u0110ur\u0111ice Vitkovi\u0107 &#8220;Izme\u0111u pera i objektiva: Zagorka i Foto Tonka&#8221;","author":"Branimir Jankovi\u0107","date":"23. travnja 2026.","format":false,"excerpt":"Memorijalni stan Marije Juri\u0107 Zagorke poziva Vas na predavanje \u0110ur\u0111ice Vitkovi\u0107 \u201eIzme\u0111u pera i objektiva: Zagorka i Foto Tonka\u201c koje \u0107e se odr\u017eati u utorak, 28. travnja 2026. s po\u010detkom u 18 h u sklopu Ciklusa predavanja u Memorijalnom stanu Marije Juri\u0107 Zagorke. Kako su se susrele knji\u017eevnost i fotografija\u2026","rel":"","context":"U &quot;Novosti&quot;","block_context":{"text":"Novosti","link":"https:\/\/historiografija.hr\/?cat=3"},"img":{"alt_text":"","src":"https:\/\/i0.wp.com\/historiografija.hr\/wp-content\/uploads\/2024\/11\/Zagorka_ciklus.jpg?fit=1200%2C1006&ssl=1&resize=350%2C200","width":350,"height":200,"srcset":"https:\/\/i0.wp.com\/historiografija.hr\/wp-content\/uploads\/2024\/11\/Zagorka_ciklus.jpg?fit=1200%2C1006&ssl=1&resize=350%2C200 1x, https:\/\/i0.wp.com\/historiografija.hr\/wp-content\/uploads\/2024\/11\/Zagorka_ciklus.jpg?fit=1200%2C1006&ssl=1&resize=525%2C300 1.5x, https:\/\/i0.wp.com\/historiografija.hr\/wp-content\/uploads\/2024\/11\/Zagorka_ciklus.jpg?fit=1200%2C1006&ssl=1&resize=700%2C400 2x, https:\/\/i0.wp.com\/historiografija.hr\/wp-content\/uploads\/2024\/11\/Zagorka_ciklus.jpg?fit=1200%2C1006&ssl=1&resize=1050%2C600 3x"},"classes":[]}],"_links":{"self":[{"href":"https:\/\/historiografija.hr\/index.php?rest_route=\/wp\/v2\/posts\/12264","targetHints":{"allow":["GET"]}}],"collection":[{"href":"https:\/\/historiografija.hr\/index.php?rest_route=\/wp\/v2\/posts"}],"about":[{"href":"https:\/\/historiografija.hr\/index.php?rest_route=\/wp\/v2\/types\/post"}],"author":[{"embeddable":true,"href":"https:\/\/historiografija.hr\/index.php?rest_route=\/wp\/v2\/users\/2"}],"replies":[{"embeddable":true,"href":"https:\/\/historiografija.hr\/index.php?rest_route=%2Fwp%2Fv2%2Fcomments&post=12264"}],"version-history":[{"count":1,"href":"https:\/\/historiografija.hr\/index.php?rest_route=\/wp\/v2\/posts\/12264\/revisions"}],"predecessor-version":[{"id":12266,"href":"https:\/\/historiografija.hr\/index.php?rest_route=\/wp\/v2\/posts\/12264\/revisions\/12266"}],"wp:featuredmedia":[{"embeddable":true,"href":"https:\/\/historiografija.hr\/index.php?rest_route=\/wp\/v2\/media\/12265"}],"wp:attachment":[{"href":"https:\/\/historiografija.hr\/index.php?rest_route=%2Fwp%2Fv2%2Fmedia&parent=12264"}],"wp:term":[{"taxonomy":"category","embeddable":true,"href":"https:\/\/historiografija.hr\/index.php?rest_route=%2Fwp%2Fv2%2Fcategories&post=12264"},{"taxonomy":"post_tag","embeddable":true,"href":"https:\/\/historiografija.hr\/index.php?rest_route=%2Fwp%2Fv2%2Ftags&post=12264"}],"curies":[{"name":"wp","href":"https:\/\/api.w.org\/{rel}","templated":true}]}}