{"id":12241,"date":"2018-11-14T08:51:11","date_gmt":"2018-11-14T08:51:11","guid":{"rendered":"http:\/\/historiografija.hr\/?p=12241"},"modified":"2018-11-14T08:51:11","modified_gmt":"2018-11-14T08:51:11","slug":"round-table-rethinking-balkanism","status":"publish","type":"post","link":"https:\/\/historiografija.hr\/?p=12241","title":{"rendered":"Round Table \u201eRethinking Balkanism\u201c"},"content":{"rendered":"<p>U utorak, 13. studenog 2018. godine na Srednjoeuropskom sveu\u010dili\u0161tu u Budimpe\u0161ti (CEU) odr\u017ean je okrugli stol povodom knjige Diane Mishkove \u201eBeyond Balkanism\u201c.<\/p>\n<p><strong>\u00a0<\/strong><\/p>\n<p><strong>&#8212;<\/strong><\/p>\n<p><strong>\u00a0<\/strong><\/p>\n<p><strong>Rethinking Balkanism<\/strong><\/p>\n<p><strong>\u00a0<\/strong><\/p>\n<p>Date: Tuesday, November 13, 2018 &#8211; 6:30pm to 8:00pm<\/p>\n<p><strong>\u00a0<\/strong><\/p>\n<p><strong><em>We invite you to the round table co-organized by the Karl Polanyi Center for Global Social Studies, CEU History Department and Pasts, Inc. Center for Historical Studies.<\/em><\/strong><\/p>\n<p>&nbsp;<\/p>\n<p>During the discussion, Diana Mishkova\u2019s\u00a0<em>Beyond Balkanism<\/em>\u00a0will be presented and discussed in a wider context.<\/p>\n<p>&nbsp;<\/p>\n<p><strong>Speakers:<\/strong><\/p>\n<p><strong>Diana Mishkova:\u00a0<em>Rethinking Balkanism<\/em><\/strong><\/p>\n<p>About Diana Mishkova\u2019s\u00a0<em>Beyond Balkanism<\/em>: In recent years, western discourse about the Balkans, or \u201cBalkanism,\u201d has risen in prominence. Characteristically, this strand of research sidelines the academic input in the production of western representations and Balkan self-understanding. Looking at the Balkans from the vantage point of \u201cBalkanism\u201d has therefore contributed to its further marginalization as an object of research and the evisceration of its agency. This book reverses the perspective and looks at the Balkans primarily inside-out, from within the Balkans towards its \u201cself\u201d and the outside world, where the west is important but not the sole referent.<\/p>\n<p>The book unravels attempts at regional identity-building and construction of regional discourses across various generations and academic subcultures, with the aim of reconstructing the conceptualizations of the Balkans that have emerged from academically embedded discursive practices and political usages. It thus seeks to reinstate the subjectivity of \u201cthe Balkans\u201d and the responsibility of the Balkan intellectual elites for the concept and the images it conveys. The book then looks beyond the Balkans, inviting us to rethink the relationship between national and transnational (self-)representation and the communication between local and exogenous \u2013 Western, Central and Eastern European \u2013 concepts and definitions more generally. It thus contributes to the ongoing debates related to the creation of space and historical regions, which feed into rethinking the premises of the \u201cnew area studies.\u201d\u00a0<em>Beyond Balkanism: The Scholarly Politics of Region Making<\/em>\u00a0will interest researchers and students of transnationalism, intellectual history,\u00a0politics, historical geography, border and area studies.<\/p>\n<p><strong>Bio:<\/strong>\u00a0Mishkova has been the Academic Director, since 2000, of the Centre for Advanced Study Sofia. She has published extensively on comparative Balkan history, intellectual history, and historiography. Her recent publications include\u00a0<em>Beyond Balkanism: The Scholarly Politics of Region Making<\/em>\u00a0(New York: Routledge, 2018),\u00a0<em>European Regions and Boundaries. A Conceptual History<\/em>, co-edited with Bal\u00e1zs Trencs\u00e9nyi (London: Berghahn Books, 2017), and\u00a0<em>Entangled Histories of the Balkans. Vol. 2: Transfer of Political Ideologies and Institutions,\u00a0<\/em>and\u00a0<em>Vol. 4: Concepts, Approaches, and (Self-) Representations<\/em>, co-edited with Roumen Daskalov et al. (Leiden and Boston: Brill, 2013, 2017).<\/p>\n<p>&nbsp;<\/p>\n<p><strong>Orlanda Obad:\u00a0<em>On Illiberal Avant-garde: Balkanism and the 1990s in Croatia<\/em><\/strong><\/p>\n<p>Obad will argue that, in order to understand some of the current \u201cilliberal\u201c tendencies in both Croatian and broader, regional contexts, one needs to re-examine the 1990s, the decade in which critique of Balkanism was established. Beneath the discursively simplified centering of the Europe\/Balkan opposition, there was a plethora of social processes in Croatia which remained underresearched and misevaluated. As those begin to be recognized as roots of current \u201ctroubles\u201c, Obad revisits some of the blind spots of Balkanist critique, while examining the (remaining) political potential of strategic essentialism in this body of work. Obad will focus on (dis)continuities between 1990s and 2010s, such as the social role of the Catholic Church and the present conservative tendencies among the young; the fulfillment of former president Tudjman&#8217;s political ideas in Croatian politics and society; the process of privatization and the country&#8217;s current economic illnesses, topics which are thematized in the latest wave of research on the 1990s.<\/p>\n<p><strong>Bio:<\/strong>\u00a0Orlanda Obad is a senior assistant at the Institute of Ethnology and Folklore Research (IEF). She draws upon several disciplines \u2013 sociology, cultural anthropology and political science. She participated in several international research projects, including INFORM (Horizon 2020), in which she co-develops the concept of caring (female) entrepreneurship. She is the founder of Ruralije, an informal research group concerned with rural development, and she also directs a series of public lectures and discussions \u2013 Tribina IEF-a \u2013 at the Institute. Her topics of interest include rural development, emotional capital, critique of Balkanism, European Union and the Western Balkans, and 1990s in Croatia.<\/p>\n<p>&nbsp;<\/p>\n<p><strong>Discussants:<\/strong><\/p>\n<p><strong>Bal\u00e1zs Trencs\u00e9nyi<\/strong><\/p>\n<p><strong>Bio:<\/strong>\u00a0Bal\u00e1zs Trencs\u00e9nyi is a Professor at the History Department of Central European University, Budapest. His main field of interest is the history of modern political thought in East-Central Europe. Between 2008 and 2013, he was Principal Investigator of the ERC project, \u201cNegotiating Modernity: History of Modern Political Thought in East Central Europe.\u201d Among his recent publications are\u00a0<em>The Politics of \u2018National Character\u2019: A Study in Interwar East European Thought<\/em>\u00a0(Routledge, 2012), and\u00a0<em>A History of Modern Political Thought in East Central Europe, Vol. 1: Negotiating Modernity in the \u201cLong Nineteenth Century\u201d<\/em>\u00a0(Oxford UP, 2016).<\/p>\n<p><strong>Zolt\u00e1n Ginelli<\/strong><\/p>\n<p><strong>Bio:<\/strong>\u00a0Zolt\u00e1n Ginelli is a PhD Candidate in human geography, an assistant researcher at the Institute of History at the Hungarian Academy of Sciences, a member of the Working Group for Public Sociology \u201cHelyzet\u201d, and an assistant in the research project \u201c1989 after 1989: Rethinking the Fall of State Socialism in Global Perspective\u201d at Exeter University. His dissertation unravels the geographical history of Cold War geography and spatial planning, the globalization of geography\u2019s \u201cquantitative revolution\u201d between the 1950s and 1970s, and the transnational history of Walter Christaller\u2019s central place theory. His current research focuses on socialist globalization and foreign policy in Hungary during the Cold War, the connections between socialist Eastern Bloc and the \u201cThird World\u201d, and Hungary\u2019s semiperipheral relation to colonialism and decolonization. In his research and teaching he engages with the geographies of scientific knowledge, policy mobilities, actor-network theory, postcolonial and decolonial theory, and transnational or global history.<\/p>\n<p><strong>Attila Melegh<\/strong><\/p>\n<p><strong>Bio:<\/strong>\u00a0Sociologist and historian. Senior researcher at the Demographic Research Institute (Hungarian Central Statistical Office), associate professor at Corvinus University, Budapest, professor on leave at Pal Tomori College. He has taught in the United States, Russia, Georgia and Hungary. He has been the project manager of several major international projects including SEEMIG. He is the founding director of Karl Polanyi Research Center. He does research on population discourses, migration, migration statistics and on global social change in the 20th century. Author of 3 books in English and Hungarian, and over a hundred scientific publications.<\/p>\n<p>&nbsp;<\/p>\n<p><a href=\"https:\/\/history.ceu.edu\/events\/2018-11-13\/rethinking-balkanism\">https:\/\/history.ceu.edu\/events\/2018-11-13\/rethinking-balkanism<\/a><\/p>\n<p>&nbsp;<\/p>\n","protected":false},"excerpt":{"rendered":"","protected":false},"author":2,"featured_media":11340,"comment_status":"open","ping_status":"open","sticky":false,"template":"","format":"standard","meta":{"_acf_changed":false,"jetpack_post_was_ever_published":false,"_jetpack_newsletter_access":"","_jetpack_dont_email_post_to_subs":false,"_jetpack_newsletter_tier_id":0,"_jetpack_memberships_contains_paywalled_content":false,"_jetpack_memberships_contains_paid_content":false,"footnotes":"","jetpack_publicize_message":"","jetpack_publicize_feature_enabled":true,"jetpack_social_post_already_shared":true,"jetpack_social_options":{"image_generator_settings":{"template":"highway","default_image_id":0,"font":"","enabled":false},"version":2}},"categories":[3],"tags":[],"class_list":["post-12241","post","type-post","status-publish","format-standard","has-post-thumbnail","hentry","category-novosti"],"acf":{"facebook_opis":""},"jetpack_publicize_connections":[],"jetpack_featured_media_url":"https:\/\/i0.wp.com\/historiografija.hr\/wp-content\/uploads\/2018\/09\/balkanism.png?fit=278%2C425&ssl=1","jetpack_sharing_enabled":true,"jetpack-related-posts":[{"id":52677,"url":"https:\/\/historiografija.hr\/?p=52677","url_meta":{"origin":12241,"position":0},"title":"CfP: NAVIGATING THE PAST, FACING THE PRESENT: CHALLENGES AND OPPORTUNITIES IN RE-PRESENTING CONFLICTS AND VIOLENCE IN MEMORY AND EDUCATION INSTITUTIONS, WARSAW, 22ND\u201324TH OCTOBER 2026 (DEADLINE: 30TH APRIL 2026)","author":"Branimir Jankovi\u0107","date":"27. travnja 2026.","format":false,"excerpt":"The conference and graduate workshop (October 22-24, 2026, Warsaw) addresses the representation of history in public and institutional contexts, with a focus beyond the often-studied field of \u201cmemory culture\u201d. Rather than emphasizing the politicization of memory and cultural institutions, the discussion shifts toward new methods, media, and challenges in historical\u2026","rel":"","context":"U &quot;Novosti&quot;","block_context":{"text":"Novosti","link":"https:\/\/historiografija.hr\/?cat=3"},"img":{"alt_text":"","src":"https:\/\/i0.wp.com\/historiografija.hr\/wp-content\/uploads\/2017\/10\/hsozkult.png?fit=1006%2C241&ssl=1&resize=350%2C200","width":350,"height":200,"srcset":"https:\/\/i0.wp.com\/historiografija.hr\/wp-content\/uploads\/2017\/10\/hsozkult.png?fit=1006%2C241&ssl=1&resize=350%2C200 1x, https:\/\/i0.wp.com\/historiografija.hr\/wp-content\/uploads\/2017\/10\/hsozkult.png?fit=1006%2C241&ssl=1&resize=525%2C300 1.5x, https:\/\/i0.wp.com\/historiografija.hr\/wp-content\/uploads\/2017\/10\/hsozkult.png?fit=1006%2C241&ssl=1&resize=700%2C400 2x"},"classes":[]},{"id":52688,"url":"https:\/\/historiografija.hr\/?p=52688","url_meta":{"origin":12241,"position":1},"title":"Eleonora Naxidou and Yura Konstantinova \u201eBalkan Perspectives of Europe: Between East and West\u201c","author":"Filip \u0160imunjak","date":"28. travnja 2026.","format":false,"excerpt":"Through the lens of the Balkan nations, this volume makes a valuable and significant contribution to the fields of European and Southeast European studies by reconsidering the East\/West dichotomy \u2013 both in terms of the Orient\u2013Occident divide and the Eastern\u2013Western Europe binary. Balkan Perspectives of Europe focuses on concepts of\u2026","rel":"","context":"U &quot;Knjige&quot;","block_context":{"text":"Knjige","link":"https:\/\/historiografija.hr\/?cat=8"},"img":{"alt_text":"","src":"https:\/\/i0.wp.com\/historiografija.hr\/wp-content\/uploads\/2026\/04\/Balkan-Perspectives-of-Europe-Between-East-and-West.jpg?fit=350%2C525&ssl=1&resize=350%2C200","width":350,"height":200},"classes":[]},{"id":52664,"url":"https:\/\/historiografija.hr\/?p=52664","url_meta":{"origin":12241,"position":2},"title":"CfP: CONFERENCE OF THE HISTORY OF CONCEPTS GROUP, HELSINKI, 19TH\u201321ST AUGUST 2026 (DEADLINE: 30TH APRIL 2026)","author":"Branimir Jankovi\u0107","date":"24. travnja 2026.","format":false,"excerpt":"The annual conference of the History of Concepts Group is held at the University of Helsinki, 19-21 August 2026. Conference of the History of Concepts Group Conceptual history studies the use of concepts and tries to understand how historical actors have linguistically articulated views of the world. Studying concepts from\u2026","rel":"","context":"U &quot;Novosti&quot;","block_context":{"text":"Novosti","link":"https:\/\/historiografija.hr\/?cat=3"},"img":{"alt_text":"","src":"https:\/\/i0.wp.com\/historiografija.hr\/wp-content\/uploads\/2017\/10\/hsozkult.png?fit=1006%2C241&ssl=1&resize=350%2C200","width":350,"height":200,"srcset":"https:\/\/i0.wp.com\/historiografija.hr\/wp-content\/uploads\/2017\/10\/hsozkult.png?fit=1006%2C241&ssl=1&resize=350%2C200 1x, https:\/\/i0.wp.com\/historiografija.hr\/wp-content\/uploads\/2017\/10\/hsozkult.png?fit=1006%2C241&ssl=1&resize=525%2C300 1.5x, https:\/\/i0.wp.com\/historiografija.hr\/wp-content\/uploads\/2017\/10\/hsozkult.png?fit=1006%2C241&ssl=1&resize=700%2C400 2x"},"classes":[]},{"id":52641,"url":"https:\/\/historiografija.hr\/?p=52641","url_meta":{"origin":12241,"position":3},"title":"CfP: WHO OWNS THE PAST? VERNACULAR MEMORY, STATE MEMORY, AND THE POLITICS OF OWNERSHIP","author":"Branimir Jankovi\u0107","date":"24. travnja 2026.","format":false,"excerpt":"VIENNA, 31ST AUGUST\u20133RD SEPTEMBER 2026 (DEADLINE: 24TH APRIL 2026) The Center for Austrian Studies at the European Forum at the Hebrew University and the Austrian Academy of Sciences\/Institute of Culture Studies invite early postdocs, PhD candidates, and advanced Master\u2019s students from the Hebrew University of Jerusalem and universities and academic\u2026","rel":"","context":"U &quot;Novosti&quot;","block_context":{"text":"Novosti","link":"https:\/\/historiografija.hr\/?cat=3"},"img":{"alt_text":"","src":"https:\/\/i0.wp.com\/historiografija.hr\/wp-content\/uploads\/2017\/10\/hsozkult.png?fit=1006%2C241&ssl=1&resize=350%2C200","width":350,"height":200,"srcset":"https:\/\/i0.wp.com\/historiografija.hr\/wp-content\/uploads\/2017\/10\/hsozkult.png?fit=1006%2C241&ssl=1&resize=350%2C200 1x, https:\/\/i0.wp.com\/historiografija.hr\/wp-content\/uploads\/2017\/10\/hsozkult.png?fit=1006%2C241&ssl=1&resize=525%2C300 1.5x, https:\/\/i0.wp.com\/historiografija.hr\/wp-content\/uploads\/2017\/10\/hsozkult.png?fit=1006%2C241&ssl=1&resize=700%2C400 2x"},"classes":[]},{"id":52580,"url":"https:\/\/historiografija.hr\/?p=52580","url_meta":{"origin":12241,"position":4},"title":"Conference &#8220;Living in the aftermaths: Trauma, politics and survival in Yugoslavia and successor states, 1945 \u2013 present&#8221;","author":"Branimir Jankovi\u0107","date":"21. travnja 2026.","format":false,"excerpt":"The conference aims to explore how war-related psychological distress was experienced, narrated, debated and reframed in Yugoslavia in the second half of the twentieth century. It asks how the theme of wounded psyche and wartime suffering was addressed and acknowledged in political, psychiatric and broader cultural discourses of socialist Yugoslavia,\u2026","rel":"","context":"U &quot;Novosti&quot;","block_context":{"text":"Novosti","link":"https:\/\/historiografija.hr\/?cat=3"},"img":{"alt_text":"","src":"https:\/\/i0.wp.com\/historiografija.hr\/wp-content\/uploads\/2026\/04\/Battle_of_Neretva_Picasso_poster-Conference-Living-in-the-aftermaths.webp?fit=564%2C954&ssl=1&resize=350%2C200","width":350,"height":200,"srcset":"https:\/\/i0.wp.com\/historiografija.hr\/wp-content\/uploads\/2026\/04\/Battle_of_Neretva_Picasso_poster-Conference-Living-in-the-aftermaths.webp?fit=564%2C954&ssl=1&resize=350%2C200 1x, https:\/\/i0.wp.com\/historiografija.hr\/wp-content\/uploads\/2026\/04\/Battle_of_Neretva_Picasso_poster-Conference-Living-in-the-aftermaths.webp?fit=564%2C954&ssl=1&resize=525%2C300 1.5x"},"classes":[]},{"id":52531,"url":"https:\/\/historiografija.hr\/?p=52531","url_meta":{"origin":12241,"position":5},"title":"Jonathan G. Leslie, \u201eFear and Insecurity: Israel and the Iran Threat Narrative\u201c","author":"Branimir Jankovi\u0107","date":"17. travnja 2026.","format":false,"excerpt":"Why is Israel\u2019s former ally Iran now perceived as the country\u2019s greatest threat? Description To observers of the Iran-Israel conflict, its vitriolic rhetoric might suggest an ancient hatred between Jews and Muslims\u2013a biblical feud dating back hundreds, or thousands, of years. But this rivalry is a far more modern development.\u2026","rel":"","context":"U &quot;Knjige&quot;","block_context":{"text":"Knjige","link":"https:\/\/historiografija.hr\/?cat=8"},"img":{"alt_text":"","src":"https:\/\/i0.wp.com\/historiografija.hr\/wp-content\/uploads\/2026\/04\/Leslie.jpg?fit=391%2C612&ssl=1&resize=350%2C200","width":350,"height":200},"classes":[]}],"_links":{"self":[{"href":"https:\/\/historiografija.hr\/index.php?rest_route=\/wp\/v2\/posts\/12241","targetHints":{"allow":["GET"]}}],"collection":[{"href":"https:\/\/historiografija.hr\/index.php?rest_route=\/wp\/v2\/posts"}],"about":[{"href":"https:\/\/historiografija.hr\/index.php?rest_route=\/wp\/v2\/types\/post"}],"author":[{"embeddable":true,"href":"https:\/\/historiografija.hr\/index.php?rest_route=\/wp\/v2\/users\/2"}],"replies":[{"embeddable":true,"href":"https:\/\/historiografija.hr\/index.php?rest_route=%2Fwp%2Fv2%2Fcomments&post=12241"}],"version-history":[{"count":1,"href":"https:\/\/historiografija.hr\/index.php?rest_route=\/wp\/v2\/posts\/12241\/revisions"}],"predecessor-version":[{"id":12242,"href":"https:\/\/historiografija.hr\/index.php?rest_route=\/wp\/v2\/posts\/12241\/revisions\/12242"}],"wp:featuredmedia":[{"embeddable":true,"href":"https:\/\/historiografija.hr\/index.php?rest_route=\/wp\/v2\/media\/11340"}],"wp:attachment":[{"href":"https:\/\/historiografija.hr\/index.php?rest_route=%2Fwp%2Fv2%2Fmedia&parent=12241"}],"wp:term":[{"taxonomy":"category","embeddable":true,"href":"https:\/\/historiografija.hr\/index.php?rest_route=%2Fwp%2Fv2%2Fcategories&post=12241"},{"taxonomy":"post_tag","embeddable":true,"href":"https:\/\/historiografija.hr\/index.php?rest_route=%2Fwp%2Fv2%2Ftags&post=12241"}],"curies":[{"name":"wp","href":"https:\/\/api.w.org\/{rel}","templated":true}]}}