{"id":12232,"date":"2018-11-13T19:06:12","date_gmt":"2018-11-13T19:06:12","guid":{"rendered":"http:\/\/historiografija.hr\/?p=12232"},"modified":"2018-11-13T19:06:12","modified_gmt":"2018-11-13T19:06:12","slug":"mary-beard-spqr-povijest-starog-rima","status":"publish","type":"post","link":"https:\/\/historiografija.hr\/?p=12232","title":{"rendered":"Mary Beard, \u201cSPQR \u2013 Povijest starog Rima\u201d"},"content":{"rendered":"<p>Izdava\u010d \u0160kolska knjiga objavila je 2018. godine hrvatsko izdanje knjige Mary Beard \u201cSPQR \u2013 Povijest starog Rima\u201d (552 str.), \u201cnovi pogled na rimsku povijest iz pera jedne od najpoznatijih svjetskih autorica i znanstvenica stare anti\u010dke povijesti\u201d.<\/p>\n<p>&nbsp;<\/p>\n<p>&#8212;<\/p>\n<p>&nbsp;<\/p>\n<p><strong><em>SPQR \u2013 Povijest starog Rima<\/em><\/strong><\/p>\n<p>&nbsp;<\/p>\n<p>SPQR je novi pogled na rimsku povijest iz pera jedne od najpoznatijih svjetskih autorica i znanstvenica stare anti\u010dke povijesti. Mary Beard ne promatra samo kako je Rim narastao od neva\u017enog sela u sredi\u0161njoj Italiji do svjetske sile koja je svojedobno kontrolirala teritorij od \u0160panjolske do Sirije, ve\u0107 i kako su Rimljani promi\u0161ljali o samima sebi i svojim postignu\u0107ima, kao i za\u0161to su nam i dalje va\u017eni zbog njih.<\/p>\n<p>Stari je Rim jo\u0161 uvijek va\u017ean. Njegova povijest Republike i carstva, osvajanja, okrutnost i uspjeh jo\u0161 uvijek su dio onoga kako sami promatramo sebe kao zapadnu civilizaciju. Rimski mitovi i pri\u010de, od Romula i Rema, silovanja Lukrecije do Neronova pale\u017ea grada \u2013 jo\u0161 uvijek poga\u0111aju u \u017eicu i bivaju uzbudljive. Bave se pitanjima i problemima gra\u0111anstva, terorizma, lobiranja i slobode, \u0161to su i danas jo\u0161 uvijek itekako va\u017ena i aktualna pitanja.<\/p>\n<p>Ova knjiga duguje naslov jo\u0161 jednoj \u010duvenoj rimskoj krilatici, SPQR -Senatus populusque Romanus te pokriva tisu\u0107u godina povijesti, predstavlja nam slavne, ali i zaboravljene Rimljane, baca novo svjetlo na temelje rimske kulture, od ropsta do teku\u0107e vode, istra\u017euje demokraciju, migraciju, religijske kontraverze, dru\u0161tvenu pokretljivost i eksploataciju u ve\u0107em kontekstu carstva. Ovo je svakako iznena\u0111uju\u0107a, razgovorljiva i preciznija povijest staroga Rima.<\/p>\n<p>&nbsp;<\/p>\n<p>&#8220;Brza, uzbudljiva, psiholo\u0161ki pronicljiva, srda\u010dno skepti\u010dna knjiga.&#8221;<\/p>\n<p>&#8211; The Sunday Times<\/p>\n<p>&nbsp;<\/p>\n<p>&#8220;Strahovito zabavno, ali i znanstveno \u0161tivo.&#8221;<\/p>\n<p>&#8211; The Observer<\/p>\n<p>&nbsp;<\/p>\n<p>&#8220;Potpuno novi pristup staroj povijesti.&#8221;<\/p>\n<p>&#8211; The Spectator<\/p>\n<p>&nbsp;<\/p>\n<p>&#8220;\u017dustra, bremenita, mjerodavna i ikonoklasti\u010dna knjiga.&#8221;<\/p>\n<p>&#8211; The Independent<\/p>\n<p>&nbsp;<\/p>\n<p>&#8220;Mary Beard nas sigurno vodi kroz tajanstvenu gra\u0111u koja bi u nekim drugim rukama postala zamorna.&#8221;<\/p>\n<p>&#8211; The Economist<\/p>\n<p>&nbsp;<\/p>\n<p>&#8220;Tko bi rekao da anti\u010dka povijest mo\u017ee biti tako op\u010dinjavaju\u0107a? Sretni su studenti kojima predaje Mary Beard!&#8221;<\/p>\n<p>&#8211; The Independent<\/p>\n<p>&nbsp;<\/p>\n<p><strong>MARY BEARD<\/strong> je na Sveu\u010dili\u0161tu u Cambridgeu diplomirala i doktorirala iz podru\u010dja koje anglosaksonski svijet naziva Classics, a koje obuhva\u0107a nekoliko srodnih znanstvenih disciplina (povijest, arheologiju i klasi\u010dne jezike). Redovita je profesorica klasi\u010dnih studija na Newnham College unutar Sveu\u010dili\u0161ta u Cambridgeu, a gostuju\u0107a predavanja dr\u017ei i na Kalifornijskom sveu\u010dili\u0161tu u Berkeleyju te na Sveu\u010dili\u0161tu u Chicagu. Urednica je za klasi\u010dne znanosti u The Times Literary Supplement (TLS). \u010clanica je Britanske akademije, kao i Ameri\u010dke akademije znanosti i umjetnosti. Za svoj rad s podru\u010dja klasi\u010dne povijesti dobila je 2018. godine i po\u010dasni naslov Dame zapovjednice Reda Britanskog Carstva (DBE). Neke od njezinih prethodnih knjiga, poput knjiga &#8220;Pompeji&#8221;, &#8220;Rimski trijumf&#8221; i &#8220;Partenon&#8221; tako\u0111er su uspje\u0161nice koje su osvojile brojne nagrade.<\/p>\n<p>&nbsp;<\/p>\n<p>Izvor: <a href=\"https:\/\/shop.skolskaknjiga.hr\/spqr-povijest-starog-rima.html\">https:\/\/shop.skolskaknjiga.hr\/spqr-povijest-starog-rima.html<\/a><\/p>\n<p>&nbsp;<\/p>\n<p>&nbsp;<\/p>\n<p>&nbsp;<\/p>\n<p>&nbsp;<\/p>\n<p>&nbsp;<\/p>\n<p>&nbsp;<\/p>\n<p>&nbsp;<\/p>\n","protected":false},"excerpt":{"rendered":"","protected":false},"author":2,"featured_media":12233,"comment_status":"open","ping_status":"open","sticky":false,"template":"","format":"standard","meta":{"_acf_changed":false,"jetpack_post_was_ever_published":false,"_jetpack_newsletter_access":"","_jetpack_dont_email_post_to_subs":false,"_jetpack_newsletter_tier_id":0,"_jetpack_memberships_contains_paywalled_content":false,"_jetpack_memberships_contains_paid_content":false,"footnotes":"","jetpack_publicize_message":"","jetpack_publicize_feature_enabled":true,"jetpack_social_post_already_shared":true,"jetpack_social_options":{"image_generator_settings":{"template":"highway","default_image_id":0,"font":"","enabled":false},"version":2}},"categories":[8,3],"tags":[],"class_list":["post-12232","post","type-post","status-publish","format-standard","has-post-thumbnail","hentry","category-knjige","category-novosti"],"acf":{"facebook_opis":""},"jetpack_publicize_connections":[],"jetpack_featured_media_url":"https:\/\/i0.wp.com\/historiografija.hr\/wp-content\/uploads\/2018\/11\/SPQR.jpg?fit=681%2C1000&ssl=1","jetpack_sharing_enabled":true,"jetpack-related-posts":[{"id":52502,"url":"https:\/\/historiografija.hr\/?p=52502","url_meta":{"origin":12232,"position":0},"title":"Novi znanstveni projekt Hrvatskog instituta za povijest: \u201c\u017drtve ratova i dr\u017eavnog\/politi\u010dkog nasilja u hrvatskoj povijesti 20. stolje\u0107a\u201d","author":"Branimir Jankovi\u0107","date":"17. travnja 2026.","format":false,"excerpt":"Na redovitoj sjednici Vlade RH, 16. travnja 2026., donijet je Zaklju\u010dak kojim se pokre\u0107e znanstveni projekt \u201c\u017drtve ratova i dr\u017eavnog\/politi\u010dkog nasilja u hrvatskoj povijesti 20. stolje\u0107a\u201d. Projekt \u0107e provoditi i koordinirati Hrvatski institut za povijest u razdoblju trajanja projekta od pet godina. Zakljucak Vlade RH Iz teksta projektnog prijedloga: Problematika\u2026","rel":"","context":"U &quot;Novosti&quot;","block_context":{"text":"Novosti","link":"https:\/\/historiografija.hr\/?cat=3"},"img":{"alt_text":"","src":"https:\/\/i0.wp.com\/historiografija.hr\/wp-content\/uploads\/2026\/04\/Vlada-RH.jpg?fit=1200%2C557&ssl=1&resize=350%2C200","width":350,"height":200,"srcset":"https:\/\/i0.wp.com\/historiografija.hr\/wp-content\/uploads\/2026\/04\/Vlada-RH.jpg?fit=1200%2C557&ssl=1&resize=350%2C200 1x, https:\/\/i0.wp.com\/historiografija.hr\/wp-content\/uploads\/2026\/04\/Vlada-RH.jpg?fit=1200%2C557&ssl=1&resize=525%2C300 1.5x, https:\/\/i0.wp.com\/historiografija.hr\/wp-content\/uploads\/2026\/04\/Vlada-RH.jpg?fit=1200%2C557&ssl=1&resize=700%2C400 2x, https:\/\/i0.wp.com\/historiografija.hr\/wp-content\/uploads\/2026\/04\/Vlada-RH.jpg?fit=1200%2C557&ssl=1&resize=1050%2C600 3x"},"classes":[]},{"id":52633,"url":"https:\/\/historiografija.hr\/?p=52633","url_meta":{"origin":12232,"position":1},"title":"POVIJEST TRE\u0160NJEVA\u010cKE GLAZBE: prikupljanje virtualnog fundusa Muzeja susjedstva Tre\u0161njevka","author":"Branimir Jankovi\u0107","date":"23. travnja 2026.","format":false,"excerpt":"utorak 28. 4. 2026. 14 - 18 h Nova BAZA, Nova cesta 66, Zagreb Prvi su dani ljeta 1957. godine. Bo\u017eica Kalafati\u0107 poha\u0111a drugi razred Osnovne \u0161kole Bratstvo i jedinstvo, danas kralja Tomislava, a ide i na muzi\u010dke satove u Mo\u0161\u0107eni\u010dkoj ulici. Na fotografiji s harmonikom u rukama stoji u\u2026","rel":"","context":"U &quot;Novosti&quot;","block_context":{"text":"Novosti","link":"https:\/\/historiografija.hr\/?cat=3"},"img":{"alt_text":"","src":"https:\/\/i0.wp.com\/historiografija.hr\/wp-content\/uploads\/2026\/04\/MST_prikupljanje.jpg?fit=380%2C475&ssl=1&resize=350%2C200","width":350,"height":200},"classes":[]},{"id":52508,"url":"https:\/\/historiografija.hr\/?p=52508","url_meta":{"origin":12232,"position":2},"title":"Glazbena radionica \u201eDUGMETARA REVISITED\u201c","author":"Branimir Jankovi\u0107","date":"17. travnja 2026.","format":false,"excerpt":"DUGMETARA REVISITED glazbena radionica vodi: Ana Horvat 13., 20. i 27. travnja, od 18 do 20 sati Radiona, Nova cesta 186 Na tri radioni\u010dka susreta uranjamo u naslje\u0111e Dugmetare, biv\u0161e tvornice dugmadi na Savskoj cesti koja je po\u010detkom 2000-ih igrom slu\u010daja postala \u017eivo, jedinstveno mjesto glazbene proizvodnje. Svoje su probe\u2026","rel":"","context":"U &quot;Novosti&quot;","block_context":{"text":"Novosti","link":"https:\/\/historiografija.hr\/?cat=3"},"img":{"alt_text":"","src":"https:\/\/i0.wp.com\/historiografija.hr\/wp-content\/uploads\/2026\/04\/TRESNJA_TRESTI.jpg?fit=380%2C475&ssl=1&resize=350%2C200","width":350,"height":200},"classes":[]},{"id":52496,"url":"https:\/\/historiografija.hr\/?p=52496","url_meta":{"origin":12232,"position":3},"title":"30 godina Podru\u017enice \u2013 Javno predavanje Matea \u010calu\u0161i\u0107a \u201eSlavonski Brod u Domovinskom ratu\u201c","author":"Branimir Jankovi\u0107","date":"17. travnja 2026.","format":false,"excerpt":"U 2026. navr\u0161ava se trideset godina od osnutka Podru\u017enice za povijest Slavonije, Srijema i Baranje Hrvatskoga instituta za povijest. Obilje\u017eavanje ove zna\u010dajne obljetnice zapo\u010dinje ciklusom javnih povijesnih predavanja znanstvenika Instituta. Tre\u0107e po redu je predavanje Matea \u010calu\u0161i\u0107a \u2013 \u201eSLAVONSKI BROD U DOMOVINSKOM RATU\u201c. Predavanje \u0107e se odr\u017eati 21. travnja 2026.\u2026","rel":"","context":"U &quot;Novosti&quot;","block_context":{"text":"Novosti","link":"https:\/\/historiografija.hr\/?cat=3"},"img":{"alt_text":"","src":"https:\/\/i0.wp.com\/historiografija.hr\/wp-content\/uploads\/2026\/04\/Predavanje-Calusic.png?fit=860%2C1200&ssl=1&resize=350%2C200","width":350,"height":200,"srcset":"https:\/\/i0.wp.com\/historiografija.hr\/wp-content\/uploads\/2026\/04\/Predavanje-Calusic.png?fit=860%2C1200&ssl=1&resize=350%2C200 1x, https:\/\/i0.wp.com\/historiografija.hr\/wp-content\/uploads\/2026\/04\/Predavanje-Calusic.png?fit=860%2C1200&ssl=1&resize=525%2C300 1.5x, https:\/\/i0.wp.com\/historiografija.hr\/wp-content\/uploads\/2026\/04\/Predavanje-Calusic.png?fit=860%2C1200&ssl=1&resize=700%2C400 2x"},"classes":[]},{"id":52499,"url":"https:\/\/historiografija.hr\/?p=52499","url_meta":{"origin":12232,"position":4},"title":"POTPISAN UGOVOR O ZNANSTVENO-ISTRA\u017dIVA\u010cKOJ SURADNJI: PROJEKT \u201eTEMELJI HRVATSKE SAMOSTALNOSTI\u201d","author":"Branimir Jankovi\u0107","date":"17. travnja 2026.","format":false,"excerpt":"Hrvatski institut za povijest, Sveu\u010dili\u0161te obrane i sigurnosti \u201eDr. Franjo Tu\u0111man\u201d, Institut dru\u0161tvenih znanosti Ivo Pilar i Hrvatski dr\u017eavni arhiv\u00a0potpisali su 23. o\u017eujka 2026.\u00a0Ugovor o znanstveno-istra\u017eiva\u010dkoj suradnji s ciljem provedbe projekta \u201eTemelji hrvatske samostalnosti\u201d. Tim projektom obuhva\u0107a se istra\u017eivanje arhivskoga gradiva, priprema znanstvenih publikacija, digitalizacija i javna prezentacija rezultata istra\u017eivanja\u2026","rel":"","context":"U &quot;Novosti&quot;","block_context":{"text":"Novosti","link":"https:\/\/historiografija.hr\/?cat=3"},"img":{"alt_text":"","src":"https:\/\/i0.wp.com\/historiografija.hr\/wp-content\/uploads\/2026\/04\/THS_sporazum.jpg?fit=1200%2C583&ssl=1&resize=350%2C200","width":350,"height":200,"srcset":"https:\/\/i0.wp.com\/historiografija.hr\/wp-content\/uploads\/2026\/04\/THS_sporazum.jpg?fit=1200%2C583&ssl=1&resize=350%2C200 1x, https:\/\/i0.wp.com\/historiografija.hr\/wp-content\/uploads\/2026\/04\/THS_sporazum.jpg?fit=1200%2C583&ssl=1&resize=525%2C300 1.5x, https:\/\/i0.wp.com\/historiografija.hr\/wp-content\/uploads\/2026\/04\/THS_sporazum.jpg?fit=1200%2C583&ssl=1&resize=700%2C400 2x, https:\/\/i0.wp.com\/historiografija.hr\/wp-content\/uploads\/2026\/04\/THS_sporazum.jpg?fit=1200%2C583&ssl=1&resize=1050%2C600 3x"},"classes":[]},{"id":52628,"url":"https:\/\/historiografija.hr\/?p=52628","url_meta":{"origin":12232,"position":5},"title":"Predavanje dopisnog \u010dlana HAZU Alaina Finkielkrauta Izrael, Europa, antisemitizam","author":"Branimir Jankovi\u0107","date":"23. travnja 2026.","format":false,"excerpt":"Francuski filozof Alain Finkielkraut, redoviti \u010dlan Francuske akademije i dopisni \u010dlan HAZU, odr\u017eat \u0107e predavanje\u00a0Izrael, Europa, antisemitizam u utorak 28. travnja 2026. u 13 sati u Knji\u017enici HAZU,\u00a0Strossmayerov trg 14 u Zagrebu. Uvodne rije\u010di odr\u017eat \u0107e\u00a0akademkinja \u017deljka \u010corak i\u00a0akademik Dra\u017een Katunari\u0107. Predavanje \u0107e se odr\u017eati na francuskom jeziku uz konsekutivno\u2026","rel":"","context":"U &quot;Novosti&quot;","block_context":{"text":"Novosti","link":"https:\/\/historiografija.hr\/?cat=3"},"img":{"alt_text":"","src":"https:\/\/i0.wp.com\/historiografija.hr\/wp-content\/uploads\/2026\/04\/Alain_Finkielkraut.jpg?fit=350%2C407&ssl=1&resize=350%2C200","width":350,"height":200},"classes":[]}],"_links":{"self":[{"href":"https:\/\/historiografija.hr\/index.php?rest_route=\/wp\/v2\/posts\/12232","targetHints":{"allow":["GET"]}}],"collection":[{"href":"https:\/\/historiografija.hr\/index.php?rest_route=\/wp\/v2\/posts"}],"about":[{"href":"https:\/\/historiografija.hr\/index.php?rest_route=\/wp\/v2\/types\/post"}],"author":[{"embeddable":true,"href":"https:\/\/historiografija.hr\/index.php?rest_route=\/wp\/v2\/users\/2"}],"replies":[{"embeddable":true,"href":"https:\/\/historiografija.hr\/index.php?rest_route=%2Fwp%2Fv2%2Fcomments&post=12232"}],"version-history":[{"count":1,"href":"https:\/\/historiografija.hr\/index.php?rest_route=\/wp\/v2\/posts\/12232\/revisions"}],"predecessor-version":[{"id":12234,"href":"https:\/\/historiografija.hr\/index.php?rest_route=\/wp\/v2\/posts\/12232\/revisions\/12234"}],"wp:featuredmedia":[{"embeddable":true,"href":"https:\/\/historiografija.hr\/index.php?rest_route=\/wp\/v2\/media\/12233"}],"wp:attachment":[{"href":"https:\/\/historiografija.hr\/index.php?rest_route=%2Fwp%2Fv2%2Fmedia&parent=12232"}],"wp:term":[{"taxonomy":"category","embeddable":true,"href":"https:\/\/historiografija.hr\/index.php?rest_route=%2Fwp%2Fv2%2Fcategories&post=12232"},{"taxonomy":"post_tag","embeddable":true,"href":"https:\/\/historiografija.hr\/index.php?rest_route=%2Fwp%2Fv2%2Ftags&post=12232"}],"curies":[{"name":"wp","href":"https:\/\/api.w.org\/{rel}","templated":true}]}}