{"id":12178,"date":"2018-11-12T16:22:27","date_gmt":"2018-11-12T16:22:27","guid":{"rendered":"http:\/\/historiografija.hr\/?p=12178"},"modified":"2018-11-12T16:22:27","modified_gmt":"2018-11-12T16:22:27","slug":"rat-prije-rata-rat","status":"publish","type":"post","link":"https:\/\/historiografija.hr\/?p=12178","title":{"rendered":"\u201cRat prije rata\u201d: Rat"},"content":{"rendered":"<p>U ponedjeljak, 12. studenog 2018. u 20.05 na HRT1 prikazuje se 9. epizoda igrano-dokumentarne serije \u201eRat prije rata\u201c: Rat.<\/p>\n<p>&nbsp;<\/p>\n<p>&#8212;<\/p>\n<p>&nbsp;<\/p>\n<p>Igrano-dokumentarna serija &#8220;Rat prije rata&#8221; obra\u0111uje raspad Jugoslavije, najdramati\u010dnije razdoblje nakon Drugog svjetskog rata, koje je okon\u010dano posljednjim ratom u Europi.<\/p>\n<p>&nbsp;<\/p>\n<p>Arhivska i memoarska gra\u0111a nedvojbeno otkriva da je prekrajanje Jugoslavije pomno planirano, ba\u0161 kao i rat bez kojeg se prekrajanje nije moglo provesti. Osvaja\u010dkim planovima srpskih unitarista prethodile su i obavje\u0161tajno-politi\u010dke pripreme koje su intenzivno trajale \u010ditavo desetlje\u0107e.<\/p>\n<p>&nbsp;<\/p>\n<p>Brojni politi\u010dki procesi i doga\u0111aji iz tog razdoblja ostali su nerasvijetljeni, zbog ratova koji su kasnije uslijedili. Serija &#8220;Rat prije rata&#8221; rasvjetljava te doga\u0111aje.<\/p>\n<p>&nbsp;<\/p>\n<p>Serija sna\u017eno nagla\u0161enih dramatur\u0161kih elemenata na trenutke ima obilje\u017eja politi\u010dkog trilera. Serija se ne bavi samo evidentiranjem klju\u010dnih doga\u0111aja, od kojih su neki postali i povijesni, nego nastoji rasvijetliti pozadinu politi\u010dkih, diplomatskih, obavje\u0161tajno-operativnih, policijskih i vojnih aktivnosti.<\/p>\n<p>&nbsp;<\/p>\n<p>U 10 epizoda vidjet \u0107emo i dvadesetak filmskih rekonstrukcija doga\u0111aja. Sudionike doga\u0111aja, od kojih su mnogi povijesne osobe, tuma\u010di sedamdesetak poznatih hrvatskih glumaca. U dokumentarnom dijelu serije pojavljuje se i pribli\u017eno toliko sugovornika &#8211; neposrednih sudionika, istra\u017eiva\u010da, znanstvenika i publicista.<\/p>\n<p>&nbsp;<\/p>\n<p>&#8212;<\/p>\n<p>&nbsp;<\/p>\n<p>HTV1 12.11.2018. 20.05<\/p>\n<p>&nbsp;<\/p>\n<p>9. epizoda: <strong>Rat<\/strong><\/p>\n<p>&nbsp;<\/p>\n<p>Po\u010detak travnja 1991. Srpski \u010dlan Predsjedni\u0161tva Jugoslavije Borisav Jovi\u0107 broji zadnje tjedne svog mandata na mjestu predsjednika Jugoslavije. U dogovoru s predsjednikom Srbije Slobodanom Milo\u0161evi\u0107em na razgovor poziva vojni vrh &#8211; generale Kadijevi\u0107a i Ad\u017ei\u0107a. Sklapaju tajni dogovor: ako Hrvatska poku\u0161a uspostaviti pravni poredak na svojim okupiranim podru\u010djima, vojska to ne\u0107e dopustiti. Jovi\u0107 za vojnu intervenciju vi\u0161e ne\u0107e tra\u017eiti suglasnost Predsjedni\u0161tva. U svojim dnevni\u010dkim bilje\u0161kama toga \u0107e dana Borisav Jovi\u0107 zapisati: &#8216;U svakom slu\u010daju, &#8220;pre\u0161li smo Rubikon&#8221;. Tada vi\u0161e ni od koga nismo tra\u017eili nikakve odluke.&#8217;<\/p>\n<p>&nbsp;<\/p>\n<p>Otvoren je put za posljednji \u010din &#8211; vojno u\u010dvr\u0161\u0107ivanje granica &#8220;Velike Srbije&#8221;. Osje\u0107a to i Franjo Tu\u0111man. Nakon razgovora s Milo\u0161evi\u0107em u o\u017eujku, vjerovao je da \u0107e izbje\u0107i sukob. Sada u travnju, s razgovora u Tikve\u0161u vratio se nespokojan. Do najavljenog progla\u0161enja neovisnosti Hrvatske i Slovenije ostalo je malo manje od dva mjeseca. General Kadijevi\u0107 saziva sastanak najvi\u0161ih zapovjednika. Zadatak je dosada\u0161nje planove o izvanrednim prilikama zamijeniti ratnim planovima. Netom prije progla\u0161enja neovisnosti SAD \u0161alje o\u0161tro upozorenje da ne\u0107e dopustiti raspad Jugoslavije. Me\u0111utim, u tome imaju samo jednog saveznika, predsjednika Vlade Antu Markovi\u0107a. Ali Markovi\u0107 nema legitimitet. Njegova politika pora\u017eena je na izborima u svim republikama. Unato\u010d stalnim tajnim sastancima s prosrpskim dijelom Predsjedni\u0161tva, ministar obrane Kadijevi\u0107 tada jo\u0161 uvijek podupire o\u010duvanje Jugoslavije.<\/p>\n<p>&nbsp;<\/p>\n<p>Unato\u010d svim prijetnjama i pritiscima, 25. lipnja 1991., Slovenija i Hrvatska proglasit \u0107e neovisnost. Dan poslije jugoslavenski premijer Ante Markovi\u0107 donosi odluku o vojnoj intervenciji u Sloveniji. Po\u010dinje rat. S vremenom \u0107e sve vi\u0161e \u010dinjenica upu\u0107ivati na zaklju\u010dak da cilj rata u Sloveniji, ili bolje re\u010deno jedini cilj, nije bio cjelovitost Jugoslavije. Ve\u0107 u sije\u010dnju je postignut dogovor o izlasku Slovenije iz Jugoslavije. Stvarni cilj bio je Hrvatsku uvu\u0107i u rat. Na to upu\u0107uje sve vi\u0161e spoznaja istra\u017eiva\u010da.<\/p>\n<p>&nbsp;<\/p>\n<p>Kraj lipnja 1991. Splet okolnosti navest \u0107e armijski vrh na kona\u010dni obrat. Nakon godinu dana taktiziranja Kadijevi\u0107 je prelomio &#8211; Jugoslavensku armiju, prvi put iskreno, do kraja i u cijelosti, stavlja na raspolaganje Slobodanu Milo\u0161evi\u0107u. Armija aktivira operaciju napada na Hrvatsku. U takvim okolnostima Tu\u0111manu ne preostaje drugo nego taktizirati. Potpisat \u0107e Brijunsku deklaraciju i zaustaviti planirani napad na Hrvatsku u zamjenu za tromjese\u010dnu odgodu progla\u0161enja neovisnosti. Taj njegov potez pokazat \u0107e se kasnije klju\u010dnim za obranu Hrvatske. Vojna obavje\u0161tajna slu\u017eba, KOS, obavlja operativno obavje\u0161tajne pripreme za rat. U Moskvi se istodobno odvija vojni udar. Pu\u010d u Sovjetskom Savezu bit \u0107e, na sre\u0107u, ugu\u0161en za nekoliko dana. Bombe u Zagrebu, pokazat \u0107e se kasnije, bile su obavje\u0161tajna priprema za op\u0107i napad na Hrvatsku.<\/p>\n<p>&nbsp;<\/p>\n<p>Scenarist i redatelj igrano-dokumentarna serije je Miljenko Manjkas. Produkcija: Intermedia grupa.<\/p>\n<p>&nbsp;<\/p>\n<p>&nbsp;<\/p>\n<p>Izvor:<\/p>\n<p>&nbsp;<\/p>\n<p><a href=\"https:\/\/raspored.hrt.hr\/\">https:\/\/raspored.hrt.hr\/<\/a><\/p>\n<p>&nbsp;<\/p>\n<p><a href=\"https:\/\/hrtprikazuje.hrt.hr\/471086\/rat-prije-rata-rat\">https:\/\/hrtprikazuje.hrt.hr\/471086\/rat-prije-rata-rat<\/a><\/p>\n<p>&nbsp;<\/p>\n<p>&nbsp;<\/p>\n","protected":false},"excerpt":{"rendered":"","protected":false},"author":2,"featured_media":12179,"comment_status":"open","ping_status":"open","sticky":false,"template":"","format":"standard","meta":{"_acf_changed":false,"jetpack_post_was_ever_published":false,"_jetpack_newsletter_access":"","_jetpack_dont_email_post_to_subs":false,"_jetpack_newsletter_tier_id":0,"_jetpack_memberships_contains_paywalled_content":false,"_jetpack_memberships_contains_paid_content":false,"footnotes":"","jetpack_publicize_message":"","jetpack_publicize_feature_enabled":true,"jetpack_social_post_already_shared":true,"jetpack_social_options":{"image_generator_settings":{"template":"highway","default_image_id":0,"font":"","enabled":false},"version":2}},"categories":[13,3],"tags":[],"class_list":["post-12178","post","type-post","status-publish","format-standard","has-post-thumbnail","hentry","category-filmovi-i-serije","category-novosti"],"acf":{"facebook_opis":""},"jetpack_publicize_connections":[],"jetpack_featured_media_url":"https:\/\/i0.wp.com\/historiografija.hr\/wp-content\/uploads\/2018\/11\/RAT_PRIJE_RATA.jpg?fit=688%2C388&ssl=1","jetpack_sharing_enabled":true,"jetpack-related-posts":[{"id":52704,"url":"https:\/\/historiografija.hr\/?p=52704","url_meta":{"origin":12178,"position":0},"title":"Predstavljanje knjige &#8220;Vladimir Vasiljevi\u0107: Moji do\u017eivljaji. Dnevni\u010dki zapisi iz Prvoga svjetskog rata i poratnoga vremena&#8221;","author":"Filip \u0160imunjak","date":"29. travnja 2026.","format":false,"excerpt":"Doga\u0111anja ovogodi\u0161njega Festivala povijesti Kliofest zapo\u010dinjemo ve\u0107 i prije samoga slu\u017ebenog otvaranja, predstavljanjem knjige \u201eMoji do\u017eivljaji. Dnevni\u010dki zapisi iz Prvoga svjetskog rata i poratnoga vremena\u201d Vladimira Vasiljevi\u0107a, koju su priredili Karlo Rukavina i Damir Agi\u010di\u0107. Pozivamo Vas na predstavljanje koje \u0107e se odr\u017eati u ponedjeljak 4. svibnja, s po\u010detkom u\u2026","rel":"","context":"U &quot;Knjige&quot;","block_context":{"text":"Knjige","link":"https:\/\/historiografija.hr\/?cat=8"},"img":{"alt_text":"","src":"https:\/\/i0.wp.com\/historiografija.hr\/wp-content\/uploads\/2026\/04\/Naslovna-V.-Vasiljevic.webp?fit=1200%2C600&ssl=1&resize=350%2C200","width":350,"height":200,"srcset":"https:\/\/i0.wp.com\/historiografija.hr\/wp-content\/uploads\/2026\/04\/Naslovna-V.-Vasiljevic.webp?fit=1200%2C600&ssl=1&resize=350%2C200 1x, https:\/\/i0.wp.com\/historiografija.hr\/wp-content\/uploads\/2026\/04\/Naslovna-V.-Vasiljevic.webp?fit=1200%2C600&ssl=1&resize=525%2C300 1.5x, https:\/\/i0.wp.com\/historiografija.hr\/wp-content\/uploads\/2026\/04\/Naslovna-V.-Vasiljevic.webp?fit=1200%2C600&ssl=1&resize=700%2C400 2x, https:\/\/i0.wp.com\/historiografija.hr\/wp-content\/uploads\/2026\/04\/Naslovna-V.-Vasiljevic.webp?fit=1200%2C600&ssl=1&resize=1050%2C600 3x"},"classes":[]},{"id":52657,"url":"https:\/\/historiografija.hr\/?p=52657","url_meta":{"origin":12178,"position":1},"title":"[Predavanje] Jezik i drugost u (post)socijalisti\u010dkoj Srbiji: diskurzivne politike identiteta (YugoLab)","author":"Branimir Jankovi\u0107","date":"24. travnja 2026.","format":false,"excerpt":"U sklopu projekta Prizma \/ IMAGINATION (\u201eZami\u0161ljanje nacije: srpski nacionalni narativi u sporu (XX\u2013XXI vek)\u201c), koji se realizuje na Institutu za filozofiju i dru\u0161tvenu teoriju Univerziteta u Beogradu (2024\u20132027) uz finansijsku podr\u0161ku Fonda za nauku Republike Srbije, organizuje se serija predavanja na kojoj istra\u017eiva\u010di i istra\u017eiva\u010dice projekta predstavljaju rezultate svojih\u2026","rel":"","context":"U &quot;Novosti&quot;","block_context":{"text":"Novosti","link":"https:\/\/historiografija.hr\/?cat=3"},"img":{"alt_text":"","src":"https:\/\/i0.wp.com\/historiografija.hr\/wp-content\/uploads\/2026\/04\/IFDT_28_IV.png?fit=1200%2C675&ssl=1&resize=350%2C200","width":350,"height":200,"srcset":"https:\/\/i0.wp.com\/historiografija.hr\/wp-content\/uploads\/2026\/04\/IFDT_28_IV.png?fit=1200%2C675&ssl=1&resize=350%2C200 1x, https:\/\/i0.wp.com\/historiografija.hr\/wp-content\/uploads\/2026\/04\/IFDT_28_IV.png?fit=1200%2C675&ssl=1&resize=525%2C300 1.5x, https:\/\/i0.wp.com\/historiografija.hr\/wp-content\/uploads\/2026\/04\/IFDT_28_IV.png?fit=1200%2C675&ssl=1&resize=700%2C400 2x, https:\/\/i0.wp.com\/historiografija.hr\/wp-content\/uploads\/2026\/04\/IFDT_28_IV.png?fit=1200%2C675&ssl=1&resize=1050%2C600 3x"},"classes":[]},{"id":52505,"url":"https:\/\/historiografija.hr\/?p=52505","url_meta":{"origin":12178,"position":2},"title":"Izlo\u017eba &#8220;Eschenstock \/ Jasenov prut&#8221;","author":"Branimir Jankovi\u0107","date":"17. travnja 2026.","format":false,"excerpt":"Srpsko narodno vije\u0107e (SNV) i Vizura aperta postavljaju izlo\u017ebu \u0161vicarskog slikara Velimira Ili\u0161evi\u0107a: Eschenstock \/ Jasenov prut. Izlo\u017eba se uz prisustvo autora otvara povodom 81. godi\u0161njice proboja logora\u0161a iz usta\u0161kog logora smrti Jasenovac 22. aprila 2026. u 19 sati u Srpskom kulturnom centru (SKC) u Preradovi\u0107evoj ulici 21 u Zagrebu.\u2026","rel":"","context":"U &quot;Izlo\u017ebe&quot;","block_context":{"text":"Izlo\u017ebe","link":"https:\/\/historiografija.hr\/?cat=10"},"img":{"alt_text":"","src":"https:\/\/i0.wp.com\/historiografija.hr\/wp-content\/uploads\/2026\/04\/Jasenov_prut.jpg?fit=1024%2C640&ssl=1&resize=350%2C200","width":350,"height":200,"srcset":"https:\/\/i0.wp.com\/historiografija.hr\/wp-content\/uploads\/2026\/04\/Jasenov_prut.jpg?fit=1024%2C640&ssl=1&resize=350%2C200 1x, https:\/\/i0.wp.com\/historiografija.hr\/wp-content\/uploads\/2026\/04\/Jasenov_prut.jpg?fit=1024%2C640&ssl=1&resize=525%2C300 1.5x, https:\/\/i0.wp.com\/historiografija.hr\/wp-content\/uploads\/2026\/04\/Jasenov_prut.jpg?fit=1024%2C640&ssl=1&resize=700%2C400 2x"},"classes":[]},{"id":52502,"url":"https:\/\/historiografija.hr\/?p=52502","url_meta":{"origin":12178,"position":3},"title":"Novi znanstveni projekt Hrvatskog instituta za povijest: \u201c\u017drtve ratova i dr\u017eavnog\/politi\u010dkog nasilja u hrvatskoj povijesti 20. stolje\u0107a\u201d","author":"Branimir Jankovi\u0107","date":"17. travnja 2026.","format":false,"excerpt":"Na redovitoj sjednici Vlade RH, 16. travnja 2026., donijet je Zaklju\u010dak kojim se pokre\u0107e znanstveni projekt \u201c\u017drtve ratova i dr\u017eavnog\/politi\u010dkog nasilja u hrvatskoj povijesti 20. stolje\u0107a\u201d. Projekt \u0107e provoditi i koordinirati Hrvatski institut za povijest u razdoblju trajanja projekta od pet godina. Zakljucak Vlade RH Iz teksta projektnog prijedloga: Problematika\u2026","rel":"","context":"U &quot;Novosti&quot;","block_context":{"text":"Novosti","link":"https:\/\/historiografija.hr\/?cat=3"},"img":{"alt_text":"","src":"https:\/\/i0.wp.com\/historiografija.hr\/wp-content\/uploads\/2026\/04\/Vlada-RH.jpg?fit=1200%2C557&ssl=1&resize=350%2C200","width":350,"height":200,"srcset":"https:\/\/i0.wp.com\/historiografija.hr\/wp-content\/uploads\/2026\/04\/Vlada-RH.jpg?fit=1200%2C557&ssl=1&resize=350%2C200 1x, https:\/\/i0.wp.com\/historiografija.hr\/wp-content\/uploads\/2026\/04\/Vlada-RH.jpg?fit=1200%2C557&ssl=1&resize=525%2C300 1.5x, https:\/\/i0.wp.com\/historiografija.hr\/wp-content\/uploads\/2026\/04\/Vlada-RH.jpg?fit=1200%2C557&ssl=1&resize=700%2C400 2x, https:\/\/i0.wp.com\/historiografija.hr\/wp-content\/uploads\/2026\/04\/Vlada-RH.jpg?fit=1200%2C557&ssl=1&resize=1050%2C600 3x"},"classes":[]},{"id":52631,"url":"https:\/\/historiografija.hr\/?p=52631","url_meta":{"origin":12178,"position":4},"title":"Predavanje Ivana Tepe\u0161a: Djelovanje hrvatske politi\u010dke emigracije","author":"Branimir Jankovi\u0107","date":"23. travnja 2026.","format":false,"excerpt":"Odjel za me\u0111unarodnu suradnju i iseljeni\u0161tvo Matice hrvatske Predavanje Ivana Tepe\u0161a: Djelovanje hrvatske politi\u010dke emigracije Utorak, 28. travnja 2026. u 18:00 sati, Dvorana Ljudevita Jonkea (Mala dvorana MH), Strossmayerov trg 4, Zagreb dr. sc. Ivan Tepe\u0161, Institut za istra\u017eivanje migracija Hrvatska politi\u010dka emigracija obilje\u017eila je polustoljetnu hrvatsku povijest u drugoj\u2026","rel":"","context":"U &quot;Novosti&quot;","block_context":{"text":"Novosti","link":"https:\/\/historiografija.hr\/?cat=3"},"img":{"alt_text":"","src":"","width":0,"height":0},"classes":[]},{"id":52536,"url":"https:\/\/historiografija.hr\/?p=52536","url_meta":{"origin":12178,"position":5},"title":"Kader Abdolah, \u201ePrije nego \u0161to bude kasno\u201c","author":"Branimir Jankovi\u0107","date":"20. travnja 2026.","format":false,"excerpt":"Kader Abdolah \u017eeli se vratiti ku\u0107i. Ali povratak je nemogu\u0107: u Iranu bi bio uhap\u0161en. Pod la\u017enim imenom i s krivotvorenim paso\u0161em ipak uspijeva u\u0107i u domovinu i sti\u017ee do roditeljske ku\u0107e, visoko u planinama. Majka ga ne prepoznaje, otac je mrtav, a sve \u0161to je tra\u017eio izmi\u010de mu pred\u2026","rel":"","context":"U &quot;Novosti&quot;","block_context":{"text":"Novosti","link":"https:\/\/historiografija.hr\/?cat=3"},"img":{"alt_text":"","src":"https:\/\/i0.wp.com\/historiografija.hr\/wp-content\/uploads\/2026\/04\/Prije-nego-sto-bude-kasno.webp?fit=566%2C872&ssl=1&resize=350%2C200","width":350,"height":200,"srcset":"https:\/\/i0.wp.com\/historiografija.hr\/wp-content\/uploads\/2026\/04\/Prije-nego-sto-bude-kasno.webp?fit=566%2C872&ssl=1&resize=350%2C200 1x, https:\/\/i0.wp.com\/historiografija.hr\/wp-content\/uploads\/2026\/04\/Prije-nego-sto-bude-kasno.webp?fit=566%2C872&ssl=1&resize=525%2C300 1.5x"},"classes":[]}],"_links":{"self":[{"href":"https:\/\/historiografija.hr\/index.php?rest_route=\/wp\/v2\/posts\/12178","targetHints":{"allow":["GET"]}}],"collection":[{"href":"https:\/\/historiografija.hr\/index.php?rest_route=\/wp\/v2\/posts"}],"about":[{"href":"https:\/\/historiografija.hr\/index.php?rest_route=\/wp\/v2\/types\/post"}],"author":[{"embeddable":true,"href":"https:\/\/historiografija.hr\/index.php?rest_route=\/wp\/v2\/users\/2"}],"replies":[{"embeddable":true,"href":"https:\/\/historiografija.hr\/index.php?rest_route=%2Fwp%2Fv2%2Fcomments&post=12178"}],"version-history":[{"count":1,"href":"https:\/\/historiografija.hr\/index.php?rest_route=\/wp\/v2\/posts\/12178\/revisions"}],"predecessor-version":[{"id":12180,"href":"https:\/\/historiografija.hr\/index.php?rest_route=\/wp\/v2\/posts\/12178\/revisions\/12180"}],"wp:featuredmedia":[{"embeddable":true,"href":"https:\/\/historiografija.hr\/index.php?rest_route=\/wp\/v2\/media\/12179"}],"wp:attachment":[{"href":"https:\/\/historiografija.hr\/index.php?rest_route=%2Fwp%2Fv2%2Fmedia&parent=12178"}],"wp:term":[{"taxonomy":"category","embeddable":true,"href":"https:\/\/historiografija.hr\/index.php?rest_route=%2Fwp%2Fv2%2Fcategories&post=12178"},{"taxonomy":"post_tag","embeddable":true,"href":"https:\/\/historiografija.hr\/index.php?rest_route=%2Fwp%2Fv2%2Ftags&post=12178"}],"curies":[{"name":"wp","href":"https:\/\/api.w.org\/{rel}","templated":true}]}}