{"id":12169,"date":"2018-11-10T15:19:12","date_gmt":"2018-11-10T15:19:12","guid":{"rendered":"http:\/\/historiografija.hr\/?p=12169"},"modified":"2018-11-10T15:20:01","modified_gmt":"2018-11-10T15:20:01","slug":"predstavljanja-casopisa-i-knjiga-izdavacke-kuce-meridijani","status":"publish","type":"post","link":"https:\/\/historiografija.hr\/?p=12169","title":{"rendered":"Predstavljanja \u010dasopisa i knjiga izdava\u010dke ku\u0107e Meridijani"},"content":{"rendered":"<p>Na predstoje\u0107em Interliberu izdava\u010dka ku\u0107a Meridijani predstavit \u0107e u srijedu, 14. studenog 2018. novi broj \u010dasopisa \u201cMeridijani\u201d i knjige Mladena Tomorada i suradnika &#8220;Slavne \u017eene stare povijesti&#8221; te Drage Roksandi\u0107a &#8220;\u010covjek i prostor, \u010dovjek u okoli\u0161u: Ekohistorijski ogledi&#8221;.<\/p>\n<p>&nbsp;<\/p>\n<p>&#8212;<\/p>\n<p>&nbsp;<\/p>\n<p><strong>Poziv na predstavljanja<\/strong><\/p>\n<p>&nbsp;<\/p>\n<p>Na predstoje\u0107em Interliberu izdava\u010dka ku\u0107a Meridijani predstavit \u0107e novi 203. broj \u010dasopisa Meridijani, za studeni i prosinac 2018. te dvije nove knjige u na\u0161em izdanju: &#8220;Slavne \u017eene stare povijesti&#8221; autora doc. dr. sc. Mladena Tomorada i suradnika i &#8220;\u010covjek i prostor, \u010dovjek u okoli\u0161u: Ekohistorijski ogledi&#8221; autora red. prof. dr. sc. u miru Drage Roksandi\u0107a.<\/p>\n<p>&nbsp;<\/p>\n<p>Sva predstavljanja odr\u017eat \u0107e se u srijedu, 14. studenog 2018. na glavnoj otvorenoj pozornici u Paviljonu 6 Zagreba\u010dkog Velesajma i to:<\/p>\n<p>&nbsp;<\/p>\n<p>&#8211; novi broj \u010dasopisa Meridijani u 14 sati<\/p>\n<p>&nbsp;<\/p>\n<p>&#8211; knjiga &#8220;Slavne \u017eene stare povijesti&#8221; u 14.30 sati i<\/p>\n<p>&nbsp;<\/p>\n<p>&#8211; knjiga &#8220;\u010covjek i prostor, \u010dovjek u okoli\u0161u: Ekohistorijski ogledi&#8221; u 15 sati<\/p>\n<p>&nbsp;<\/p>\n<p>&#8212;<\/p>\n<p><strong>\u00a0<\/strong><\/p>\n<p>Mladen Tomorad i suradnici<\/p>\n<p>&nbsp;<\/p>\n<p><strong>Slavne \u017eene stare povijesti<\/strong><\/p>\n<p><strong>\u00a0<\/strong><\/p>\n<p>Knjiga prikazuje \u017eivote \u017eena u starom svijetu, u dr\u017eavama i civilizacijama starog Istoka, u Egiptu, Gr\u010dkoj i Rimu te se uklapa u stremljenja moderne historiografije u kojoj studije roda zauzimaju vrlo zapa\u017eeno mjesto. To je prvo djelo koje se bavi polo\u017eajem i \u017eivotom \u017eena starog svijeta na spomenutom podru\u010dju pa je njezino objavljivanje va\u017eno ne samo za povjesni\u010dare i studente povijesti i drugih humanisti\u010dkih disciplina, ve\u0107 i za \u0161iru \u010ditateljsku publiku zainteresiranu za stari svijet i pro\u0161lost ljudskog roda.<\/p>\n<p>Knjiga ima pet poglavlja: Stari Istok, Stari Egipat, Gr\u010dki svijet, Rimski svijet i Neuobi\u010dajena \u017eenska zanimanja, a u biografskim pregledima autori su nastojali prikazati utjecaj svake od obra\u0111enih \u017eena na umjetnost i kulturu (knji\u017eevnost, likovna umjetnost, glazba, film\u2026) od anti\u010dkih vremena do na\u0161ih dana. Tekstovi su popra\u0107eni ilustracijama raznovrsnih spomenika iz brojnih svjetskih muzeja.<\/p>\n<p>Svojevrstan poticaj za pripremu ove opse\u017ene knjige bio je tekst kurikula nastavnog predmeta povijesti koji je kao jednu od tema srednjo\u0161kolskih programa povijesti u Republici Hrvatskoj predvidio obradu rodne povijesti.<\/p>\n<p>Urednik knjige je doc. dr. sc. Mladen Tomorad, a recenzenti su izv. prof. dr. sc. Sne\u017eana Ferjan\u010di\u0107 i doc. dr. sc. Vlatka Vukeli\u0107.<\/p>\n<p>&nbsp;<\/p>\n<p>352 stranica<\/p>\n<p>Godina izdanja: 2018.<\/p>\n<p>Meki uvez u boji<\/p>\n<p>Format: 20 x 27 cm<\/p>\n<p>Cijena: 220 kuna (na Interliberu 170 kuna)<\/p>\n<p>&nbsp;<\/p>\n<p>\u2026\u2026\u2026\u2026\u2026\u2026\u2026\u2026<\/p>\n<p>&nbsp;<\/p>\n<p>Drago Roksandi\u0107<\/p>\n<p>&nbsp;<\/p>\n<p><strong>\u010covjek i prostor, \u010covjek u okoli\u0161u: Ekohistorijski ogledi<\/strong><\/p>\n<p><strong>\u00a0<\/strong><\/p>\n<p>Knjiga sadr\u017ei izbor od dvadeset i \u010detiri rada redovitog profesora u trajnom zvanju na Odsjeku za povijest Filozofskog fakulteta Sveu\u010dili\u0161ta u Zagrebu. Ti su radovi bili objavljeni u Hrvatskoj ili u vi\u0161e drugih zemalja od 1990-ih godina do danas, a posve\u0107eni su, u naj\u0161irem smislu, problemima prostora i okoli\u0161a u povijesti.<\/p>\n<p>U knjizi autor analizira pojam ekohistorije. Zatim u ekohistorijskim ogledima razmatra teme kao \u0161to su Dinarski Vlasi\/Morlaci od 14. do 16. stolje\u0107a, Dalmatinska zagora u ranome novom vijeku, li\u010dko-krbavski Bunjevci u \u201edugom\u201c 18. stolje\u0107u i druge. Tu su i radovi o konfliktnim strategijama u proizvodnji prostora Banske krajine u 18. stolje\u0107u, o bunama 1755. godine, o tome kako \u010ditati Luju Matutinovi\u0107a i o Matasovi\u0107evim inovacijskim doprinosima vojnokraji\u0161koj historiografiji. Roksandi\u0107 se bavi i sje\u0107anjima i dokumentima o zagreba\u010dkom Filozofskom fakultetu u poplavi 1964. godine, a slijedi poglavlje o kartografskim konstrukcijama prostora. Zatim se bavi Europom i njezinim vi\u0161estrukim jugoisto\u010dnoeuropskim granicama, pitanjem postoji li jo\u0161 Srednja Europa, destrukcijom Sarajeva 1992. \u2013 1995. u povijesnoj perspektivi i drugim temama. Zadnje poglavlje posve\u0107eno je Kuli Stojana Jankovi\u0107a u Islamu Gr\u010dkom i projektu Me\u0111unarodnog sveu\u010dili\u0161nog centra.<\/p>\n<p>Urednica knjige je Petra Somek, a recenzent izv. prof. dr. sc. Hrvoje Petri\u0107.<\/p>\n<p>&nbsp;<\/p>\n<p>432 stranica<\/p>\n<p>Godina izdanja: 2018.<\/p>\n<p>Tvrdi uvez u boji<\/p>\n<p>Format: 21 x 27 cm<\/p>\n<p>Cijena: 290 kuna (na Interliberu 230 kuna)<\/p>\n<p>&nbsp;<\/p>\n<p><a href=\"https:\/\/i0.wp.com\/historiografija.hr\/wp-content\/uploads\/2018\/11\/pozivnica-Meridijani-203.jpg?ssl=1\"><img data-recalc-dims=\"1\" loading=\"lazy\" decoding=\"async\" data-attachment-id=\"12170\" data-permalink=\"https:\/\/historiografija.hr\/?attachment_id=12170\" data-orig-file=\"https:\/\/i0.wp.com\/historiografija.hr\/wp-content\/uploads\/2018\/11\/pozivnica-Meridijani-203.jpg?fit=1200%2C846&amp;ssl=1\" data-orig-size=\"1200,846\" data-comments-opened=\"1\" data-image-meta=\"{&quot;aperture&quot;:&quot;0&quot;,&quot;credit&quot;:&quot;&quot;,&quot;camera&quot;:&quot;&quot;,&quot;caption&quot;:&quot;&quot;,&quot;created_timestamp&quot;:&quot;0&quot;,&quot;copyright&quot;:&quot;&quot;,&quot;focal_length&quot;:&quot;0&quot;,&quot;iso&quot;:&quot;0&quot;,&quot;shutter_speed&quot;:&quot;0&quot;,&quot;title&quot;:&quot;&quot;,&quot;orientation&quot;:&quot;0&quot;}\" data-image-title=\"pozivnica Meridijani 203\" data-image-description=\"\" data-image-caption=\"\" data-large-file=\"https:\/\/i0.wp.com\/historiografija.hr\/wp-content\/uploads\/2018\/11\/pozivnica-Meridijani-203.jpg?fit=860%2C606&amp;ssl=1\" class=\"alignnone size-medium wp-image-12170\" src=\"https:\/\/i0.wp.com\/historiografija.hr\/wp-content\/uploads\/2018\/11\/pozivnica-Meridijani-203.jpg?resize=300%2C212&#038;ssl=1\" alt=\"\" width=\"300\" height=\"212\" srcset=\"https:\/\/i0.wp.com\/historiografija.hr\/wp-content\/uploads\/2018\/11\/pozivnica-Meridijani-203.jpg?resize=300%2C212&amp;ssl=1 300w, https:\/\/i0.wp.com\/historiografija.hr\/wp-content\/uploads\/2018\/11\/pozivnica-Meridijani-203.jpg?resize=768%2C541&amp;ssl=1 768w, https:\/\/i0.wp.com\/historiografija.hr\/wp-content\/uploads\/2018\/11\/pozivnica-Meridijani-203.jpg?resize=1024%2C722&amp;ssl=1 1024w, https:\/\/i0.wp.com\/historiografija.hr\/wp-content\/uploads\/2018\/11\/pozivnica-Meridijani-203.jpg?w=1200&amp;ssl=1 1200w\" sizes=\"auto, (max-width: 300px) 100vw, 300px\" \/><\/a><\/p>\n<p>&nbsp;<\/p>\n<p>&nbsp;<\/p>\n<p><a href=\"https:\/\/i0.wp.com\/historiografija.hr\/wp-content\/uploads\/2018\/11\/pozivnica-Slavne-zene.jpg?ssl=1\"><img data-recalc-dims=\"1\" loading=\"lazy\" decoding=\"async\" data-attachment-id=\"12171\" data-permalink=\"https:\/\/historiografija.hr\/?attachment_id=12171\" data-orig-file=\"https:\/\/i0.wp.com\/historiografija.hr\/wp-content\/uploads\/2018\/11\/pozivnica-Slavne-zene.jpg?fit=1200%2C846&amp;ssl=1\" data-orig-size=\"1200,846\" data-comments-opened=\"1\" data-image-meta=\"{&quot;aperture&quot;:&quot;0&quot;,&quot;credit&quot;:&quot;&quot;,&quot;camera&quot;:&quot;&quot;,&quot;caption&quot;:&quot;&quot;,&quot;created_timestamp&quot;:&quot;0&quot;,&quot;copyright&quot;:&quot;&quot;,&quot;focal_length&quot;:&quot;0&quot;,&quot;iso&quot;:&quot;0&quot;,&quot;shutter_speed&quot;:&quot;0&quot;,&quot;title&quot;:&quot;&quot;,&quot;orientation&quot;:&quot;0&quot;}\" data-image-title=\"pozivnica Slavne zene\" data-image-description=\"\" data-image-caption=\"\" data-large-file=\"https:\/\/i0.wp.com\/historiografija.hr\/wp-content\/uploads\/2018\/11\/pozivnica-Slavne-zene.jpg?fit=860%2C606&amp;ssl=1\" class=\"alignnone size-medium wp-image-12171\" src=\"https:\/\/i0.wp.com\/historiografija.hr\/wp-content\/uploads\/2018\/11\/pozivnica-Slavne-zene.jpg?resize=300%2C212&#038;ssl=1\" alt=\"\" width=\"300\" height=\"212\" srcset=\"https:\/\/i0.wp.com\/historiografija.hr\/wp-content\/uploads\/2018\/11\/pozivnica-Slavne-zene.jpg?resize=300%2C212&amp;ssl=1 300w, https:\/\/i0.wp.com\/historiografija.hr\/wp-content\/uploads\/2018\/11\/pozivnica-Slavne-zene.jpg?resize=768%2C541&amp;ssl=1 768w, https:\/\/i0.wp.com\/historiografija.hr\/wp-content\/uploads\/2018\/11\/pozivnica-Slavne-zene.jpg?resize=1024%2C722&amp;ssl=1 1024w, https:\/\/i0.wp.com\/historiografija.hr\/wp-content\/uploads\/2018\/11\/pozivnica-Slavne-zene.jpg?w=1200&amp;ssl=1 1200w\" sizes=\"auto, (max-width: 300px) 100vw, 300px\" \/><\/a><\/p>\n<p>&nbsp;<\/p>\n<p><a href=\"https:\/\/i0.wp.com\/historiografija.hr\/wp-content\/uploads\/2018\/11\/Pozivnica-Covjek-i-prostor.jpg?ssl=1\"><img data-recalc-dims=\"1\" loading=\"lazy\" decoding=\"async\" data-attachment-id=\"12172\" data-permalink=\"https:\/\/historiografija.hr\/?attachment_id=12172\" data-orig-file=\"https:\/\/i0.wp.com\/historiografija.hr\/wp-content\/uploads\/2018\/11\/Pozivnica-Covjek-i-prostor.jpg?fit=1200%2C846&amp;ssl=1\" data-orig-size=\"1200,846\" data-comments-opened=\"1\" data-image-meta=\"{&quot;aperture&quot;:&quot;0&quot;,&quot;credit&quot;:&quot;&quot;,&quot;camera&quot;:&quot;&quot;,&quot;caption&quot;:&quot;&quot;,&quot;created_timestamp&quot;:&quot;0&quot;,&quot;copyright&quot;:&quot;&quot;,&quot;focal_length&quot;:&quot;0&quot;,&quot;iso&quot;:&quot;0&quot;,&quot;shutter_speed&quot;:&quot;0&quot;,&quot;title&quot;:&quot;&quot;,&quot;orientation&quot;:&quot;0&quot;}\" data-image-title=\"Pozivnica Covjek i prostor\" data-image-description=\"\" data-image-caption=\"\" data-large-file=\"https:\/\/i0.wp.com\/historiografija.hr\/wp-content\/uploads\/2018\/11\/Pozivnica-Covjek-i-prostor.jpg?fit=860%2C606&amp;ssl=1\" class=\"alignnone size-medium wp-image-12172\" src=\"https:\/\/i0.wp.com\/historiografija.hr\/wp-content\/uploads\/2018\/11\/Pozivnica-Covjek-i-prostor.jpg?resize=300%2C212&#038;ssl=1\" alt=\"\" width=\"300\" height=\"212\" srcset=\"https:\/\/i0.wp.com\/historiografija.hr\/wp-content\/uploads\/2018\/11\/Pozivnica-Covjek-i-prostor.jpg?resize=300%2C212&amp;ssl=1 300w, https:\/\/i0.wp.com\/historiografija.hr\/wp-content\/uploads\/2018\/11\/Pozivnica-Covjek-i-prostor.jpg?resize=768%2C541&amp;ssl=1 768w, https:\/\/i0.wp.com\/historiografija.hr\/wp-content\/uploads\/2018\/11\/Pozivnica-Covjek-i-prostor.jpg?resize=1024%2C722&amp;ssl=1 1024w, https:\/\/i0.wp.com\/historiografija.hr\/wp-content\/uploads\/2018\/11\/Pozivnica-Covjek-i-prostor.jpg?w=1200&amp;ssl=1 1200w\" sizes=\"auto, (max-width: 300px) 100vw, 300px\" \/><\/a><\/p>\n<p>&nbsp;<\/p>\n<p><a href=\"https:\/\/historiografija.hr\/wp-content\/uploads\/2018\/11\/Tekst-poziva-Interliber-2018..doc\">Tekst poziva Interliber 2018.<\/a><\/p>\n<p>&nbsp;<\/p>\n<p>&nbsp;<\/p>\n<p>&nbsp;<\/p>\n","protected":false},"excerpt":{"rendered":"","protected":false},"author":2,"featured_media":12172,"comment_status":"open","ping_status":"open","sticky":false,"template":"","format":"standard","meta":{"_acf_changed":false,"jetpack_post_was_ever_published":false,"_jetpack_newsletter_access":"","_jetpack_dont_email_post_to_subs":false,"_jetpack_newsletter_tier_id":0,"_jetpack_memberships_contains_paywalled_content":false,"_jetpack_memberships_contains_paid_content":false,"footnotes":"","jetpack_publicize_message":"","jetpack_publicize_feature_enabled":true,"jetpack_social_post_already_shared":true,"jetpack_social_options":{"image_generator_settings":{"template":"highway","default_image_id":0,"font":"","enabled":false},"version":2}},"categories":[3],"tags":[],"class_list":["post-12169","post","type-post","status-publish","format-standard","has-post-thumbnail","hentry","category-novosti"],"acf":{"facebook_opis":""},"jetpack_publicize_connections":[],"jetpack_featured_media_url":"https:\/\/i0.wp.com\/historiografija.hr\/wp-content\/uploads\/2018\/11\/Pozivnica-Covjek-i-prostor.jpg?fit=1200%2C846&ssl=1","jetpack_sharing_enabled":true,"jetpack-related-posts":[{"id":52651,"url":"https:\/\/historiografija.hr\/?p=52651","url_meta":{"origin":12169,"position":0},"title":"Promocija knjige Emira O. Filipovi\u0107a \u201cVite\u0161tvo u srednjovjekovnoj Bosni\u201d u Sarajevu","author":"Branimir Jankovi\u0107","date":"24. travnja 2026.","format":false,"excerpt":"Knji\u017eevni korner poziva na promociju knjige Emira O. Filipovi\u0107a \u201cVite\u0161tvo u srednjovjekovnoj Bosni\u201d koja \u0107e se odr\u017eati u srijedu, 29. aprila 2026. u 18 sati u Evropskoj ku\u0107i kulture i nacionalnih manjina (Austrijska ku\u0107a) u Sarajevu. Na promociji \u0107e govoriti Mirsad Sijari\u0107, Ema Mazrak i autor, a moderirat \u0107e Nikola\u2026","rel":"","context":"U &quot;Novosti&quot;","block_context":{"text":"Novosti","link":"https:\/\/historiografija.hr\/?cat=3"},"img":{"alt_text":"","src":"https:\/\/i0.wp.com\/historiografija.hr\/wp-content\/uploads\/2026\/04\/Vitestvo.jpg?fit=1080%2C565&ssl=1&resize=350%2C200","width":350,"height":200,"srcset":"https:\/\/i0.wp.com\/historiografija.hr\/wp-content\/uploads\/2026\/04\/Vitestvo.jpg?fit=1080%2C565&ssl=1&resize=350%2C200 1x, https:\/\/i0.wp.com\/historiografija.hr\/wp-content\/uploads\/2026\/04\/Vitestvo.jpg?fit=1080%2C565&ssl=1&resize=525%2C300 1.5x, https:\/\/i0.wp.com\/historiografija.hr\/wp-content\/uploads\/2026\/04\/Vitestvo.jpg?fit=1080%2C565&ssl=1&resize=700%2C400 2x, https:\/\/i0.wp.com\/historiografija.hr\/wp-content\/uploads\/2026\/04\/Vitestvo.jpg?fit=1080%2C565&ssl=1&resize=1050%2C600 3x"},"classes":[]},{"id":52592,"url":"https:\/\/historiografija.hr\/?p=52592","url_meta":{"origin":12169,"position":1},"title":"Predstavljanje knjige &#8220;Turska ku\u0107a u Rijeci&#8221; u Zagrebu","author":"Branimir Jankovi\u0107","date":"22. travnja 2026.","format":false,"excerpt":"U prostorijama Turskog kulturnog centra Yunus Emre u Zagrebu, u utorak 21. travnja 2026. godine, odr\u017eano je sve\u010dano predstavljanje dopunjenog izdanja knjige Turska ku\u0107a u Rijeci, u organizaciji Hrvatsko-turskog dru\u0161tva Rijeka i partnerstvu sa Skupinom prijateljstva Hrvatska-Turska Hrvatskog sabora, Veleposlanstvom Republike Turske u Republici Hrvatskoj te Turskim kulturnim centrom Yunus\u2026","rel":"","context":"U &quot;Novosti&quot;","block_context":{"text":"Novosti","link":"https:\/\/historiografija.hr\/?cat=3"},"img":{"alt_text":"","src":"https:\/\/i0.wp.com\/historiografija.hr\/wp-content\/uploads\/2026\/04\/Turska-kuca-ZG.jpg?fit=1200%2C800&ssl=1&resize=350%2C200","width":350,"height":200,"srcset":"https:\/\/i0.wp.com\/historiografija.hr\/wp-content\/uploads\/2026\/04\/Turska-kuca-ZG.jpg?fit=1200%2C800&ssl=1&resize=350%2C200 1x, https:\/\/i0.wp.com\/historiografija.hr\/wp-content\/uploads\/2026\/04\/Turska-kuca-ZG.jpg?fit=1200%2C800&ssl=1&resize=525%2C300 1.5x, https:\/\/i0.wp.com\/historiografija.hr\/wp-content\/uploads\/2026\/04\/Turska-kuca-ZG.jpg?fit=1200%2C800&ssl=1&resize=700%2C400 2x, https:\/\/i0.wp.com\/historiografija.hr\/wp-content\/uploads\/2026\/04\/Turska-kuca-ZG.jpg?fit=1200%2C800&ssl=1&resize=1050%2C600 3x"},"classes":[]},{"id":52552,"url":"https:\/\/historiografija.hr\/?p=52552","url_meta":{"origin":12169,"position":2},"title":"Besplatni glazbeni antikvarijat","author":"Branimir Jankovi\u0107","date":"20. travnja 2026.","format":false,"excerpt":"Muzi\u010dka akademija Sveu\u010dili\u0161ta u Zagrebu 23. travnja 2026. od 10 do 17 sati Pozivamo Vas na Besplatni glazbeni antikvarijat, koji u sklopu manifestacije No\u0107 knjige 2026. organizira Hrvatska udruga muzi\u010dkih knji\u017enica, arhiva i dokumentacijskih centara (HUMKAD). Antikvarijat \u0107e se odr\u017eati na Svjetski dan knjige \u2013 u \u010detvrtak 23. travnja 2026.\u2026","rel":"","context":"U &quot;Novosti&quot;","block_context":{"text":"Novosti","link":"https:\/\/historiografija.hr\/?cat=3"},"img":{"alt_text":"","src":"https:\/\/i0.wp.com\/historiografija.hr\/wp-content\/uploads\/2026\/04\/Besplatni-glazbeni-antikvarijat-23.-4.-2026.jpg?fit=1200%2C848&ssl=1&resize=350%2C200","width":350,"height":200,"srcset":"https:\/\/i0.wp.com\/historiografija.hr\/wp-content\/uploads\/2026\/04\/Besplatni-glazbeni-antikvarijat-23.-4.-2026.jpg?fit=1200%2C848&ssl=1&resize=350%2C200 1x, https:\/\/i0.wp.com\/historiografija.hr\/wp-content\/uploads\/2026\/04\/Besplatni-glazbeni-antikvarijat-23.-4.-2026.jpg?fit=1200%2C848&ssl=1&resize=525%2C300 1.5x, https:\/\/i0.wp.com\/historiografija.hr\/wp-content\/uploads\/2026\/04\/Besplatni-glazbeni-antikvarijat-23.-4.-2026.jpg?fit=1200%2C848&ssl=1&resize=700%2C400 2x, https:\/\/i0.wp.com\/historiografija.hr\/wp-content\/uploads\/2026\/04\/Besplatni-glazbeni-antikvarijat-23.-4.-2026.jpg?fit=1200%2C848&ssl=1&resize=1050%2C600 3x"},"classes":[]},{"id":52619,"url":"https:\/\/historiografija.hr\/?p=52619","url_meta":{"origin":12169,"position":3},"title":"Predavanje \u0110ur\u0111ice Vitkovi\u0107 &#8220;Izme\u0111u pera i objektiva: Zagorka i Foto Tonka&#8221;","author":"Branimir Jankovi\u0107","date":"23. travnja 2026.","format":false,"excerpt":"Memorijalni stan Marije Juri\u0107 Zagorke poziva Vas na predavanje \u0110ur\u0111ice Vitkovi\u0107 \u201eIzme\u0111u pera i objektiva: Zagorka i Foto Tonka\u201c koje \u0107e se odr\u017eati u utorak, 28. travnja 2026. s po\u010detkom u 18 h u sklopu Ciklusa predavanja u Memorijalnom stanu Marije Juri\u0107 Zagorke. Kako su se susrele knji\u017eevnost i fotografija\u2026","rel":"","context":"U &quot;Novosti&quot;","block_context":{"text":"Novosti","link":"https:\/\/historiografija.hr\/?cat=3"},"img":{"alt_text":"","src":"https:\/\/i0.wp.com\/historiografija.hr\/wp-content\/uploads\/2024\/11\/Zagorka_ciklus.jpg?fit=1200%2C1006&ssl=1&resize=350%2C200","width":350,"height":200,"srcset":"https:\/\/i0.wp.com\/historiografija.hr\/wp-content\/uploads\/2024\/11\/Zagorka_ciklus.jpg?fit=1200%2C1006&ssl=1&resize=350%2C200 1x, https:\/\/i0.wp.com\/historiografija.hr\/wp-content\/uploads\/2024\/11\/Zagorka_ciklus.jpg?fit=1200%2C1006&ssl=1&resize=525%2C300 1.5x, https:\/\/i0.wp.com\/historiografija.hr\/wp-content\/uploads\/2024\/11\/Zagorka_ciklus.jpg?fit=1200%2C1006&ssl=1&resize=700%2C400 2x, https:\/\/i0.wp.com\/historiografija.hr\/wp-content\/uploads\/2024\/11\/Zagorka_ciklus.jpg?fit=1200%2C1006&ssl=1&resize=1050%2C600 3x"},"classes":[]},{"id":52520,"url":"https:\/\/historiografija.hr\/?p=52520","url_meta":{"origin":12169,"position":4},"title":"Predstavljanje knjige &#8220;Socialist Economics in Yugoslavia: A Critical History&#8221; u Zagrebu","author":"Branimir Jankovi\u0107","date":"17. travnja 2026.","format":false,"excerpt":"Pozivamo vas na predstavljanje knjige \"Socialist Economics in Yugoslavia: A Critical History\", autora Mislava \u00a0\u017ditka i Marka Grde\u0161i\u0107a (Routledge, 2026). Na predstavljanju \u0107e govoriti Branko Milanovi\u0107 (CUNY), Milica Uvali\u0107 (EUI), Zdravko Petak (FPZG) te autori.\u00a0 Predstavljanje \u0107e se odr\u017eati u srijedu 22. travnja u 16:00 sati na Fakultetu politi\u010dkih znanosti\u2026","rel":"","context":"U &quot;Novosti&quot;","block_context":{"text":"Novosti","link":"https:\/\/historiografija.hr\/?cat=3"},"img":{"alt_text":"","src":"https:\/\/i0.wp.com\/historiografija.hr\/wp-content\/uploads\/2026\/04\/Poziv-na-predstavljanje.png?fit=800%2C652&ssl=1&resize=350%2C200","width":350,"height":200,"srcset":"https:\/\/i0.wp.com\/historiografija.hr\/wp-content\/uploads\/2026\/04\/Poziv-na-predstavljanje.png?fit=800%2C652&ssl=1&resize=350%2C200 1x, https:\/\/i0.wp.com\/historiografija.hr\/wp-content\/uploads\/2026\/04\/Poziv-na-predstavljanje.png?fit=800%2C652&ssl=1&resize=525%2C300 1.5x, https:\/\/i0.wp.com\/historiografija.hr\/wp-content\/uploads\/2026\/04\/Poziv-na-predstavljanje.png?fit=800%2C652&ssl=1&resize=700%2C400 2x"},"classes":[]},{"id":52646,"url":"https:\/\/historiografija.hr\/?p=52646","url_meta":{"origin":12169,"position":5},"title":"5. MALI FESTIVAL POVIJESTI U LASTOVU","author":"Branimir Jankovi\u0107","date":"24. travnja 2026.","format":false,"excerpt":"Peti Mali festival povijesti odr\u017eava se od 25. do 27. travnja 2026. na Lastovu, u suradnji Zavoda za povijesne znanosti HAZU u Dubrovniku, Op\u0107ine Lastovo i Turisti\u010dke zajednice te uz potporu Dubrova\u010dko-neretvanske \u017eupanije. Predavanja: Dr. sc. Jasna \u010capo \u201eKu\u0107a kao zalog budu\u0107nosti i most izme\u0111u iseljenika i domovine\u201c Dr. sc.\u2026","rel":"","context":"U &quot;Novosti&quot;","block_context":{"text":"Novosti","link":"https:\/\/historiografija.hr\/?cat=3"},"img":{"alt_text":"","src":"https:\/\/i0.wp.com\/historiografija.hr\/wp-content\/uploads\/2026\/04\/Lastovo.jpg?fit=1200%2C700&ssl=1&resize=350%2C200","width":350,"height":200,"srcset":"https:\/\/i0.wp.com\/historiografija.hr\/wp-content\/uploads\/2026\/04\/Lastovo.jpg?fit=1200%2C700&ssl=1&resize=350%2C200 1x, https:\/\/i0.wp.com\/historiografija.hr\/wp-content\/uploads\/2026\/04\/Lastovo.jpg?fit=1200%2C700&ssl=1&resize=525%2C300 1.5x, https:\/\/i0.wp.com\/historiografija.hr\/wp-content\/uploads\/2026\/04\/Lastovo.jpg?fit=1200%2C700&ssl=1&resize=700%2C400 2x, https:\/\/i0.wp.com\/historiografija.hr\/wp-content\/uploads\/2026\/04\/Lastovo.jpg?fit=1200%2C700&ssl=1&resize=1050%2C600 3x"},"classes":[]}],"_links":{"self":[{"href":"https:\/\/historiografija.hr\/index.php?rest_route=\/wp\/v2\/posts\/12169","targetHints":{"allow":["GET"]}}],"collection":[{"href":"https:\/\/historiografija.hr\/index.php?rest_route=\/wp\/v2\/posts"}],"about":[{"href":"https:\/\/historiografija.hr\/index.php?rest_route=\/wp\/v2\/types\/post"}],"author":[{"embeddable":true,"href":"https:\/\/historiografija.hr\/index.php?rest_route=\/wp\/v2\/users\/2"}],"replies":[{"embeddable":true,"href":"https:\/\/historiografija.hr\/index.php?rest_route=%2Fwp%2Fv2%2Fcomments&post=12169"}],"version-history":[{"count":2,"href":"https:\/\/historiografija.hr\/index.php?rest_route=\/wp\/v2\/posts\/12169\/revisions"}],"predecessor-version":[{"id":12175,"href":"https:\/\/historiografija.hr\/index.php?rest_route=\/wp\/v2\/posts\/12169\/revisions\/12175"}],"wp:featuredmedia":[{"embeddable":true,"href":"https:\/\/historiografija.hr\/index.php?rest_route=\/wp\/v2\/media\/12172"}],"wp:attachment":[{"href":"https:\/\/historiografija.hr\/index.php?rest_route=%2Fwp%2Fv2%2Fmedia&parent=12169"}],"wp:term":[{"taxonomy":"category","embeddable":true,"href":"https:\/\/historiografija.hr\/index.php?rest_route=%2Fwp%2Fv2%2Fcategories&post=12169"},{"taxonomy":"post_tag","embeddable":true,"href":"https:\/\/historiografija.hr\/index.php?rest_route=%2Fwp%2Fv2%2Ftags&post=12169"}],"curies":[{"name":"wp","href":"https:\/\/api.w.org\/{rel}","templated":true}]}}