{"id":12163,"date":"2018-11-10T14:57:44","date_gmt":"2018-11-10T14:57:44","guid":{"rendered":"http:\/\/historiografija.hr\/?p=12163"},"modified":"2018-11-10T14:57:44","modified_gmt":"2018-11-10T14:57:44","slug":"prica-o-novom-muzejskom-izdavastvu-muzeji-po-37-put-na-interliberu","status":"publish","type":"post","link":"https:\/\/historiografija.hr\/?p=12163","title":{"rendered":"Pri\u010da o novom muzejskom izdava\u0161tvu \u2013 muzeji po 37. put na Interliberu"},"content":{"rendered":"<p>Interliber, \u201enajomiljeniji sajam za sve generacije\u201c postao je sastavni dio zagreba\u010dke jeseni. Ve\u0107 41 godinu ovaj sajam otvara svoje izlo\u017ebene prostore za mno\u0161tvo izlaga\u010da i posjetitelja, a 37. put za redom jedan od izlo\u017ebenih prostora ugo\u0161\u0107uje i <em><a href=\"http:\/\/www.mdc.hr\/hr\/mdc\/izlozbe\/izlozba-izdavacke-djelatnosti-hrvatskih-muzeja-i-galerija\/\">Izlo\u017ebu izdava\u010dke djelatnosti hrvatskih muzeja i galerija<\/a><\/em> u organizaciji Muzejskoga dokumentacijskog centra.<\/p>\n<p>S tradicijom dugom 37 godina, ova izlo\u017eba ima za cilj promovirati godi\u0161nju izdava\u010dku djelatnost hrvatskih muzeja i galerija i \u010dini to neprekinuto iz godine u godinu, zadr\u017eavaju\u0107i svoj jedinstveni oblik, sadr\u017eaj i pristup izlo\u017eenoj gra\u0111i. Ovaj na\u010din javnog predstavljanja muzejske izdava\u010dke djelatnosti uz druge, male i velike, doma\u0107e i inozemne izlaga\u010de nakladnike, upoznaje nas i s drugim, jednako va\u017enim i odgovornim, ulogama muzejske djelatnosti i daje uvid posjetiteljima u recentne teme i podru\u010dja bavljenja muzeja i galerija Hrvatske.<\/p>\n<p>Prepoznatljiv \u0161tand MDC-ove <em>Izlo\u017ebe izdava\u010dke djelatnosti hrvatskih muzeja i galerija<\/em> ove godine krasit \u0107e \u010dak 722 nova naslova tiskanih i elektroni\u010dkih publikacija. Brojimo tako 116 muzeja koji su se odazvali ovoj akciji te uz publikacije, dostavili i oko 290 plakata i ostalih popratnih promid\u017ebenih materijala.<\/p>\n<p>Izlo\u017eba je i ove godine popra\u0107ena katalogom muzejskih publikacija, muzejskih plakata, elektroni\u010dke i ostale gra\u0111e, a dugogodi\u0161nja voditeljica akcije, Snje\u017eana Radovanlija Mileusni\u0107, u njegovom je Predgovoru izabrala i ponudila neke od tema i naslova \u017eele\u0107i \u201eskrenuti pozornost na novo i zanimljivo, provokativno ili pak dugovje\u010dno i odr\u017eivo, svojstveno muzejima, ali i na neke nove iskorake u muzejskoj izdava\u010dkoj djelatnosti\u201c (iz <a href=\"http:\/\/www.mdc.hr\/files\/file\/mdc\/Interliber\/Interliber_2018_predgovor.pdf\">Predgovora<\/a>).<\/p>\n<p>Kao poseban dio programa u \u010detvrtak 15. studenog 2018. u 16 sati odr\u017eat \u0107e se predstavljanje kataloga Valpova\u010dki vlastelini Prandau-Normann, koji temeljito obra\u0111uje razli\u010dite segmente iz ostav\u0161tine valpova\u010dkih vlastelina i \u010ditatelju nudi katalo\u0161ki popis bogate gra\u0111e koja se nalazi u Dr\u017eavnom arhivu u Osijeku, Muzeju Slavonije, Muzeju likovnih umjetnosti i Muzeju Valpov\u0161tine.<\/p>\n<p>Tako \u0107e posjetitelji na \u0161tandu Izlo\u017ebe mo\u0107i prona\u0107i publikacije koje tematiziraju kolekcionare i njihove privatne zbirke na povremenim muzejskim izlo\u017ebama ili donacijama, muzejske vodi\u010de kroz stalne postave i pojedine muzejske zbirke prire\u0111ene u raznim formatima, za djecu ili odrasle, na hrvatskom jeziku ili vi\u0161ejezi\u010dnim varijantama, ali i opse\u017ene monografske publikacije koje obra\u0111uju velike projekte i teme ili same muzejske ustanove. Znatan je dio publikacija posve\u0107en i industrijskoj ba\u0161tini i revitalizaciji nekada\u0161njih industrijskih &#8216;\u017eila kucavica&#8217; u suvremene i iskoristive prostore, ali i sportu koji je bio temom ovogodi\u0161nje No\u0107i muzeja. Teme vezane uz tradicijsku kulturu i etnografiju ove godine su obra\u0111ene u brojnim publikacija i govore o, izme\u0111u ostaloga, i nekim intrigantnim temama \u2013 od donjega rublja i intime, preko va\u017enosti drva u \u010dovjekovu \u017eivotu do zna\u010daja brkova u mu\u0161koj modi.<\/p>\n<p>Muzeji nastavljaju s objavama svojih stru\u010dnih i znanstvenih tema vezanih uz muzejsku gra\u0111u i podru\u010dje djelovanja u novih 25 svezaka muzejskih \u010dasopisa. Da va\u017enost ove izlo\u017ebe za muzejsku izdava\u010dku djelatnost ima odjeka, pokazuje nam i \u010dinjenica kako su se prvi put ove godine Izlo\u017ebi pridru\u017eila i neka nova muzejska imena: Memorijalni centar Faust Vran\u010di\u0107, Muzej Cvelferije, Muzej vu\u010dedolske kulture i Muzej Apoksiomena. Posebno se isti\u010de i broj publikacija za djecu, koje vrstom se\u017eu od muzejsko-edukativnih priru\u010dnika i vodi\u010da do bojanki i edukativnih igara, a bogatstvom boja i kreativno\u0161\u0107u ilustracija sigurni smo da ne\u0107e mamiti samo dje\u010dje poglede. Muzejsko izdava\u0161tvo sigurno i uvjereno kora\u010da uz bok inovacijama i modernosti koju donosi stolje\u0107e u kojem \u017eivimo. Tako nam se prvi put predstavlja i novi nakladni\u010dki proizvod &#8211; \u201epametna knjiga\u201c u izdanju zagreba\u010dkoga Muzeja suvremene umjetnosti, gdje spoj tiskane i elektroni\u010dke knjige na posve inovativan na\u010din pru\u017ea jedinstveno \u010ditateljsko iskustvo. Me\u0111u novitetima isti\u010demo i prvu muzejsku publikaciju lako razumljive knjige za osobe s intelektualnim pote\u0161ko\u0107ama u izdanju Galerije Ivan Me\u0161trovi\u0107.<\/p>\n<p>Kako bi slika 37. izlo\u017ebe izdava\u010dke djelatnosti hrvatskih muzeja i galerija bila potpuna i kako bi sve nove muzejske publikacije, ovdje tek ukratko i djelomi\u010dno spomenute, dobile svoj puni zna\u010daj, pozivamo vas da nam se pridru\u017eite od 13. do 18. studenoga 2018. godine u paviljonu broj 6 (\u0161tand 10a) na Interliberu Zagreba\u010dkoga Velesajma i budete dijelom na\u0161e pri\u010de o muzejskom izdava\u0161tvu. (Melita Nikoli\u0107)<\/p>\n<p>&nbsp;<\/p>\n<p>Izvor: <a href=\"http:\/\/mdc.hr\/hr\/mdc\/publikacije\/newsletter\/newsletter-6-11-2018\/#Interliber\">http:\/\/mdc.hr\/hr\/mdc\/publikacije\/newsletter\/newsletter-6-11-2018\/#Interliber<\/a><\/p>\n<p>&nbsp;<\/p>\n<p>&nbsp;<\/p>\n","protected":false},"excerpt":{"rendered":"","protected":false},"author":2,"featured_media":12164,"comment_status":"open","ping_status":"open","sticky":false,"template":"","format":"standard","meta":{"_acf_changed":false,"jetpack_post_was_ever_published":false,"_jetpack_newsletter_access":"","_jetpack_dont_email_post_to_subs":false,"_jetpack_newsletter_tier_id":0,"_jetpack_memberships_contains_paywalled_content":false,"_jetpack_memberships_contains_paid_content":false,"footnotes":"","jetpack_publicize_message":"","jetpack_publicize_feature_enabled":true,"jetpack_social_post_already_shared":true,"jetpack_social_options":{"image_generator_settings":{"template":"highway","default_image_id":0,"font":"","enabled":false},"version":2}},"categories":[3],"tags":[],"class_list":["post-12163","post","type-post","status-publish","format-standard","has-post-thumbnail","hentry","category-novosti"],"acf":{"facebook_opis":""},"jetpack_publicize_connections":[],"jetpack_featured_media_url":"https:\/\/i0.wp.com\/historiografija.hr\/wp-content\/uploads\/2018\/11\/1.jpg?fit=540%2C360&ssl=1","jetpack_sharing_enabled":true,"jetpack-related-posts":[{"id":52666,"url":"https:\/\/historiografija.hr\/?p=52666","url_meta":{"origin":12163,"position":0},"title":"Najava programa Festivala povijesti Kliofest (5-8. V. 2026)","author":"Branimir Jankovi\u0107","date":"24. travnja 2026.","format":false,"excerpt":"Po trinaesti put odr\u017eava se Festival povijesti Kliofest! Do petka \u0107emo odr\u017eati osam okruglih stolova i dva kolokvija te niz predstavljanja knjiga i projekata razli\u010dite tematike, od antike do suvremenosti. Bit \u0107e predstavljeno i nekoliko izlo\u017ebi te odr\u017ean jedan povijesni kviz. Prikazat \u0107emo i jedan film \u2013 o generalu Boroevi\u0107u.\u2026","rel":"","context":"U &quot;Novosti&quot;","block_context":{"text":"Novosti","link":"https:\/\/historiografija.hr\/?cat=3"},"img":{"alt_text":"","src":"https:\/\/i0.wp.com\/historiografija.hr\/wp-content\/uploads\/2026\/04\/Kliofest-2026.jpg?fit=526%2C526&ssl=1&resize=350%2C200","width":350,"height":200,"srcset":"https:\/\/i0.wp.com\/historiografija.hr\/wp-content\/uploads\/2026\/04\/Kliofest-2026.jpg?fit=526%2C526&ssl=1&resize=350%2C200 1x, https:\/\/i0.wp.com\/historiografija.hr\/wp-content\/uploads\/2026\/04\/Kliofest-2026.jpg?fit=526%2C526&ssl=1&resize=525%2C300 1.5x"},"classes":[]},{"id":52511,"url":"https:\/\/historiografija.hr\/?p=52511","url_meta":{"origin":12163,"position":1},"title":"Izlo\u017eba &#8220;Lica Sljemena&#8221;","author":"Branimir Jankovi\u0107","date":"17. travnja 2026.","format":false,"excerpt":"Srda\u010dno vas pozivamo na otvorenje izlo\u017ebe Lica Sljemena koje \u0107e se odr\u017eati u srijedu 22. travnja 2026. u 18 h ispred Muzeja Prigorja (Trg Dragutina Domjani\u0107a 5, Sesvete). Izlo\u017eba proizlazi iz istra\u017eivanja Nevene \u0160krbi\u0107 Alempijevi\u0107, Petre Kelemen i Sanje Potkonjak te intervjua sa Sljemena\u0161icama i Sljemena\u0161ima, koji su provedeni u\u2026","rel":"","context":"U &quot;Izlo\u017ebe&quot;","block_context":{"text":"Izlo\u017ebe","link":"https:\/\/historiografija.hr\/?cat=10"},"img":{"alt_text":"","src":"https:\/\/i0.wp.com\/historiografija.hr\/wp-content\/uploads\/2026\/04\/Izlozba-Lica-Sljemena.png?fit=1080%2C686&ssl=1&resize=350%2C200","width":350,"height":200,"srcset":"https:\/\/i0.wp.com\/historiografija.hr\/wp-content\/uploads\/2026\/04\/Izlozba-Lica-Sljemena.png?fit=1080%2C686&ssl=1&resize=350%2C200 1x, https:\/\/i0.wp.com\/historiografija.hr\/wp-content\/uploads\/2026\/04\/Izlozba-Lica-Sljemena.png?fit=1080%2C686&ssl=1&resize=525%2C300 1.5x, https:\/\/i0.wp.com\/historiografija.hr\/wp-content\/uploads\/2026\/04\/Izlozba-Lica-Sljemena.png?fit=1080%2C686&ssl=1&resize=700%2C400 2x, https:\/\/i0.wp.com\/historiografija.hr\/wp-content\/uploads\/2026\/04\/Izlozba-Lica-Sljemena.png?fit=1080%2C686&ssl=1&resize=1050%2C600 3x"},"classes":[]},{"id":52633,"url":"https:\/\/historiografija.hr\/?p=52633","url_meta":{"origin":12163,"position":2},"title":"POVIJEST TRE\u0160NJEVA\u010cKE GLAZBE: prikupljanje virtualnog fundusa Muzeja susjedstva Tre\u0161njevka","author":"Branimir Jankovi\u0107","date":"23. travnja 2026.","format":false,"excerpt":"utorak 28. 4. 2026. 14 - 18 h Nova BAZA, Nova cesta 66, Zagreb Prvi su dani ljeta 1957. godine. Bo\u017eica Kalafati\u0107 poha\u0111a drugi razred Osnovne \u0161kole Bratstvo i jedinstvo, danas kralja Tomislava, a ide i na muzi\u010dke satove u Mo\u0161\u0107eni\u010dkoj ulici. Na fotografiji s harmonikom u rukama stoji u\u2026","rel":"","context":"U &quot;Novosti&quot;","block_context":{"text":"Novosti","link":"https:\/\/historiografija.hr\/?cat=3"},"img":{"alt_text":"","src":"https:\/\/i0.wp.com\/historiografija.hr\/wp-content\/uploads\/2026\/04\/MST_prikupljanje.jpg?fit=380%2C475&ssl=1&resize=350%2C200","width":350,"height":200},"classes":[]},{"id":52559,"url":"https:\/\/historiografija.hr\/?p=52559","url_meta":{"origin":12163,"position":3},"title":"Dobitnici dr\u017eavne nagrade za znanost za 2024. godinu","author":"Branimir Jankovi\u0107","date":"20. travnja 2026.","format":false,"excerpt":"Na sjednici Odbora za podjelu dr\u017eavnih nagrada za znanost odr\u017eanoj 16. travnja 2026. godine donesena je Odluka o dodjeli dr\u017eavnih nagrada za znanost za 2024. godinu. Godi\u0161njom nagradom za popularizaciju i promid\u017ebu znanosti nagra\u0111eni su u podru\u010dju humanisti\u010dkih znanosti znanstveni suradnici dr. sc. Josip Mihaljevi\u0107 i dr. sc. Gordan Ravan\u010di\u0107,\u2026","rel":"","context":"U &quot;Novosti&quot;","block_context":{"text":"Novosti","link":"https:\/\/historiografija.hr\/?cat=3"},"img":{"alt_text":"","src":"https:\/\/i0.wp.com\/historiografija.hr\/wp-content\/uploads\/2021\/12\/povijesne-kontroverze.jpg?fit=1200%2C675&ssl=1&resize=350%2C200","width":350,"height":200,"srcset":"https:\/\/i0.wp.com\/historiografija.hr\/wp-content\/uploads\/2021\/12\/povijesne-kontroverze.jpg?fit=1200%2C675&ssl=1&resize=350%2C200 1x, https:\/\/i0.wp.com\/historiografija.hr\/wp-content\/uploads\/2021\/12\/povijesne-kontroverze.jpg?fit=1200%2C675&ssl=1&resize=525%2C300 1.5x, https:\/\/i0.wp.com\/historiografija.hr\/wp-content\/uploads\/2021\/12\/povijesne-kontroverze.jpg?fit=1200%2C675&ssl=1&resize=700%2C400 2x, https:\/\/i0.wp.com\/historiografija.hr\/wp-content\/uploads\/2021\/12\/povijesne-kontroverze.jpg?fit=1200%2C675&ssl=1&resize=1050%2C600 3x"},"classes":[]},{"id":52760,"url":"https:\/\/historiografija.hr\/?p=52760","url_meta":{"origin":12163,"position":4},"title":"Izlo\u017eba \u201cLo\u0161injski brodovi, njihove zastave i ljudi\u201d, 4. svibnja u 19h","author":"Filip \u0160imunjak","date":"30. travnja 2026.","format":false,"excerpt":"Hrvatski pomorski muzej Split, Glagolja\u0161a 18 (Tvr\u0111ava Gripe) Nakon \u0161to je u rujnu 2025. godine na otoku Lo\u0161inju, u suradnji Lo\u0161injskog muzeja i Hrvatskog pomorskog muzeja Split, predstavljena izlo\u017eba posve\u0107ena bogatoj pomorskoj ba\u0161tini otoka, njezino pro\u0161ireno izdanje postavlja se u Splitu. Uo\u010di blagdana svetog Dujma splitskoj \u0107e se publici predstaviti\u2026","rel":"","context":"U &quot;Izlo\u017ebe&quot;","block_context":{"text":"Izlo\u017ebe","link":"https:\/\/historiografija.hr\/?cat=10"},"img":{"alt_text":"","src":"https:\/\/i0.wp.com\/historiografija.hr\/wp-content\/uploads\/2026\/04\/Losinjski-brodovi-Izlozba-1-scaled.webp?fit=840%2C1200&ssl=1&resize=350%2C200","width":350,"height":200,"srcset":"https:\/\/i0.wp.com\/historiografija.hr\/wp-content\/uploads\/2026\/04\/Losinjski-brodovi-Izlozba-1-scaled.webp?fit=840%2C1200&ssl=1&resize=350%2C200 1x, https:\/\/i0.wp.com\/historiografija.hr\/wp-content\/uploads\/2026\/04\/Losinjski-brodovi-Izlozba-1-scaled.webp?fit=840%2C1200&ssl=1&resize=525%2C300 1.5x, https:\/\/i0.wp.com\/historiografija.hr\/wp-content\/uploads\/2026\/04\/Losinjski-brodovi-Izlozba-1-scaled.webp?fit=840%2C1200&ssl=1&resize=700%2C400 2x"},"classes":[]},{"id":52669,"url":"https:\/\/historiografija.hr\/?p=52669","url_meta":{"origin":12163,"position":5},"title":"Predavanje Igora Dude &#8220;Odmor kao \u017eivotna potreba: o slobodnom vremenu u socijalisti\u010dkoj Jugoslaviji&#8221;","author":"Branimir Jankovi\u0107","date":"27. travnja 2026.","format":false,"excerpt":"U sklopu proljetnog ciklusa programa\u00a0Kriti\u010dka dramaturgija: pauza, u\u00a0subotu, 25. travnja 2026. u 19 sati\u00a0u prostoru Udru\u017eenja hrvatskih arhitekata povjesni\u010dar Igor Duda\u00a0odr\u017eao je predavanje naslovljeno\u00a0Odmor kao \u017eivotna potreba: o slobodnom vremenu u socijalisti\u010dkoj Jugoslaviji. Industrijalizacija i urbanizacija dru\u0161tava u povijesti su zna\u010dile i prelazak s predindustrijskog na industrijsko shva\u0107anje vremena. Ono\u2026","rel":"","context":"U &quot;Novosti&quot;","block_context":{"text":"Novosti","link":"https:\/\/historiografija.hr\/?cat=3"},"img":{"alt_text":"","src":"https:\/\/i0.wp.com\/historiografija.hr\/wp-content\/uploads\/2026\/04\/Duda.png?fit=1200%2C628&ssl=1&resize=350%2C200","width":350,"height":200,"srcset":"https:\/\/i0.wp.com\/historiografija.hr\/wp-content\/uploads\/2026\/04\/Duda.png?fit=1200%2C628&ssl=1&resize=350%2C200 1x, https:\/\/i0.wp.com\/historiografija.hr\/wp-content\/uploads\/2026\/04\/Duda.png?fit=1200%2C628&ssl=1&resize=525%2C300 1.5x, https:\/\/i0.wp.com\/historiografija.hr\/wp-content\/uploads\/2026\/04\/Duda.png?fit=1200%2C628&ssl=1&resize=700%2C400 2x, https:\/\/i0.wp.com\/historiografija.hr\/wp-content\/uploads\/2026\/04\/Duda.png?fit=1200%2C628&ssl=1&resize=1050%2C600 3x"},"classes":[]}],"_links":{"self":[{"href":"https:\/\/historiografija.hr\/index.php?rest_route=\/wp\/v2\/posts\/12163","targetHints":{"allow":["GET"]}}],"collection":[{"href":"https:\/\/historiografija.hr\/index.php?rest_route=\/wp\/v2\/posts"}],"about":[{"href":"https:\/\/historiografija.hr\/index.php?rest_route=\/wp\/v2\/types\/post"}],"author":[{"embeddable":true,"href":"https:\/\/historiografija.hr\/index.php?rest_route=\/wp\/v2\/users\/2"}],"replies":[{"embeddable":true,"href":"https:\/\/historiografija.hr\/index.php?rest_route=%2Fwp%2Fv2%2Fcomments&post=12163"}],"version-history":[{"count":1,"href":"https:\/\/historiografija.hr\/index.php?rest_route=\/wp\/v2\/posts\/12163\/revisions"}],"predecessor-version":[{"id":12165,"href":"https:\/\/historiografija.hr\/index.php?rest_route=\/wp\/v2\/posts\/12163\/revisions\/12165"}],"wp:featuredmedia":[{"embeddable":true,"href":"https:\/\/historiografija.hr\/index.php?rest_route=\/wp\/v2\/media\/12164"}],"wp:attachment":[{"href":"https:\/\/historiografija.hr\/index.php?rest_route=%2Fwp%2Fv2%2Fmedia&parent=12163"}],"wp:term":[{"taxonomy":"category","embeddable":true,"href":"https:\/\/historiografija.hr\/index.php?rest_route=%2Fwp%2Fv2%2Fcategories&post=12163"},{"taxonomy":"post_tag","embeddable":true,"href":"https:\/\/historiografija.hr\/index.php?rest_route=%2Fwp%2Fv2%2Ftags&post=12163"}],"curies":[{"name":"wp","href":"https:\/\/api.w.org\/{rel}","templated":true}]}}