{"id":12139,"date":"2018-11-10T11:38:05","date_gmt":"2018-11-10T11:38:05","guid":{"rendered":"http:\/\/historiografija.hr\/?p=12139"},"modified":"2018-11-10T11:38:05","modified_gmt":"2018-11-10T11:38:05","slug":"u-obranu-mita-o-jasenovcu-orkestrirano-su-se-ukljucili-mnogi-portali-indeks-hr-historiografija-hr-telegram-hr-slobodnaevropa-hr-bilten-org-hr-n1info-com-nacional-hr-jadovno","status":"publish","type":"post","link":"https:\/\/historiografija.hr\/?p=12139","title":{"rendered":"&#8220;U obranu \u201eMita o Jasenovcu\u201c orkestrirano su se uklju\u010dili mnogi portali: Indeks.hr, Historiografija.hr, Telegram.hr, Slobodnaevropa.hr, Bilten.org, Hr.N1info.com, Nacional.hr, Jadovno.com&#8221;"},"content":{"rendered":"<p>S obzirom da se u javnom govoru \u010desto polazi od toga da kritike Vuki\u0107u, Leljaku, Lozi, Sedlaru upu\u0107uju tzv. &#8220;projugoslavenski&#8221; povjesni\u010dari, to je jo\u0161 jedan argument za\u0161to je potrebno da reagiraju i povjesni\u010dari koje se ne smatra takvima, kao i stru\u010dna udru\u017eenja, dr\u017eavne institucije i politi\u010dke vlasti. Odgovornost je dakako i na uredni\u0161tvima portala i medijima koji objavljuju takve tekstove usprkos tome \u0161to je jasno da u profesionalnoj hrvatskoj i me\u0111unarodnoj historiografiji gotovo u potpunosti prevladava stru\u010dni konsenzus koji onemogu\u0107ava negiranje ili znatno umanjivanje ubijenih u jasenova\u010dkom sustavu logora. \u0160iru publiku spremnu prihvatiti argumentirane teze upu\u0107ujemo naprimjer na nedavno objavljeni zbornik &#8220;Jasenovac \u2013 manipulacije, kontroverze i povijesni revizionizam&#8221; u kojem su pisali povjesni\u010dari i stru\u010dnjaci razli\u010ditih politi\u010dkih orijentacija. Onom pak dijelu naj\u0161ire javnosti koja pretpostavlja da je podr\u0161ka knjigama o tzv. &#8220;Mitu o Jasenovcu&#8221; u odre\u0111enoj mjeri domoljubni stav dobronamjerno poru\u010dujemo da to u slu\u010daju Jasenovca nikako nije slu\u010daj i da ima mnogo drugih tema i osoba za koje to mogu prikladnije \u010diniti.<\/p>\n<p>&nbsp;<\/p>\n<p>Historiografija.hr<\/p>\n<p>&nbsp;<\/p>\n<p>&#8212;<\/p>\n<p>&nbsp;<\/p>\n<p>Narod.hr<\/p>\n<p>&nbsp;<\/p>\n<p>Zoran \u010capalija-\u010caplja<\/p>\n<p><strong>\u00a0<\/strong><\/p>\n<p><strong>Za istinu spremni \u2013 Srbin nagra\u0111en pljeskom u Vukovaru<\/strong><\/p>\n<p>&nbsp;<\/p>\n<p>(&#8230;)<\/p>\n<p>&nbsp;<\/p>\n<p>Njegov dokumentarni film i knjiga \u201eMit o Jasenovcu\u201c podigli su na noge jo\u0161 \u017eivu\u0107e izvr\u0161itelje tih zlo\u010dina, sljedbenike komunisti\u010dke partije i ljubitelje nepre\u017ealjene Jugoslavije. Osobito ih je pogodila \u010dinjenica da \u0107e se taj dokumentarni film gledati diljem Hrvatske, a istoimena knjiga sa oko \u010detiristo dokumenata koji donose istinu do\u0107i u ruke hrvatskom puku. Zbog uru\u0161avanja njihove sotonske komunisti\u010dke paradigme \u201eunezverili\u201c su se i poku\u0161avaju na svaki mogu\u0107i na\u010din diskreditirati gospodina Romana Leljaka brane\u0107i neistinu novim neistinama. Nemojte pomisliti kako je \u017ealosno da o tome govore i neki \u201epovjesni\u010dari\u201c koji se nisu udostojali niti pogledati dokumente pohranjene u raznim arhivima i saznati istinu. Njima je ta istina dobro poznata no oni kao sljedbenici te mra\u010dne ideologije ne \u017eele da se istina obznani. Jesu li ti povjesni\u010dari zaslu\u017eili mjesta na kojima su? Upravo oni su uhljebljeni u raznim institucijama i na fakultetima kako bi sa\u010duvali tu neistinu. Njih se kao kako meritorne s tih pozicija poziva u \u201ejavne\u201c medije kako bi komentirali politi\u010dka doga\u0111anja, a naro\u010dito kad treba braniti tekovine totalitarnog re\u017eima.<\/p>\n<p>&nbsp;<\/p>\n<p>(&#8230;)<\/p>\n<p>&nbsp;<\/p>\n<p>Odmah potom u obranu \u201e Mita o Jasenovcu\u201c orkestrirano su se uklju\u010dili mnogi portali: Indeks.hr, Historiografija.hr, Telegram.hr, Slobodnaevropa.hr, Bilten.org, Hr.N1info.com, Nacional.hr, Jadovno.com, TIME.mk i neki drugi koriste\u0107i se ispraznim pri\u010dama bez argumentacije. Njihova retorika ve\u0107 je desetlje\u0107ima dobro je poznata svim istinskim Hrvatima. Uru\u0161avanjem njihovog mita potpuno su svjesni skorog gubitka svojih pozicija \u0161to ujedno otvara mogu\u0107nost njihove lustracije, toliko potrebne u Hrvatskoj. Tada vi\u0161e ne\u0107e postojati mit kojim se ve\u0107 70 godina hrvatskom narodu name\u0107e krivnja za ne\u0161to \u0161to nije po\u010dinio.<\/p>\n<p>&nbsp;<\/p>\n<p>(&#8230;)<\/p>\n<p>&nbsp;<\/p>\n<p>Izvor: <a href=\"https:\/\/narod.hr\/hrvatska\/zoran-capalija-caplja-za-istinu-spremni-srbin-nagraden-pljeskom-u-vukovaru\">https:\/\/narod.hr\/hrvatska\/zoran-capalija-caplja-za-istinu-spremni-srbin-nagraden-pljeskom-u-vukovaru<\/a><\/p>\n<p>&nbsp;<\/p>\n<p>&nbsp;<\/p>\n","protected":false},"excerpt":{"rendered":"","protected":false},"author":2,"featured_media":12140,"comment_status":"open","ping_status":"open","sticky":false,"template":"","format":"standard","meta":{"_acf_changed":false,"jetpack_post_was_ever_published":false,"_jetpack_newsletter_access":"","_jetpack_dont_email_post_to_subs":false,"_jetpack_newsletter_tier_id":0,"_jetpack_memberships_contains_paywalled_content":false,"_jetpack_memberships_contains_paid_content":false,"footnotes":"","jetpack_publicize_message":"","jetpack_publicize_feature_enabled":true,"jetpack_social_post_already_shared":true,"jetpack_social_options":{"image_generator_settings":{"template":"highway","default_image_id":0,"font":"","enabled":false},"version":2}},"categories":[3,17],"tags":[],"class_list":["post-12139","post","type-post","status-publish","format-standard","has-post-thumbnail","hentry","category-novosti","category-rasprave"],"acf":{"facebook_opis":""},"jetpack_publicize_connections":[],"jetpack_featured_media_url":"https:\/\/i0.wp.com\/historiografija.hr\/wp-content\/uploads\/2018\/11\/fah.jpg?fit=1024%2C619&ssl=1","jetpack_sharing_enabled":true,"jetpack-related-posts":[{"id":52528,"url":"https:\/\/historiografija.hr\/?p=52528","url_meta":{"origin":12139,"position":0},"title":"[Promocija knjige] Banja Luka u ratu: Etnopolitika i svakodnevica (1990\u20131995) (ActiveLab, YugoLab)","author":"Branimir Jankovi\u0107","date":"17. travnja 2026.","format":false,"excerpt":"Institut za filozofiju i dru\u0161tvenu teoriju i O\u0161tra Nula organizuju promociju knjige Banja Luka u ratu: Etnopolitika i svakodnevica (1990\u20131995) autorke Armine Galija\u0161, koja \u0107e se odr\u017eati 20. aprila 2026. u 12.00 sati u prostorijama Instituta (Kraljice Natalije 45, Beograd). Re\u010d je o prvom nau\u010dno utemeljenom i sistematskom radu koji\u2026","rel":"","context":"U &quot;Novosti&quot;","block_context":{"text":"Novosti","link":"https:\/\/historiografija.hr\/?cat=3"},"img":{"alt_text":"","src":"https:\/\/i0.wp.com\/historiografija.hr\/wp-content\/uploads\/2026\/04\/20-april-RS.jpg?fit=1200%2C675&ssl=1&resize=350%2C200","width":350,"height":200,"srcset":"https:\/\/i0.wp.com\/historiografija.hr\/wp-content\/uploads\/2026\/04\/20-april-RS.jpg?fit=1200%2C675&ssl=1&resize=350%2C200 1x, https:\/\/i0.wp.com\/historiografija.hr\/wp-content\/uploads\/2026\/04\/20-april-RS.jpg?fit=1200%2C675&ssl=1&resize=525%2C300 1.5x, https:\/\/i0.wp.com\/historiografija.hr\/wp-content\/uploads\/2026\/04\/20-april-RS.jpg?fit=1200%2C675&ssl=1&resize=700%2C400 2x, https:\/\/i0.wp.com\/historiografija.hr\/wp-content\/uploads\/2026\/04\/20-april-RS.jpg?fit=1200%2C675&ssl=1&resize=1050%2C600 3x"},"classes":[]},{"id":52536,"url":"https:\/\/historiografija.hr\/?p=52536","url_meta":{"origin":12139,"position":1},"title":"Kader Abdolah, \u201ePrije nego \u0161to bude kasno\u201c","author":"Branimir Jankovi\u0107","date":"20. travnja 2026.","format":false,"excerpt":"Kader Abdolah \u017eeli se vratiti ku\u0107i. Ali povratak je nemogu\u0107: u Iranu bi bio uhap\u0161en. Pod la\u017enim imenom i s krivotvorenim paso\u0161em ipak uspijeva u\u0107i u domovinu i sti\u017ee do roditeljske ku\u0107e, visoko u planinama. Majka ga ne prepoznaje, otac je mrtav, a sve \u0161to je tra\u017eio izmi\u010de mu pred\u2026","rel":"","context":"U &quot;Novosti&quot;","block_context":{"text":"Novosti","link":"https:\/\/historiografija.hr\/?cat=3"},"img":{"alt_text":"","src":"https:\/\/i0.wp.com\/historiografija.hr\/wp-content\/uploads\/2026\/04\/Prije-nego-sto-bude-kasno.webp?fit=566%2C872&ssl=1&resize=350%2C200","width":350,"height":200,"srcset":"https:\/\/i0.wp.com\/historiografija.hr\/wp-content\/uploads\/2026\/04\/Prije-nego-sto-bude-kasno.webp?fit=566%2C872&ssl=1&resize=350%2C200 1x, https:\/\/i0.wp.com\/historiografija.hr\/wp-content\/uploads\/2026\/04\/Prije-nego-sto-bude-kasno.webp?fit=566%2C872&ssl=1&resize=525%2C300 1.5x"},"classes":[]},{"id":52660,"url":"https:\/\/historiografija.hr\/?p=52660","url_meta":{"origin":12139,"position":2},"title":"Medijski odjeci \u010dlanka Steve \u0110ura\u0161kovi\u0107a \u201e\u017dupanovljeva ne\u017eeljena djeca: ideolo\u0161ko pribli\u017eavanje neoliberala i kr\u0161\u0107anske radikalne desnice u Hrvatskoj\u201c","author":"Branimir Jankovi\u0107","date":"24. travnja 2026.","format":false,"excerpt":"U sklopu projekta \u201eIzazovi intelektualne povijesti: recepcije, preobrazbe i upotrebe politi\u010dkih ideja\u201c objavljen je polemi\u010dki \u010dlanak Steve \u0110ura\u0161kovi\u0107a \u201e\u017dupanovljeva ne\u017eeljena djeca: ideolo\u0161ko pribli\u017eavanje neoliberala i kr\u0161\u0107anske radikalne desnice u Hrvatskoj\u201c, koji je izazvao odre\u0111ene medijske reakcije. Stevo \u0110ura\u0161kovi\u0107 \u017dupanovljeva ne\u017eeljena djeca: ideolo\u0161ko pribli\u017eavanje neoliberala i kr\u0161\u0107anske radikalne desnice u Hrvatskoj\u2026","rel":"","context":"U &quot;Novosti&quot;","block_context":{"text":"Novosti","link":"https:\/\/historiografija.hr\/?cat=3"},"img":{"alt_text":"","src":"https:\/\/i0.wp.com\/historiografija.hr\/wp-content\/uploads\/2026\/04\/SD.png?fit=809%2C821&ssl=1&resize=350%2C200","width":350,"height":200,"srcset":"https:\/\/i0.wp.com\/historiografija.hr\/wp-content\/uploads\/2026\/04\/SD.png?fit=809%2C821&ssl=1&resize=350%2C200 1x, https:\/\/i0.wp.com\/historiografija.hr\/wp-content\/uploads\/2026\/04\/SD.png?fit=809%2C821&ssl=1&resize=525%2C300 1.5x, https:\/\/i0.wp.com\/historiografija.hr\/wp-content\/uploads\/2026\/04\/SD.png?fit=809%2C821&ssl=1&resize=700%2C400 2x"},"classes":[]},{"id":52592,"url":"https:\/\/historiografija.hr\/?p=52592","url_meta":{"origin":12139,"position":3},"title":"Predstavljanje knjige &#8220;Turska ku\u0107a u Rijeci&#8221; u Zagrebu","author":"Branimir Jankovi\u0107","date":"22. travnja 2026.","format":false,"excerpt":"U prostorijama Turskog kulturnog centra Yunus Emre u Zagrebu, u utorak 21. travnja 2026. godine, odr\u017eano je sve\u010dano predstavljanje dopunjenog izdanja knjige Turska ku\u0107a u Rijeci, u organizaciji Hrvatsko-turskog dru\u0161tva Rijeka i partnerstvu sa Skupinom prijateljstva Hrvatska-Turska Hrvatskog sabora, Veleposlanstvom Republike Turske u Republici Hrvatskoj te Turskim kulturnim centrom Yunus\u2026","rel":"","context":"U &quot;Novosti&quot;","block_context":{"text":"Novosti","link":"https:\/\/historiografija.hr\/?cat=3"},"img":{"alt_text":"","src":"https:\/\/i0.wp.com\/historiografija.hr\/wp-content\/uploads\/2026\/04\/Turska-kuca-ZG.jpg?fit=1200%2C800&ssl=1&resize=350%2C200","width":350,"height":200,"srcset":"https:\/\/i0.wp.com\/historiografija.hr\/wp-content\/uploads\/2026\/04\/Turska-kuca-ZG.jpg?fit=1200%2C800&ssl=1&resize=350%2C200 1x, https:\/\/i0.wp.com\/historiografija.hr\/wp-content\/uploads\/2026\/04\/Turska-kuca-ZG.jpg?fit=1200%2C800&ssl=1&resize=525%2C300 1.5x, https:\/\/i0.wp.com\/historiografija.hr\/wp-content\/uploads\/2026\/04\/Turska-kuca-ZG.jpg?fit=1200%2C800&ssl=1&resize=700%2C400 2x, https:\/\/i0.wp.com\/historiografija.hr\/wp-content\/uploads\/2026\/04\/Turska-kuca-ZG.jpg?fit=1200%2C800&ssl=1&resize=1050%2C600 3x"},"classes":[]},{"id":52619,"url":"https:\/\/historiografija.hr\/?p=52619","url_meta":{"origin":12139,"position":4},"title":"Predavanje \u0110ur\u0111ice Vitkovi\u0107 &#8220;Izme\u0111u pera i objektiva: Zagorka i Foto Tonka&#8221;","author":"Branimir Jankovi\u0107","date":"23. travnja 2026.","format":false,"excerpt":"Memorijalni stan Marije Juri\u0107 Zagorke poziva Vas na predavanje \u0110ur\u0111ice Vitkovi\u0107 \u201eIzme\u0111u pera i objektiva: Zagorka i Foto Tonka\u201c koje \u0107e se odr\u017eati u utorak, 28. travnja 2026. s po\u010detkom u 18 h u sklopu Ciklusa predavanja u Memorijalnom stanu Marije Juri\u0107 Zagorke. Kako su se susrele knji\u017eevnost i fotografija\u2026","rel":"","context":"U &quot;Novosti&quot;","block_context":{"text":"Novosti","link":"https:\/\/historiografija.hr\/?cat=3"},"img":{"alt_text":"","src":"https:\/\/i0.wp.com\/historiografija.hr\/wp-content\/uploads\/2024\/11\/Zagorka_ciklus.jpg?fit=1200%2C1006&ssl=1&resize=350%2C200","width":350,"height":200,"srcset":"https:\/\/i0.wp.com\/historiografija.hr\/wp-content\/uploads\/2024\/11\/Zagorka_ciklus.jpg?fit=1200%2C1006&ssl=1&resize=350%2C200 1x, https:\/\/i0.wp.com\/historiografija.hr\/wp-content\/uploads\/2024\/11\/Zagorka_ciklus.jpg?fit=1200%2C1006&ssl=1&resize=525%2C300 1.5x, https:\/\/i0.wp.com\/historiografija.hr\/wp-content\/uploads\/2024\/11\/Zagorka_ciklus.jpg?fit=1200%2C1006&ssl=1&resize=700%2C400 2x, https:\/\/i0.wp.com\/historiografija.hr\/wp-content\/uploads\/2024\/11\/Zagorka_ciklus.jpg?fit=1200%2C1006&ssl=1&resize=1050%2C600 3x"},"classes":[]},{"id":52505,"url":"https:\/\/historiografija.hr\/?p=52505","url_meta":{"origin":12139,"position":5},"title":"Izlo\u017eba &#8220;Eschenstock \/ Jasenov prut&#8221;","author":"Branimir Jankovi\u0107","date":"17. travnja 2026.","format":false,"excerpt":"Srpsko narodno vije\u0107e (SNV) i Vizura aperta postavljaju izlo\u017ebu \u0161vicarskog slikara Velimira Ili\u0161evi\u0107a: Eschenstock \/ Jasenov prut. Izlo\u017eba se uz prisustvo autora otvara povodom 81. godi\u0161njice proboja logora\u0161a iz usta\u0161kog logora smrti Jasenovac 22. aprila 2026. u 19 sati u Srpskom kulturnom centru (SKC) u Preradovi\u0107evoj ulici 21 u Zagrebu.\u2026","rel":"","context":"U &quot;Izlo\u017ebe&quot;","block_context":{"text":"Izlo\u017ebe","link":"https:\/\/historiografija.hr\/?cat=10"},"img":{"alt_text":"","src":"https:\/\/i0.wp.com\/historiografija.hr\/wp-content\/uploads\/2026\/04\/Jasenov_prut.jpg?fit=1024%2C640&ssl=1&resize=350%2C200","width":350,"height":200,"srcset":"https:\/\/i0.wp.com\/historiografija.hr\/wp-content\/uploads\/2026\/04\/Jasenov_prut.jpg?fit=1024%2C640&ssl=1&resize=350%2C200 1x, https:\/\/i0.wp.com\/historiografija.hr\/wp-content\/uploads\/2026\/04\/Jasenov_prut.jpg?fit=1024%2C640&ssl=1&resize=525%2C300 1.5x, https:\/\/i0.wp.com\/historiografija.hr\/wp-content\/uploads\/2026\/04\/Jasenov_prut.jpg?fit=1024%2C640&ssl=1&resize=700%2C400 2x"},"classes":[]}],"_links":{"self":[{"href":"https:\/\/historiografija.hr\/index.php?rest_route=\/wp\/v2\/posts\/12139","targetHints":{"allow":["GET"]}}],"collection":[{"href":"https:\/\/historiografija.hr\/index.php?rest_route=\/wp\/v2\/posts"}],"about":[{"href":"https:\/\/historiografija.hr\/index.php?rest_route=\/wp\/v2\/types\/post"}],"author":[{"embeddable":true,"href":"https:\/\/historiografija.hr\/index.php?rest_route=\/wp\/v2\/users\/2"}],"replies":[{"embeddable":true,"href":"https:\/\/historiografija.hr\/index.php?rest_route=%2Fwp%2Fv2%2Fcomments&post=12139"}],"version-history":[{"count":1,"href":"https:\/\/historiografija.hr\/index.php?rest_route=\/wp\/v2\/posts\/12139\/revisions"}],"predecessor-version":[{"id":12141,"href":"https:\/\/historiografija.hr\/index.php?rest_route=\/wp\/v2\/posts\/12139\/revisions\/12141"}],"wp:featuredmedia":[{"embeddable":true,"href":"https:\/\/historiografija.hr\/index.php?rest_route=\/wp\/v2\/media\/12140"}],"wp:attachment":[{"href":"https:\/\/historiografija.hr\/index.php?rest_route=%2Fwp%2Fv2%2Fmedia&parent=12139"}],"wp:term":[{"taxonomy":"category","embeddable":true,"href":"https:\/\/historiografija.hr\/index.php?rest_route=%2Fwp%2Fv2%2Fcategories&post=12139"},{"taxonomy":"post_tag","embeddable":true,"href":"https:\/\/historiografija.hr\/index.php?rest_route=%2Fwp%2Fv2%2Ftags&post=12139"}],"curies":[{"name":"wp","href":"https:\/\/api.w.org\/{rel}","templated":true}]}}