{"id":12113,"date":"2018-11-09T15:37:59","date_gmt":"2018-11-09T15:37:59","guid":{"rendered":"http:\/\/historiografija.hr\/?p=12113"},"modified":"2018-11-09T15:37:59","modified_gmt":"2018-11-09T15:37:59","slug":"call-for-papers-fascism-and-violence-uppsala-university-25-27-september-2019","status":"publish","type":"post","link":"https:\/\/historiografija.hr\/?p=12113","title":{"rendered":"Call for Papers &#8212; \u201cFascism and Violence,\u201d Uppsala University, 25\u201327 September 2019"},"content":{"rendered":"<p>Prenosimo poziv za prijavu na drugu konferenciju me\u0111unarodnog udru\u017eenja za komparativne studije fa\u0161izma u kojoj se dakako isti\u010de da je nasilje uvijek imalo sredi\u0161nju ulogu u fa\u0161isti\u010dkoj ideologiji i politi\u010dkim praksama.<\/p>\n<p>&nbsp;<\/p>\n<p>&#8212;<\/p>\n<p>&nbsp;<\/p>\n<p><strong>Second Convention of the International Association for Comparative Fascist Studies (ComFas, <a href=\"http:\/\/www.comfas.org\/\">www.comfas.org<\/a>)<\/strong><\/p>\n<p>&nbsp;<\/p>\n<p>&nbsp;<\/p>\n<p>Violence has always played a central role in fascist ideology and political practices, either as a means by which to overthrow governments, or to achieve national rebirth and cleansing through the physical removal or annihilation of political enemies and \u201calien\u201d ethnic or racial communities. Yet there were huge differences concerning the dynamics and magnitude of violence as a function of the political context in which fascists came to power and ruled. By and large, the relationship between fascism and violence has been explored in two separate streams of academic literature. On the one hand, experts on fascism have primarily focused on analyses of ideology, political culture and social activities, with violence playing a secondary role in those analyses. On the other hand, scholars from the field of Holocaust and genocide studies have usually focused on modes of exclusion and the implementation of genocidal violence without necessarily dealing with fascist ideology\u00a0<em>per se<\/em>, or with its appeal and ability to achieve mass mobilisation.<\/p>\n<p>&nbsp;<\/p>\n<p>The Second Convention of the\u00a0International Association for Comparative Fascist Studies (COMFAS)\u00a0aims at bringing the two fields together in order to help foster synergies and cross-fertilisation. This will be achieved by focusing on the following three themes of relevance for scholars from all subject fields:<\/p>\n<p>&nbsp;<\/p>\n<ol>\n<li>The role of violence in fascist ideology<\/li>\n<li>Political practice and violent interactions<\/li>\n<li>Social memory about fascism and violence<\/li>\n<\/ol>\n<p>&nbsp;<\/p>\n<p>We invite comparative or case-study contributions exploring topics such as:<\/p>\n<ul>\n<li>violence in the fascist ideology and propaganda<\/li>\n<li>modes and mechanisms of exclusion of political, ethno-religious and social groups<\/li>\n<li>gender, violence and fascist ideology<\/li>\n<li>the role of nationalism, social Darwinism and antisemitism in fascist ideology<\/li>\n<li>death and sacrifice as symbolic themes in fascist public discourse and propaganda<\/li>\n<li>the role of violence in fascist warfare<\/li>\n<li>manifestations of mass political violence in different social and cultural contexts<\/li>\n<li>East-West dichotomies in ideology and violent repression in fascist Europe<\/li>\n<li>fascism and violence in\u00a0 contemporary academic knowledge-production and media<\/li>\n<li>fascism and violence in educational practice<\/li>\n<li>violent interactions between fascists and anti-fascists<\/li>\n<li>fascist\/extreme right violence in the post-1945 period<\/li>\n<\/ul>\n<p>&nbsp;<\/p>\n<p>Scholars interested in attending or contributing to the conference should send a mail with an abstract, short bio and contact information to\u00a0<a href=\"mailto:comfasconvention2019@comfas.org\">comfasconvention2019@comfas.org<\/a>\u00a0no later than\u00a030 November 2018. We welcome individual papers as well as panel proposals.<\/p>\n<p>&nbsp;<\/p>\n<p>Conference participation is free for COMFAS members (see our Membership Policy at <a href=\"http:\/\/comfas.org\/Membership\/\">http:\/\/comfas.org\/Membership\/<\/a>). For non-members, a participation fee of \u20ac 75 applies. Conference participants will be invited to submit revised versions of their papers for publication in an edited volume.<\/p>\n<p>&nbsp;<\/p>\n<p>The event is hosted by the\u00a0Hugo Valentin Centre, Uppsala University,\u00a0and co-organised with\u00a0COMFAS\u00a0at the\u00a0Central European University. Convenors are Tomislav Duli\u0107 (HVC) and Constantin Iordachi (CEU). Contact details:\u00a0<a href=\"mailto:comfas@comfas.org\">comfas@comfas.org<\/a>.<\/p>\n<p>&nbsp;<\/p>\n<p>The International Association for Comparative Fascist Studies is a nonprofit and nonpolitical scholarly organization dedicated to the comparative and transnational study of fascism (<a href=\"http:\/\/www.comfas.org\/\">www.comfas.org<\/a>). The Association is open to graduate students, researchers, and professors at whatever stage of their career. Its aim is to promote new multi-disciplinary research approaches to this field, in a joint effort of scholars from various disciplines and historiographical traditions. COMFAS is based at Pasts, Inc. Center for Historical Studies, at the Central European University, Budapest. The Association\u2019s main publication outlet is the open-access peer-reviewed journal\u00a0<em>Fascism. Journal of Comparative Fascist Studies<\/em>\u00a0(Brill).<\/p>\n<p>&nbsp;<\/p>\n<p><strong>Previous Conventions:\u00a0<\/strong><\/p>\n<p>The First ComFas Convention, entitled\u00a0\u201c<em>Comparative Fascist Studies and the Transnational Turn<\/em>,\u201d took place at the Central European University, Budapest, Hungary, on 27-29 April 2018. See a Convention Review at <a href=\"http:\/\/comfas.org\/Events\/index.php?article_id=55&amp;ComFaS%20Convention%20Review:%20%E2%80%9CComparative%20Fascist%20Studies%20and%20the%20Transnational%20Turn\">http:\/\/comfas.org\/Events\/index.php?article_id=55&amp;ComFaS%20Convention%20Review:%20%E2%80%9CComparative%20Fascist%20Studies%20and%20the%20Transnational%20Turn<\/a><\/p>\n<p>&nbsp;<\/p>\n<p><a href=\"https:\/\/history.ceu.edu\/article\/2018-11-06\/call-papers-fascism-and-violence-uppsala-university-25-27-september-2019\">https:\/\/history.ceu.edu\/article\/2018-11-06\/call-papers-fascism-and-violence-uppsala-university-25-27-september-2019<\/a><\/p>\n<p>&nbsp;<\/p>\n","protected":false},"excerpt":{"rendered":"","protected":false},"author":2,"featured_media":12114,"comment_status":"open","ping_status":"open","sticky":false,"template":"","format":"standard","meta":{"_acf_changed":false,"jetpack_post_was_ever_published":false,"_jetpack_newsletter_access":"","_jetpack_dont_email_post_to_subs":false,"_jetpack_newsletter_tier_id":0,"_jetpack_memberships_contains_paywalled_content":false,"_jetpack_memberships_contains_paid_content":false,"footnotes":"","jetpack_publicize_message":"","jetpack_publicize_feature_enabled":true,"jetpack_social_post_already_shared":true,"jetpack_social_options":{"image_generator_settings":{"template":"highway","default_image_id":0,"font":"","enabled":false},"version":2}},"categories":[3,9],"tags":[],"class_list":["post-12113","post","type-post","status-publish","format-standard","has-post-thumbnail","hentry","category-novosti","category-skupovi"],"acf":{"facebook_opis":""},"jetpack_publicize_connections":[],"jetpack_featured_media_url":"https:\/\/i0.wp.com\/historiografija.hr\/wp-content\/uploads\/2018\/11\/cfp.jpg?fit=480%2C251&ssl=1","jetpack_sharing_enabled":true,"jetpack-related-posts":[{"id":52586,"url":"https:\/\/historiografija.hr\/?p=52586","url_meta":{"origin":12113,"position":0},"title":"Aur\u00e9lie Daher, \u201eHezbollah: Mobilisation and Power\u201c","author":"Branimir Jankovi\u0107","date":"22. travnja 2026.","format":false,"excerpt":"Morning Star \u2018Book of the Year\u2019 Social movement, liberation party or terrorist group? With Hezbollah\u2019s growing involvement in the war in Syria, this study of its impact on Lebanon, drawing heavily on first-hand interviews, could not be more timely. Description Almost forty years after its foundation, Hezbollah remains an enigma.\u2026","rel":"","context":"U &quot;Knjige&quot;","block_context":{"text":"Knjige","link":"https:\/\/historiografija.hr\/?cat=8"},"img":{"alt_text":"","src":"https:\/\/i0.wp.com\/historiografija.hr\/wp-content\/uploads\/2026\/04\/Daher-Hezbollah.jpg?fit=600%2C931&ssl=1&resize=350%2C200","width":350,"height":200,"srcset":"https:\/\/i0.wp.com\/historiografija.hr\/wp-content\/uploads\/2026\/04\/Daher-Hezbollah.jpg?fit=600%2C931&ssl=1&resize=350%2C200 1x, https:\/\/i0.wp.com\/historiografija.hr\/wp-content\/uploads\/2026\/04\/Daher-Hezbollah.jpg?fit=600%2C931&ssl=1&resize=525%2C300 1.5x"},"classes":[]},{"id":52580,"url":"https:\/\/historiografija.hr\/?p=52580","url_meta":{"origin":12113,"position":1},"title":"Conference &#8220;Living in the aftermaths: Trauma, politics and survival in Yugoslavia and successor states, 1945 \u2013 present&#8221;","author":"Branimir Jankovi\u0107","date":"21. travnja 2026.","format":false,"excerpt":"The conference aims to explore how war-related psychological distress was experienced, narrated, debated and reframed in Yugoslavia in the second half of the twentieth century. It asks how the theme of wounded psyche and wartime suffering was addressed and acknowledged in political, psychiatric and broader cultural discourses of socialist Yugoslavia,\u2026","rel":"","context":"U &quot;Novosti&quot;","block_context":{"text":"Novosti","link":"https:\/\/historiografija.hr\/?cat=3"},"img":{"alt_text":"","src":"https:\/\/i0.wp.com\/historiografija.hr\/wp-content\/uploads\/2026\/04\/Battle_of_Neretva_Picasso_poster-Conference-Living-in-the-aftermaths.webp?fit=564%2C954&ssl=1&resize=350%2C200","width":350,"height":200,"srcset":"https:\/\/i0.wp.com\/historiografija.hr\/wp-content\/uploads\/2026\/04\/Battle_of_Neretva_Picasso_poster-Conference-Living-in-the-aftermaths.webp?fit=564%2C954&ssl=1&resize=350%2C200 1x, https:\/\/i0.wp.com\/historiografija.hr\/wp-content\/uploads\/2026\/04\/Battle_of_Neretva_Picasso_poster-Conference-Living-in-the-aftermaths.webp?fit=564%2C954&ssl=1&resize=525%2C300 1.5x"},"classes":[]},{"id":52559,"url":"https:\/\/historiografija.hr\/?p=52559","url_meta":{"origin":12113,"position":2},"title":"Dobitnici dr\u017eavne nagrade za znanost za 2024. godinu","author":"Branimir Jankovi\u0107","date":"20. travnja 2026.","format":false,"excerpt":"Na sjednici Odbora za podjelu dr\u017eavnih nagrada za znanost odr\u017eanoj 16. travnja 2026. godine donesena je Odluka o dodjeli dr\u017eavnih nagrada za znanost za 2024. godinu. Godi\u0161njom nagradom za popularizaciju i promid\u017ebu znanosti nagra\u0111eni su u podru\u010dju humanisti\u010dkih znanosti znanstveni suradnici dr. sc. Josip Mihaljevi\u0107 i dr. sc. Gordan Ravan\u010di\u0107,\u2026","rel":"","context":"U &quot;Novosti&quot;","block_context":{"text":"Novosti","link":"https:\/\/historiografija.hr\/?cat=3"},"img":{"alt_text":"","src":"https:\/\/i0.wp.com\/historiografija.hr\/wp-content\/uploads\/2021\/12\/povijesne-kontroverze.jpg?fit=1200%2C675&ssl=1&resize=350%2C200","width":350,"height":200,"srcset":"https:\/\/i0.wp.com\/historiografija.hr\/wp-content\/uploads\/2021\/12\/povijesne-kontroverze.jpg?fit=1200%2C675&ssl=1&resize=350%2C200 1x, https:\/\/i0.wp.com\/historiografija.hr\/wp-content\/uploads\/2021\/12\/povijesne-kontroverze.jpg?fit=1200%2C675&ssl=1&resize=525%2C300 1.5x, https:\/\/i0.wp.com\/historiografija.hr\/wp-content\/uploads\/2021\/12\/povijesne-kontroverze.jpg?fit=1200%2C675&ssl=1&resize=700%2C400 2x, https:\/\/i0.wp.com\/historiografija.hr\/wp-content\/uploads\/2021\/12\/povijesne-kontroverze.jpg?fit=1200%2C675&ssl=1&resize=1050%2C600 3x"},"classes":[]},{"id":52148,"url":"https:\/\/historiografija.hr\/?p=52148","url_meta":{"origin":12113,"position":3},"title":"Poziv za prijavu na me\u0111unarodnu znanstvenu konferenciju \u201eGranice (ne)slobode: Zadarski krug 1966. Intelektualna opozicija u totalitarnom dru\u0161tvu\u201c","author":"Branimir Jankovi\u0107","date":"27. o\u017eujka 2026.","format":false,"excerpt":"\u00a0\u00a0\u00a0\u00a0 Povodom \u0161ezdesete obljetnice poku\u0161aja osnivanja \u010dasopisa Slobodan glas u Zadru 1966. godine, pozivamo vas na znanstvenu konferenciju posve\u0107enu istra\u017eivanju disidentstva, intelektualne opozicije i granica divergentnog mi\u0161ljenja nasuprot slu\u017ebenoj ideologiji u komunisti\u010dkoj Jugoslaviji. Ideja konferencije je analizirati konkretan fenomen zadarskog slu\u010daja razloge i okolnosti njegove pojave, ali uz otvaranje komparativnih\u2026","rel":"","context":"U &quot;Novosti&quot;","block_context":{"text":"Novosti","link":"https:\/\/historiografija.hr\/?cat=3"},"img":{"alt_text":"","src":"https:\/\/i0.wp.com\/historiografija.hr\/wp-content\/uploads\/2026\/03\/Poziv-konferencija-Zadar.jpg?fit=1200%2C509&ssl=1&resize=350%2C200","width":350,"height":200,"srcset":"https:\/\/i0.wp.com\/historiografija.hr\/wp-content\/uploads\/2026\/03\/Poziv-konferencija-Zadar.jpg?fit=1200%2C509&ssl=1&resize=350%2C200 1x, https:\/\/i0.wp.com\/historiografija.hr\/wp-content\/uploads\/2026\/03\/Poziv-konferencija-Zadar.jpg?fit=1200%2C509&ssl=1&resize=525%2C300 1.5x, https:\/\/i0.wp.com\/historiografija.hr\/wp-content\/uploads\/2026\/03\/Poziv-konferencija-Zadar.jpg?fit=1200%2C509&ssl=1&resize=700%2C400 2x, https:\/\/i0.wp.com\/historiografija.hr\/wp-content\/uploads\/2026\/03\/Poziv-konferencija-Zadar.jpg?fit=1200%2C509&ssl=1&resize=1050%2C600 3x"},"classes":[]},{"id":52666,"url":"https:\/\/historiografija.hr\/?p=52666","url_meta":{"origin":12113,"position":4},"title":"Najava programa Festivala povijesti Kliofest (5-8. V. 2026)","author":"Branimir Jankovi\u0107","date":"24. travnja 2026.","format":false,"excerpt":"Po trinaesti put odr\u017eava se Festival povijesti Kliofest! Do petka \u0107emo odr\u017eati osam okruglih stolova i dva kolokvija te niz predstavljanja knjiga i projekata razli\u010dite tematike, od antike do suvremenosti. Bit \u0107e predstavljeno i nekoliko izlo\u017ebi te odr\u017ean jedan povijesni kviz. Prikazat \u0107emo i jedan film \u2013 o generalu Boroevi\u0107u.\u2026","rel":"","context":"U &quot;Novosti&quot;","block_context":{"text":"Novosti","link":"https:\/\/historiografija.hr\/?cat=3"},"img":{"alt_text":"","src":"https:\/\/i0.wp.com\/historiografija.hr\/wp-content\/uploads\/2026\/04\/Kliofest-2026.jpg?fit=526%2C526&ssl=1&resize=350%2C200","width":350,"height":200,"srcset":"https:\/\/i0.wp.com\/historiografija.hr\/wp-content\/uploads\/2026\/04\/Kliofest-2026.jpg?fit=526%2C526&ssl=1&resize=350%2C200 1x, https:\/\/i0.wp.com\/historiografija.hr\/wp-content\/uploads\/2026\/04\/Kliofest-2026.jpg?fit=526%2C526&ssl=1&resize=525%2C300 1.5x"},"classes":[]},{"id":52657,"url":"https:\/\/historiografija.hr\/?p=52657","url_meta":{"origin":12113,"position":5},"title":"[Predavanje] Jezik i drugost u (post)socijalisti\u010dkoj Srbiji: diskurzivne politike identiteta (YugoLab)","author":"Branimir Jankovi\u0107","date":"24. travnja 2026.","format":false,"excerpt":"U sklopu projekta Prizma \/ IMAGINATION (\u201eZami\u0161ljanje nacije: srpski nacionalni narativi u sporu (XX\u2013XXI vek)\u201c), koji se realizuje na Institutu za filozofiju i dru\u0161tvenu teoriju Univerziteta u Beogradu (2024\u20132027) uz finansijsku podr\u0161ku Fonda za nauku Republike Srbije, organizuje se serija predavanja na kojoj istra\u017eiva\u010di i istra\u017eiva\u010dice projekta predstavljaju rezultate svojih\u2026","rel":"","context":"U &quot;Novosti&quot;","block_context":{"text":"Novosti","link":"https:\/\/historiografija.hr\/?cat=3"},"img":{"alt_text":"","src":"https:\/\/i0.wp.com\/historiografija.hr\/wp-content\/uploads\/2026\/04\/IFDT_28_IV.png?fit=1200%2C675&ssl=1&resize=350%2C200","width":350,"height":200,"srcset":"https:\/\/i0.wp.com\/historiografija.hr\/wp-content\/uploads\/2026\/04\/IFDT_28_IV.png?fit=1200%2C675&ssl=1&resize=350%2C200 1x, https:\/\/i0.wp.com\/historiografija.hr\/wp-content\/uploads\/2026\/04\/IFDT_28_IV.png?fit=1200%2C675&ssl=1&resize=525%2C300 1.5x, https:\/\/i0.wp.com\/historiografija.hr\/wp-content\/uploads\/2026\/04\/IFDT_28_IV.png?fit=1200%2C675&ssl=1&resize=700%2C400 2x, https:\/\/i0.wp.com\/historiografija.hr\/wp-content\/uploads\/2026\/04\/IFDT_28_IV.png?fit=1200%2C675&ssl=1&resize=1050%2C600 3x"},"classes":[]}],"_links":{"self":[{"href":"https:\/\/historiografija.hr\/index.php?rest_route=\/wp\/v2\/posts\/12113","targetHints":{"allow":["GET"]}}],"collection":[{"href":"https:\/\/historiografija.hr\/index.php?rest_route=\/wp\/v2\/posts"}],"about":[{"href":"https:\/\/historiografija.hr\/index.php?rest_route=\/wp\/v2\/types\/post"}],"author":[{"embeddable":true,"href":"https:\/\/historiografija.hr\/index.php?rest_route=\/wp\/v2\/users\/2"}],"replies":[{"embeddable":true,"href":"https:\/\/historiografija.hr\/index.php?rest_route=%2Fwp%2Fv2%2Fcomments&post=12113"}],"version-history":[{"count":1,"href":"https:\/\/historiografija.hr\/index.php?rest_route=\/wp\/v2\/posts\/12113\/revisions"}],"predecessor-version":[{"id":12115,"href":"https:\/\/historiografija.hr\/index.php?rest_route=\/wp\/v2\/posts\/12113\/revisions\/12115"}],"wp:featuredmedia":[{"embeddable":true,"href":"https:\/\/historiografija.hr\/index.php?rest_route=\/wp\/v2\/media\/12114"}],"wp:attachment":[{"href":"https:\/\/historiografija.hr\/index.php?rest_route=%2Fwp%2Fv2%2Fmedia&parent=12113"}],"wp:term":[{"taxonomy":"category","embeddable":true,"href":"https:\/\/historiografija.hr\/index.php?rest_route=%2Fwp%2Fv2%2Fcategories&post=12113"},{"taxonomy":"post_tag","embeddable":true,"href":"https:\/\/historiografija.hr\/index.php?rest_route=%2Fwp%2Fv2%2Ftags&post=12113"}],"curies":[{"name":"wp","href":"https:\/\/api.w.org\/{rel}","templated":true}]}}