{"id":12088,"date":"2018-11-09T13:18:49","date_gmt":"2018-11-09T13:18:49","guid":{"rendered":"http:\/\/historiografija.hr\/?p=12088"},"modified":"2018-11-10T13:18:53","modified_gmt":"2018-11-10T13:18:53","slug":"5-medunarodni-festival-arheoloskog-filma","status":"publish","type":"post","link":"https:\/\/historiografija.hr\/?p=12088","title":{"rendered":"5. me\u0111unarodni festival arheolo\u0161kog filma"},"content":{"rendered":"<p>Peti me\u0111unarodni festival arheolo\u0161kog filma odr\u017eava se 8. i 9. studenog 2018. godine u Muzeju hrvatskih arheolo\u0161kih spomenika u Splitu.<\/p>\n<p>&nbsp;<\/p>\n<p><a href=\"https:\/\/historiografija.hr\/wp-content\/uploads\/2018\/11\/Medijska-objava-MFAF-Split.pdf\">Medijska objava MFAF Split<\/a><\/p>\n<p>&nbsp;<\/p>\n<p><a href=\"https:\/\/historiografija.hr\/wp-content\/uploads\/2018\/11\/katalog-5.-MFAF.pdf\">katalog 5. MFAF<\/a><\/p>\n<p>&nbsp;<\/p>\n<p><a href=\"https:\/\/historiografija.hr\/wp-content\/uploads\/2018\/11\/Medijska-objava-dan-1.docx\">Medijska objava dan 1<\/a><\/p>\n<p>&nbsp;<\/p>\n<p><a href=\"https:\/\/historiografija.hr\/wp-content\/uploads\/2018\/11\/Medijska-objava-dan-2.docx\">Medijska objava dan 2<\/a><\/p>\n<p>&nbsp;<\/p>\n<p><a href=\"http:\/\/www.mhas-split.hr\/\">http:\/\/www.mhas-split.hr\/<\/a><\/p>\n<p>&nbsp;<\/p>\n<p>&nbsp;<\/p>\n<p><strong>\u00a0<\/strong><\/p>\n<p>&nbsp;<\/p>\n","protected":false},"excerpt":{"rendered":"","protected":false},"author":2,"featured_media":12092,"comment_status":"open","ping_status":"open","sticky":false,"template":"","format":"standard","meta":{"_acf_changed":false,"jetpack_post_was_ever_published":false,"_jetpack_newsletter_access":"","_jetpack_dont_email_post_to_subs":false,"_jetpack_newsletter_tier_id":0,"_jetpack_memberships_contains_paywalled_content":false,"_jetpack_memberships_contains_paid_content":false,"footnotes":"","jetpack_publicize_message":"","jetpack_publicize_feature_enabled":true,"jetpack_social_post_already_shared":true,"jetpack_social_options":{"image_generator_settings":{"template":"highway","default_image_id":0,"font":"","enabled":false},"version":2}},"categories":[13,3],"tags":[],"class_list":["post-12088","post","type-post","status-publish","format-standard","has-post-thumbnail","hentry","category-filmovi-i-serije","category-novosti"],"acf":{"facebook_opis":""},"jetpack_publicize_connections":[],"jetpack_featured_media_url":"https:\/\/i0.wp.com\/historiografija.hr\/wp-content\/uploads\/2018\/11\/FotoZoranAlajbeg-902.jpg?fit=3840%2C5760&ssl=1","jetpack_sharing_enabled":true,"jetpack-related-posts":[{"id":52556,"url":"https:\/\/historiografija.hr\/?p=52556","url_meta":{"origin":12088,"position":0},"title":"ZagrebDox 2026.","author":"Branimir Jankovi\u0107","date":"20. travnja 2026.","format":false,"excerpt":"Me\u0111unarodni festival dokumentarnog filma 19. - 26. travnja 2026. Kaptol Boutique Cinema, Zagreb Program i dodatne obavijesti: https:\/\/zagrebdox.net\/hr","rel":"","context":"U &quot;Filmovi i serije&quot;","block_context":{"text":"Filmovi i serije","link":"https:\/\/historiografija.hr\/?cat=13"},"img":{"alt_text":"","src":"https:\/\/i0.wp.com\/historiografija.hr\/wp-content\/uploads\/2026\/04\/DOX-logo.jpg?fit=600%2C600&ssl=1&resize=350%2C200","width":350,"height":200,"srcset":"https:\/\/i0.wp.com\/historiografija.hr\/wp-content\/uploads\/2026\/04\/DOX-logo.jpg?fit=600%2C600&ssl=1&resize=350%2C200 1x, https:\/\/i0.wp.com\/historiografija.hr\/wp-content\/uploads\/2026\/04\/DOX-logo.jpg?fit=600%2C600&ssl=1&resize=525%2C300 1.5x"},"classes":[]},{"id":52681,"url":"https:\/\/historiografija.hr\/?p=52681","url_meta":{"origin":12088,"position":1},"title":"XIII. Festival povijesti Kliofest 2026.","author":"Branimir Jankovi\u0107","date":"27. travnja 2026.","format":false,"excerpt":"Trinaesti Festival povijesti Kliofest odr\u017eava se od 5. do 8. svibnja 2026. u Nacionalnoj i sveu\u010dili\u0161noj knji\u017enici u Zagrebu, kao i na nekoliko drugih lokacija u gradu. Cjelokupni program nalazi se u programskoj knji\u017eici u nastavku. Festival povijesti Kliofest - 2026 - ProgramPreuzmi","rel":"","context":"U &quot;Prikazi i osvrti&quot;","block_context":{"text":"Prikazi i osvrti","link":"https:\/\/historiografija.hr\/?cat=4"},"img":{"alt_text":"","src":"","width":0,"height":0},"classes":[]},{"id":52646,"url":"https:\/\/historiografija.hr\/?p=52646","url_meta":{"origin":12088,"position":2},"title":"5. MALI FESTIVAL POVIJESTI U LASTOVU","author":"Branimir Jankovi\u0107","date":"24. travnja 2026.","format":false,"excerpt":"Peti Mali festival povijesti odr\u017eava se od 25. do 27. travnja 2026. na Lastovu, u suradnji Zavoda za povijesne znanosti HAZU u Dubrovniku, Op\u0107ine Lastovo i Turisti\u010dke zajednice te uz potporu Dubrova\u010dko-neretvanske \u017eupanije. Predavanja: Dr. sc. Jasna \u010capo \u201eKu\u0107a kao zalog budu\u0107nosti i most izme\u0111u iseljenika i domovine\u201c Dr. sc.\u2026","rel":"","context":"U &quot;Novosti&quot;","block_context":{"text":"Novosti","link":"https:\/\/historiografija.hr\/?cat=3"},"img":{"alt_text":"","src":"https:\/\/i0.wp.com\/historiografija.hr\/wp-content\/uploads\/2026\/04\/Lastovo.jpg?fit=1200%2C700&ssl=1&resize=350%2C200","width":350,"height":200,"srcset":"https:\/\/i0.wp.com\/historiografija.hr\/wp-content\/uploads\/2026\/04\/Lastovo.jpg?fit=1200%2C700&ssl=1&resize=350%2C200 1x, https:\/\/i0.wp.com\/historiografija.hr\/wp-content\/uploads\/2026\/04\/Lastovo.jpg?fit=1200%2C700&ssl=1&resize=525%2C300 1.5x, https:\/\/i0.wp.com\/historiografija.hr\/wp-content\/uploads\/2026\/04\/Lastovo.jpg?fit=1200%2C700&ssl=1&resize=700%2C400 2x, https:\/\/i0.wp.com\/historiografija.hr\/wp-content\/uploads\/2026\/04\/Lastovo.jpg?fit=1200%2C700&ssl=1&resize=1050%2C600 3x"},"classes":[]},{"id":52666,"url":"https:\/\/historiografija.hr\/?p=52666","url_meta":{"origin":12088,"position":3},"title":"Najava programa Festivala povijesti Kliofest (5-8. V. 2026)","author":"Branimir Jankovi\u0107","date":"24. travnja 2026.","format":false,"excerpt":"Po trinaesti put odr\u017eava se Festival povijesti Kliofest! Do petka \u0107emo odr\u017eati osam okruglih stolova i dva kolokvija te niz predstavljanja knjiga i projekata razli\u010dite tematike, od antike do suvremenosti. Bit \u0107e predstavljeno i nekoliko izlo\u017ebi te odr\u017ean jedan povijesni kviz. Prikazat \u0107emo i jedan film \u2013 o generalu Boroevi\u0107u.\u2026","rel":"","context":"U &quot;Novosti&quot;","block_context":{"text":"Novosti","link":"https:\/\/historiografija.hr\/?cat=3"},"img":{"alt_text":"","src":"https:\/\/i0.wp.com\/historiografija.hr\/wp-content\/uploads\/2026\/04\/Kliofest-2026.jpg?fit=526%2C526&ssl=1&resize=350%2C200","width":350,"height":200,"srcset":"https:\/\/i0.wp.com\/historiografija.hr\/wp-content\/uploads\/2026\/04\/Kliofest-2026.jpg?fit=526%2C526&ssl=1&resize=350%2C200 1x, https:\/\/i0.wp.com\/historiografija.hr\/wp-content\/uploads\/2026\/04\/Kliofest-2026.jpg?fit=526%2C526&ssl=1&resize=525%2C300 1.5x"},"classes":[]},{"id":52752,"url":"https:\/\/historiografija.hr\/?p=52752","url_meta":{"origin":12088,"position":4},"title":"Otvaranje izlo\u017ebe &#8220;Hrvati na So\u010danskom frontu&#8221; i predavanje &#8220;So\u010danska fronta u Prvome svjetskom ratu&#8221;","author":"Filip \u0160imunjak","date":"30. travnja 2026.","format":false,"excerpt":"Otvaranje izlo\u017ebe \u201eHrvati na So\u010danskom frontu\u201c, Kobari\u0161ki muzej Prvog svjetskog rata, Kobarid, odr\u017eat \u0107e se u sklopu ovogodi\u0161njega Festivala povijesti Kliofest u Nacionalnoj i sveu\u010dili\u0161noj knji\u017enici u Zagrebu, u utorak 5. svibnja, s po\u010detkom u 10 sati, uz sudjelovanje: Ga\u0161pera Dov\u017eana, veleposlanika Republike Slovenije u RH, te Martina \u0160olara, direktora\u2026","rel":"","context":"U &quot;Izlo\u017ebe&quot;","block_context":{"text":"Izlo\u017ebe","link":"https:\/\/historiografija.hr\/?cat=10"},"img":{"alt_text":"","src":"https:\/\/i0.wp.com\/historiografija.hr\/wp-content\/uploads\/2026\/04\/Kliofest-01-utorak-II-08-P-Socanska-fronta.jpg?fit=1200%2C566&ssl=1&resize=350%2C200","width":350,"height":200,"srcset":"https:\/\/i0.wp.com\/historiografija.hr\/wp-content\/uploads\/2026\/04\/Kliofest-01-utorak-II-08-P-Socanska-fronta.jpg?fit=1200%2C566&ssl=1&resize=350%2C200 1x, https:\/\/i0.wp.com\/historiografija.hr\/wp-content\/uploads\/2026\/04\/Kliofest-01-utorak-II-08-P-Socanska-fronta.jpg?fit=1200%2C566&ssl=1&resize=525%2C300 1.5x, https:\/\/i0.wp.com\/historiografija.hr\/wp-content\/uploads\/2026\/04\/Kliofest-01-utorak-II-08-P-Socanska-fronta.jpg?fit=1200%2C566&ssl=1&resize=700%2C400 2x, https:\/\/i0.wp.com\/historiografija.hr\/wp-content\/uploads\/2026\/04\/Kliofest-01-utorak-II-08-P-Socanska-fronta.jpg?fit=1200%2C566&ssl=1&resize=1050%2C600 3x"},"classes":[]},{"id":52613,"url":"https:\/\/historiografija.hr\/?p=52613","url_meta":{"origin":12088,"position":5},"title":"No\u0107 knjige u Hrvatskom dr\u017eavnom arhivu","author":"Branimir Jankovi\u0107","date":"22. travnja 2026.","format":false,"excerpt":"Predstavljanje knjige Rajke Bu\u0107in \u201dLije\u010denje i zbrinjavanje \u017didova u Bolnici sestara milosrdnica u Zagrebu 1941. \u2013 1945.\u201d u \u010detvrtak, 23. travnja 2026. u 13 sati u Hrvatskom dr\u017eavnom arhivu u Zagrebu. Izvor: https:\/\/www.arhiv.hr\/hr-hr\/Kulturno-prosvjetne-aktivnosti\/ArticleId\/1986\/oamid\/1633","rel":"","context":"U &quot;Novosti&quot;","block_context":{"text":"Novosti","link":"https:\/\/historiografija.hr\/?cat=3"},"img":{"alt_text":"","src":"https:\/\/i0.wp.com\/historiografija.hr\/wp-content\/uploads\/2026\/04\/noc_knjige_2026.jpg?fit=680%2C276&ssl=1&resize=350%2C200","width":350,"height":200,"srcset":"https:\/\/i0.wp.com\/historiografija.hr\/wp-content\/uploads\/2026\/04\/noc_knjige_2026.jpg?fit=680%2C276&ssl=1&resize=350%2C200 1x, https:\/\/i0.wp.com\/historiografija.hr\/wp-content\/uploads\/2026\/04\/noc_knjige_2026.jpg?fit=680%2C276&ssl=1&resize=525%2C300 1.5x"},"classes":[]}],"_links":{"self":[{"href":"https:\/\/historiografija.hr\/index.php?rest_route=\/wp\/v2\/posts\/12088","targetHints":{"allow":["GET"]}}],"collection":[{"href":"https:\/\/historiografija.hr\/index.php?rest_route=\/wp\/v2\/posts"}],"about":[{"href":"https:\/\/historiografija.hr\/index.php?rest_route=\/wp\/v2\/types\/post"}],"author":[{"embeddable":true,"href":"https:\/\/historiografija.hr\/index.php?rest_route=\/wp\/v2\/users\/2"}],"replies":[{"embeddable":true,"href":"https:\/\/historiografija.hr\/index.php?rest_route=%2Fwp%2Fv2%2Fcomments&post=12088"}],"version-history":[{"count":4,"href":"https:\/\/historiografija.hr\/index.php?rest_route=\/wp\/v2\/posts\/12088\/revisions"}],"predecessor-version":[{"id":12159,"href":"https:\/\/historiografija.hr\/index.php?rest_route=\/wp\/v2\/posts\/12088\/revisions\/12159"}],"wp:featuredmedia":[{"embeddable":true,"href":"https:\/\/historiografija.hr\/index.php?rest_route=\/wp\/v2\/media\/12092"}],"wp:attachment":[{"href":"https:\/\/historiografija.hr\/index.php?rest_route=%2Fwp%2Fv2%2Fmedia&parent=12088"}],"wp:term":[{"taxonomy":"category","embeddable":true,"href":"https:\/\/historiografija.hr\/index.php?rest_route=%2Fwp%2Fv2%2Fcategories&post=12088"},{"taxonomy":"post_tag","embeddable":true,"href":"https:\/\/historiografija.hr\/index.php?rest_route=%2Fwp%2Fv2%2Ftags&post=12088"}],"curies":[{"name":"wp","href":"https:\/\/api.w.org\/{rel}","templated":true}]}}