{"id":12057,"date":"2018-11-07T09:46:55","date_gmt":"2018-11-07T09:46:55","guid":{"rendered":"http:\/\/historiografija.hr\/?p=12057"},"modified":"2018-11-07T09:46:55","modified_gmt":"2018-11-07T09:46:55","slug":"razgovori-o-jugoslaviji-socijalisticki-disko-ples-iza-jugoslovenske-barsunaste-zavese-1977-1987","status":"publish","type":"post","link":"https:\/\/historiografija.hr\/?p=12057","title":{"rendered":"Razgovori o Jugoslaviji: Socijalisti\u010dki disko \u2013 Ples iza jugoslovenske bar\u0161unaste zavese 1977\u20131987."},"content":{"rendered":"<p>Muzej Jugoslavije u Beogradu i Kulturni centar Grad pozivaju u \u010detvrtak, 8. studenog 2018. u 19 sati na promociju muzi\u010dke kompilacije i projekta \u201cSocijalisti\u010dki disko \u2013 Ples iza jugoslovenske bar\u0161unaste zavese 1977\u20131987.\u201d.<\/p>\n<p>&nbsp;<\/p>\n<p>&#8212;<\/p>\n<p>&nbsp;<\/p>\n<p>U \u010detvrtak 8. novembra, s po\u010detkom u 19 \u010dasova, u Kulturnom centru Grad bi\u0107e odr\u017eana promocija plo\u010de, muzi\u010dke kompilacije i projekta <strong>Socijalisti\u010dki disko \u2013 Ples iza jugoslovenske bar\u0161unaste zavese 1977\u20131987.<\/strong> Vinilno izdanje kompilacije nastalo je kao produ\u017eetak istra\u017eivanja disko-muzike i plesne kulture u Jugoslaviji, zapo\u010detog 2015. godine serijom izlo\u017ebi Druga strana groznice subotnje ve\u010deri u Zagrebu, a objavljeno je u izdanju izdava\u010dke ku\u0107e Fox &amp; His Friends.<\/p>\n<p>&nbsp;<\/p>\n<p>U debati o disko-muzici i plesnoj kulturi u Jugoslaviji u\u010destvuju:<\/p>\n<p>&nbsp;<\/p>\n<ul>\n<li>Leri Ahel i \u017deljko Luketi\u0107, vlasnici i urednici u izdava\u010dkoj ku\u0107i Fox &amp; His Friends;<\/li>\n<li>Stanko Crnobrnja, televizijski i filmski reditelj, teoreti\u010dar medija i komunikacija, profesor na FMK koji je potpisao niz emisija i video-radova Televizije Beograd, kao i emisiju Beograd no\u0107u (1981), klju\u010dan rad o disko-kulturi u Jugoslaviji;<\/li>\n<li>Kornelije Kova\u010d, kompozitor i muzi\u010dar, autor brojnih jugoslovenskih hitova, koji \u0107e govoriti o svom radu na velikim disko-projektima, kao i o saradnji sa zvezdama poput kompozitora Hansa Cimera i drugih.<\/li>\n<\/ul>\n<p>&nbsp;<\/p>\n<p>Moderator razgovora je Tatomir Toroman, etnolog, kustos Muzeja Jugoslavije.<\/p>\n<p>&nbsp;<\/p>\n<p>Po zavr\u0161etku razgovora, Dekadenca i Markiza de Sada, \u010dlanice atraktivnih kolektiva Efemerne konfesije &amp; Wyrd Sisters izve\u0161\u0107e scenski nastup uz melodije s plo\u010de Socijalisti\u010dki disko.<\/p>\n<p>&nbsp;<\/p>\n<p>Na kompilaciji <strong>Socijalisti\u010dki disko \u2013 Ples iza jugoslovenske bar\u0161unaste zavese 1977\u20131987.<\/strong> nalazi se 18 numera koje najbolje ilustruju \u0161ta je sve obuhvatao disko u Jugoslaviji: etablirane zvezde poput Gabi Novak, Arsena Dedi\u0107a, Ljupke Dimitrovske, Vere Kapetanovi\u0107 ili Zdenke Vu\u010dkovi\u0107, po\u010detni\u010dke poku\u0161aje fudbalera Ivice \u0160urjaka, mis Jugoslavije Ane Saso, ili zanimljive doma\u0107e verzije stranih hitova poput kvirklasika Vamos a La Playa, I Will Survive. Izme\u0111u ostalih, tu je i zvezda tada\u0161nje Startove duplerice Moni Kova\u010di\u0107, poznati disko-fank sastav KIM, \u017eenski deo Mirzinog jata pod imenom Rok Hotel, nekada\u0161nja tinejd\u017eerska zvezda Dubravka Jusi\u0107, kao i danas tra\u017eeno ime me\u0111u disko-kolekcionarima Arian iz Makedonije.<\/p>\n<p>&nbsp;<\/p>\n<p>Medijsku podr\u0161ku debatnom programu pru\u017ei\u0107e emisija Trezor Radio-televizije Srbije koja \u0107e celokupni razgovor emitovati kao tematski specijal.<\/p>\n<p>&nbsp;<\/p>\n<p>Doga\u0111aj se organizuje u koprodukciji Muzeja Jugoslavije (programa Razgovori o Jugoslaviji) i Kulturnog centra Grad.<\/p>\n<p>&nbsp;<\/p>\n<p>Poslu\u0161ajte kompilaciju na YouTube kanalu izdava\u010da Fox &amp; His Friends: <a href=\"https:\/\/www.youtube.com\/watch?v=jHTsxcWavXc&amp;list=PL7a9M6mf5csoaEI6XECpPd_m_IwNxPv5V\">https:\/\/www.youtube.com\/watch?v=jHTsxcWavXc&amp;list=PL7a9M6mf5csoaEI6XECpPd_m_IwNxPv5V<\/a><\/p>\n<p>&nbsp;<\/p>\n<p>Izvor: <a href=\"https:\/\/www.muzej-jugoslavije.org\/program\/razgovori-o-jugoslaviji-socijalisticki-disko-ples-iza-jugoslovenske-barsunaste-zavese-1977-1987\/\">https:\/\/www.muzej-jugoslavije.org\/program\/razgovori-o-jugoslaviji-socijalisticki-disko-ples-iza-jugoslovenske-barsunaste-zavese-1977-1987\/<\/a><\/p>\n<p>&nbsp;<\/p>\n","protected":false},"excerpt":{"rendered":"","protected":false},"author":2,"featured_media":12058,"comment_status":"open","ping_status":"open","sticky":false,"template":"","format":"standard","meta":{"_acf_changed":false,"jetpack_post_was_ever_published":false,"_jetpack_newsletter_access":"","_jetpack_dont_email_post_to_subs":false,"_jetpack_newsletter_tier_id":0,"_jetpack_memberships_contains_paywalled_content":false,"_jetpack_memberships_contains_paid_content":false,"footnotes":"","jetpack_publicize_message":"","jetpack_publicize_feature_enabled":true,"jetpack_social_post_already_shared":true,"jetpack_social_options":{"image_generator_settings":{"template":"highway","default_image_id":0,"font":"","enabled":false},"version":2}},"categories":[3],"tags":[],"class_list":["post-12057","post","type-post","status-publish","format-standard","has-post-thumbnail","hentry","category-novosti"],"acf":{"facebook_opis":""},"jetpack_publicize_connections":[],"jetpack_featured_media_url":"https:\/\/i0.wp.com\/historiografija.hr\/wp-content\/uploads\/2018\/11\/disko.jpg?fit=960%2C540&ssl=1","jetpack_sharing_enabled":true,"jetpack-related-posts":[{"id":52148,"url":"https:\/\/historiografija.hr\/?p=52148","url_meta":{"origin":12057,"position":0},"title":"Poziv za prijavu na me\u0111unarodnu znanstvenu konferenciju \u201eGranice (ne)slobode: Zadarski krug 1966. Intelektualna opozicija u totalitarnom dru\u0161tvu\u201c","author":"Branimir Jankovi\u0107","date":"27. o\u017eujka 2026.","format":false,"excerpt":"\u00a0\u00a0\u00a0\u00a0 Povodom \u0161ezdesete obljetnice poku\u0161aja osnivanja \u010dasopisa Slobodan glas u Zadru 1966. godine, pozivamo vas na znanstvenu konferenciju posve\u0107enu istra\u017eivanju disidentstva, intelektualne opozicije i granica divergentnog mi\u0161ljenja nasuprot slu\u017ebenoj ideologiji u komunisti\u010dkoj Jugoslaviji. Ideja konferencije je analizirati konkretan fenomen zadarskog slu\u010daja razloge i okolnosti njegove pojave, ali uz otvaranje komparativnih\u2026","rel":"","context":"U &quot;Novosti&quot;","block_context":{"text":"Novosti","link":"https:\/\/historiografija.hr\/?cat=3"},"img":{"alt_text":"","src":"https:\/\/i0.wp.com\/historiografija.hr\/wp-content\/uploads\/2026\/03\/Poziv-konferencija-Zadar.jpg?fit=1200%2C509&ssl=1&resize=350%2C200","width":350,"height":200,"srcset":"https:\/\/i0.wp.com\/historiografija.hr\/wp-content\/uploads\/2026\/03\/Poziv-konferencija-Zadar.jpg?fit=1200%2C509&ssl=1&resize=350%2C200 1x, https:\/\/i0.wp.com\/historiografija.hr\/wp-content\/uploads\/2026\/03\/Poziv-konferencija-Zadar.jpg?fit=1200%2C509&ssl=1&resize=525%2C300 1.5x, https:\/\/i0.wp.com\/historiografija.hr\/wp-content\/uploads\/2026\/03\/Poziv-konferencija-Zadar.jpg?fit=1200%2C509&ssl=1&resize=700%2C400 2x, https:\/\/i0.wp.com\/historiografija.hr\/wp-content\/uploads\/2026\/03\/Poziv-konferencija-Zadar.jpg?fit=1200%2C509&ssl=1&resize=1050%2C600 3x"},"classes":[]},{"id":52569,"url":"https:\/\/historiografija.hr\/?p=52569","url_meta":{"origin":12057,"position":1},"title":"[Predavanje] Ne \u010dekaju\u0107i inspiraciju \u2013 anga\u017eovane intelektualne, kulturalne i umetni\u010dke prakse u me\u0111uratnom periodu: teorija i praksa kriti\u010dke levice u jugoslovenskoj kulturi (YugoLab)","author":"Branimir Jankovi\u0107","date":"21. travnja 2026.","format":false,"excerpt":"U vreme agresivnog ja\u010danja globalne desnice, (pro)fa\u0161isti\u010dkih, rasisti\u010dkih i imperijalisti\u010dkih politika, dok je istovremeno globalna levica izrazito slaba, a progresivni pokreti atomizirani i fragmentisani, va\u017eno je iz savremene perspektive vratiti se revolucionarnim i emancipatorskim zbivanjima u jugoslovenskom (ali i s njima u vezi internacionalnim de\u0161avanjima), kao i dru\u0161tvenoj ulozi kulturalnih\u2026","rel":"","context":"U &quot;Novosti&quot;","block_context":{"text":"Novosti","link":"https:\/\/historiografija.hr\/?cat=3"},"img":{"alt_text":"","src":"","width":0,"height":0},"classes":[]},{"id":52669,"url":"https:\/\/historiografija.hr\/?p=52669","url_meta":{"origin":12057,"position":2},"title":"Predavanje Igora Dude &#8220;Odmor kao \u017eivotna potreba: o slobodnom vremenu u socijalisti\u010dkoj Jugoslaviji&#8221;","author":"Branimir Jankovi\u0107","date":"27. travnja 2026.","format":false,"excerpt":"U sklopu proljetnog ciklusa programa\u00a0Kriti\u010dka dramaturgija: pauza, u\u00a0subotu, 25. travnja 2026. u 19 sati\u00a0u prostoru Udru\u017eenja hrvatskih arhitekata povjesni\u010dar Igor Duda\u00a0odr\u017eao je predavanje naslovljeno\u00a0Odmor kao \u017eivotna potreba: o slobodnom vremenu u socijalisti\u010dkoj Jugoslaviji. Industrijalizacija i urbanizacija dru\u0161tava u povijesti su zna\u010dile i prelazak s predindustrijskog na industrijsko shva\u0107anje vremena. Ono\u2026","rel":"","context":"U &quot;Novosti&quot;","block_context":{"text":"Novosti","link":"https:\/\/historiografija.hr\/?cat=3"},"img":{"alt_text":"","src":"https:\/\/i0.wp.com\/historiografija.hr\/wp-content\/uploads\/2026\/04\/Duda.png?fit=1200%2C628&ssl=1&resize=350%2C200","width":350,"height":200,"srcset":"https:\/\/i0.wp.com\/historiografija.hr\/wp-content\/uploads\/2026\/04\/Duda.png?fit=1200%2C628&ssl=1&resize=350%2C200 1x, https:\/\/i0.wp.com\/historiografija.hr\/wp-content\/uploads\/2026\/04\/Duda.png?fit=1200%2C628&ssl=1&resize=525%2C300 1.5x, https:\/\/i0.wp.com\/historiografija.hr\/wp-content\/uploads\/2026\/04\/Duda.png?fit=1200%2C628&ssl=1&resize=700%2C400 2x, https:\/\/i0.wp.com\/historiografija.hr\/wp-content\/uploads\/2026\/04\/Duda.png?fit=1200%2C628&ssl=1&resize=1050%2C600 3x"},"classes":[]},{"id":52628,"url":"https:\/\/historiografija.hr\/?p=52628","url_meta":{"origin":12057,"position":3},"title":"Predavanje dopisnog \u010dlana HAZU Alaina Finkielkrauta Izrael, Europa, antisemitizam","author":"Branimir Jankovi\u0107","date":"23. travnja 2026.","format":false,"excerpt":"Francuski filozof Alain Finkielkraut, redoviti \u010dlan Francuske akademije i dopisni \u010dlan HAZU, odr\u017eat \u0107e predavanje\u00a0Izrael, Europa, antisemitizam u utorak 28. travnja 2026. u 13 sati u Knji\u017enici HAZU,\u00a0Strossmayerov trg 14 u Zagrebu. Uvodne rije\u010di odr\u017eat \u0107e\u00a0akademkinja \u017deljka \u010corak i\u00a0akademik Dra\u017een Katunari\u0107. Predavanje \u0107e se odr\u017eati na francuskom jeziku uz konsekutivno\u2026","rel":"","context":"U &quot;Novosti&quot;","block_context":{"text":"Novosti","link":"https:\/\/historiografija.hr\/?cat=3"},"img":{"alt_text":"","src":"https:\/\/i0.wp.com\/historiografija.hr\/wp-content\/uploads\/2026\/04\/Alain_Finkielkraut.jpg?fit=350%2C407&ssl=1&resize=350%2C200","width":350,"height":200},"classes":[]},{"id":52613,"url":"https:\/\/historiografija.hr\/?p=52613","url_meta":{"origin":12057,"position":4},"title":"No\u0107 knjige u Hrvatskom dr\u017eavnom arhivu","author":"Branimir Jankovi\u0107","date":"22. travnja 2026.","format":false,"excerpt":"Predstavljanje knjige Rajke Bu\u0107in \u201dLije\u010denje i zbrinjavanje \u017didova u Bolnici sestara milosrdnica u Zagrebu 1941. \u2013 1945.\u201d u \u010detvrtak, 23. travnja 2026. u 13 sati u Hrvatskom dr\u017eavnom arhivu u Zagrebu. Izvor: https:\/\/www.arhiv.hr\/hr-hr\/Kulturno-prosvjetne-aktivnosti\/ArticleId\/1986\/oamid\/1633","rel":"","context":"U &quot;Novosti&quot;","block_context":{"text":"Novosti","link":"https:\/\/historiografija.hr\/?cat=3"},"img":{"alt_text":"","src":"https:\/\/i0.wp.com\/historiografija.hr\/wp-content\/uploads\/2026\/04\/noc_knjige_2026.jpg?fit=680%2C276&ssl=1&resize=350%2C200","width":350,"height":200,"srcset":"https:\/\/i0.wp.com\/historiografija.hr\/wp-content\/uploads\/2026\/04\/noc_knjige_2026.jpg?fit=680%2C276&ssl=1&resize=350%2C200 1x, https:\/\/i0.wp.com\/historiografija.hr\/wp-content\/uploads\/2026\/04\/noc_knjige_2026.jpg?fit=680%2C276&ssl=1&resize=525%2C300 1.5x"},"classes":[]},{"id":52675,"url":"https:\/\/historiografija.hr\/?p=52675","url_meta":{"origin":12057,"position":5},"title":"Predstavljanje knjige Luke Peji\u0107a &#8220;U taboru anarhista: \u017divot Ivana Zeppa&#8221; u Osijeku","author":"Branimir Jankovi\u0107","date":"27. travnja 2026.","format":false,"excerpt":"U \u010detvrtak, 30. travnja 2026.\u00a0u\u00a019.00 sati\u00a0u Klubu knji\u017eare Nova\u00a0(Trg Ante Star\u010devi\u0107a 4, Osijek) odr\u017eat \u0107e se predstavljanje nove knjige Luke Peji\u0107a U taboru anarhista: \u017divot Ivana Zeppa (DAF, 2025.). Uz autora o knjizi \u0107e govoriti recenzent i povjesni\u010dar Nikola Toma\u0161egovi\u0107 te povjesni\u010darka Ana Rajkovi\u0107 Peji\u0107. Razgovor \u0107e moderirati doktorandica\u00a0Valentina Kezi\u0107.\u2026","rel":"","context":"U &quot;Novosti&quot;","block_context":{"text":"Novosti","link":"https:\/\/historiografija.hr\/?cat=3"},"img":{"alt_text":"","src":"https:\/\/i0.wp.com\/historiografija.hr\/wp-content\/uploads\/2025\/11\/Pejic.jpg?fit=574%2C790&ssl=1&resize=350%2C200","width":350,"height":200,"srcset":"https:\/\/i0.wp.com\/historiografija.hr\/wp-content\/uploads\/2025\/11\/Pejic.jpg?fit=574%2C790&ssl=1&resize=350%2C200 1x, https:\/\/i0.wp.com\/historiografija.hr\/wp-content\/uploads\/2025\/11\/Pejic.jpg?fit=574%2C790&ssl=1&resize=525%2C300 1.5x"},"classes":[]}],"_links":{"self":[{"href":"https:\/\/historiografija.hr\/index.php?rest_route=\/wp\/v2\/posts\/12057","targetHints":{"allow":["GET"]}}],"collection":[{"href":"https:\/\/historiografija.hr\/index.php?rest_route=\/wp\/v2\/posts"}],"about":[{"href":"https:\/\/historiografija.hr\/index.php?rest_route=\/wp\/v2\/types\/post"}],"author":[{"embeddable":true,"href":"https:\/\/historiografija.hr\/index.php?rest_route=\/wp\/v2\/users\/2"}],"replies":[{"embeddable":true,"href":"https:\/\/historiografija.hr\/index.php?rest_route=%2Fwp%2Fv2%2Fcomments&post=12057"}],"version-history":[{"count":1,"href":"https:\/\/historiografija.hr\/index.php?rest_route=\/wp\/v2\/posts\/12057\/revisions"}],"predecessor-version":[{"id":12059,"href":"https:\/\/historiografija.hr\/index.php?rest_route=\/wp\/v2\/posts\/12057\/revisions\/12059"}],"wp:featuredmedia":[{"embeddable":true,"href":"https:\/\/historiografija.hr\/index.php?rest_route=\/wp\/v2\/media\/12058"}],"wp:attachment":[{"href":"https:\/\/historiografija.hr\/index.php?rest_route=%2Fwp%2Fv2%2Fmedia&parent=12057"}],"wp:term":[{"taxonomy":"category","embeddable":true,"href":"https:\/\/historiografija.hr\/index.php?rest_route=%2Fwp%2Fv2%2Fcategories&post=12057"},{"taxonomy":"post_tag","embeddable":true,"href":"https:\/\/historiografija.hr\/index.php?rest_route=%2Fwp%2Fv2%2Ftags&post=12057"}],"curies":[{"name":"wp","href":"https:\/\/api.w.org\/{rel}","templated":true}]}}