{"id":11991,"date":"2018-11-05T12:08:16","date_gmt":"2018-11-05T12:08:16","guid":{"rendered":"http:\/\/historiografija.hr\/?p=11991"},"modified":"2018-11-05T12:08:16","modified_gmt":"2018-11-05T12:08:16","slug":"sport-in-socialist-yugoslavia-edited-by-dario-brentin-and-dejan-zec","status":"publish","type":"post","link":"https:\/\/historiografija.hr\/?p=11991","title":{"rendered":"Sport in Socialist Yugoslavia. Edited by Dario Brentin and Dejan Zec"},"content":{"rendered":"<p>Posebni broj \u010dasopisa \u201cThe International Journal of the History of Sport\u201d iz 2017. godine koji se bavi povije\u0161\u0107u sporta u socijalisti\u010dkoj Jugoslaviji dostupan je od 2018. godine i u obliku knjige \u201cSport in Socialist Yugoslavia\u201d.<\/p>\n<p>&nbsp;<\/p>\n<p>&#8212;<\/p>\n<p>&nbsp;<\/p>\n<p><strong><em>Sport in Socialist Yugoslavia<\/em><\/strong><\/p>\n<p>&nbsp;<\/p>\n<p>Dario Brentin, Dejan Zec<\/p>\n<p>&nbsp;<\/p>\n<p><strong>Routledge <\/strong><\/p>\n<p>&nbsp;<\/p>\n<p>Published October 9, 2018<\/p>\n<p>&nbsp;<\/p>\n<p>Reference &#8211; 154 Pages<\/p>\n<p>&nbsp;<\/p>\n<p>Series: Sport in the Global Society &#8211; Historical Perspectives<\/p>\n<p>&nbsp;<\/p>\n<p>&nbsp;<\/p>\n<p><strong>Description <\/strong><\/p>\n<p>&nbsp;<\/p>\n<p>Summary<\/p>\n<p>&nbsp;<\/p>\n<p>The history of sport in socialist Yugoslavia is a peculiar lens through which to examine the country\u2019s social, cultural and political transformations. Sport is represented as one of the most popular and engaging cultural phenomena of social life. Sport both embodied the social dynamics of the socialist period as well as revealing questions of the everyday lives of the Yugoslav people. Ultimately, sport was closely intertwined with the country\u2019s overall destiny. This volume offers an introduction into the myriad social functions that sport served in the Yugoslav socialist project. It illustrates how sport was central to the establishment of Yugoslavia\u2019s physical and leisure culture in the early post-Second World War period, an international promotional tool for Yugoslav communists championing the ideological superiority of the \u2018Brotherhood and Unity\u2019 and the Non-Aligned Movement, as well as a social field in which the ideological contradictions of Yugoslav socialism became increasingly apparent. The chapters expand the existing knowledge of the processes that defined Yugoslav sport and contribute to a more nuanced understanding of socialist Yugoslavia in the years between 1945 and 1991.<\/p>\n<p>&nbsp;<\/p>\n<p>This book was originally published as a special issue of <em>The International Journal of the History of Sport<\/em>.<\/p>\n<p>&nbsp;<\/p>\n<p><strong>Table of Contents<\/strong><\/p>\n<p>&nbsp;<\/p>\n<ol>\n<li>From the Concept of the Communist \u2018New Man\u2019 to Nationalist Hooliganism: Research Perspectives on Sport in Socialist Yugoslavia<\/li>\n<\/ol>\n<p><em>Dario Brentin and Dejan Zec<\/em><\/p>\n<ol start=\"2\">\n<li>How Falcons Became Partizans<\/li>\n<\/ol>\n<p><em>Hrvoje Klasi\u0107<\/em><\/p>\n<ol start=\"3\">\n<li>How Doing Sport Became a Culture: Producing the Concept of Physical Cultivation of the Yugoslavs<\/li>\n<\/ol>\n<p><em>Ana Petrov<\/em><\/p>\n<ol start=\"4\">\n<li>Gender Policies and Amateur Sports in Early Yugoslav Socialism<\/li>\n<\/ol>\n<p><em>Ivan Simi\u0107 <\/em><\/p>\n<ol start=\"5\">\n<li>Like a Bridge Over Troubled Adriatic Water: The Complex Relationship between Italian and Yugoslavian Sporting Diplomacy (1945-1954)<\/li>\n<\/ol>\n<p><em>Nicola Sbetti<\/em><\/p>\n<ol start=\"6\">\n<li>Laying the Foundations of Physical Culture: The Stadium Revolution in Socialist Yugoslavia<\/li>\n<\/ol>\n<p><em>Richard Mills<\/em><\/p>\n<ol start=\"7\">\n<li>FC Red Star Belgrade and the Multiplicity of Social Identifications in Socialist Yugoslavia: Representative Dimensions of the \u2018Big Four\u2019 Football Clubs<\/li>\n<\/ol>\n<p><em>Martin Blasius<\/em><\/p>\n<ol start=\"8\">\n<li>The 1984 Sarajevo Winter Olympics and Identity-Formation in Late Socialist Sarajevo<\/li>\n<\/ol>\n<p><em>Zlatko Jovanovic<\/em><\/p>\n<ol start=\"9\">\n<li>Blind-Alleys on the Road to Communism: \u2018Isms\u2019 of the Automobile Sport in Socialist Yugoslavia, 1945-1992<\/li>\n<\/ol>\n<p><em>Marko Miljkovi\u0107<\/em><\/p>\n<p>&nbsp;<\/p>\n<p><strong>Editor(s) Bio<\/strong><\/p>\n<h3><\/h3>\n<p><strong>Dario Brentin <\/strong>is Affiliated Researcher at the Centre for Southeast European Studies at the University of Graz, Austria, and a PhD candidate at the School of Slavonic and East European Studies at University College London, UK, working on sport, politics and ideology in the post-Yugoslav region.<\/p>\n<p><strong>Dejan Zec <\/strong>is a Researcher at Grenoble Ecole de Management, France, and a PhD candidate at the University of Belgrade, Serbia. He has published widely on social history, history of everyday life, sport and leisure history, and history of health care in former Yugoslavia.<\/p>\n<p>&nbsp;<\/p>\n<p>&nbsp;<\/p>\n<p><a href=\"https:\/\/www.crcpress.com\/Sport-in-Socialist-Yugoslavia\/Brentin-Zec\/p\/book\/9781138322370\">https:\/\/www.crcpress.com\/Sport-in-Socialist-Yugoslavia\/Brentin-Zec\/p\/book\/9781138322370<\/a><\/p>\n<p>&nbsp;<\/p>\n<p>&nbsp;<\/p>\n","protected":false},"excerpt":{"rendered":"","protected":false},"author":2,"featured_media":11992,"comment_status":"open","ping_status":"open","sticky":false,"template":"","format":"standard","meta":{"_acf_changed":false,"jetpack_post_was_ever_published":false,"_jetpack_newsletter_access":"","_jetpack_dont_email_post_to_subs":false,"_jetpack_newsletter_tier_id":0,"_jetpack_memberships_contains_paywalled_content":false,"_jetpack_memberships_contains_paid_content":false,"footnotes":"","jetpack_publicize_message":"","jetpack_publicize_feature_enabled":true,"jetpack_social_post_already_shared":true,"jetpack_social_options":{"image_generator_settings":{"template":"highway","default_image_id":0,"font":"","enabled":false},"version":2}},"categories":[8,3],"tags":[],"class_list":["post-11991","post","type-post","status-publish","format-standard","has-post-thumbnail","hentry","category-knjige","category-novosti"],"acf":{"facebook_opis":""},"jetpack_publicize_connections":[],"jetpack_featured_media_url":"https:\/\/i0.wp.com\/historiografija.hr\/wp-content\/uploads\/2018\/11\/sport-in-socialist-yu.jpg?fit=424%2C648&ssl=1","jetpack_sharing_enabled":true,"jetpack-related-posts":[{"id":52520,"url":"https:\/\/historiografija.hr\/?p=52520","url_meta":{"origin":11991,"position":0},"title":"Predstavljanje knjige &#8220;Socialist Economics in Yugoslavia: A Critical History&#8221; u Zagrebu","author":"Branimir Jankovi\u0107","date":"17. travnja 2026.","format":false,"excerpt":"Pozivamo vas na predstavljanje knjige \"Socialist Economics in Yugoslavia: A Critical History\", autora Mislava \u00a0\u017ditka i Marka Grde\u0161i\u0107a (Routledge, 2026). Na predstavljanju \u0107e govoriti Branko Milanovi\u0107 (CUNY), Milica Uvali\u0107 (EUI), Zdravko Petak (FPZG) te autori.\u00a0 Predstavljanje \u0107e se odr\u017eati u srijedu 22. travnja u 16:00 sati na Fakultetu politi\u010dkih znanosti\u2026","rel":"","context":"U &quot;Novosti&quot;","block_context":{"text":"Novosti","link":"https:\/\/historiografija.hr\/?cat=3"},"img":{"alt_text":"","src":"https:\/\/i0.wp.com\/historiografija.hr\/wp-content\/uploads\/2026\/04\/Poziv-na-predstavljanje.png?fit=800%2C652&ssl=1&resize=350%2C200","width":350,"height":200,"srcset":"https:\/\/i0.wp.com\/historiografija.hr\/wp-content\/uploads\/2026\/04\/Poziv-na-predstavljanje.png?fit=800%2C652&ssl=1&resize=350%2C200 1x, https:\/\/i0.wp.com\/historiografija.hr\/wp-content\/uploads\/2026\/04\/Poziv-na-predstavljanje.png?fit=800%2C652&ssl=1&resize=525%2C300 1.5x, https:\/\/i0.wp.com\/historiografija.hr\/wp-content\/uploads\/2026\/04\/Poziv-na-predstavljanje.png?fit=800%2C652&ssl=1&resize=700%2C400 2x"},"classes":[]},{"id":52516,"url":"https:\/\/historiografija.hr\/?p=52516","url_meta":{"origin":11991,"position":1},"title":"Marko Grde\u0161i\u0107, Mislav \u017ditko, \u201eSocialist Economics in Yugoslavia: A Critical History\u201c","author":"Branimir Jankovi\u0107","date":"17. travnja 2026.","format":false,"excerpt":"This book presents a critical history of Yugoslav socialist economics, from its inception in the late 1940s to its dissolution in the late 1980s. After the dramatic break with the Soviet Union in 1948, Yugoslavia found itself in urgent need of a third way: A socialist trajectory which would not\u2026","rel":"","context":"U &quot;Knjige&quot;","block_context":{"text":"Knjige","link":"https:\/\/historiografija.hr\/?cat=8"},"img":{"alt_text":"","src":"https:\/\/i0.wp.com\/historiografija.hr\/wp-content\/uploads\/2026\/04\/Zitko_Grdesic.jpg?fit=350%2C535&ssl=1&resize=350%2C200","width":350,"height":200},"classes":[]},{"id":52580,"url":"https:\/\/historiografija.hr\/?p=52580","url_meta":{"origin":11991,"position":2},"title":"Conference &#8220;Living in the aftermaths: Trauma, politics and survival in Yugoslavia and successor states, 1945 \u2013 present&#8221;","author":"Branimir Jankovi\u0107","date":"21. travnja 2026.","format":false,"excerpt":"The conference aims to explore how war-related psychological distress was experienced, narrated, debated and reframed in Yugoslavia in the second half of the twentieth century. It asks how the theme of wounded psyche and wartime suffering was addressed and acknowledged in political, psychiatric and broader cultural discourses of socialist Yugoslavia,\u2026","rel":"","context":"U &quot;Novosti&quot;","block_context":{"text":"Novosti","link":"https:\/\/historiografija.hr\/?cat=3"},"img":{"alt_text":"","src":"https:\/\/i0.wp.com\/historiografija.hr\/wp-content\/uploads\/2026\/04\/Battle_of_Neretva_Picasso_poster-Conference-Living-in-the-aftermaths.webp?fit=564%2C954&ssl=1&resize=350%2C200","width":350,"height":200,"srcset":"https:\/\/i0.wp.com\/historiografija.hr\/wp-content\/uploads\/2026\/04\/Battle_of_Neretva_Picasso_poster-Conference-Living-in-the-aftermaths.webp?fit=564%2C954&ssl=1&resize=350%2C200 1x, https:\/\/i0.wp.com\/historiografija.hr\/wp-content\/uploads\/2026\/04\/Battle_of_Neretva_Picasso_poster-Conference-Living-in-the-aftermaths.webp?fit=564%2C954&ssl=1&resize=525%2C300 1.5x"},"classes":[]},{"id":52616,"url":"https:\/\/historiografija.hr\/?p=52616","url_meta":{"origin":11991,"position":3},"title":"No\u0107 knjige 2026.","author":"Branimir Jankovi\u0107","date":"22. travnja 2026.","format":false,"excerpt":"Slavljeni\u010dka 15. No\u0107 knjige odr\u017eat \u0107e se 23. travnja diljem Hrvatske u povodu Svjetskog dana knjige i autorskih prava te Dana hrvatske knjige. S vi\u0161e od 1.000 prijavljenih programa i akcija s pravom nosi epitet najmasovnije doma\u0107e kulturne manifestacije, a ove \u0107e godine prote\u0107i u znaku mira, razumijevanja, tolerancije, srodnosti\u2026","rel":"","context":"U &quot;Novosti&quot;","block_context":{"text":"Novosti","link":"https:\/\/historiografija.hr\/?cat=3"},"img":{"alt_text":"","src":"https:\/\/i0.wp.com\/historiografija.hr\/wp-content\/uploads\/2026\/04\/noc_knjige_2026.jpg?fit=680%2C276&ssl=1&resize=350%2C200","width":350,"height":200,"srcset":"https:\/\/i0.wp.com\/historiografija.hr\/wp-content\/uploads\/2026\/04\/noc_knjige_2026.jpg?fit=680%2C276&ssl=1&resize=350%2C200 1x, https:\/\/i0.wp.com\/historiografija.hr\/wp-content\/uploads\/2026\/04\/noc_knjige_2026.jpg?fit=680%2C276&ssl=1&resize=525%2C300 1.5x"},"classes":[]},{"id":52528,"url":"https:\/\/historiografija.hr\/?p=52528","url_meta":{"origin":11991,"position":4},"title":"[Promocija knjige] Banja Luka u ratu: Etnopolitika i svakodnevica (1990\u20131995) (ActiveLab, YugoLab)","author":"Branimir Jankovi\u0107","date":"17. travnja 2026.","format":false,"excerpt":"Institut za filozofiju i dru\u0161tvenu teoriju i O\u0161tra Nula organizuju promociju knjige Banja Luka u ratu: Etnopolitika i svakodnevica (1990\u20131995) autorke Armine Galija\u0161, koja \u0107e se odr\u017eati 20. aprila 2026. u 12.00 sati u prostorijama Instituta (Kraljice Natalije 45, Beograd). Re\u010d je o prvom nau\u010dno utemeljenom i sistematskom radu koji\u2026","rel":"","context":"U &quot;Novosti&quot;","block_context":{"text":"Novosti","link":"https:\/\/historiografija.hr\/?cat=3"},"img":{"alt_text":"","src":"https:\/\/i0.wp.com\/historiografija.hr\/wp-content\/uploads\/2026\/04\/20-april-RS.jpg?fit=1200%2C675&ssl=1&resize=350%2C200","width":350,"height":200,"srcset":"https:\/\/i0.wp.com\/historiografija.hr\/wp-content\/uploads\/2026\/04\/20-april-RS.jpg?fit=1200%2C675&ssl=1&resize=350%2C200 1x, https:\/\/i0.wp.com\/historiografija.hr\/wp-content\/uploads\/2026\/04\/20-april-RS.jpg?fit=1200%2C675&ssl=1&resize=525%2C300 1.5x, https:\/\/i0.wp.com\/historiografija.hr\/wp-content\/uploads\/2026\/04\/20-april-RS.jpg?fit=1200%2C675&ssl=1&resize=700%2C400 2x, https:\/\/i0.wp.com\/historiografija.hr\/wp-content\/uploads\/2026\/04\/20-april-RS.jpg?fit=1200%2C675&ssl=1&resize=1050%2C600 3x"},"classes":[]},{"id":52592,"url":"https:\/\/historiografija.hr\/?p=52592","url_meta":{"origin":11991,"position":5},"title":"Predstavljanje knjige &#8220;Turska ku\u0107a u Rijeci&#8221; u Zagrebu","author":"Branimir Jankovi\u0107","date":"22. travnja 2026.","format":false,"excerpt":"U prostorijama Turskog kulturnog centra Yunus Emre u Zagrebu, u utorak 21. travnja 2026. godine, odr\u017eano je sve\u010dano predstavljanje dopunjenog izdanja knjige Turska ku\u0107a u Rijeci, u organizaciji Hrvatsko-turskog dru\u0161tva Rijeka i partnerstvu sa Skupinom prijateljstva Hrvatska-Turska Hrvatskog sabora, Veleposlanstvom Republike Turske u Republici Hrvatskoj te Turskim kulturnim centrom Yunus\u2026","rel":"","context":"U &quot;Novosti&quot;","block_context":{"text":"Novosti","link":"https:\/\/historiografija.hr\/?cat=3"},"img":{"alt_text":"","src":"https:\/\/i0.wp.com\/historiografija.hr\/wp-content\/uploads\/2026\/04\/Turska-kuca-ZG.jpg?fit=1200%2C800&ssl=1&resize=350%2C200","width":350,"height":200,"srcset":"https:\/\/i0.wp.com\/historiografija.hr\/wp-content\/uploads\/2026\/04\/Turska-kuca-ZG.jpg?fit=1200%2C800&ssl=1&resize=350%2C200 1x, https:\/\/i0.wp.com\/historiografija.hr\/wp-content\/uploads\/2026\/04\/Turska-kuca-ZG.jpg?fit=1200%2C800&ssl=1&resize=525%2C300 1.5x, https:\/\/i0.wp.com\/historiografija.hr\/wp-content\/uploads\/2026\/04\/Turska-kuca-ZG.jpg?fit=1200%2C800&ssl=1&resize=700%2C400 2x, https:\/\/i0.wp.com\/historiografija.hr\/wp-content\/uploads\/2026\/04\/Turska-kuca-ZG.jpg?fit=1200%2C800&ssl=1&resize=1050%2C600 3x"},"classes":[]}],"_links":{"self":[{"href":"https:\/\/historiografija.hr\/index.php?rest_route=\/wp\/v2\/posts\/11991","targetHints":{"allow":["GET"]}}],"collection":[{"href":"https:\/\/historiografija.hr\/index.php?rest_route=\/wp\/v2\/posts"}],"about":[{"href":"https:\/\/historiografija.hr\/index.php?rest_route=\/wp\/v2\/types\/post"}],"author":[{"embeddable":true,"href":"https:\/\/historiografija.hr\/index.php?rest_route=\/wp\/v2\/users\/2"}],"replies":[{"embeddable":true,"href":"https:\/\/historiografija.hr\/index.php?rest_route=%2Fwp%2Fv2%2Fcomments&post=11991"}],"version-history":[{"count":1,"href":"https:\/\/historiografija.hr\/index.php?rest_route=\/wp\/v2\/posts\/11991\/revisions"}],"predecessor-version":[{"id":11993,"href":"https:\/\/historiografija.hr\/index.php?rest_route=\/wp\/v2\/posts\/11991\/revisions\/11993"}],"wp:featuredmedia":[{"embeddable":true,"href":"https:\/\/historiografija.hr\/index.php?rest_route=\/wp\/v2\/media\/11992"}],"wp:attachment":[{"href":"https:\/\/historiografija.hr\/index.php?rest_route=%2Fwp%2Fv2%2Fmedia&parent=11991"}],"wp:term":[{"taxonomy":"category","embeddable":true,"href":"https:\/\/historiografija.hr\/index.php?rest_route=%2Fwp%2Fv2%2Fcategories&post=11991"},{"taxonomy":"post_tag","embeddable":true,"href":"https:\/\/historiografija.hr\/index.php?rest_route=%2Fwp%2Fv2%2Ftags&post=11991"}],"curies":[{"name":"wp","href":"https:\/\/api.w.org\/{rel}","templated":true}]}}