{"id":11957,"date":"2018-11-03T08:03:22","date_gmt":"2018-11-03T08:03:22","guid":{"rendered":"http:\/\/historiografija.hr\/?p=11957"},"modified":"2018-11-03T08:03:22","modified_gmt":"2018-11-03T08:03:22","slug":"hrvatska-filmska-bastina-po-prvi-puta-u-rusiji","status":"publish","type":"post","link":"https:\/\/historiografija.hr\/?p=11957","title":{"rendered":"Hrvatska filmska ba\u0161tina po prvi puta u Rusiji"},"content":{"rendered":"<p>Prvo me\u0111unarodno predstavljanje hrvatske filmske ba\u0161tine u Tretjakovskoj galeriji u Moskvi otvorit \u0107e se 3. studenog 2018. godine. Tako \u0107e sve do kraja ovog mjeseca ruska publika u programu naziva &#8216;Rusija &#8211; Hrvatska: kino &#8211; dijalog&#8217; gledati filmove koji povezuju ruske (i sovjetske) filmske djelatnike i teme s kinematografijom i filmskim profesionalcima iz Hrvatske.<\/p>\n<p>&#8216;<em>Godinama se \u010dinilo da doma\u0107a filmska ba\u0161tina, van usko nacionalnih filmskih okvira, ne zanima svjetsku filmsku javnost. Sada se to u potpunosti mijenja budu\u0107i da \u0107e hrvatske filmove, koje su od 1930. do 2011. stvarali i ruski filmski djelatnici, po prvi puta imati prilike vidjeti moskovska publika u presti\u017enoj Tretjakovskoj galeriji. Od najranijih sa\u010duvanih nijemih filmova pa sve do recentne produkcije, program obuhva\u0107a svako desetlje\u0107e bogate zajedni\u010dke filmske povijesti Rusije i Hrvatske. Posebno sam sretan \u0161to je HAVC uspio u ovom projektu okupiti najpresti\u017enije ba\u0161tinske institucije: Gosfilmofond, HRT i Hrvatsku kinoteku. Ovo je tek po\u010detak velikog svjetskog predstavljanja hrvatske filmske ba\u0161tine koja nas, kao \u0161to vidimo, sa svijetom povezuje vi\u0161e nego \u0161to smo do sad mogli pretpostaviti.<\/em>&#8216;, izjavio je tim povodom <strong>Daniel Rafaeli\u0107<\/strong>, ravnatelj Hrvatskog audiovizualnog centra i autor programa &#8216;Rusija &#8211; Hrvatska: kino &#8211; dijalog&#8217;.<\/p>\n<p>Program je podijeljen u devet cjelina, a svaka od njih tematski i kronolo\u0161ki progovara o odre\u0111enoj temi. Tako pogram otvara cjelina pod nazivom &#8216;Ruski emigranti \u2013 hrvatski pioniri filma&#8217; u sklopu koje se prikazuju dva naslova: kratkometra\u017eni film <em>Zapu\u0161teno dijete<\/em> i dugometra\u017eni\u00a0<em>Gre\u0161nice \u2013 Macina i Ankina sudbina<\/em>.<\/p>\n<p><em>Zapu\u0161teno dijete<\/em>, film je proizveden 1930. u re\u017eiji <strong>Mladena \u0160irole<\/strong>, a snimili su ga <strong>Anatolij Bazarov\u00a0<\/strong>i <strong>Aleksandar Gerasimov<\/strong>. Tada\u0161nje zvijezde zagreba\u010dkog kazali\u0161ta (ali i kabareta) <strong>Branko Tepavac<\/strong> i <strong>Micika \u017dli\u010dar<\/strong> nastupili su kao slijepi otac i \u010dasna sestra u siroti\u0161tu, no zvijezda filma svakako je bila mala <strong>Ada \u0160irola<\/strong> kao siro\u010di\u0107 Janko koji se potuca ulicama velegrada. <em>Zapu\u0161teno dijete <\/em>najstariji je sa\u010duvani igrani film snimljen u Zagrebu uop\u0107e.\u00a0<em>Gre\u0161nice \u2013 Macina i Ankina sudbina\u00a0<\/em>ponovno su zajedni\u010dki snimili\u00a0<strong>Gerasimov<\/strong> i <strong>Bazarov<\/strong>, kao prvi doma\u0107i dugometra\u017eni igrani film. Opijanje na hrvatskom selu, neza\u0161ti\u0107eni spolni odnosi, ne\u017eeljene trudno\u0107e, poba\u010daji i suicid \u2013 sve te teme koje je film tako neposredno obradio, dovele su do njegove iznimne popularnosti te se u raznim du\u017einama prikazivao jo\u0161 godinama od svog nastanka.<\/p>\n<p>Program se nastavlja putovanjem kroz cjeline pod nazivom: &#8216;Zajedni\u010dki rat&#8217;, &#8216;Sukob Tito-Staljin&#8217;, &#8216;Zatopljavanje: novi val&#8217;, &#8216;Pjesma barda iznad barijera&#8217;, &#8216;Tajne ruskog dvora&#8217;, &#8216;Sovjetske filmske zvijezde&#8217; i &#8216;Druga strana Rusije&#8217; da bi zavr\u0161ilo &#8216;Sudbinom vojnika u Prvom svjetskom ratu&#8217; u sklopu koje se prikazuje film\u00a0<em>Jozef<\/em>\u00a0<strong>Stanislava Tomi\u0107a<\/strong>. Ovaj je dugometra\u017eni igrani film u Hrvatskoj pro\u0161ao gotovo nezapa\u017eeno no\u00a0program sjajno zatvara budu\u0107i da je jedini do sad otvorio pitanja na koje nitko nikad, osim njega, nije ponudio odgovore.<\/p>\n<p>&#8216;<em>Kino dijalog Rusije i Hrvatske ovim je programom samo ocrtan. Tretjakovska galerija, Gosfilmofond, Hrvatska radiotelevizija, Hrvatska kinoteka, Ruski dr\u017eavni arhiv, Veleposlanstvo Republike Hrvatske u Ruskoj Federaciji i Hrvatski audiovizualni centar predstavljaju gra\u0111anima Moskve ovaj program kako bi se, da citiram rije\u010di predsjednika Vladimira Putina prenesene ljetos Hrvatima na otvorenju zagreba\u010dke izlo\u017ebe o Katarini Velikoj, zajedno veselili svemu onom \u0161to nas spaja \u2013 a toga je mnogo.<\/em>&#8216;, istaknuo je na kraju ravnatelj HAVC-a Daniel Rafaeli\u0107.<\/p>\n<p>Cjelovit program doga\u0111anja &#8216;Rusija &#8211; Hrvatska: kino &#8211; dijalog&#8217; i plakat manifestacije potra\u017eite na poveznicama s desne strane teksta, a svi ostali detalji dostupni su na <a href=\"https:\/\/www.tretyakovgallery.ru\/en\/cinema\/?seance=rossiya-horvatiya-kinodialogi\"><strong>ovoj poveznici<\/strong><\/a>.<\/p>\n<p>Organizatori projekta su Hrvatski audiovizualni centar i Veleposlanstvo Republike Hrvatske u Ruskoj Federaciji zajedno s partnerima: Hrvatskom kinotekom, Hrvatskom radiotelevizijom,Gosfilmofondom, Ruskim dr\u017eavnim arhivom i Tretjakovski galerijom.<\/p>\n<p>&nbsp;<\/p>\n<p>Izvor: <a href=\"https:\/\/www.havc.hr\/infocentar\/novosti\/hrvatska-filmska-bastina-po-prvi-puta-u-rusiji\">https:\/\/www.havc.hr\/infocentar\/novosti\/hrvatska-filmska-bastina-po-prvi-puta-u-rusiji<\/a><\/p>\n<p>&nbsp;<\/p>\n","protected":false},"excerpt":{"rendered":"","protected":false},"author":2,"featured_media":11629,"comment_status":"open","ping_status":"open","sticky":false,"template":"","format":"standard","meta":{"_acf_changed":false,"jetpack_post_was_ever_published":false,"_jetpack_newsletter_access":"","_jetpack_dont_email_post_to_subs":false,"_jetpack_newsletter_tier_id":0,"_jetpack_memberships_contains_paywalled_content":false,"_jetpack_memberships_contains_paid_content":false,"footnotes":"","jetpack_publicize_message":"","jetpack_publicize_feature_enabled":true,"jetpack_social_post_already_shared":true,"jetpack_social_options":{"image_generator_settings":{"template":"highway","default_image_id":0,"font":"","enabled":false},"version":2}},"categories":[13,3],"tags":[],"class_list":["post-11957","post","type-post","status-publish","format-standard","has-post-thumbnail","hentry","category-filmovi-i-serije","category-novosti"],"acf":{"facebook_opis":""},"jetpack_publicize_connections":[],"jetpack_featured_media_url":"https:\/\/i0.wp.com\/historiografija.hr\/wp-content\/uploads\/2018\/10\/grjesnice.jpg?fit=636%2C385&ssl=1","jetpack_sharing_enabled":true,"jetpack-related-posts":[{"id":52631,"url":"https:\/\/historiografija.hr\/?p=52631","url_meta":{"origin":11957,"position":0},"title":"Predavanje Ivana Tepe\u0161a: Djelovanje hrvatske politi\u010dke emigracije","author":"Branimir Jankovi\u0107","date":"23. travnja 2026.","format":false,"excerpt":"Odjel za me\u0111unarodnu suradnju i iseljeni\u0161tvo Matice hrvatske Predavanje Ivana Tepe\u0161a: Djelovanje hrvatske politi\u010dke emigracije Utorak, 28. travnja 2026. u 18:00 sati, Dvorana Ljudevita Jonkea (Mala dvorana MH), Strossmayerov trg 4, Zagreb dr. sc. Ivan Tepe\u0161, Institut za istra\u017eivanje migracija Hrvatska politi\u010dka emigracija obilje\u017eila je polustoljetnu hrvatsku povijest u drugoj\u2026","rel":"","context":"U &quot;Novosti&quot;","block_context":{"text":"Novosti","link":"https:\/\/historiografija.hr\/?cat=3"},"img":{"alt_text":"","src":"","width":0,"height":0},"classes":[]},{"id":52502,"url":"https:\/\/historiografija.hr\/?p=52502","url_meta":{"origin":11957,"position":1},"title":"Novi znanstveni projekt Hrvatskog instituta za povijest: \u201c\u017drtve ratova i dr\u017eavnog\/politi\u010dkog nasilja u hrvatskoj povijesti 20. stolje\u0107a\u201d","author":"Branimir Jankovi\u0107","date":"17. travnja 2026.","format":false,"excerpt":"Na redovitoj sjednici Vlade RH, 16. travnja 2026., donijet je Zaklju\u010dak kojim se pokre\u0107e znanstveni projekt \u201c\u017drtve ratova i dr\u017eavnog\/politi\u010dkog nasilja u hrvatskoj povijesti 20. stolje\u0107a\u201d. Projekt \u0107e provoditi i koordinirati Hrvatski institut za povijest u razdoblju trajanja projekta od pet godina. Zakljucak Vlade RH Iz teksta projektnog prijedloga: Problematika\u2026","rel":"","context":"U &quot;Novosti&quot;","block_context":{"text":"Novosti","link":"https:\/\/historiografija.hr\/?cat=3"},"img":{"alt_text":"","src":"https:\/\/i0.wp.com\/historiografija.hr\/wp-content\/uploads\/2026\/04\/Vlada-RH.jpg?fit=1200%2C557&ssl=1&resize=350%2C200","width":350,"height":200,"srcset":"https:\/\/i0.wp.com\/historiografija.hr\/wp-content\/uploads\/2026\/04\/Vlada-RH.jpg?fit=1200%2C557&ssl=1&resize=350%2C200 1x, https:\/\/i0.wp.com\/historiografija.hr\/wp-content\/uploads\/2026\/04\/Vlada-RH.jpg?fit=1200%2C557&ssl=1&resize=525%2C300 1.5x, https:\/\/i0.wp.com\/historiografija.hr\/wp-content\/uploads\/2026\/04\/Vlada-RH.jpg?fit=1200%2C557&ssl=1&resize=700%2C400 2x, https:\/\/i0.wp.com\/historiografija.hr\/wp-content\/uploads\/2026\/04\/Vlada-RH.jpg?fit=1200%2C557&ssl=1&resize=1050%2C600 3x"},"classes":[]},{"id":52552,"url":"https:\/\/historiografija.hr\/?p=52552","url_meta":{"origin":11957,"position":2},"title":"Besplatni glazbeni antikvarijat","author":"Branimir Jankovi\u0107","date":"20. travnja 2026.","format":false,"excerpt":"Muzi\u010dka akademija Sveu\u010dili\u0161ta u Zagrebu 23. travnja 2026. od 10 do 17 sati Pozivamo Vas na Besplatni glazbeni antikvarijat, koji u sklopu manifestacije No\u0107 knjige 2026. organizira Hrvatska udruga muzi\u010dkih knji\u017enica, arhiva i dokumentacijskih centara (HUMKAD). Antikvarijat \u0107e se odr\u017eati na Svjetski dan knjige \u2013 u \u010detvrtak 23. travnja 2026.\u2026","rel":"","context":"U &quot;Novosti&quot;","block_context":{"text":"Novosti","link":"https:\/\/historiografija.hr\/?cat=3"},"img":{"alt_text":"","src":"https:\/\/i0.wp.com\/historiografija.hr\/wp-content\/uploads\/2026\/04\/Besplatni-glazbeni-antikvarijat-23.-4.-2026.jpg?fit=1200%2C848&ssl=1&resize=350%2C200","width":350,"height":200,"srcset":"https:\/\/i0.wp.com\/historiografija.hr\/wp-content\/uploads\/2026\/04\/Besplatni-glazbeni-antikvarijat-23.-4.-2026.jpg?fit=1200%2C848&ssl=1&resize=350%2C200 1x, https:\/\/i0.wp.com\/historiografija.hr\/wp-content\/uploads\/2026\/04\/Besplatni-glazbeni-antikvarijat-23.-4.-2026.jpg?fit=1200%2C848&ssl=1&resize=525%2C300 1.5x, https:\/\/i0.wp.com\/historiografija.hr\/wp-content\/uploads\/2026\/04\/Besplatni-glazbeni-antikvarijat-23.-4.-2026.jpg?fit=1200%2C848&ssl=1&resize=700%2C400 2x, https:\/\/i0.wp.com\/historiografija.hr\/wp-content\/uploads\/2026\/04\/Besplatni-glazbeni-antikvarijat-23.-4.-2026.jpg?fit=1200%2C848&ssl=1&resize=1050%2C600 3x"},"classes":[]},{"id":52669,"url":"https:\/\/historiografija.hr\/?p=52669","url_meta":{"origin":11957,"position":3},"title":"Predavanje Igora Dude &#8220;Odmor kao \u017eivotna potreba: o slobodnom vremenu u socijalisti\u010dkoj Jugoslaviji&#8221;","author":"Branimir Jankovi\u0107","date":"27. travnja 2026.","format":false,"excerpt":"U sklopu proljetnog ciklusa programa\u00a0Kriti\u010dka dramaturgija: pauza, u\u00a0subotu, 25. travnja 2026. u 19 sati\u00a0u prostoru Udru\u017eenja hrvatskih arhitekata povjesni\u010dar Igor Duda\u00a0odr\u017eao je predavanje naslovljeno\u00a0Odmor kao \u017eivotna potreba: o slobodnom vremenu u socijalisti\u010dkoj Jugoslaviji. Industrijalizacija i urbanizacija dru\u0161tava u povijesti su zna\u010dile i prelazak s predindustrijskog na industrijsko shva\u0107anje vremena. Ono\u2026","rel":"","context":"U &quot;Novosti&quot;","block_context":{"text":"Novosti","link":"https:\/\/historiografija.hr\/?cat=3"},"img":{"alt_text":"","src":"https:\/\/i0.wp.com\/historiografija.hr\/wp-content\/uploads\/2026\/04\/Duda.png?fit=1200%2C628&ssl=1&resize=350%2C200","width":350,"height":200,"srcset":"https:\/\/i0.wp.com\/historiografija.hr\/wp-content\/uploads\/2026\/04\/Duda.png?fit=1200%2C628&ssl=1&resize=350%2C200 1x, https:\/\/i0.wp.com\/historiografija.hr\/wp-content\/uploads\/2026\/04\/Duda.png?fit=1200%2C628&ssl=1&resize=525%2C300 1.5x, https:\/\/i0.wp.com\/historiografija.hr\/wp-content\/uploads\/2026\/04\/Duda.png?fit=1200%2C628&ssl=1&resize=700%2C400 2x, https:\/\/i0.wp.com\/historiografija.hr\/wp-content\/uploads\/2026\/04\/Duda.png?fit=1200%2C628&ssl=1&resize=1050%2C600 3x"},"classes":[]},{"id":52666,"url":"https:\/\/historiografija.hr\/?p=52666","url_meta":{"origin":11957,"position":4},"title":"Najava programa Festivala povijesti Kliofest (5-8. V. 2026)","author":"Branimir Jankovi\u0107","date":"24. travnja 2026.","format":false,"excerpt":"Po trinaesti put odr\u017eava se Festival povijesti Kliofest! Do petka \u0107emo odr\u017eati osam okruglih stolova i dva kolokvija te niz predstavljanja knjiga i projekata razli\u010dite tematike, od antike do suvremenosti. Bit \u0107e predstavljeno i nekoliko izlo\u017ebi te odr\u017ean jedan povijesni kviz. Prikazat \u0107emo i jedan film \u2013 o generalu Boroevi\u0107u.\u2026","rel":"","context":"U &quot;Novosti&quot;","block_context":{"text":"Novosti","link":"https:\/\/historiografija.hr\/?cat=3"},"img":{"alt_text":"","src":"https:\/\/i0.wp.com\/historiografija.hr\/wp-content\/uploads\/2026\/04\/Kliofest-2026.jpg?fit=526%2C526&ssl=1&resize=350%2C200","width":350,"height":200,"srcset":"https:\/\/i0.wp.com\/historiografija.hr\/wp-content\/uploads\/2026\/04\/Kliofest-2026.jpg?fit=526%2C526&ssl=1&resize=350%2C200 1x, https:\/\/i0.wp.com\/historiografija.hr\/wp-content\/uploads\/2026\/04\/Kliofest-2026.jpg?fit=526%2C526&ssl=1&resize=525%2C300 1.5x"},"classes":[]},{"id":52616,"url":"https:\/\/historiografija.hr\/?p=52616","url_meta":{"origin":11957,"position":5},"title":"No\u0107 knjige 2026.","author":"Branimir Jankovi\u0107","date":"22. travnja 2026.","format":false,"excerpt":"Slavljeni\u010dka 15. No\u0107 knjige odr\u017eat \u0107e se 23. travnja diljem Hrvatske u povodu Svjetskog dana knjige i autorskih prava te Dana hrvatske knjige. S vi\u0161e od 1.000 prijavljenih programa i akcija s pravom nosi epitet najmasovnije doma\u0107e kulturne manifestacije, a ove \u0107e godine prote\u0107i u znaku mira, razumijevanja, tolerancije, srodnosti\u2026","rel":"","context":"U &quot;Novosti&quot;","block_context":{"text":"Novosti","link":"https:\/\/historiografija.hr\/?cat=3"},"img":{"alt_text":"","src":"https:\/\/i0.wp.com\/historiografija.hr\/wp-content\/uploads\/2026\/04\/noc_knjige_2026.jpg?fit=680%2C276&ssl=1&resize=350%2C200","width":350,"height":200,"srcset":"https:\/\/i0.wp.com\/historiografija.hr\/wp-content\/uploads\/2026\/04\/noc_knjige_2026.jpg?fit=680%2C276&ssl=1&resize=350%2C200 1x, https:\/\/i0.wp.com\/historiografija.hr\/wp-content\/uploads\/2026\/04\/noc_knjige_2026.jpg?fit=680%2C276&ssl=1&resize=525%2C300 1.5x"},"classes":[]}],"_links":{"self":[{"href":"https:\/\/historiografija.hr\/index.php?rest_route=\/wp\/v2\/posts\/11957","targetHints":{"allow":["GET"]}}],"collection":[{"href":"https:\/\/historiografija.hr\/index.php?rest_route=\/wp\/v2\/posts"}],"about":[{"href":"https:\/\/historiografija.hr\/index.php?rest_route=\/wp\/v2\/types\/post"}],"author":[{"embeddable":true,"href":"https:\/\/historiografija.hr\/index.php?rest_route=\/wp\/v2\/users\/2"}],"replies":[{"embeddable":true,"href":"https:\/\/historiografija.hr\/index.php?rest_route=%2Fwp%2Fv2%2Fcomments&post=11957"}],"version-history":[{"count":1,"href":"https:\/\/historiografija.hr\/index.php?rest_route=\/wp\/v2\/posts\/11957\/revisions"}],"predecessor-version":[{"id":11958,"href":"https:\/\/historiografija.hr\/index.php?rest_route=\/wp\/v2\/posts\/11957\/revisions\/11958"}],"wp:featuredmedia":[{"embeddable":true,"href":"https:\/\/historiografija.hr\/index.php?rest_route=\/wp\/v2\/media\/11629"}],"wp:attachment":[{"href":"https:\/\/historiografija.hr\/index.php?rest_route=%2Fwp%2Fv2%2Fmedia&parent=11957"}],"wp:term":[{"taxonomy":"category","embeddable":true,"href":"https:\/\/historiografija.hr\/index.php?rest_route=%2Fwp%2Fv2%2Fcategories&post=11957"},{"taxonomy":"post_tag","embeddable":true,"href":"https:\/\/historiografija.hr\/index.php?rest_route=%2Fwp%2Fv2%2Ftags&post=11957"}],"curies":[{"name":"wp","href":"https:\/\/api.w.org\/{rel}","templated":true}]}}