{"id":11948,"date":"2018-11-02T22:00:48","date_gmt":"2018-11-02T22:00:48","guid":{"rendered":"http:\/\/historiografija.hr\/?p=11948"},"modified":"2018-11-02T22:00:48","modified_gmt":"2018-11-02T22:00:48","slug":"ciklus-tribina-sto-godina-od-osnivanja-jugoslavije-secanje-na-jugoslaviju","status":"publish","type":"post","link":"https:\/\/historiografija.hr\/?p=11948","title":{"rendered":"Ciklus tribina \u201cSto godina od osnivanja Jugoslavije\u201d: Se\u0107anje na Jugoslaviju"},"content":{"rendered":"<p>U sklopu ciklusa tribina \u201cSto godina od osnivanja Jugoslavije\u201d odr\u017eat \u0107e se 7. studenog 2018. u Beogradu tribina \u201cSe\u0107anje na Jugoslaviju\u201d na kojoj sudjeluju Sr\u0111an Milo\u0161evi\u0107, Marija \u0110or\u0111evi\u0107, Emilija Miji\u0107, Ana Pani\u0107, a moderira Sr\u0111an Radovi\u0107.<\/p>\n<p>&nbsp;<\/p>\n<p>&#8212;<\/p>\n<p>&nbsp;<\/p>\n<p><strong>Cejus : Centar za jugoslovenske studije <\/strong><\/p>\n<p>&nbsp;<\/p>\n<p>Tribina Se\u0107anje na Jugoslaviju<\/p>\n<p>&nbsp;<\/p>\n<p>Dom Omladine Beograda<\/p>\n<p>&nbsp;<\/p>\n<p>U\u010desnici:<\/p>\n<p>Sr\u0111an Milo\u0161evi\u0107, Institut za noviju istoriju Srbije<\/p>\n<p>Marija \u0110or\u0111evi\u0107, Univerzitet u Hildeshajmu<\/p>\n<p>Emilija Miji\u0107, Institut dru\u0161tvenih nauka<\/p>\n<p>Ana Pani\u0107, Muzej Jugoslavije\/Cejus<\/p>\n<p>(moderator: Sr\u0111an Radovi\u0107, Etnografski institut SANU\/Cejus)<\/p>\n<p>&nbsp;<\/p>\n<p>Tribina pod naslovom Se\u0107anje na Jugoslaviju pretposlednji je doga\u0111aj koga Centar za jugoslovenske studije i Dom omladine Beograd organizuju u okviru Tribinskog programa Sto godina od osnivanja Jugoslavije. U\u010desnici i u\u010desniceposlednje tribine u okviru tribinskog programa poku\u0161a\u0107e da odgovore, pre svega na dva pitanja: Da li se se\u0107amo Jugoslavije? Kako se se\u0107amo Jugoslavije? U\u010desnici i u\u010desnice tribine Se\u0107anje na Jugoslaviju poku\u0161a\u0107e da skrenu pa\u017enju kako na se\u0107anje na Kraljevinu Jugoslaviju tako i na se\u0107anje na period postojanja socijalisti\u010dke Jugoslavije. Fokusira\u0107e se na savremenu praksu romantizacije nasle\u0111a Kraljevine Jugoslavijekao i na njenu funkciju u procesu konstituisanja ne samo novog identiteta ve\u0107 i \u201cnove\u201d pro\u0161losti. Posebno \u0107e insistirati na praksi definisanja zvani\u010dnog se\u0107anja u SFRJ koja je u periodu postojanja socijalisti\u010dke Jugoslavije prolazila kroz razli\u010dite faze podrazumevaju\u0107i podizanje mre\u017ee spomenika i razvijanje komemorativnih praksi. Pokaza\u0107e kako je samo neznatan broj nekada\u0161njih komemorativnih praksi prona\u0161ao svoje mesto u novim nacionalnim narativima. Mnogi od ovih spomenika danas su deo pejza\u017ea novih samostalnih dr\u017eava. U\u010desnici i u\u010desnice tribine Se\u0107anje na Jugoslaviju govori\u0107e o jugonostalgiji kao fenomenu koji je u periodu od raspada SFRJ do danas konstantno menjao formu. Bi\u0107e predstavljeni na\u010dini na koje pojedinci anga\u017euju pro\u0161lost u svojim narativima, da bi shvatili sada\u0161njost i konceptualizovali budu\u0107nost. Pokaza\u0107e se kako revitalizacija socijalizma u nostalgi\u010dnim i neonostalgi\u010dnim narativima predstavlja nu\u017enu, subverzivnu kritiku prezentizma, sada\u0161njih dominantnih ideolo\u0161kih matrica nikada zavr\u0161ene tranzicije, prema kojima je postoje\u0107i svet nedovoljno dobar i u kontekstu biv\u0161ih jugoslovenskih republika nudi perspektivu \u201ekako bi trebalo da bude\u201c. Poseban akcenat bi\u0107e stavljen na to kako se institucije kulture se\u0107aju Jugoslavije s obzirom na to da su mnoge teme u vezi sa jugoslovenskim nasle\u0111em i jugoslovenskom istorijom jo\u0161 uvek nerasvetljene, \u201eosetljive\u201d, kontroverzne, mnogi ratovi su u glavama i neke bitke jo\u0161 nisu zavr\u0161ene, a jugoslovenstvo se u javnom diskursu naj\u010de\u0161\u0107e svodi na jugonostalgiju koja se ne posmatra kao produktivna analiti\u010dka kategorija i va\u017ean na\u010din mobilizacije socijalisti\u010dkog nasle\u0111a u politi\u010dkim pregovaranjima o sada\u0161njosti i budu\u0107nosti ve\u0107 kao relikt pro\u0161losti.<\/p>\n<p>&nbsp;<\/p>\n<p>O u\u010desnicama tribine:<\/p>\n<p>&nbsp;<\/p>\n<p>Sr\u0111an Milo\u0161evi\u0107 (\u010ca\u010dak, 1982) je nau\u010dni saradnik Instituta za noviju istoriju Srbije. Diplomirao i doktorirao na Istoriji Jugoslavije, na Filozofskom fakultetu u Beogradu. Usavr\u0161avao se na Institutu za istoriju i kulturu Isto\u010dne Evrope u Lajpcigu i na Imre Kertesz Kolleg u Jeni. Bavi se istorijom Jugoslavije, sa fokusom na probleme revizionizma u istoriografiji i javnom diskursu. Autor je monografije Istorija pred sudom. Istorijski i pravni aspekti u rehabilitaciji kneza Pavla Kara\u0111or\u0111evi\u0107a (2013).<\/p>\n<p>&nbsp;<\/p>\n<p>Marija \u0110or\u0111evi\u0107 (Beograd, 1986) je diplomirala je na Filozofskom fakultetu Univerziteta u Beogradu. Master studije iz oblasti muzeologije zavr\u0161ila je u Amsterdamu, a doktorsku disertaciju \u0107e odbraniti na Univerzitetu u Hildeshajmu u Nema\u010dkoj. U svom radu fokusira se na kulturnu ba\u0161tinu i muzejske institucije, kao i na procese stavranja i prezentacije identiteta. Njena doktorska disertacija posve\u0107ena je komemoracijama NOB-a i spomeni\u010dkoj mre\u017ei podignutoj na teritoriji SFRJ, sa posebnim akcentom na komemorativne prakse koje su zapo\u010dete nakon zavr\u0161etka Drugog svetskog rata, a praktikuju se i danas, sa izmenjenim narativima i glavnim akterima.<\/p>\n<p>&nbsp;<\/p>\n<p>Emilija Miji\u0107 (Beograd, 1985) je istra\u017eiva\u010dica saradnica Centra za sociolo\u0161ka i antropolo\u0161ka istra\u017eivanja Instituta dru\u0161tvenih nauka. Bavi se kulturom se\u0107anja, antropologijom popularne kulture i istra\u017eivanjem kulturnih politika. U toku naredne godine treba da odbrani doktorsku tezu na temu jugonostalgi\u010dnih narativa i popularnih reprezentacija socijalizma u savremenom dru\u0161tvu Srbije na Odeljenju za etnologiju i antropologiju Filozofskog fakulteta Univerziteta u Beogradu. Bila je gostuju\u0107i predava\u010d na Odseku za kulturalne studije Filozofskog fakulteta Univerziteta u Rijeci. Autorka je monografije Recentna spomeni\u010dka kultura Zapadnog Balkana: pop-heroji i tradicija (2012).<\/p>\n<p>&nbsp;<\/p>\n<p>Ana Pani\u0107 (Beograd, 1978) je vi\u0161a kustoskinja i istori\u010darka umetnosti. Od 2005. godine radi kao kustoskinja likovne zbirke Muzeja Jugoslavije u Beogradu. Autorka je i koautorka brojnih izlo\u017ebi sa temama iz istorije i popularne kulture SFRJ, kao i izlo\u017ebi iz zbirki Muzeja Jugoslavije. Dobitnica je dva priznanja Muzejskog dru\u0161tva Srbije \u2212 nagrade \u201eMihailo Valtrovi\u0107\u201c, kao i priznanja Dru\u0161tva istori\u010dara umetnosti Srbije. Podru\u010dje njenog posebnog interesa su kultura i umetnost u socijalisti\u010dkoj Jugoslaviji, politi\u010dke prakse (post) jugoslovenske umetnosti i savremena umetni\u010dka produkcija, kultura se\u0107anja i izgradnja kolektivnog se\u0107anja na Jugoslaviju, javni spomenici i njihova uloga u materijalizaciji kolektivnog se\u0107anja, umetnost kao sredstvo konstruisanja (nad) nacionalnog identiteta. Jedna je od osniva\u010dica Centra za jugoslovenske studije.<\/p>\n<p>&nbsp;<\/p>\n<p>O moderatoru:<\/p>\n<p>&nbsp;<\/p>\n<p>Sr\u0111an Radovi\u0107 (Titograd, 1976) je etnolog-antropolog i vi\u0161i nau\u010dni saradnik Etnografskog instituta SANU. Doktorirao je na Filozofskom fakultetu Univerziteta u Beogradu. Stru\u010dno se usavr\u0161avao na WZB i Humboltovom univerzitetu u Berlinu. Bio je gostuju\u0107i predava\u010d na univerzitetima u Rigi i Beogradu. Autor je monografija: Slika Evrope. Istra\u017eivanje predstava o Evropi i Srbiji na po\u010detku XXI veka (2009), Grad kao tekst (2013), Beogradski odonimi (2014). Bavi se istra\u017eivanjem pitanja kulture pam\u0107enja, urbane antropologije i dinamike identiteta. Jedan je od osniva\u010da Centra za jugoslovenske studije.<\/p>\n<p>&nbsp;<\/p>\n<p>&nbsp;<\/p>\n<p>Izvor:<\/p>\n<p>&nbsp;<\/p>\n<p><a href=\"https:\/\/www.facebook.com\/events\/2226167170961132\/\">https:\/\/www.facebook.com\/events\/2226167170961132\/<\/a><\/p>\n<p>&nbsp;<\/p>\n<p><a href=\"https:\/\/www.facebook.com\/cejus.jus\/\">https:\/\/www.facebook.com\/cejus.jus\/<\/a><\/p>\n<p>&nbsp;<\/p>\n","protected":false},"excerpt":{"rendered":"","protected":false},"author":2,"featured_media":11949,"comment_status":"open","ping_status":"open","sticky":false,"template":"","format":"standard","meta":{"_acf_changed":false,"jetpack_post_was_ever_published":false,"_jetpack_newsletter_access":"","_jetpack_dont_email_post_to_subs":false,"_jetpack_newsletter_tier_id":0,"_jetpack_memberships_contains_paywalled_content":false,"_jetpack_memberships_contains_paid_content":false,"footnotes":"","jetpack_publicize_message":"","jetpack_publicize_feature_enabled":true,"jetpack_social_post_already_shared":true,"jetpack_social_options":{"image_generator_settings":{"template":"highway","default_image_id":0,"font":"","enabled":false},"version":2}},"categories":[3],"tags":[],"class_list":["post-11948","post","type-post","status-publish","format-standard","has-post-thumbnail","hentry","category-novosti"],"acf":{"facebook_opis":""},"jetpack_publicize_connections":[],"jetpack_featured_media_url":"https:\/\/i0.wp.com\/historiografija.hr\/wp-content\/uploads\/2018\/11\/secanje.jpg?fit=960%2C504&ssl=1","jetpack_sharing_enabled":true,"jetpack-related-posts":[{"id":52657,"url":"https:\/\/historiografija.hr\/?p=52657","url_meta":{"origin":11948,"position":0},"title":"[Predavanje] Jezik i drugost u (post)socijalisti\u010dkoj Srbiji: diskurzivne politike identiteta (YugoLab)","author":"Branimir Jankovi\u0107","date":"24. travnja 2026.","format":false,"excerpt":"U sklopu projekta Prizma \/ IMAGINATION (\u201eZami\u0161ljanje nacije: srpski nacionalni narativi u sporu (XX\u2013XXI vek)\u201c), koji se realizuje na Institutu za filozofiju i dru\u0161tvenu teoriju Univerziteta u Beogradu (2024\u20132027) uz finansijsku podr\u0161ku Fonda za nauku Republike Srbije, organizuje se serija predavanja na kojoj istra\u017eiva\u010di i istra\u017eiva\u010dice projekta predstavljaju rezultate svojih\u2026","rel":"","context":"U &quot;Novosti&quot;","block_context":{"text":"Novosti","link":"https:\/\/historiografija.hr\/?cat=3"},"img":{"alt_text":"","src":"https:\/\/i0.wp.com\/historiografija.hr\/wp-content\/uploads\/2026\/04\/IFDT_28_IV.png?fit=1200%2C675&ssl=1&resize=350%2C200","width":350,"height":200,"srcset":"https:\/\/i0.wp.com\/historiografija.hr\/wp-content\/uploads\/2026\/04\/IFDT_28_IV.png?fit=1200%2C675&ssl=1&resize=350%2C200 1x, https:\/\/i0.wp.com\/historiografija.hr\/wp-content\/uploads\/2026\/04\/IFDT_28_IV.png?fit=1200%2C675&ssl=1&resize=525%2C300 1.5x, https:\/\/i0.wp.com\/historiografija.hr\/wp-content\/uploads\/2026\/04\/IFDT_28_IV.png?fit=1200%2C675&ssl=1&resize=700%2C400 2x, https:\/\/i0.wp.com\/historiografija.hr\/wp-content\/uploads\/2026\/04\/IFDT_28_IV.png?fit=1200%2C675&ssl=1&resize=1050%2C600 3x"},"classes":[]},{"id":52631,"url":"https:\/\/historiografija.hr\/?p=52631","url_meta":{"origin":11948,"position":1},"title":"Predavanje Ivana Tepe\u0161a: Djelovanje hrvatske politi\u010dke emigracije","author":"Branimir Jankovi\u0107","date":"23. travnja 2026.","format":false,"excerpt":"Odjel za me\u0111unarodnu suradnju i iseljeni\u0161tvo Matice hrvatske Predavanje Ivana Tepe\u0161a: Djelovanje hrvatske politi\u010dke emigracije Utorak, 28. travnja 2026. u 18:00 sati, Dvorana Ljudevita Jonkea (Mala dvorana MH), Strossmayerov trg 4, Zagreb dr. sc. Ivan Tepe\u0161, Institut za istra\u017eivanje migracija Hrvatska politi\u010dka emigracija obilje\u017eila je polustoljetnu hrvatsku povijest u drugoj\u2026","rel":"","context":"U &quot;Novosti&quot;","block_context":{"text":"Novosti","link":"https:\/\/historiografija.hr\/?cat=3"},"img":{"alt_text":"","src":"","width":0,"height":0},"classes":[]},{"id":52502,"url":"https:\/\/historiografija.hr\/?p=52502","url_meta":{"origin":11948,"position":2},"title":"Novi znanstveni projekt Hrvatskog instituta za povijest: \u201c\u017drtve ratova i dr\u017eavnog\/politi\u010dkog nasilja u hrvatskoj povijesti 20. stolje\u0107a\u201d","author":"Branimir Jankovi\u0107","date":"17. travnja 2026.","format":false,"excerpt":"Na redovitoj sjednici Vlade RH, 16. travnja 2026., donijet je Zaklju\u010dak kojim se pokre\u0107e znanstveni projekt \u201c\u017drtve ratova i dr\u017eavnog\/politi\u010dkog nasilja u hrvatskoj povijesti 20. stolje\u0107a\u201d. Projekt \u0107e provoditi i koordinirati Hrvatski institut za povijest u razdoblju trajanja projekta od pet godina. Zakljucak Vlade RH Iz teksta projektnog prijedloga: Problematika\u2026","rel":"","context":"U &quot;Novosti&quot;","block_context":{"text":"Novosti","link":"https:\/\/historiografija.hr\/?cat=3"},"img":{"alt_text":"","src":"https:\/\/i0.wp.com\/historiografija.hr\/wp-content\/uploads\/2026\/04\/Vlada-RH.jpg?fit=1200%2C557&ssl=1&resize=350%2C200","width":350,"height":200,"srcset":"https:\/\/i0.wp.com\/historiografija.hr\/wp-content\/uploads\/2026\/04\/Vlada-RH.jpg?fit=1200%2C557&ssl=1&resize=350%2C200 1x, https:\/\/i0.wp.com\/historiografija.hr\/wp-content\/uploads\/2026\/04\/Vlada-RH.jpg?fit=1200%2C557&ssl=1&resize=525%2C300 1.5x, https:\/\/i0.wp.com\/historiografija.hr\/wp-content\/uploads\/2026\/04\/Vlada-RH.jpg?fit=1200%2C557&ssl=1&resize=700%2C400 2x, https:\/\/i0.wp.com\/historiografija.hr\/wp-content\/uploads\/2026\/04\/Vlada-RH.jpg?fit=1200%2C557&ssl=1&resize=1050%2C600 3x"},"classes":[]},{"id":52666,"url":"https:\/\/historiografija.hr\/?p=52666","url_meta":{"origin":11948,"position":3},"title":"Najava programa Festivala povijesti Kliofest (5-8. V. 2026)","author":"Branimir Jankovi\u0107","date":"24. travnja 2026.","format":false,"excerpt":"Po trinaesti put odr\u017eava se Festival povijesti Kliofest! Do petka \u0107emo odr\u017eati osam okruglih stolova i dva kolokvija te niz predstavljanja knjiga i projekata razli\u010dite tematike, od antike do suvremenosti. Bit \u0107e predstavljeno i nekoliko izlo\u017ebi te odr\u017ean jedan povijesni kviz. Prikazat \u0107emo i jedan film \u2013 o generalu Boroevi\u0107u.\u2026","rel":"","context":"U &quot;Novosti&quot;","block_context":{"text":"Novosti","link":"https:\/\/historiografija.hr\/?cat=3"},"img":{"alt_text":"","src":"https:\/\/i0.wp.com\/historiografija.hr\/wp-content\/uploads\/2026\/04\/Kliofest-2026.jpg?fit=526%2C526&ssl=1&resize=350%2C200","width":350,"height":200,"srcset":"https:\/\/i0.wp.com\/historiografija.hr\/wp-content\/uploads\/2026\/04\/Kliofest-2026.jpg?fit=526%2C526&ssl=1&resize=350%2C200 1x, https:\/\/i0.wp.com\/historiografija.hr\/wp-content\/uploads\/2026\/04\/Kliofest-2026.jpg?fit=526%2C526&ssl=1&resize=525%2C300 1.5x"},"classes":[]},{"id":52536,"url":"https:\/\/historiografija.hr\/?p=52536","url_meta":{"origin":11948,"position":4},"title":"Kader Abdolah, \u201ePrije nego \u0161to bude kasno\u201c","author":"Branimir Jankovi\u0107","date":"20. travnja 2026.","format":false,"excerpt":"Kader Abdolah \u017eeli se vratiti ku\u0107i. Ali povratak je nemogu\u0107: u Iranu bi bio uhap\u0161en. Pod la\u017enim imenom i s krivotvorenim paso\u0161em ipak uspijeva u\u0107i u domovinu i sti\u017ee do roditeljske ku\u0107e, visoko u planinama. Majka ga ne prepoznaje, otac je mrtav, a sve \u0161to je tra\u017eio izmi\u010de mu pred\u2026","rel":"","context":"U &quot;Novosti&quot;","block_context":{"text":"Novosti","link":"https:\/\/historiografija.hr\/?cat=3"},"img":{"alt_text":"","src":"https:\/\/i0.wp.com\/historiografija.hr\/wp-content\/uploads\/2026\/04\/Prije-nego-sto-bude-kasno.webp?fit=566%2C872&ssl=1&resize=350%2C200","width":350,"height":200,"srcset":"https:\/\/i0.wp.com\/historiografija.hr\/wp-content\/uploads\/2026\/04\/Prije-nego-sto-bude-kasno.webp?fit=566%2C872&ssl=1&resize=350%2C200 1x, https:\/\/i0.wp.com\/historiografija.hr\/wp-content\/uploads\/2026\/04\/Prije-nego-sto-bude-kasno.webp?fit=566%2C872&ssl=1&resize=525%2C300 1.5x"},"classes":[]},{"id":52733,"url":"https:\/\/historiografija.hr\/?p=52733","url_meta":{"origin":11948,"position":5},"title":"Vlado Raji\u0107 \u201eGranica na kraju stolje\u0107a\u201c","author":"Filip \u0160imunjak","date":"29. travnja 2026.","format":false,"excerpt":"U suizdanju Durieuxa i Beletre objavljena je 2025. godine knjiga Granica na kraju stolje\u0107a autora Vlade Raji\u0107a.\u00a0 O knjizi\u00a0 Romansirana biografija Vladimira Iblera mnogo je vi\u0161e od zanimljive pri\u010de o privatnom \u017eivotu i impresivnoj profesionalnoj karijeri istaknutog stru\u010dnjaka za me\u0111unarodno pravo i dugo\u00adgodi\u0161njeg profesora na zagreba\u010dkom Pravnom fakultetu, akademika, koji\u2026","rel":"","context":"U &quot;Knjige&quot;","block_context":{"text":"Knjige","link":"https:\/\/historiografija.hr\/?cat=8"},"img":{"alt_text":"","src":"https:\/\/i0.wp.com\/historiografija.hr\/wp-content\/uploads\/2026\/04\/VLADO-RAJIC-GRANICA-NA-KRAJU-STOLJECA.jpg?fit=450%2C650&ssl=1&resize=350%2C200","width":350,"height":200},"classes":[]}],"_links":{"self":[{"href":"https:\/\/historiografija.hr\/index.php?rest_route=\/wp\/v2\/posts\/11948","targetHints":{"allow":["GET"]}}],"collection":[{"href":"https:\/\/historiografija.hr\/index.php?rest_route=\/wp\/v2\/posts"}],"about":[{"href":"https:\/\/historiografija.hr\/index.php?rest_route=\/wp\/v2\/types\/post"}],"author":[{"embeddable":true,"href":"https:\/\/historiografija.hr\/index.php?rest_route=\/wp\/v2\/users\/2"}],"replies":[{"embeddable":true,"href":"https:\/\/historiografija.hr\/index.php?rest_route=%2Fwp%2Fv2%2Fcomments&post=11948"}],"version-history":[{"count":1,"href":"https:\/\/historiografija.hr\/index.php?rest_route=\/wp\/v2\/posts\/11948\/revisions"}],"predecessor-version":[{"id":11950,"href":"https:\/\/historiografija.hr\/index.php?rest_route=\/wp\/v2\/posts\/11948\/revisions\/11950"}],"wp:featuredmedia":[{"embeddable":true,"href":"https:\/\/historiografija.hr\/index.php?rest_route=\/wp\/v2\/media\/11949"}],"wp:attachment":[{"href":"https:\/\/historiografija.hr\/index.php?rest_route=%2Fwp%2Fv2%2Fmedia&parent=11948"}],"wp:term":[{"taxonomy":"category","embeddable":true,"href":"https:\/\/historiografija.hr\/index.php?rest_route=%2Fwp%2Fv2%2Fcategories&post=11948"},{"taxonomy":"post_tag","embeddable":true,"href":"https:\/\/historiografija.hr\/index.php?rest_route=%2Fwp%2Fv2%2Ftags&post=11948"}],"curies":[{"name":"wp","href":"https:\/\/api.w.org\/{rel}","templated":true}]}}