{"id":11926,"date":"2018-11-01T10:50:02","date_gmt":"2018-11-01T10:50:02","guid":{"rendered":"http:\/\/historiografija.hr\/?p=11926"},"modified":"2018-11-01T10:50:02","modified_gmt":"2018-11-01T10:50:02","slug":"izlozba-fotografija-imre-szabo-devedesete","status":"publish","type":"post","link":"https:\/\/historiografija.hr\/?p=11926","title":{"rendered":"Izlo\u017eba fotografija: Imre Szabo &#8211; Devedesete"},"content":{"rendered":"<p>U petak, 2. studenog 2018. u Univerzitetskoj biblioteci Svetozar Markovi\u0107 u Beogradu otvara se izlo\u017eba fotografija Imre Szabe \u201cDevedesete\u201d.<\/p>\n<p>&nbsp;<\/p>\n<p><strong>Imre Szabo \u2013 Devedesete<\/strong><\/p>\n<p>&nbsp;<\/p>\n<p>Imre Szabo jedan je od autora koji su na najdublji i najdirektniji na\u010din zadu\u017eili novinsku fotografiju kako u savremenoj Srbiji, tako i u biv\u0161oj Jugoslaviji. Pomenuta tvrdnja nimalo nije preterivanje \u2013 ona je utemeljena u autorovom vi\u0161edecenijskom radu i fantasti\u010dno izra\u017eenom ose\u0107aju bivstvovanja na pravom mestu i u pravo vreme, pronicljivosti i odlu\u010dnosti da zgrabi trenutke istorije koji su mu se svih tih godina odvijali pred objektivom.<\/p>\n<p>&nbsp;<\/p>\n<p>Iz perspektive sada\u0161njice i vremenskog odmaka od konflikta na prostoru biv\u0161e Jugoslavije, njegov rad predstavlja materiju kroz koju je neophodno konstantno prolaziti u analizi i povla\u010denju paralela de\u0161avanja \u201etada\u201c i sada. Pitaju\u0107i se da li smo nau\u010dili neke lekcije iz pro\u0161losti ili nam se, zbog prgavog balkanskog mentaliteta, mo\u017eda sprema neki novi istorijski popravni ispit. To je iznad svega va\u017eno u analizi kosovskog konflikta, u \u010dijoj je problematici autor pokazao mo\u017eda i najvi\u0161e, po\u010dev\u0161i od antologijske fotografije \u201eKu\u0107a na prodaju\u201c iz 1981., obra\u0107anja Slobodana Milo\u0161evi\u0107a Srbima u Kosovu polju 1987. , do prizora tokom NATO bombardovanja 1999, kao hronolo\u0161kog epiloga prvog poluvremena ovog Gordijevog \u010dvora. \u010cinjenica da je Imre Szabo sabrao rezultate terenskog rada na Kosovu u rangu dve godine \u017eivota, govori o tome koliko je njegov opus obavezna smernica na koju se jednostavno morate pozivati ako \u017eelite u vizuelnom narativu shvatiti su\u0161tinu ovog problema.<\/p>\n<p>&nbsp;<\/p>\n<p>Tema izlo\u017ebe \u201eDevedesete\u201c jeste upravo ta krizna decenija, trenuci koje je proveo na rati\u0161tima u Hrvatskoj, Bosni i Kosovu, uz neke zabele\u017eene doga\u0111aje koji su im prethodili ili su se paralelno de\u0161avali u samom Beogradu.<\/p>\n<p>&nbsp;<\/p>\n<p>Imre Szabo u ovim situacijama ne nastupa nu\u017eno ili uop\u0161te kao ratni reporter ve\u0107 kao svedok vremena koji iz svoje perspektive i vo\u0111en li\u010dnom intuicijom, na malo dublji i kompleksniji na\u010din, bele\u017ei \u017eivotne okolnosti prostora i situacija u kojima se obreo. U prvom planu njegovih ratnih i socijalno anga\u017eovanih fotografija prevenstveno su ljudi i groteskanacionalnih podela u nastajanju, a koje su neumitno vodile u dubinu konflikta.<\/p>\n<p>&nbsp;<\/p>\n<p>Promi\u0161ljanjem i ose\u0107ajem za prepoznavanje trenutka, Imre Szabo je, u stvari, fotograf \u017eivota koji \u010dini neophodni korak dalje u do\u017eivljaju ljudskog, emocionalnog. U situaciji kada je pravilo odabrati stranu za koju \u0107ete igrati, Imre je uspeo da ostane svoj jer je jezik kojim je govorio u tom trenutku bio isklju\u010divo i jedino \u2013 fotografski. Jezik koji, pravilno upotrebljen, ne razume formu podela, jezik koji razume samo proces bele\u017eenja autenti\u010dnog trenutka koji \u0107e tek kasnije neminovno biti izlo\u017een (manipulativnoj) javnosti i u tome poku\u0161ati da ostane autenti\u010dno svoj. To je situacija u kojoj Imre Szabo upravo pi\u0161e istoriju ovih prostora na najbolji na\u010din.<\/p>\n<p>&nbsp;<\/p>\n<p>Pred Vama je \u010detrdeset autenti\u010dnih primera o kojima pri\u010damo. Izlo\u017eenih po prvi put u kompleksnoj celini vizuelnog narativa, kao simboli\u010dan arhiv vremena koje je uzelo preveliki danak.<\/p>\n<p>&nbsp;<\/p>\n<p>Igor \u010coko<\/p>\n<p>&nbsp;<\/p>\n<p>Organizatori: Udru\u017eenje Grain i Univerzitetska biblioteka Svetozar Markovi\u0107<\/p>\n<p>&nbsp;<\/p>\n<p>Biografija:<\/p>\n<p>&nbsp;<\/p>\n<p>Ro\u0111en u Mokrinu 1956. godine. Gimnaziju zavr\u0161io u Kikindi, a potom studirao nema\u010dki jezik i knji\u017eevnost na Filolo\u0161kom fakultetu u Beogradu. Fotografije izla\u017ee od 1974. godine i od tada je u\u010destvovao na preko 200 izlo\u017ebi u zemlji i inostranstvu na kojima je dobio vi\u0161e nagrada i priznanja. Samostalne izlo\u017ebe imao u Kikindi (1974 i 1988), Mokrinu (1977 i 1982), Skoplju (1983), Beogradu (1987), Banatskom Brestovcu (2009), Ankari i Mariboru (2010), Para\u0107inu (2011), Istanbulu (2015).<\/p>\n<p>&nbsp;<\/p>\n<p>Od 1980. godine se profesionalno bavi fotografijom kao novinski fotograf prvo u redakciji \u201cIlustrovane Politike\u201d (do 1989.), potom veoma kratko u dnevnom listu \u201cPolitika\u201d, pa u redakciji nedeljnika \u201cIntervju\u201d (do jeseni 1991. godine) i \u201cNin\u201d do 1995. godine, kada je odlu\u010dio da se samostalno bavi primenjenom fotografijom. U me\u0111uvremenu je radio kao urednik fotografije u dnevnom listu Danas, pa u nedeljniku Blic News i u agenciji Fonet, a potom, poslednjih godina kao urednik fotografije u magazinu Status kao i prilikom osnivanja Novog magazina. Fotografije su mu objavljivane u mnogim zna\u010dajnijim svetskim magazinima (Stern, Focus, Spiegel, Le Monde, L\u2019Express, Time, Newsweek, Herald Tribune, Le Nouvell Observateur\u2026) i ve\u0107ini jugoslovenskih novina, kao i u vi\u0161e monografija, kataloga i publikacija.<\/p>\n<p>\u010clan je ULUPUDS-a od 1985. godine.<\/p>\n<p>Danas radi kao samostalni umetnik u Beogradu.<\/p>\n<p>&nbsp;<\/p>\n<p>Izvor:<\/p>\n<p>&nbsp;<\/p>\n<p><a href=\"https:\/\/www.facebook.com\/events\/1890889297656236\/\">https:\/\/www.facebook.com\/events\/1890889297656236\/<\/a><\/p>\n<p>&nbsp;<\/p>\n<p><a href=\"https:\/\/www.facebook.com\/grainphotomagazine\/\">https:\/\/www.facebook.com\/grainphotomagazine\/<\/a><\/p>\n<p>&nbsp;<\/p>\n<p>&nbsp;<\/p>\n<p><strong>Imre Szabo za VICE o devedesetim, fotografiji i izlo\u017ebi: Inspiri\u0161e me \u017eivot<\/strong><\/p>\n<p><a href=\"https:\/\/www.vice.com\/rs\/article\/a3p5dp\/imre-szabo-za-vice-o-devedesetim-fotografiji-i-izlozbi-inspirise-me-zivot\">https:\/\/www.vice.com\/rs\/article\/a3p5dp\/imre-szabo-za-vice-o-devedesetim-fotografiji-i-izlozbi-inspirise-me-zivot<\/a><\/p>\n<p>&nbsp;<\/p>\n","protected":false},"excerpt":{"rendered":"","protected":false},"author":2,"featured_media":11927,"comment_status":"open","ping_status":"open","sticky":false,"template":"","format":"standard","meta":{"_acf_changed":false,"jetpack_post_was_ever_published":false,"_jetpack_newsletter_access":"","_jetpack_dont_email_post_to_subs":false,"_jetpack_newsletter_tier_id":0,"_jetpack_memberships_contains_paywalled_content":false,"_jetpack_memberships_contains_paid_content":false,"footnotes":"","jetpack_publicize_message":"","jetpack_publicize_feature_enabled":true,"jetpack_social_post_already_shared":true,"jetpack_social_options":{"image_generator_settings":{"template":"highway","default_image_id":0,"font":"","enabled":false},"version":2}},"categories":[10,3],"tags":[],"class_list":["post-11926","post","type-post","status-publish","format-standard","has-post-thumbnail","hentry","category-izlozbe","category-novosti"],"acf":{"facebook_opis":""},"jetpack_publicize_connections":[],"jetpack_featured_media_url":"https:\/\/i0.wp.com\/historiografija.hr\/wp-content\/uploads\/2018\/11\/Devedesete.jpg?fit=1896%2C1189&ssl=1","jetpack_sharing_enabled":true,"jetpack-related-posts":[{"id":52511,"url":"https:\/\/historiografija.hr\/?p=52511","url_meta":{"origin":11926,"position":0},"title":"Izlo\u017eba &#8220;Lica Sljemena&#8221;","author":"Branimir Jankovi\u0107","date":"17. travnja 2026.","format":false,"excerpt":"Srda\u010dno vas pozivamo na otvorenje izlo\u017ebe Lica Sljemena koje \u0107e se odr\u017eati u srijedu 22. travnja 2026. u 18 h ispred Muzeja Prigorja (Trg Dragutina Domjani\u0107a 5, Sesvete). Izlo\u017eba proizlazi iz istra\u017eivanja Nevene \u0160krbi\u0107 Alempijevi\u0107, Petre Kelemen i Sanje Potkonjak te intervjua sa Sljemena\u0161icama i Sljemena\u0161ima, koji su provedeni u\u2026","rel":"","context":"U &quot;Izlo\u017ebe&quot;","block_context":{"text":"Izlo\u017ebe","link":"https:\/\/historiografija.hr\/?cat=10"},"img":{"alt_text":"","src":"https:\/\/i0.wp.com\/historiografija.hr\/wp-content\/uploads\/2026\/04\/Izlozba-Lica-Sljemena.png?fit=1080%2C686&ssl=1&resize=350%2C200","width":350,"height":200,"srcset":"https:\/\/i0.wp.com\/historiografija.hr\/wp-content\/uploads\/2026\/04\/Izlozba-Lica-Sljemena.png?fit=1080%2C686&ssl=1&resize=350%2C200 1x, https:\/\/i0.wp.com\/historiografija.hr\/wp-content\/uploads\/2026\/04\/Izlozba-Lica-Sljemena.png?fit=1080%2C686&ssl=1&resize=525%2C300 1.5x, https:\/\/i0.wp.com\/historiografija.hr\/wp-content\/uploads\/2026\/04\/Izlozba-Lica-Sljemena.png?fit=1080%2C686&ssl=1&resize=700%2C400 2x, https:\/\/i0.wp.com\/historiografija.hr\/wp-content\/uploads\/2026\/04\/Izlozba-Lica-Sljemena.png?fit=1080%2C686&ssl=1&resize=1050%2C600 3x"},"classes":[]},{"id":52575,"url":"https:\/\/historiografija.hr\/?p=52575","url_meta":{"origin":11926,"position":1},"title":"Izlo\u017eba dje\u010djih radova \u201cU po\u010detku bija\u0161e crte\u017e\u2026\u201d","author":"Branimir Jankovi\u0107","date":"21. travnja 2026.","format":false,"excerpt":"U subotu, 25. travnja 2026. u 11 sati u Galeriji Klovi\u0107evi dvori sve\u010dano otvaramo izlo\u017ebu dje\u010djih radova pod nazivom U po\u010detku bija\u0161e crte\u017e\u2026 Radovi su nastali u sklopu likovnih radionica uz izlo\u017ebu U po\u010detku bija\u0161e kraljevstvo \u2013 izlo\u017eba povodom 1100 godina Hrvatskoga Kraljevstva. Na brojnim likovnim radionicama, uz \u0161kolsku djecu,\u2026","rel":"","context":"U &quot;Izlo\u017ebe&quot;","block_context":{"text":"Izlo\u017ebe","link":"https:\/\/historiografija.hr\/?cat=10"},"img":{"alt_text":"","src":"https:\/\/i0.wp.com\/historiografija.hr\/wp-content\/uploads\/2025\/10\/Klovicevi_sluzbeni-plakat.png?fit=840%2C1200&ssl=1&resize=350%2C200","width":350,"height":200,"srcset":"https:\/\/i0.wp.com\/historiografija.hr\/wp-content\/uploads\/2025\/10\/Klovicevi_sluzbeni-plakat.png?fit=840%2C1200&ssl=1&resize=350%2C200 1x, https:\/\/i0.wp.com\/historiografija.hr\/wp-content\/uploads\/2025\/10\/Klovicevi_sluzbeni-plakat.png?fit=840%2C1200&ssl=1&resize=525%2C300 1.5x, https:\/\/i0.wp.com\/historiografija.hr\/wp-content\/uploads\/2025\/10\/Klovicevi_sluzbeni-plakat.png?fit=840%2C1200&ssl=1&resize=700%2C400 2x"},"classes":[]},{"id":52760,"url":"https:\/\/historiografija.hr\/?p=52760","url_meta":{"origin":11926,"position":2},"title":"Izlo\u017eba \u201cLo\u0161injski brodovi, njihove zastave i ljudi\u201d, 4. svibnja u 19h","author":"Filip \u0160imunjak","date":"30. travnja 2026.","format":false,"excerpt":"Hrvatski pomorski muzej Split, Glagolja\u0161a 18 (Tvr\u0111ava Gripe) Nakon \u0161to je u rujnu 2025. godine na otoku Lo\u0161inju, u suradnji Lo\u0161injskog muzeja i Hrvatskog pomorskog muzeja Split, predstavljena izlo\u017eba posve\u0107ena bogatoj pomorskoj ba\u0161tini otoka, njezino pro\u0161ireno izdanje postavlja se u Splitu. Uo\u010di blagdana svetog Dujma splitskoj \u0107e se publici predstaviti\u2026","rel":"","context":"U &quot;Izlo\u017ebe&quot;","block_context":{"text":"Izlo\u017ebe","link":"https:\/\/historiografija.hr\/?cat=10"},"img":{"alt_text":"","src":"https:\/\/i0.wp.com\/historiografija.hr\/wp-content\/uploads\/2026\/04\/Losinjski-brodovi-Izlozba-1-scaled.webp?fit=840%2C1200&ssl=1&resize=350%2C200","width":350,"height":200,"srcset":"https:\/\/i0.wp.com\/historiografija.hr\/wp-content\/uploads\/2026\/04\/Losinjski-brodovi-Izlozba-1-scaled.webp?fit=840%2C1200&ssl=1&resize=350%2C200 1x, https:\/\/i0.wp.com\/historiografija.hr\/wp-content\/uploads\/2026\/04\/Losinjski-brodovi-Izlozba-1-scaled.webp?fit=840%2C1200&ssl=1&resize=525%2C300 1.5x, https:\/\/i0.wp.com\/historiografija.hr\/wp-content\/uploads\/2026\/04\/Losinjski-brodovi-Izlozba-1-scaled.webp?fit=840%2C1200&ssl=1&resize=700%2C400 2x"},"classes":[]},{"id":52505,"url":"https:\/\/historiografija.hr\/?p=52505","url_meta":{"origin":11926,"position":3},"title":"Izlo\u017eba &#8220;Eschenstock \/ Jasenov prut&#8221;","author":"Branimir Jankovi\u0107","date":"17. travnja 2026.","format":false,"excerpt":"Srpsko narodno vije\u0107e (SNV) i Vizura aperta postavljaju izlo\u017ebu \u0161vicarskog slikara Velimira Ili\u0161evi\u0107a: Eschenstock \/ Jasenov prut. Izlo\u017eba se uz prisustvo autora otvara povodom 81. godi\u0161njice proboja logora\u0161a iz usta\u0161kog logora smrti Jasenovac 22. aprila 2026. u 19 sati u Srpskom kulturnom centru (SKC) u Preradovi\u0107evoj ulici 21 u Zagrebu.\u2026","rel":"","context":"U &quot;Izlo\u017ebe&quot;","block_context":{"text":"Izlo\u017ebe","link":"https:\/\/historiografija.hr\/?cat=10"},"img":{"alt_text":"","src":"https:\/\/i0.wp.com\/historiografija.hr\/wp-content\/uploads\/2026\/04\/Jasenov_prut.jpg?fit=1024%2C640&ssl=1&resize=350%2C200","width":350,"height":200,"srcset":"https:\/\/i0.wp.com\/historiografija.hr\/wp-content\/uploads\/2026\/04\/Jasenov_prut.jpg?fit=1024%2C640&ssl=1&resize=350%2C200 1x, https:\/\/i0.wp.com\/historiografija.hr\/wp-content\/uploads\/2026\/04\/Jasenov_prut.jpg?fit=1024%2C640&ssl=1&resize=525%2C300 1.5x, https:\/\/i0.wp.com\/historiografija.hr\/wp-content\/uploads\/2026\/04\/Jasenov_prut.jpg?fit=1024%2C640&ssl=1&resize=700%2C400 2x"},"classes":[]},{"id":52619,"url":"https:\/\/historiografija.hr\/?p=52619","url_meta":{"origin":11926,"position":4},"title":"Predavanje \u0110ur\u0111ice Vitkovi\u0107 &#8220;Izme\u0111u pera i objektiva: Zagorka i Foto Tonka&#8221;","author":"Branimir Jankovi\u0107","date":"23. travnja 2026.","format":false,"excerpt":"Memorijalni stan Marije Juri\u0107 Zagorke poziva Vas na predavanje \u0110ur\u0111ice Vitkovi\u0107 \u201eIzme\u0111u pera i objektiva: Zagorka i Foto Tonka\u201c koje \u0107e se odr\u017eati u utorak, 28. travnja 2026. s po\u010detkom u 18 h u sklopu Ciklusa predavanja u Memorijalnom stanu Marije Juri\u0107 Zagorke. Kako su se susrele knji\u017eevnost i fotografija\u2026","rel":"","context":"U &quot;Novosti&quot;","block_context":{"text":"Novosti","link":"https:\/\/historiografija.hr\/?cat=3"},"img":{"alt_text":"","src":"https:\/\/i0.wp.com\/historiografija.hr\/wp-content\/uploads\/2024\/11\/Zagorka_ciklus.jpg?fit=1200%2C1006&ssl=1&resize=350%2C200","width":350,"height":200,"srcset":"https:\/\/i0.wp.com\/historiografija.hr\/wp-content\/uploads\/2024\/11\/Zagorka_ciklus.jpg?fit=1200%2C1006&ssl=1&resize=350%2C200 1x, https:\/\/i0.wp.com\/historiografija.hr\/wp-content\/uploads\/2024\/11\/Zagorka_ciklus.jpg?fit=1200%2C1006&ssl=1&resize=525%2C300 1.5x, https:\/\/i0.wp.com\/historiografija.hr\/wp-content\/uploads\/2024\/11\/Zagorka_ciklus.jpg?fit=1200%2C1006&ssl=1&resize=700%2C400 2x, https:\/\/i0.wp.com\/historiografija.hr\/wp-content\/uploads\/2024\/11\/Zagorka_ciklus.jpg?fit=1200%2C1006&ssl=1&resize=1050%2C600 3x"},"classes":[]},{"id":52633,"url":"https:\/\/historiografija.hr\/?p=52633","url_meta":{"origin":11926,"position":5},"title":"POVIJEST TRE\u0160NJEVA\u010cKE GLAZBE: prikupljanje virtualnog fundusa Muzeja susjedstva Tre\u0161njevka","author":"Branimir Jankovi\u0107","date":"23. travnja 2026.","format":false,"excerpt":"utorak 28. 4. 2026. 14 - 18 h Nova BAZA, Nova cesta 66, Zagreb Prvi su dani ljeta 1957. godine. Bo\u017eica Kalafati\u0107 poha\u0111a drugi razred Osnovne \u0161kole Bratstvo i jedinstvo, danas kralja Tomislava, a ide i na muzi\u010dke satove u Mo\u0161\u0107eni\u010dkoj ulici. Na fotografiji s harmonikom u rukama stoji u\u2026","rel":"","context":"U &quot;Novosti&quot;","block_context":{"text":"Novosti","link":"https:\/\/historiografija.hr\/?cat=3"},"img":{"alt_text":"","src":"https:\/\/i0.wp.com\/historiografija.hr\/wp-content\/uploads\/2026\/04\/MST_prikupljanje.jpg?fit=380%2C475&ssl=1&resize=350%2C200","width":350,"height":200},"classes":[]}],"_links":{"self":[{"href":"https:\/\/historiografija.hr\/index.php?rest_route=\/wp\/v2\/posts\/11926","targetHints":{"allow":["GET"]}}],"collection":[{"href":"https:\/\/historiografija.hr\/index.php?rest_route=\/wp\/v2\/posts"}],"about":[{"href":"https:\/\/historiografija.hr\/index.php?rest_route=\/wp\/v2\/types\/post"}],"author":[{"embeddable":true,"href":"https:\/\/historiografija.hr\/index.php?rest_route=\/wp\/v2\/users\/2"}],"replies":[{"embeddable":true,"href":"https:\/\/historiografija.hr\/index.php?rest_route=%2Fwp%2Fv2%2Fcomments&post=11926"}],"version-history":[{"count":1,"href":"https:\/\/historiografija.hr\/index.php?rest_route=\/wp\/v2\/posts\/11926\/revisions"}],"predecessor-version":[{"id":11928,"href":"https:\/\/historiografija.hr\/index.php?rest_route=\/wp\/v2\/posts\/11926\/revisions\/11928"}],"wp:featuredmedia":[{"embeddable":true,"href":"https:\/\/historiografija.hr\/index.php?rest_route=\/wp\/v2\/media\/11927"}],"wp:attachment":[{"href":"https:\/\/historiografija.hr\/index.php?rest_route=%2Fwp%2Fv2%2Fmedia&parent=11926"}],"wp:term":[{"taxonomy":"category","embeddable":true,"href":"https:\/\/historiografija.hr\/index.php?rest_route=%2Fwp%2Fv2%2Fcategories&post=11926"},{"taxonomy":"post_tag","embeddable":true,"href":"https:\/\/historiografija.hr\/index.php?rest_route=%2Fwp%2Fv2%2Ftags&post=11926"}],"curies":[{"name":"wp","href":"https:\/\/api.w.org\/{rel}","templated":true}]}}