{"id":11909,"date":"2018-10-31T13:58:07","date_gmt":"2018-10-31T13:58:07","guid":{"rendered":"http:\/\/historiografija.hr\/?p=11909"},"modified":"2018-10-31T13:58:08","modified_gmt":"2018-10-31T13:58:08","slug":"martina-bitunjac-verwicklung-beteiligung-unrecht-frauen-und-die-ustasa-bewegung","status":"publish","type":"post","link":"https:\/\/historiografija.hr\/?p=11909","title":{"rendered":"Martina Bitunjac, \u201cVerwicklung. Beteiligung. Unrecht. Frauen und die Usta\u0161a-Bewegung\u201d"},"content":{"rendered":"<p>Njema\u010dki izdava\u010d Duncker &amp; Humblot objavio je 2018. godine knjigu povjesni\u010darke Martine Bitunjac o \u017eenama i usta\u0161kom pokretu.<\/p>\n<p>&nbsp;<\/p>\n<p>&#8212;<\/p>\n<p>&nbsp;<\/p>\n<p>Martina Bitunjac<\/p>\n<p><em><strong>Verwicklung. Beteiligung. Unrecht.<\/strong><\/em><\/p>\n<p><em><strong>Frauen und die Usta\u0161a-Bewegung.<\/strong><\/em><\/p>\n<p>&nbsp;<\/p>\n<p><strong>Description<\/strong><\/p>\n<p>\u00bbInvolvement. Participation. Injustice\u00ab<\/p>\n<p>&nbsp;<\/p>\n<p>The book details for the first time the political stances and courses of action taken by female activists of the Croatian fascist Usta\u0161a Movement, as women were also deeply entrenched in the founding, formation and therefore the crimes committed by the Independent State of Croatia between 1941\u20131945. From a dual perspective of how women were seen by the Usta\u0161a and which roles they actually played, the author explores which feminine ideals were propagated by the Usta\u0161a state and to what extent women fulfilled them. Interviews with prominent members of the Usta\u0161a Movement have furthermore shed light on how female supporters of the Usta\u0161a Movement look back on and evaluate their past.<\/p>\n<p>&nbsp;<\/p>\n<p><strong>About The Author<\/strong><\/p>\n<p>Martina Bitunjac holds a Ph.D. in modern history and in the history of Europe from the Humboldt University of Berlin respectively the Sapienza University of Rome. She is working as a researcher and is the managing editor of the \u00bbJournal of Religious and Cultural Studies \/ Zeitschrift f\u00fcr Religions- und Geistesgeschichte\u00ab at the Moses Mendelssohn Center for European-Jewish Studies. She is also a docent at the University of Potsdam. Her academic interests include gender studies, Jewish history, as well as the history of Southeast Europe.<\/p>\n<p>&nbsp;<\/p>\n<p>&nbsp;<\/p>\n<p><strong>Beschreibung<\/strong><\/p>\n<p>Das Buch befasst sich erstmals mit Haltungen und Rollen von Anh\u00e4ngerinnen der kroatischen faschistischen Usta\u0161a-Bewegung. Diese Frauen waren tief in die Gr\u00fcndung, Gestaltung und somit auch Verbrechen des Unabh\u00e4ngigen Staates Kroatien von 1941 bis 1945 verstrickt. Aus einer Doppelperspektive von Frauenbildern und tats\u00e4chlich gelebten Frauenrollen, fragt die Autorin danach, wie Frauen mit der oftmals paradoxen Wirklichkeit im Usta\u0161a-Staat umgegangen sind, welche Weiblichkeitsbilder sie selbst propagierten und inwiefern sie diese tats\u00e4chlich lebten.<\/p>\n<p>&nbsp;<\/p>\n<p><strong>Autorenangaben<\/strong><\/p>\n<p><strong>\u00a0<\/strong><\/p>\n<p>Martina Bitunjac ist Historikerin. Sie arbeitet als wissenschaftliche Mitarbeiterin am Moses Mendelssohn Zentrum f\u00fcr europ\u00e4isch-j\u00fcdische Studien und lehrt am Historischen Institut der Universit\u00e4t Potsdam. Sie ist au\u00dferdem gesch\u00e4ftsf\u00fchrende Redakteurin der Zeitschrift f\u00fcr Religions- und Geistesgeschichte. Zu ihren Forschungsschwerpunkten geh\u00f6ren der Zweite Weltkrieg und der Holocaust in S\u00fcdosteuropa, T\u00e4terforschung und Erinnerungskultur.<\/p>\n<p>&nbsp;<\/p>\n<p><a href=\"https:\/\/elibrary.duncker-humblot.com\/publication\/b\/id\/37837\/\">https:\/\/elibrary.duncker-humblot.com\/publication\/b\/id\/37837\/<\/a><\/p>\n<p>&nbsp;<\/p>\n<p>&#8212;<\/p>\n<p>&nbsp;<\/p>\n<p><em>\u010casopis za suvremenu povijest<\/em>, Vol.50 No.2 Listopad 2018.<\/p>\n<p>&nbsp;<\/p>\n<p>Recenzija, Prikaz<\/p>\n<p>&nbsp;<\/p>\n<p><strong>Martina Bitunjac, <em>Verwicklung. Beteiligung. Unrecht. Frauen und die Usta\u0161a-Bewegung<\/em>, Gewaltpolitik und Menschenrechte, Band 2, Herausgegeben von Rolf Hosfeld, S\u00f6nke Neitzel und Julius H. Schoeps (Berlin: Duncker &amp; Humblot, 2018), 252 str.<\/strong><\/p>\n<p>&nbsp;<\/p>\n<p>Nikica Bari\u0107<\/p>\n<p>&nbsp;<\/p>\n<p><a href=\"https:\/\/hrcak.srce.hr\/206570\">https:\/\/hrcak.srce.hr\/206570<\/a><\/p>\n<p>&nbsp;<\/p>\n<p>&nbsp;<\/p>\n<p>&#8212;<\/p>\n<p>&nbsp;<\/p>\n<p>&nbsp;<\/p>\n<p><strong>Martina Bitunjac<\/strong><\/p>\n<p>&nbsp;<\/p>\n<p>Naizgled nevidljive: istra\u017eivanje povijesti o \u017eenama\u00a0 u nacionalsocijalizmu i u hrvatskom fa\u0161izmu<\/p>\n<p><a href=\"http:\/\/zenstud.hr\/wp-content\/uploads\/2017\/12\/Tre\u0107a-1-2.-vol-XIX.-2017.pdf\">http:\/\/zenstud.hr\/wp-content\/uploads\/2017\/12\/Tre\u0107a-1-2.-vol-XIX.-2017.pdf<\/a><\/p>\n<p>&nbsp;<\/p>\n<p>&#8216;Velike su na\u0161e du\u017enosti prema narodu&#8217;: Intelektualke u \u017denskoj lo\u017ei hrvatskog usta\u0161kog pokreta<\/p>\n<p><a href=\"http:\/\/ckhis.ffzg.unizg.hr\/files\/file\/pdf\/Desnicini-susreti\/DS-2011-pdf\/DS-2011-17-Bitunjac.pdf\">http:\/\/ckhis.ffzg.unizg.hr\/files\/file\/pdf\/Desnicini-susreti\/DS-2011-pdf\/DS-2011-17-Bitunjac.pdf<\/a><\/p>\n<p>&nbsp;<\/p>\n<p>&nbsp;<\/p>\n","protected":false},"excerpt":{"rendered":"","protected":false},"author":2,"featured_media":11910,"comment_status":"open","ping_status":"open","sticky":false,"template":"","format":"standard","meta":{"_acf_changed":false,"jetpack_post_was_ever_published":false,"_jetpack_newsletter_access":"","_jetpack_dont_email_post_to_subs":false,"_jetpack_newsletter_tier_id":0,"_jetpack_memberships_contains_paywalled_content":false,"_jetpack_memberships_contains_paid_content":false,"footnotes":"","jetpack_publicize_message":"","jetpack_publicize_feature_enabled":true,"jetpack_social_post_already_shared":true,"jetpack_social_options":{"image_generator_settings":{"template":"highway","default_image_id":0,"font":"","enabled":false},"version":2}},"categories":[8,3],"tags":[],"class_list":["post-11909","post","type-post","status-publish","format-standard","has-post-thumbnail","hentry","category-knjige","category-novosti"],"acf":{"facebook_opis":""},"jetpack_publicize_connections":[],"jetpack_featured_media_url":"https:\/\/i0.wp.com\/historiografija.hr\/wp-content\/uploads\/2018\/10\/bitunjac.png?fit=238%2C360&ssl=1","jetpack_sharing_enabled":true,"jetpack-related-posts":[{"id":52547,"url":"https:\/\/historiografija.hr\/?p=52547","url_meta":{"origin":11909,"position":0},"title":"ISHA Zagreb \u2013 Filmska ve\u010der: Povratak Martina Guerrea","author":"Branimir Jankovi\u0107","date":"20. travnja 2026.","format":false,"excerpt":"Klub studenata povijesti \u2013 ISHA Zagreb poziva Vas na filmsku ve\u010der na kojoj \u0107e se prikazivati \u201ePovratak Martina Guerrea\u201c, povijesna drama iz 1982. godine s radnjom smje\u0161tenom u 16. stolje\u0107u. Radnja je utemeljena na stvarnoj povijesnoj li\u010dnosti Martina Guerrea koji se nakon mnogo godina izbivanja vra\u0107a u svoje rodno mjesto\u2026","rel":"","context":"U &quot;Filmovi i serije&quot;","block_context":{"text":"Filmovi i serije","link":"https:\/\/historiografija.hr\/?cat=13"},"img":{"alt_text":"","src":"https:\/\/i0.wp.com\/historiografija.hr\/wp-content\/uploads\/2026\/04\/M-Guerre.png?fit=702%2C1006&ssl=1&resize=350%2C200","width":350,"height":200,"srcset":"https:\/\/i0.wp.com\/historiografija.hr\/wp-content\/uploads\/2026\/04\/M-Guerre.png?fit=702%2C1006&ssl=1&resize=350%2C200 1x, https:\/\/i0.wp.com\/historiografija.hr\/wp-content\/uploads\/2026\/04\/M-Guerre.png?fit=702%2C1006&ssl=1&resize=525%2C300 1.5x, https:\/\/i0.wp.com\/historiografija.hr\/wp-content\/uploads\/2026\/04\/M-Guerre.png?fit=702%2C1006&ssl=1&resize=700%2C400 2x"},"classes":[]},{"id":52539,"url":"https:\/\/historiografija.hr\/?p=52539","url_meta":{"origin":11909,"position":1},"title":"Drugi po redu studentski simpozij &#8220;In fonte veritas&#8221;","author":"Branimir Jankovi\u0107","date":"20. travnja 2026.","format":false,"excerpt":"U srijedu, 22. travnja 2026. godine, u dvorani C 0.4 na Hrvatskom katoli\u010dkom sveu\u010dili\u0161tu odr\u017eat \u0107e se drugi studentski simpozij \u201eIn fonte veritas\". Ovogodi\u0161nja sredi\u0161nja tema simpozija je Papinstvo. Kroz istra\u017eiva\u010dko suo\u010davanje s povijesnim izvorima deset \u0107e studenata predstaviti rezultate svojih istra\u017eivanja o instituciji koja je stolje\u0107ima oblikovala europsku i\u2026","rel":"","context":"U &quot;Novosti&quot;","block_context":{"text":"Novosti","link":"https:\/\/historiografija.hr\/?cat=3"},"img":{"alt_text":"","src":"https:\/\/i0.wp.com\/historiografija.hr\/wp-content\/uploads\/2026\/04\/Papinstvo.png?fit=1024%2C500&ssl=1&resize=350%2C200","width":350,"height":200,"srcset":"https:\/\/i0.wp.com\/historiografija.hr\/wp-content\/uploads\/2026\/04\/Papinstvo.png?fit=1024%2C500&ssl=1&resize=350%2C200 1x, https:\/\/i0.wp.com\/historiografija.hr\/wp-content\/uploads\/2026\/04\/Papinstvo.png?fit=1024%2C500&ssl=1&resize=525%2C300 1.5x, https:\/\/i0.wp.com\/historiografija.hr\/wp-content\/uploads\/2026\/04\/Papinstvo.png?fit=1024%2C500&ssl=1&resize=700%2C400 2x"},"classes":[]},{"id":52580,"url":"https:\/\/historiografija.hr\/?p=52580","url_meta":{"origin":11909,"position":2},"title":"Conference &#8220;Living in the aftermaths: Trauma, politics and survival in Yugoslavia and successor states, 1945 \u2013 present&#8221;","author":"Branimir Jankovi\u0107","date":"21. travnja 2026.","format":false,"excerpt":"The conference aims to explore how war-related psychological distress was experienced, narrated, debated and reframed in Yugoslavia in the second half of the twentieth century. It asks how the theme of wounded psyche and wartime suffering was addressed and acknowledged in political, psychiatric and broader cultural discourses of socialist Yugoslavia,\u2026","rel":"","context":"U &quot;Novosti&quot;","block_context":{"text":"Novosti","link":"https:\/\/historiografija.hr\/?cat=3"},"img":{"alt_text":"","src":"https:\/\/i0.wp.com\/historiografija.hr\/wp-content\/uploads\/2026\/04\/Battle_of_Neretva_Picasso_poster-Conference-Living-in-the-aftermaths.webp?fit=564%2C954&ssl=1&resize=350%2C200","width":350,"height":200,"srcset":"https:\/\/i0.wp.com\/historiografija.hr\/wp-content\/uploads\/2026\/04\/Battle_of_Neretva_Picasso_poster-Conference-Living-in-the-aftermaths.webp?fit=564%2C954&ssl=1&resize=350%2C200 1x, https:\/\/i0.wp.com\/historiografija.hr\/wp-content\/uploads\/2026\/04\/Battle_of_Neretva_Picasso_poster-Conference-Living-in-the-aftermaths.webp?fit=564%2C954&ssl=1&resize=525%2C300 1.5x"},"classes":[]}],"_links":{"self":[{"href":"https:\/\/historiografija.hr\/index.php?rest_route=\/wp\/v2\/posts\/11909","targetHints":{"allow":["GET"]}}],"collection":[{"href":"https:\/\/historiografija.hr\/index.php?rest_route=\/wp\/v2\/posts"}],"about":[{"href":"https:\/\/historiografija.hr\/index.php?rest_route=\/wp\/v2\/types\/post"}],"author":[{"embeddable":true,"href":"https:\/\/historiografija.hr\/index.php?rest_route=\/wp\/v2\/users\/2"}],"replies":[{"embeddable":true,"href":"https:\/\/historiografija.hr\/index.php?rest_route=%2Fwp%2Fv2%2Fcomments&post=11909"}],"version-history":[{"count":1,"href":"https:\/\/historiografija.hr\/index.php?rest_route=\/wp\/v2\/posts\/11909\/revisions"}],"predecessor-version":[{"id":11911,"href":"https:\/\/historiografija.hr\/index.php?rest_route=\/wp\/v2\/posts\/11909\/revisions\/11911"}],"wp:featuredmedia":[{"embeddable":true,"href":"https:\/\/historiografija.hr\/index.php?rest_route=\/wp\/v2\/media\/11910"}],"wp:attachment":[{"href":"https:\/\/historiografija.hr\/index.php?rest_route=%2Fwp%2Fv2%2Fmedia&parent=11909"}],"wp:term":[{"taxonomy":"category","embeddable":true,"href":"https:\/\/historiografija.hr\/index.php?rest_route=%2Fwp%2Fv2%2Fcategories&post=11909"},{"taxonomy":"post_tag","embeddable":true,"href":"https:\/\/historiografija.hr\/index.php?rest_route=%2Fwp%2Fv2%2Ftags&post=11909"}],"curies":[{"name":"wp","href":"https:\/\/api.w.org\/{rel}","templated":true}]}}