{"id":11844,"date":"2018-10-27T13:24:37","date_gmt":"2018-10-27T13:24:37","guid":{"rendered":"http:\/\/historiografija.hr\/?p=11844"},"modified":"2018-10-27T13:25:15","modified_gmt":"2018-10-27T13:25:15","slug":"komentar-latinke-perovic-na-prikaz-knjige-jugoslavija-iz-istorijske-perspektive-ive-banca","status":"publish","type":"post","link":"https:\/\/historiografija.hr\/?p=11844","title":{"rendered":"Komentar Latinke Perovi\u0107 na prikaz knjige \u201eJugoslavija iz istorijske perspektive\u201c Ive Banca"},"content":{"rendered":"<p>Nakon kriti\u010dkog osvrta Ive Banca na knjigu \u201cJugoslavija u istorijskoj perspektivi\u201d (Beograd 2017) i komentara Branimira Jankovi\u0107a, novi komentar objavila je Latinka Perovi\u0107.<\/p>\n<p>&nbsp;<\/p>\n<p>&nbsp;<\/p>\n<p>&nbsp;<\/p>\n<p>Behar<\/p>\n<p>&nbsp;<\/p>\n<p><strong>Jo\u0161 jednom o Jugoslaviji<\/strong><\/p>\n<p>&nbsp;<\/p>\n<p>Pi\u0161e: <strong>Ivo Banac<\/strong><\/p>\n<p>&nbsp;<\/p>\n<p>Latinka Perovi\u0107 i dr., ur. <em>Jugoslavija u istorijskoj perspektivi<\/em>. Helsin\u0161ki odbor za ljudska prava u Srbiji, Beograd, 2017.<\/p>\n<p>&nbsp;<\/p>\n<p>Zbirka pred nama, za koju je odgovorno \u0161esnaestero autora, petero urednika, troje recenzenata, jedna (rastresena) lektorica, jedno ministarstvo vanjskih poslova (BRD) i jedna civilna udruga, gotovo je savr\u0161ena preslika same Jugoslavije: zasnovana na dvojbenim predajama, potaknuta stvarnim interesima i propalim nadama, lo\u0161e projektirana, razli\u010dito protuma\u010dena od sudionika, sklepana od uradaka raznovrsnih autora posve nejednakih u znanju, nastojanju i op\u0107em intelektualnom dometu, neure\u0111ena i pomalo zapu\u0161tena, ukratko ne\u0161to bez naro\u010ditih izgleda \u2012 poput Jugoslavije. Pored svega, na Jugoslaviju bi se doista moglo gledati u \u201eistorijskoj perspektivi\u201c da na putu nema razmjerno mnogo dokaza kako je ovdje ponajvi\u0161e ipak rije\u010d o perspektivi, od koje se mnogo o\u010dekuje.<\/p>\n<p>&nbsp;<\/p>\n<p><strong>Cijeli tekst dostupan je na poveznici:<\/strong><\/p>\n<p>&nbsp;<\/p>\n<p><a href=\"https:\/\/behar.hr\/jos-jednom-o-jugoslaviji\/\">https:\/\/behar.hr\/jos-jednom-o-jugoslaviji\/<\/a><\/p>\n<p>&nbsp;<\/p>\n<p>&nbsp;<\/p>\n<p>&#8212;<\/p>\n<p>&nbsp;<\/p>\n<p><strong>Komentar<\/strong><strong> Latinke<\/strong><strong> Perovi<\/strong><strong>\u0107 na<\/strong><strong> prikaz<\/strong><strong> knjige<\/strong><strong> \u201eJugoslavija<\/strong><strong> iz<\/strong><strong> istorijske<\/strong><strong> perspektive<\/strong><strong>\u201c Ive<\/strong><strong> Banca<\/strong><\/p>\n<p>&nbsp;<\/p>\n<p>Beograd, 23. oktobar 2018.<\/p>\n<p>&nbsp;<\/p>\n<p>Nepovoljni utisci i mi\u0161ljenja prof. Ive Banca o knjizi \u201eJugoslavija u istorisjkoj perspektivi\u201c nisu me toliko pogodili koliko su me iznenadili. Najvi\u0161e zbog tona.<\/p>\n<p>Banac je razumeo da smo pisali imaju\u0107i u vidu neku novu Jugoslaviju. A mi smo polazili od toga da Jugoslavija pripada istoriji i poku\u0161ali da objasnimo s kakvim su perspektivama u nju u\u0161li razli\u010diti narodi.<\/p>\n<p>Banac ka\u017ee da nema argumenta da su dana\u0161nje dr\u017eave gore od Jugoslavije. Nismo pravili upore\u0111enja ali ni previ\u0111ali da ljudi, naro\u010dito mladi, u njima ne vide perspektivu. U svima se govori o demografskoj drami.<\/p>\n<p>Nismo radili ni pod \u010dijim uticajem. Ministarstvo spoljnih poslova SRN je finansijski pomoglo projekat Helsin\u0161kog odbora za ljudska prava u Srbiji. Njihov jedini motiv je bio da pomognu razgovor me\u0111u istori\u010darima biv\u0161e Jugoslavije u atmosferi dubokog nepoverenja, pa i neprijateljstva.<\/p>\n<p>Na ove Ban\u010deve utiske, koji se meni \u010dine neta\u010dnim, na neke njegove primedbe treba naravno obratiti pa\u017enju. Pre svega na one koje se odnose na rad uredni\u0161tva (aparat, rezimei, registri). Nedopustive materijalne gre\u0161ke. To \u0161to je jedna nevladina organizacija realizovala projekat, a ne profesionalna institucija, ne pravda uredni\u0161tvo.<\/p>\n<p>Zatim, neke teme su zaista, na \u0161tetu celovite slike izostale (polo\u017eaj \u017eene, iseljavanje i u prvoj i u drugoj Jugoslaviji, emigracija). Posebno, Rezolucija IB-a 1948. godine. Kada je o tome po\u010delo da se govori, nametnuo se golooto\u010dki narativ. O\u010digledno da nije bilo istra\u017eivanja. Ove godine obele\u017eena je 70. godi\u0161njica doga\u0111aja uz samo jednu knjigu (u Sarajevu, knjiga Raifa Dizdarevi\u0107a) i jednu tribinu u Novom Sadu (Univerzitet \u201edr Lazar Vrkati\u0107\u201c).<\/p>\n<p>Nadala sam se da \u0107e ova tema, uz komunisti\u010dko razdoblje Jugoslavije biti izu\u010davana u pravcu kojeg je sam Banac sugerisao u svojoj studiji \u201e\u017divot i djelo Mike Tripala\u201c u knjizi Tripalo, Zagreb, 1996.<\/p>\n<p>Stoji Ban\u010deva primedba da se nije govorilo o jugoslovenskom nacionalizmu. U otporu njemu je, pored ostalog, ubrzana nacionalna integracija jugoslovenskih naroda. Ipak, najmanje smo govorili o nacionalizmu \u201e\u0161ovinisti\u010dke inteligencije\u201c u svim balkanskim zemljama. Ona je (to mogu sa sigurno\u0161\u0107u da ka\u017eem) uobli\u010dila ideologiju neponavljanja zapadnoevropskog puta. To jest: razvoj bez liberalizma i kapitalizma. S tim u vezi i ideju slo\u017eene dr\u017eave (autonomija, federacija, konfederacija). Ta je ideologija odre\u0111ivala odnose u Jugoslaviji, danas odnos prema Evropskoj Uniji, ali i odnose unutra dr\u017eava koje su nastale na ru\u0161evinama Jugoslavije.<\/p>\n<p>Dugo poznajem Iva Banca, \u010ditala sam njegove knjige, sara\u0111ivala sa njim i vi\u0161e puta razgovarala u Zagrebu, Dubrovniku, Beogradu. Ne smatram da ga je bilo \u0161ta obavezivalo na blagonaklon odnos prema knjizi \u201eJugoslavija u istorijskoj perspektivi\u201c (posle njegovih utisaka i mi\u0161ljenja, \u010dini mi se da bi naslov \u201eJugoslavija iz istorijske perspektive\u201c bio adekvatniji njenom sadr\u017eaju) ali me je neprijatno iznenadila neka njegova zlovolja i naro\u010dito ton: komentarisanje kolega \u201es visine\u201c. Oni to, kako vidim iz njihovih reakcija, odbijaju. S razlogom koji ima pokri\u0107e u njihovom radu i profesionalnoj doslednosti.<\/p>\n<p>&nbsp;<\/p>\n<p>Izvor: <a href=\"http:\/\/yuhistorija.com\/serbian\/aktuelnosti_reakcije_txt01.html\">http:\/\/yuhistorija.com\/serbian\/aktuelnosti_reakcije_txt01.html<\/a><\/p>\n<p>&nbsp;<\/p>\n<p>&#8212;<\/p>\n<p>&nbsp;<\/p>\n<p><strong>Komentar Branimira Jankovi\u0107a na kriti\u010dki osvrt Ive Banca<\/strong><\/p>\n<p><strong>\u00a0<\/strong><\/p>\n<p>Zagreb, 29. rujna 2018.<\/p>\n<p>&nbsp;<\/p>\n<p>Va\u017eno je naravno \u0161to je Ivo Banac \u2013 specijalist za povijest Jugoslavije i povjesni\u010dar \u0161irokog znanja, kriti\u010dkih sudova i precizno elaboriranih teza \u2013 kriti\u010dki komentirao odre\u0111ene teze i tvrdnje u pojedinim \u010dlancima te uredni\u010dko prire\u0111ivanje i \u0161ire zna\u010denje zbornika <em>Jugoslavija u istorijskoj perspektivi<\/em>. Komentirao bih tom prigodom uglavnom nekoliko op\u0107ih napomena koje bitno odre\u0111uju \u010ditav Ban\u010dev osvrt.<\/p>\n<p>&nbsp;<\/p>\n<p>Banac uvodno smatra da se ideologija nacionalizma nedovoljno slojevito prikazuje u knjizi i da ga se dr\u017ei glavnim ideolo\u0161kim neprijateljem (iako su npr. \u201cnacionalizam i liberalizam u modernosti funkcionirali gotovo kao blizanci\u201d itd.). No jasno je da se u slu\u010daju povijesti Jugoslavije govori o suvremenom nacionalizmu koji se kod nas odavno odvojio od liberalizma te koji iza sebe ima iskustvo ekstremnog nacionalizma i me\u0111usobno sukobljenih etni\u010dkih nacionalizama tijekom Drugog svjetskog rata i ratova 1990-ih godina. I da op\u0107enito prema ideologiji nacionalizma prete\u017eno izostaje kriti\u010dki odmak u historiografiji, javnosti, politici. Banac kriti\u010dki navodi i da \u201cnacionalizam\u201d funkcionira kao rije\u010d \u010dije imenovanje zna\u010di odmah i presu\u0111ivanje, ali sli\u010dno ve\u0107 dugo funkcionira i rije\u010d \u201cJugoslavija\u201d, ni\u0161ta manje na\u017ealost ni kod Banca u cijelom njegovom osvrtu.<\/p>\n<p>&nbsp;<\/p>\n<p>O tome posebno svjedo\u010di Ban\u010dev zvu\u010dni zaklju\u010dak \u201cda sam Jugoslaven, bolje bih Jugoslaviju znao braniti\u201d. Tu smo dakako ne samo na terenu ozna\u010davanja koje je kritizirao kod upotrebe pojma nacionalizam nego na\u017ealost i etiketiranja, \u0161to ga je primjerice portal Direktno.hr preuzeo zatim kao izravno diskreditiranje u vidu naslova \u201e<a href=\"https:\/\/direktno.hr\/direkt\/banac-o-knjizi-srpskog-hho-a-u-kojoj-je-i-goldsteinov-tekst-da-sam-jugoslaven-bolje-bih-jugoslaviju-znao-braniti-134049\/\">Banac o knjizi srpskog HHO-a u kojoj je i Goldsteinov tekst: Da sam Jugoslaven, bolje bih Jugoslaviju znao braniti<\/a>\u201c.<\/p>\n<p>&nbsp;<\/p>\n<p>Tako intonirani kriti\u010dki komentari ne odlikuju mnoge rasprave o povijesti Jugoslavije u kojima je Banac prethodno sudjelovao (npr. \u201e<a href=\"https:\/\/www.slobodnaevropa.org\/a\/1045353.html\">Latinka Perovi\u0107, Ivo Banac, Dubravko Lovrenovi\u0107: O raspadu Jugoslavije<\/a>\u201c) te ih iz toga razloga vi\u0161e preporu\u010dujem zainteresiranim \u010ditateljima. Nije problem u me\u0111uvremenu promijenjenim stavovima i pozicijama nego u intoniranju rasprave u kojoj argumentiranje nekih kriti\u010dkih sudova postaje manje va\u017eno ili jednostavno ne uzima u obzir sve \u0161to je relevantno.<\/p>\n<p>&nbsp;<\/p>\n<p>Osim na spomenutom primjeru ocjene nacionalizma, sli\u010dno vrijedi i za sljede\u0107i Ban\u010dev kriti\u010dki sud: \u201eNjemu je po\u017eeljno osporiti teleolo\u0161ke argumente \u201enacionalnih historiografija\u201c kako se jugoslavenska zajednica morala raspasti. To je ve\u0107 te\u017ee, jer se Jugoslavija (koliko znamo) doista raspala.\u201c Napomenu da nacionalne historiografije teleolo\u0161ki tuma\u010de da se Jugoslavija morala raspasti Banac lakonski odbija, sugeriraju\u0107i \u010ditateljima katkad implicitno katkad eksplicitno da je rije\u010d o apologiji Jugoslavije, jugonostalgiji ili nekoj drugoj imaginarnoj jugoslavenskoj poziciji (\u0161to je ina\u010de provodna nit Ban\u010deva osvrta), a ne uobi\u010dajeni historiografski naputak. Izricali su ga primjerice Hannes Grandits i Holm Sundhaussen u \u010dlanku \u201e<a href=\"https:\/\/historiografija.hr\/?p=9958\">Jugoslavija \u0161ezdesetih godina: protiv teleolo\u0161kog pristupa u istra\u017eivanju<\/a>\u201c.<\/p>\n<p>&nbsp;<\/p>\n<p>Ironiziranje i izrugivanje, prisutno kroz \u010ditav osvrt, usmjerava se na vi\u0161e mjesta i na namjeru, izre\u010denu u uvodu zbornika, za pru\u017eanjem \u201eprvenstveno mladim generacijama dovoljno informacija i analiza da naprave uvid u \u0161iri kontekst od onog koji im se nudi\u201c, potpuno prelaze\u0107i preko toga da je rije\u010d o tome da se o povijesti Jugoslavije iznesu informacije i konteksti, analize i tuma\u010denja koji ne dolaze samo iz mononacionalne perspektive.<\/p>\n<p>&nbsp;<\/p>\n<p>Osim toga, Banac iznosi kritike pojedinih re\u010denica, tvrdnji i teza naj\u010de\u0161\u0107e neovisno od cjeline odre\u0111enog \u010dlanka, stoga ni za one \u010dlanke za koje izrijekom ka\u017ee da su \u201erelativno uspje\u0161ni\u201c ili ulaze \u201eme\u0111u bolja ostvarenja\u201c, odnosno \u201enisu nezanimljivi\u201c, uglavnom ne navodi zbog \u010dega su takvi. Postavlja se me\u0111utim pitanje da li bi takvo navo\u0111enje onda nu\u017eno utjecalo i na modificiranje negativne ocjene zbornika.<\/p>\n<p>&nbsp;<\/p>\n<p>Ne \u017eelim nikako re\u0107i da ne stoje odre\u0111ene Ban\u010deve kritike. Osobno mislim da je primjerice na\u010delno to\u010dna kriti\u010dka napomena da je re\u017eim \u201esvaki put kad je zemlja bila na rubu sistemske preobrazbe stisnuo ko\u010dnicu, primijenio represiju i potvrdio logiku jednopartijske diktature\u201c. Ili pak da su \u010dlanci u zborniku tehni\u010dki mogli biti ujedna\u010deniji.<\/p>\n<p>&nbsp;<\/p>\n<p>No uz uvijek dobrodo\u0161lu stru\u010dnu kritiku ovdje je ipak vi\u0161e rije\u010d o tome da se zbornik i autore u njemu unaprijed ozna\u010di kao projugoslavenske, \u0161to je u znatnom dijelu javnosti klju\u010dni argument za daljnje etiketiranje i diskreditiranje. Stoga za zainteresirane stru\u010dne \u010ditatelje \u2013 koji \u017eele razviti vlastito cjelovitije kriti\u010dko vrednovanje zbornika i \u010dlanaka u njemu \u2013 Ban\u010dev osvrt nikako ne bi trebao biti zadnja rije\u010d u tome.<\/p>\n<p>&nbsp;<\/p>\n<p>Izvor: <a href=\"https:\/\/historiografija.hr\/?p=11461\">https:\/\/historiografija.hr\/?p=11461<\/a><\/p>\n<p>&nbsp;<\/p>\n<p>&nbsp;<\/p>\n","protected":false},"excerpt":{"rendered":"","protected":false},"author":2,"featured_media":8233,"comment_status":"open","ping_status":"open","sticky":false,"template":"","format":"standard","meta":{"_acf_changed":false,"jetpack_post_was_ever_published":false,"_jetpack_newsletter_access":"","_jetpack_dont_email_post_to_subs":false,"_jetpack_newsletter_tier_id":0,"_jetpack_memberships_contains_paywalled_content":false,"_jetpack_memberships_contains_paid_content":false,"footnotes":"","jetpack_publicize_message":"","jetpack_publicize_feature_enabled":true,"jetpack_social_post_already_shared":true,"jetpack_social_options":{"image_generator_settings":{"template":"highway","default_image_id":0,"font":"","enabled":false},"version":2}},"categories":[3,17],"tags":[],"class_list":["post-11844","post","type-post","status-publish","format-standard","has-post-thumbnail","hentry","category-novosti","category-rasprave"],"acf":{"facebook_opis":""},"jetpack_publicize_connections":[],"jetpack_featured_media_url":"https:\/\/i0.wp.com\/historiografija.hr\/wp-content\/uploads\/2018\/02\/Jugoslavija-u-istorijskoj.jpg?fit=652%2C423&ssl=1","jetpack_sharing_enabled":true,"jetpack-related-posts":[{"id":52569,"url":"https:\/\/historiografija.hr\/?p=52569","url_meta":{"origin":11844,"position":0},"title":"[Predavanje] Ne \u010dekaju\u0107i inspiraciju \u2013 anga\u017eovane intelektualne, kulturalne i umetni\u010dke prakse u me\u0111uratnom periodu: teorija i praksa kriti\u010dke levice u jugoslovenskoj kulturi (YugoLab)","author":"Branimir Jankovi\u0107","date":"21. travnja 2026.","format":false,"excerpt":"U vreme agresivnog ja\u010danja globalne desnice, (pro)fa\u0161isti\u010dkih, rasisti\u010dkih i imperijalisti\u010dkih politika, dok je istovremeno globalna levica izrazito slaba, a progresivni pokreti atomizirani i fragmentisani, va\u017eno je iz savremene perspektive vratiti se revolucionarnim i emancipatorskim zbivanjima u jugoslovenskom (ali i s njima u vezi internacionalnim de\u0161avanjima), kao i dru\u0161tvenoj ulozi kulturalnih\u2026","rel":"","context":"U &quot;Novosti&quot;","block_context":{"text":"Novosti","link":"https:\/\/historiografija.hr\/?cat=3"},"img":{"alt_text":"","src":"","width":0,"height":0},"classes":[]},{"id":52657,"url":"https:\/\/historiografija.hr\/?p=52657","url_meta":{"origin":11844,"position":1},"title":"[Predavanje] Jezik i drugost u (post)socijalisti\u010dkoj Srbiji: diskurzivne politike identiteta (YugoLab)","author":"Branimir Jankovi\u0107","date":"24. travnja 2026.","format":false,"excerpt":"U sklopu projekta Prizma \/ IMAGINATION (\u201eZami\u0161ljanje nacije: srpski nacionalni narativi u sporu (XX\u2013XXI vek)\u201c), koji se realizuje na Institutu za filozofiju i dru\u0161tvenu teoriju Univerziteta u Beogradu (2024\u20132027) uz finansijsku podr\u0161ku Fonda za nauku Republike Srbije, organizuje se serija predavanja na kojoj istra\u017eiva\u010di i istra\u017eiva\u010dice projekta predstavljaju rezultate svojih\u2026","rel":"","context":"U &quot;Novosti&quot;","block_context":{"text":"Novosti","link":"https:\/\/historiografija.hr\/?cat=3"},"img":{"alt_text":"","src":"https:\/\/i0.wp.com\/historiografija.hr\/wp-content\/uploads\/2026\/04\/IFDT_28_IV.png?fit=1200%2C675&ssl=1&resize=350%2C200","width":350,"height":200,"srcset":"https:\/\/i0.wp.com\/historiografija.hr\/wp-content\/uploads\/2026\/04\/IFDT_28_IV.png?fit=1200%2C675&ssl=1&resize=350%2C200 1x, https:\/\/i0.wp.com\/historiografija.hr\/wp-content\/uploads\/2026\/04\/IFDT_28_IV.png?fit=1200%2C675&ssl=1&resize=525%2C300 1.5x, https:\/\/i0.wp.com\/historiografija.hr\/wp-content\/uploads\/2026\/04\/IFDT_28_IV.png?fit=1200%2C675&ssl=1&resize=700%2C400 2x, https:\/\/i0.wp.com\/historiografija.hr\/wp-content\/uploads\/2026\/04\/IFDT_28_IV.png?fit=1200%2C675&ssl=1&resize=1050%2C600 3x"},"classes":[]},{"id":52666,"url":"https:\/\/historiografija.hr\/?p=52666","url_meta":{"origin":11844,"position":2},"title":"Najava programa Festivala povijesti Kliofest (5-8. V. 2026)","author":"Branimir Jankovi\u0107","date":"24. travnja 2026.","format":false,"excerpt":"Po trinaesti put odr\u017eava se Festival povijesti Kliofest! Do petka \u0107emo odr\u017eati osam okruglih stolova i dva kolokvija te niz predstavljanja knjiga i projekata razli\u010dite tematike, od antike do suvremenosti. Bit \u0107e predstavljeno i nekoliko izlo\u017ebi te odr\u017ean jedan povijesni kviz. Prikazat \u0107emo i jedan film \u2013 o generalu Boroevi\u0107u.\u2026","rel":"","context":"U &quot;Novosti&quot;","block_context":{"text":"Novosti","link":"https:\/\/historiografija.hr\/?cat=3"},"img":{"alt_text":"","src":"https:\/\/i0.wp.com\/historiografija.hr\/wp-content\/uploads\/2026\/04\/Kliofest-2026.jpg?fit=526%2C526&ssl=1&resize=350%2C200","width":350,"height":200,"srcset":"https:\/\/i0.wp.com\/historiografija.hr\/wp-content\/uploads\/2026\/04\/Kliofest-2026.jpg?fit=526%2C526&ssl=1&resize=350%2C200 1x, https:\/\/i0.wp.com\/historiografija.hr\/wp-content\/uploads\/2026\/04\/Kliofest-2026.jpg?fit=526%2C526&ssl=1&resize=525%2C300 1.5x"},"classes":[]},{"id":52528,"url":"https:\/\/historiografija.hr\/?p=52528","url_meta":{"origin":11844,"position":3},"title":"[Promocija knjige] Banja Luka u ratu: Etnopolitika i svakodnevica (1990\u20131995) (ActiveLab, YugoLab)","author":"Branimir Jankovi\u0107","date":"17. travnja 2026.","format":false,"excerpt":"Institut za filozofiju i dru\u0161tvenu teoriju i O\u0161tra Nula organizuju promociju knjige Banja Luka u ratu: Etnopolitika i svakodnevica (1990\u20131995) autorke Armine Galija\u0161, koja \u0107e se odr\u017eati 20. aprila 2026. u 12.00 sati u prostorijama Instituta (Kraljice Natalije 45, Beograd). Re\u010d je o prvom nau\u010dno utemeljenom i sistematskom radu koji\u2026","rel":"","context":"U &quot;Novosti&quot;","block_context":{"text":"Novosti","link":"https:\/\/historiografija.hr\/?cat=3"},"img":{"alt_text":"","src":"https:\/\/i0.wp.com\/historiografija.hr\/wp-content\/uploads\/2026\/04\/20-april-RS.jpg?fit=1200%2C675&ssl=1&resize=350%2C200","width":350,"height":200,"srcset":"https:\/\/i0.wp.com\/historiografija.hr\/wp-content\/uploads\/2026\/04\/20-april-RS.jpg?fit=1200%2C675&ssl=1&resize=350%2C200 1x, https:\/\/i0.wp.com\/historiografija.hr\/wp-content\/uploads\/2026\/04\/20-april-RS.jpg?fit=1200%2C675&ssl=1&resize=525%2C300 1.5x, https:\/\/i0.wp.com\/historiografija.hr\/wp-content\/uploads\/2026\/04\/20-april-RS.jpg?fit=1200%2C675&ssl=1&resize=700%2C400 2x, https:\/\/i0.wp.com\/historiografija.hr\/wp-content\/uploads\/2026\/04\/20-april-RS.jpg?fit=1200%2C675&ssl=1&resize=1050%2C600 3x"},"classes":[]},{"id":52607,"url":"https:\/\/historiografija.hr\/?p=52607","url_meta":{"origin":11844,"position":4},"title":"No\u0107 knjige: Kako je prije 410 godina smr\u0107u Shakespearea i Cervantesa zavr\u0161ilo razdoblje renesanse u knji\u017eevnosti","author":"Branimir Jankovi\u0107","date":"22. travnja 2026.","format":false,"excerpt":"\u010cetvrtak, 23. travnja 2026. u 18:00 sati, Knji\u017eara Matice hrvatske, Ulica Matice hrvatske 2, Zagreb Uvodna rije\u010d: dr. sc.\u00a0Dubravka Brezak Stama\u0107, pro\u010delnica Odjela za knji\u017eevnost Matice hrvatske Prof. dr. sc. Ivan Lupi\u0107, redoviti profesor u Odsjeku za anglistiku i Odsjeku za kroatistiku Sveu\u010dili\u0161ta u RijeciShakespeare, kazali\u0161te, glazbaKada se susre\u0107emo sa\u2026","rel":"","context":"U &quot;Novosti&quot;","block_context":{"text":"Novosti","link":"https:\/\/historiografija.hr\/?cat=3"},"img":{"alt_text":"","src":"https:\/\/i0.wp.com\/historiografija.hr\/wp-content\/uploads\/2026\/04\/noc_knjige_2026.jpg?fit=680%2C276&ssl=1&resize=350%2C200","width":350,"height":200,"srcset":"https:\/\/i0.wp.com\/historiografija.hr\/wp-content\/uploads\/2026\/04\/noc_knjige_2026.jpg?fit=680%2C276&ssl=1&resize=350%2C200 1x, https:\/\/i0.wp.com\/historiografija.hr\/wp-content\/uploads\/2026\/04\/noc_knjige_2026.jpg?fit=680%2C276&ssl=1&resize=525%2C300 1.5x"},"classes":[]},{"id":52520,"url":"https:\/\/historiografija.hr\/?p=52520","url_meta":{"origin":11844,"position":5},"title":"Predstavljanje knjige &#8220;Socialist Economics in Yugoslavia: A Critical History&#8221; u Zagrebu","author":"Branimir Jankovi\u0107","date":"17. travnja 2026.","format":false,"excerpt":"Pozivamo vas na predstavljanje knjige \"Socialist Economics in Yugoslavia: A Critical History\", autora Mislava \u00a0\u017ditka i Marka Grde\u0161i\u0107a (Routledge, 2026). Na predstavljanju \u0107e govoriti Branko Milanovi\u0107 (CUNY), Milica Uvali\u0107 (EUI), Zdravko Petak (FPZG) te autori.\u00a0 Predstavljanje \u0107e se odr\u017eati u srijedu 22. travnja u 16:00 sati na Fakultetu politi\u010dkih znanosti\u2026","rel":"","context":"U &quot;Novosti&quot;","block_context":{"text":"Novosti","link":"https:\/\/historiografija.hr\/?cat=3"},"img":{"alt_text":"","src":"https:\/\/i0.wp.com\/historiografija.hr\/wp-content\/uploads\/2026\/04\/Poziv-na-predstavljanje.png?fit=800%2C652&ssl=1&resize=350%2C200","width":350,"height":200,"srcset":"https:\/\/i0.wp.com\/historiografija.hr\/wp-content\/uploads\/2026\/04\/Poziv-na-predstavljanje.png?fit=800%2C652&ssl=1&resize=350%2C200 1x, https:\/\/i0.wp.com\/historiografija.hr\/wp-content\/uploads\/2026\/04\/Poziv-na-predstavljanje.png?fit=800%2C652&ssl=1&resize=525%2C300 1.5x, https:\/\/i0.wp.com\/historiografija.hr\/wp-content\/uploads\/2026\/04\/Poziv-na-predstavljanje.png?fit=800%2C652&ssl=1&resize=700%2C400 2x"},"classes":[]}],"_links":{"self":[{"href":"https:\/\/historiografija.hr\/index.php?rest_route=\/wp\/v2\/posts\/11844","targetHints":{"allow":["GET"]}}],"collection":[{"href":"https:\/\/historiografija.hr\/index.php?rest_route=\/wp\/v2\/posts"}],"about":[{"href":"https:\/\/historiografija.hr\/index.php?rest_route=\/wp\/v2\/types\/post"}],"author":[{"embeddable":true,"href":"https:\/\/historiografija.hr\/index.php?rest_route=\/wp\/v2\/users\/2"}],"replies":[{"embeddable":true,"href":"https:\/\/historiografija.hr\/index.php?rest_route=%2Fwp%2Fv2%2Fcomments&post=11844"}],"version-history":[{"count":2,"href":"https:\/\/historiografija.hr\/index.php?rest_route=\/wp\/v2\/posts\/11844\/revisions"}],"predecessor-version":[{"id":11846,"href":"https:\/\/historiografija.hr\/index.php?rest_route=\/wp\/v2\/posts\/11844\/revisions\/11846"}],"wp:featuredmedia":[{"embeddable":true,"href":"https:\/\/historiografija.hr\/index.php?rest_route=\/wp\/v2\/media\/8233"}],"wp:attachment":[{"href":"https:\/\/historiografija.hr\/index.php?rest_route=%2Fwp%2Fv2%2Fmedia&parent=11844"}],"wp:term":[{"taxonomy":"category","embeddable":true,"href":"https:\/\/historiografija.hr\/index.php?rest_route=%2Fwp%2Fv2%2Fcategories&post=11844"},{"taxonomy":"post_tag","embeddable":true,"href":"https:\/\/historiografija.hr\/index.php?rest_route=%2Fwp%2Fv2%2Ftags&post=11844"}],"curies":[{"name":"wp","href":"https:\/\/api.w.org\/{rel}","templated":true}]}}