{"id":11798,"date":"2018-10-24T13:29:55","date_gmt":"2018-10-24T13:29:55","guid":{"rendered":"http:\/\/historiografija.hr\/?p=11798"},"modified":"2018-10-24T13:31:27","modified_gmt":"2018-10-24T13:31:27","slug":"timothy-snyder-krvava-prostranstva-europa-izmedu-hitlera-i-staljina","status":"publish","type":"post","link":"https:\/\/historiografija.hr\/?p=11798","title":{"rendered":"Timothy Snyder, \u201eKrvava prostranstva: Europa izme\u0111u Hitlera i Staljina\u201c"},"content":{"rendered":"<p>Izdava\u010d Fraktura objavio je u listopadu 2018. godine hrvatsko izdanje knjige poznatog povjesni\u010dara Timothyja Snydera \u00a0\u201eKrvava prostranstva: Europa izme\u0111u Hitlera i Staljina\u201c.<\/p>\n<p>&nbsp;<\/p>\n<p>Timothy Snyder<\/p>\n<p>&nbsp;<\/p>\n<p><strong>Krvava prostranstva<\/strong><\/p>\n<p><strong>Europa izme\u0111u Hitlera i Staljina<\/strong><\/p>\n<p>&nbsp;<\/p>\n<ul>\n<li><strong>Jezik izvornika: <\/strong>engleski<\/li>\n<li><strong>Prijevod: <\/strong>Vuk Peri\u0161i\u0107<\/li>\n<li><strong>Broj stranica: <\/strong>624<\/li>\n<li><strong>Datum izdanja: <\/strong>listopad 2018.<\/li>\n<li><strong>Naslov izvornika: <\/strong>Bloodlands<\/li>\n<\/ul>\n<p>&nbsp;<\/p>\n<p><a href=\"https:\/\/fraktura.hr\/krvava-prostranstva.html\">https:\/\/fraktura.hr\/krvava-prostranstva.html<\/a><\/p>\n<p>&nbsp;<\/p>\n<p>Nacisti\u010dki i staljinisti\u010dki re\u017eim ubili su od 1933. do 1945. vi\u0161e od \u010detrnaest milijuna civila na krvavim prostranstvima \u2013 podru\u010dju koje obuhva\u0107a dio Rusije, Poljsku, Bjelorusiju, Ukrajinu i balti\u010dke dr\u017eave. Ubijanje je po\u010delo gla\u0111u koju je Staljin izazvao u Ukrajini, a nastavilo se Velikim terorom i potom uni\u0161tenjem Poljske u njema\u010dko-sovjetskoj re\u017eiji. Nakon njema\u010dkog napada na Sovjetski Savez milijuni su umrli kod Staljingrada, a Nijemci su krenuli u krvavi pohod protiv \u017didova. Po zavr\u0161etku Drugog svjetskog rata i ponovno poslije kraja komunizma, nacionalisti krvavih prostranstava, ali i izvan njih, posvetili su se uve\u0107anju broja svojih \u017ertava ne bi li si priskrbili nevinost.<\/p>\n<p>&nbsp;<\/p>\n<p>&nbsp;<\/p>\n<p>Uspore\u0111uju\u0107i dva sustava koja su usmrtila milijune ljudi, briljantni ameri\u010dki povjesni\u010dar Timothy Snyder u <em>Krvavim prostranstvima<\/em> iz novoga kuta promatra sredi\u0161nji doga\u0111aj europske povijesti 20. stolje\u0107a. Ovo vrhunsko djelo koje govori o povijesti politi\u010dkog masovnog ubojstva od neizmjerne je va\u017enosti i za na\u0161 stav prema vlastitoj pro\u0161losti. Jer, kako upozorava Snyder, ako povijest ne izgradimo i obranimo na potpuno druga\u010dijim temeljima, zate\u0107i \u0107emo se u situaciji da \u0107e Hitler i Staljin nastaviti vrednovati svoje zlo\u010dine umjesto nas.<\/p>\n<p>&nbsp;<\/p>\n<p>&nbsp;<\/p>\n<p>&#8220;Snyder je vjerojatno najtalentiraniji povjesni\u010dar mla\u0111e generacije kojem je u fokusu moderna Europa. <em>Krvava prostranstva <\/em>po svim su mjerilima zadivljuju\u0107e, \u010dak i trijumfalno postignu\u0107e.&#8221; &#8211; <em>The Nation<\/em><\/p>\n<p>&nbsp;<\/p>\n<p>&#8220;Najva\u017enije povijesno djelo posljednjih godina.&#8221; &#8211; Antony Beevor, <em>Telegraph<\/em><\/p>\n<p>&nbsp;<\/p>\n<p>&#8220;Izvanredna i potresna povijest.&#8221; &#8211; <em>Financial Times<\/em><\/p>\n<p>&nbsp;<\/p>\n<p>&#8220;Snyder nas poti\u010de da trezveno promotrimo cijeli radijus destrukcije koju je zapo\u010deo Staljinov re\u017eim, a nastavio Hitlerov Reich.&#8221; &#8211; <em>New York Times Book Review<\/em><\/p>\n<p>&nbsp;<\/p>\n<p>&#8220;Odva\u017ena i originalna povijest masovnog ubijanja u 20. stolje\u0107u.&#8221; &#8211; Anne Applebaum, <em>New York Review of Books<\/em><\/p>\n<p>&nbsp;<\/p>\n<p>&#8220;Zbilja razorno&#8230; Nikad nisam vidio knjigu poput ove.&#8221; &#8211; Istvan Deak, <em>New Republic<\/em><\/p>\n<p>&nbsp;<\/p>\n<p>&#8220;Knjiga Timothyja Snydera revizija je povijesti najbolje vrste: argumentirana, i uz pa\u017eljivu upotrebu statisti\u010dkih podataka, \u010ditatelja tjera da ponovno promisli o najpoznatijim epizodama europske novije povijesti.&#8221; &#8211; <em>Economist<\/em><\/p>\n<p>&nbsp;<\/p>\n<p>&#8220;Impresivna nova interpretacija tog povijesnog razdoblja&#8230; Izvanredna knjiga.&#8221; &#8211; David Denby, <em>New Yorker<\/em><\/p>\n<p>&nbsp;<\/p>\n<p>&#8220;Snagom svojeg iskaza Snyder na pravi na\u010din pristupa stra\u0161noj temi kojom se bavi.&#8221; &#8211; <em>The Sunday Times<\/em><\/p>\n<p>&nbsp;<\/p>\n<p>&#8220;Pomno istra\u017eeno&#8230; Neizmjerno vrijedno&#8230; Sna\u017ena i va\u017ena lekcija povijesne geografije.&#8221; &#8211; Adam Hochschild, <em>Harper&#8217;s<\/em><\/p>\n<p>&nbsp;<\/p>\n<p>&nbsp;<\/p>\n<p>&nbsp;<\/p>\n","protected":false},"excerpt":{"rendered":"","protected":false},"author":2,"featured_media":11799,"comment_status":"open","ping_status":"open","sticky":false,"template":"","format":"standard","meta":{"_acf_changed":false,"jetpack_post_was_ever_published":false,"_jetpack_newsletter_access":"","_jetpack_dont_email_post_to_subs":false,"_jetpack_newsletter_tier_id":0,"_jetpack_memberships_contains_paywalled_content":false,"_jetpack_memberships_contains_paid_content":false,"footnotes":"","jetpack_publicize_message":"","jetpack_publicize_feature_enabled":true,"jetpack_social_post_already_shared":true,"jetpack_social_options":{"image_generator_settings":{"template":"highway","default_image_id":0,"font":"","enabled":false},"version":2}},"categories":[8,3],"tags":[],"class_list":["post-11798","post","type-post","status-publish","format-standard","has-post-thumbnail","hentry","category-knjige","category-novosti"],"acf":{"facebook_opis":""},"jetpack_publicize_connections":[],"jetpack_featured_media_url":"https:\/\/i0.wp.com\/historiografija.hr\/wp-content\/uploads\/2018\/10\/krvava_prostranstva.jpg?fit=403%2C610&ssl=1","jetpack_sharing_enabled":true,"jetpack-related-posts":[{"id":52592,"url":"https:\/\/historiografija.hr\/?p=52592","url_meta":{"origin":11798,"position":0},"title":"Predstavljanje knjige &#8220;Turska ku\u0107a u Rijeci&#8221; u Zagrebu","author":"Branimir Jankovi\u0107","date":"22. travnja 2026.","format":false,"excerpt":"U prostorijama Turskog kulturnog centra Yunus Emre u Zagrebu, u utorak 21. travnja 2026. godine, odr\u017eano je sve\u010dano predstavljanje dopunjenog izdanja knjige Turska ku\u0107a u Rijeci, u organizaciji Hrvatsko-turskog dru\u0161tva Rijeka i partnerstvu sa Skupinom prijateljstva Hrvatska-Turska Hrvatskog sabora, Veleposlanstvom Republike Turske u Republici Hrvatskoj te Turskim kulturnim centrom Yunus\u2026","rel":"","context":"U &quot;Novosti&quot;","block_context":{"text":"Novosti","link":"https:\/\/historiografija.hr\/?cat=3"},"img":{"alt_text":"","src":"https:\/\/i0.wp.com\/historiografija.hr\/wp-content\/uploads\/2026\/04\/Turska-kuca-ZG.jpg?fit=1200%2C800&ssl=1&resize=350%2C200","width":350,"height":200,"srcset":"https:\/\/i0.wp.com\/historiografija.hr\/wp-content\/uploads\/2026\/04\/Turska-kuca-ZG.jpg?fit=1200%2C800&ssl=1&resize=350%2C200 1x, https:\/\/i0.wp.com\/historiografija.hr\/wp-content\/uploads\/2026\/04\/Turska-kuca-ZG.jpg?fit=1200%2C800&ssl=1&resize=525%2C300 1.5x, https:\/\/i0.wp.com\/historiografija.hr\/wp-content\/uploads\/2026\/04\/Turska-kuca-ZG.jpg?fit=1200%2C800&ssl=1&resize=700%2C400 2x, https:\/\/i0.wp.com\/historiografija.hr\/wp-content\/uploads\/2026\/04\/Turska-kuca-ZG.jpg?fit=1200%2C800&ssl=1&resize=1050%2C600 3x"},"classes":[]},{"id":52607,"url":"https:\/\/historiografija.hr\/?p=52607","url_meta":{"origin":11798,"position":1},"title":"No\u0107 knjige: Kako je prije 410 godina smr\u0107u Shakespearea i Cervantesa zavr\u0161ilo razdoblje renesanse u knji\u017eevnosti","author":"Branimir Jankovi\u0107","date":"22. travnja 2026.","format":false,"excerpt":"\u010cetvrtak, 23. travnja 2026. u 18:00 sati, Knji\u017eara Matice hrvatske, Ulica Matice hrvatske 2, Zagreb Uvodna rije\u010d: dr. sc.\u00a0Dubravka Brezak Stama\u0107, pro\u010delnica Odjela za knji\u017eevnost Matice hrvatske Prof. dr. sc. Ivan Lupi\u0107, redoviti profesor u Odsjeku za anglistiku i Odsjeku za kroatistiku Sveu\u010dili\u0161ta u RijeciShakespeare, kazali\u0161te, glazbaKada se susre\u0107emo sa\u2026","rel":"","context":"U &quot;Novosti&quot;","block_context":{"text":"Novosti","link":"https:\/\/historiografija.hr\/?cat=3"},"img":{"alt_text":"","src":"https:\/\/i0.wp.com\/historiografija.hr\/wp-content\/uploads\/2026\/04\/noc_knjige_2026.jpg?fit=680%2C276&ssl=1&resize=350%2C200","width":350,"height":200,"srcset":"https:\/\/i0.wp.com\/historiografija.hr\/wp-content\/uploads\/2026\/04\/noc_knjige_2026.jpg?fit=680%2C276&ssl=1&resize=350%2C200 1x, https:\/\/i0.wp.com\/historiografija.hr\/wp-content\/uploads\/2026\/04\/noc_knjige_2026.jpg?fit=680%2C276&ssl=1&resize=525%2C300 1.5x"},"classes":[]},{"id":52619,"url":"https:\/\/historiografija.hr\/?p=52619","url_meta":{"origin":11798,"position":2},"title":"Predavanje \u0110ur\u0111ice Vitkovi\u0107 &#8220;Izme\u0111u pera i objektiva: Zagorka i Foto Tonka&#8221;","author":"Branimir Jankovi\u0107","date":"23. travnja 2026.","format":false,"excerpt":"Memorijalni stan Marije Juri\u0107 Zagorke poziva Vas na predavanje \u0110ur\u0111ice Vitkovi\u0107 \u201eIzme\u0111u pera i objektiva: Zagorka i Foto Tonka\u201c koje \u0107e se odr\u017eati u utorak, 28. travnja 2026. s po\u010detkom u 18 h u sklopu Ciklusa predavanja u Memorijalnom stanu Marije Juri\u0107 Zagorke. Kako su se susrele knji\u017eevnost i fotografija\u2026","rel":"","context":"U &quot;Novosti&quot;","block_context":{"text":"Novosti","link":"https:\/\/historiografija.hr\/?cat=3"},"img":{"alt_text":"","src":"https:\/\/i0.wp.com\/historiografija.hr\/wp-content\/uploads\/2024\/11\/Zagorka_ciklus.jpg?fit=1200%2C1006&ssl=1&resize=350%2C200","width":350,"height":200,"srcset":"https:\/\/i0.wp.com\/historiografija.hr\/wp-content\/uploads\/2024\/11\/Zagorka_ciklus.jpg?fit=1200%2C1006&ssl=1&resize=350%2C200 1x, https:\/\/i0.wp.com\/historiografija.hr\/wp-content\/uploads\/2024\/11\/Zagorka_ciklus.jpg?fit=1200%2C1006&ssl=1&resize=525%2C300 1.5x, https:\/\/i0.wp.com\/historiografija.hr\/wp-content\/uploads\/2024\/11\/Zagorka_ciklus.jpg?fit=1200%2C1006&ssl=1&resize=700%2C400 2x, https:\/\/i0.wp.com\/historiografija.hr\/wp-content\/uploads\/2024\/11\/Zagorka_ciklus.jpg?fit=1200%2C1006&ssl=1&resize=1050%2C600 3x"},"classes":[]},{"id":52616,"url":"https:\/\/historiografija.hr\/?p=52616","url_meta":{"origin":11798,"position":3},"title":"No\u0107 knjige 2026.","author":"Branimir Jankovi\u0107","date":"22. travnja 2026.","format":false,"excerpt":"Slavljeni\u010dka 15. No\u0107 knjige odr\u017eat \u0107e se 23. travnja diljem Hrvatske u povodu Svjetskog dana knjige i autorskih prava te Dana hrvatske knjige. S vi\u0161e od 1.000 prijavljenih programa i akcija s pravom nosi epitet najmasovnije doma\u0107e kulturne manifestacije, a ove \u0107e godine prote\u0107i u znaku mira, razumijevanja, tolerancije, srodnosti\u2026","rel":"","context":"U &quot;Novosti&quot;","block_context":{"text":"Novosti","link":"https:\/\/historiografija.hr\/?cat=3"},"img":{"alt_text":"","src":"https:\/\/i0.wp.com\/historiografija.hr\/wp-content\/uploads\/2026\/04\/noc_knjige_2026.jpg?fit=680%2C276&ssl=1&resize=350%2C200","width":350,"height":200,"srcset":"https:\/\/i0.wp.com\/historiografija.hr\/wp-content\/uploads\/2026\/04\/noc_knjige_2026.jpg?fit=680%2C276&ssl=1&resize=350%2C200 1x, https:\/\/i0.wp.com\/historiografija.hr\/wp-content\/uploads\/2026\/04\/noc_knjige_2026.jpg?fit=680%2C276&ssl=1&resize=525%2C300 1.5x"},"classes":[]},{"id":52536,"url":"https:\/\/historiografija.hr\/?p=52536","url_meta":{"origin":11798,"position":4},"title":"Kader Abdolah, \u201ePrije nego \u0161to bude kasno\u201c","author":"Branimir Jankovi\u0107","date":"20. travnja 2026.","format":false,"excerpt":"Kader Abdolah \u017eeli se vratiti ku\u0107i. Ali povratak je nemogu\u0107: u Iranu bi bio uhap\u0161en. Pod la\u017enim imenom i s krivotvorenim paso\u0161em ipak uspijeva u\u0107i u domovinu i sti\u017ee do roditeljske ku\u0107e, visoko u planinama. Majka ga ne prepoznaje, otac je mrtav, a sve \u0161to je tra\u017eio izmi\u010de mu pred\u2026","rel":"","context":"U &quot;Novosti&quot;","block_context":{"text":"Novosti","link":"https:\/\/historiografija.hr\/?cat=3"},"img":{"alt_text":"","src":"https:\/\/i0.wp.com\/historiografija.hr\/wp-content\/uploads\/2026\/04\/Prije-nego-sto-bude-kasno.webp?fit=566%2C872&ssl=1&resize=350%2C200","width":350,"height":200,"srcset":"https:\/\/i0.wp.com\/historiografija.hr\/wp-content\/uploads\/2026\/04\/Prije-nego-sto-bude-kasno.webp?fit=566%2C872&ssl=1&resize=350%2C200 1x, https:\/\/i0.wp.com\/historiografija.hr\/wp-content\/uploads\/2026\/04\/Prije-nego-sto-bude-kasno.webp?fit=566%2C872&ssl=1&resize=525%2C300 1.5x"},"classes":[]},{"id":52646,"url":"https:\/\/historiografija.hr\/?p=52646","url_meta":{"origin":11798,"position":5},"title":"5. MALI FESTIVAL POVIJESTI U LASTOVU","author":"Branimir Jankovi\u0107","date":"24. travnja 2026.","format":false,"excerpt":"Peti Mali festival povijesti odr\u017eava se od 25. do 27. travnja 2026. na Lastovu, u suradnji Zavoda za povijesne znanosti HAZU u Dubrovniku, Op\u0107ine Lastovo i Turisti\u010dke zajednice te uz potporu Dubrova\u010dko-neretvanske \u017eupanije. Predavanja: Dr. sc. Jasna \u010capo \u201eKu\u0107a kao zalog budu\u0107nosti i most izme\u0111u iseljenika i domovine\u201c Dr. sc.\u2026","rel":"","context":"U &quot;Novosti&quot;","block_context":{"text":"Novosti","link":"https:\/\/historiografija.hr\/?cat=3"},"img":{"alt_text":"","src":"https:\/\/i0.wp.com\/historiografija.hr\/wp-content\/uploads\/2026\/04\/Lastovo.jpg?fit=1200%2C700&ssl=1&resize=350%2C200","width":350,"height":200,"srcset":"https:\/\/i0.wp.com\/historiografija.hr\/wp-content\/uploads\/2026\/04\/Lastovo.jpg?fit=1200%2C700&ssl=1&resize=350%2C200 1x, https:\/\/i0.wp.com\/historiografija.hr\/wp-content\/uploads\/2026\/04\/Lastovo.jpg?fit=1200%2C700&ssl=1&resize=525%2C300 1.5x, https:\/\/i0.wp.com\/historiografija.hr\/wp-content\/uploads\/2026\/04\/Lastovo.jpg?fit=1200%2C700&ssl=1&resize=700%2C400 2x, https:\/\/i0.wp.com\/historiografija.hr\/wp-content\/uploads\/2026\/04\/Lastovo.jpg?fit=1200%2C700&ssl=1&resize=1050%2C600 3x"},"classes":[]}],"_links":{"self":[{"href":"https:\/\/historiografija.hr\/index.php?rest_route=\/wp\/v2\/posts\/11798","targetHints":{"allow":["GET"]}}],"collection":[{"href":"https:\/\/historiografija.hr\/index.php?rest_route=\/wp\/v2\/posts"}],"about":[{"href":"https:\/\/historiografija.hr\/index.php?rest_route=\/wp\/v2\/types\/post"}],"author":[{"embeddable":true,"href":"https:\/\/historiografija.hr\/index.php?rest_route=\/wp\/v2\/users\/2"}],"replies":[{"embeddable":true,"href":"https:\/\/historiografija.hr\/index.php?rest_route=%2Fwp%2Fv2%2Fcomments&post=11798"}],"version-history":[{"count":2,"href":"https:\/\/historiografija.hr\/index.php?rest_route=\/wp\/v2\/posts\/11798\/revisions"}],"predecessor-version":[{"id":11801,"href":"https:\/\/historiografija.hr\/index.php?rest_route=\/wp\/v2\/posts\/11798\/revisions\/11801"}],"wp:featuredmedia":[{"embeddable":true,"href":"https:\/\/historiografija.hr\/index.php?rest_route=\/wp\/v2\/media\/11799"}],"wp:attachment":[{"href":"https:\/\/historiografija.hr\/index.php?rest_route=%2Fwp%2Fv2%2Fmedia&parent=11798"}],"wp:term":[{"taxonomy":"category","embeddable":true,"href":"https:\/\/historiografija.hr\/index.php?rest_route=%2Fwp%2Fv2%2Fcategories&post=11798"},{"taxonomy":"post_tag","embeddable":true,"href":"https:\/\/historiografija.hr\/index.php?rest_route=%2Fwp%2Fv2%2Ftags&post=11798"}],"curies":[{"name":"wp","href":"https:\/\/api.w.org\/{rel}","templated":true}]}}