{"id":11772,"date":"2018-10-23T08:34:00","date_gmt":"2018-10-23T08:34:00","guid":{"rendered":"http:\/\/historiografija.hr\/?p=11772"},"modified":"2018-10-23T08:34:00","modified_gmt":"2018-10-23T08:34:00","slug":"predstavljanje-knjige-nebojse-lujanovica-prostor-za-otpadnike-od-ideologije-i-identiteta-do-knjizevnog-polja","status":"publish","type":"post","link":"https:\/\/historiografija.hr\/?p=11772","title":{"rendered":"Predstavljanje knjige Neboj\u0161e Lujanovi\u0107a &#8216;Prostor za otpadnike. Od ideologije i identiteta do knji\u017eevnog polja&#8217;"},"content":{"rendered":"<p>U \u010detvrtak, 25. listopada 2018. u 19 sati u Knji\u017enici Marije Juri\u0107 Zagorke u Zagrebu bit \u0107e predstavljena knjiga Neboj\u0161e Lujanovi\u0107a \u201co autorima dvojne (ili vi\u0161e) identitetske pripadnosti koji ne zadovoljavaju tradicionalne kriterije uokviravanja u koncepte nacionalne knji\u017eevnosti\u201d poput Ive Andri\u0107a, Miljenka Jergovi\u0107a i Josipa Mlaki\u0107a.<\/p>\n<p>&nbsp;<\/p>\n<p>&#8212;<\/p>\n<p>&nbsp;<\/p>\n<p><strong>Leykam international predstavlja novu knjigu Neboj\u0161e Lujanovi\u0107a &#8216;Prostor za otpadnike&#8217; <\/strong><\/p>\n<p>&nbsp;<\/p>\n<p>U \u010detvrtak, 25. listopada 2018. u 19:00 sati, nakladni\u010dka ku\u0107a Leykam international predstavit \u0107e u Knji\u017enici Marije Juri\u0107 Zagorke (Krvavi most 2, Zagreb) novu knjigu Neboj\u0161e Lujanovi\u0107a &#8220;Prostor za otpadnike: Od ideologije i identiteta do knji\u017eevnog polja&#8221;.<\/p>\n<p>&nbsp;<\/p>\n<p>O knjizi \u0107e govoriti Julijana Matanovi\u0107 i Dean Duda.<\/p>\n<p>&nbsp;<\/p>\n<p>Pristup i metodologija su u povijesti znanstvenog zanimanja za ovaj problem vjerojatno najdomi\u0161ljeniji i najsofisticiraniji dosad. Istra\u017eivanje je provedeno prema najvi\u0161im znanstvenim standardima u podru\u010dju humanistike, osobito u podru\u010dju razmjene znanja izme\u0111u znanosti o knji\u017eevnosti i susjednih humanisti\u010dkih disciplina (\u2026). Izniman u metodologiji, precizan u istra\u017eivanju, nov u rezultatima, zanimljiv u interpretaciji \u2013 rukopis Neboj\u0161e Lujanovi\u0107a distinktivan je u odnosu na uvrije\u017eene modele istra\u017eivanja knji\u017eevnog identiteta i njegova dijakronijskog rastera u hrvatsko-bosanskom odnosno bosansko-hrvatskom kompleksu od Andri\u0107a do recentnih vremena i autora, poput Jergovi\u0107a i Mlaki\u0107a. U tom smislu predstavlja iznimno znanstveno i interpretativno dostignu\u0107e u \u0161irem humanisti\u010dkom podru\u010dju\u2026<\/p>\n<p>&nbsp;<\/p>\n<p>(dr.sc. Dean Duda)<\/p>\n<p>&nbsp;<\/p>\n<p>Ukratko, knjiga Neboj\u0161e Lujanovi\u0107a ponajbolje do sada pokazuje kako treba pristupiti djelima pisaca odraslim i oblikovanim u razli\u010ditim kulturama i razdvojenim u svom ja. Nakon Lujanovi\u0107eva \u010ditanja spremnije \u0107emo ulaziti u rasprave na temu pripadnosti pojedinih pisaca pojedinim nacionalnim knji\u017eevnostima. Pozicija pisca izme\u0111u oduvijek se opisivala kao me\u0111uprostor iz kojeg se crpe pri\u010de i poti\u010de kreacija, ali je u isto vrijeme zadavala nepotrebne glavobolje povjesni\u010darima koji su jednom piscu nastojali dodijeliti samo jednu adresu. Rukopis Neboj\u0161e Lujanovi\u0107a uveliko to mijenja i na sve teme o identitetu baca \u2013 ne novo nego &#8211; pravo svjetlo.<\/p>\n<p>&nbsp;<\/p>\n<p>(dr.sc. Julijana Matanovi\u0107)<\/p>\n<p>&nbsp;<\/p>\n<p>&#8212;<\/p>\n<p>&nbsp;<\/p>\n<p>Neboj\u0161a Lujanovi\u0107<\/p>\n<p>&nbsp;<\/p>\n<p><strong>Prostor za otpadnike : Od ideologije i identiteta do knji\u017eevnog polja<\/strong><\/p>\n<p>&nbsp;<\/p>\n<p>U knjizi rije\u010d je o autorima dvojne (ili vi\u0161e) identitetske pripadnosti koji ne zadovoljavaju tradicionalne kriterije uokviravanja u koncepte nacionalne knji\u017eevnosti. Osim toga, kada se izdvoji popis doti\u010dnih autora, uo\u010dljiva je i odre\u0111ena poveznica ili imaginarna krivulja na koju se mogu pozicionirati, naslje\u0111uju\u0107i poeti\u010dke odrednice. Su\u017eavaju\u0107i kut promatranja za potrebe ove analize, odabran je Ivo Andri\u0107 kao za\u010detnik poetike otpadnika, a Miljenko Jergovi\u0107 i Josip Mlaki\u0107 kao najadekvatniji primjer njene reaktivacije. Osim toga, oni pokazuju i zajedni\u010dke karakteristike u izvantekstualnom pozicioniranju koje usmjerava intrerpretacijske potencijale teksta. Za teorijsko tretiranje takvih autora, pokazao se naju\u010dinkovitijim model Pierrea Bourdieua i njegov koncept knji\u017eevnoga polja. Izdvajaju\u0107i zajedni\u010dke karakteristike spomenutih autora (relativiziranje granice prema Drugome i konstrukcija \\\\\\&#8217;bosanskog fatalizma), ali i razlika (upotreba ironije i sl.), tekst postavlja tezu o dovoljno izra\u017eenim zajedni\u010dkim karakteristikama da bi se moglo govoriti o knji\u017eevnom polju izme\u0111u hrvatske i bosanskohercegova\u010dke knji\u017eevnosti. Pored toga, tekst ima pretenziju ukazati na mogu\u0107nost primjene ovog pristupa i na druge autore u sli\u010dnoj poziciji iz regionalne knji\u017eevnosti jer bi ta primjena mogla otvoriti i neka nova knji\u017eevna polja.<\/p>\n<p>&nbsp;<\/p>\n<p>Izvori:<\/p>\n<p>&nbsp;<\/p>\n<p><a href=\"http:\/\/www.leykam-international.hr\/\">http:\/\/www.leykam-international.hr\/<\/a><\/p>\n<p>&nbsp;<\/p>\n<p><a href=\"https:\/\/www.mvinfo.hr\/clanak\/leykam-international-predstavlja-novu-knjigu-nebojse-lujanovica-prostor-za-otpadnike\">https:\/\/www.mvinfo.hr\/clanak\/leykam-international-predstavlja-novu-knjigu-nebojse-lujanovica-prostor-za-otpadnike<\/a><\/p>\n<p>&nbsp;<\/p>\n<p>&nbsp;<\/p>\n","protected":false},"excerpt":{"rendered":"","protected":false},"author":2,"featured_media":11773,"comment_status":"open","ping_status":"open","sticky":false,"template":"","format":"standard","meta":{"_acf_changed":false,"jetpack_post_was_ever_published":false,"_jetpack_newsletter_access":"","_jetpack_dont_email_post_to_subs":false,"_jetpack_newsletter_tier_id":0,"_jetpack_memberships_contains_paywalled_content":false,"_jetpack_memberships_contains_paid_content":false,"footnotes":"","jetpack_publicize_message":"","jetpack_publicize_feature_enabled":true,"jetpack_social_post_already_shared":true,"jetpack_social_options":{"image_generator_settings":{"template":"highway","default_image_id":0,"font":"","enabled":false},"version":2}},"categories":[3],"tags":[],"class_list":["post-11772","post","type-post","status-publish","format-standard","has-post-thumbnail","hentry","category-novosti"],"acf":{"facebook_opis":""},"jetpack_publicize_connections":[],"jetpack_featured_media_url":"https:\/\/i0.wp.com\/historiografija.hr\/wp-content\/uploads\/2018\/10\/prostor.jpg?fit=620%2C310&ssl=1","jetpack_sharing_enabled":true,"jetpack-related-posts":[{"id":52619,"url":"https:\/\/historiografija.hr\/?p=52619","url_meta":{"origin":11772,"position":0},"title":"Predavanje \u0110ur\u0111ice Vitkovi\u0107 &#8220;Izme\u0111u pera i objektiva: Zagorka i Foto Tonka&#8221;","author":"Branimir Jankovi\u0107","date":"23. travnja 2026.","format":false,"excerpt":"Memorijalni stan Marije Juri\u0107 Zagorke poziva Vas na predavanje \u0110ur\u0111ice Vitkovi\u0107 \u201eIzme\u0111u pera i objektiva: Zagorka i Foto Tonka\u201c koje \u0107e se odr\u017eati u utorak, 28. travnja 2026. s po\u010detkom u 18 h u sklopu Ciklusa predavanja u Memorijalnom stanu Marije Juri\u0107 Zagorke. Kako su se susrele knji\u017eevnost i fotografija\u2026","rel":"","context":"U &quot;Novosti&quot;","block_context":{"text":"Novosti","link":"https:\/\/historiografija.hr\/?cat=3"},"img":{"alt_text":"","src":"https:\/\/i0.wp.com\/historiografija.hr\/wp-content\/uploads\/2024\/11\/Zagorka_ciklus.jpg?fit=1200%2C1006&ssl=1&resize=350%2C200","width":350,"height":200,"srcset":"https:\/\/i0.wp.com\/historiografija.hr\/wp-content\/uploads\/2024\/11\/Zagorka_ciklus.jpg?fit=1200%2C1006&ssl=1&resize=350%2C200 1x, https:\/\/i0.wp.com\/historiografija.hr\/wp-content\/uploads\/2024\/11\/Zagorka_ciklus.jpg?fit=1200%2C1006&ssl=1&resize=525%2C300 1.5x, https:\/\/i0.wp.com\/historiografija.hr\/wp-content\/uploads\/2024\/11\/Zagorka_ciklus.jpg?fit=1200%2C1006&ssl=1&resize=700%2C400 2x, https:\/\/i0.wp.com\/historiografija.hr\/wp-content\/uploads\/2024\/11\/Zagorka_ciklus.jpg?fit=1200%2C1006&ssl=1&resize=1050%2C600 3x"},"classes":[]},{"id":52439,"url":"https:\/\/historiografija.hr\/?p=52439","url_meta":{"origin":11772,"position":1},"title":"Tribina &#8220;Ahmi\u0107i 33 godine kasnije: Ne u na\u0161e ime&#8221;","author":"Branimir Jankovi\u0107","date":"16. travnja 2026.","format":false,"excerpt":"U \u010detvrtak, 16. travnja 2026. u 17 sati u Knji\u017enici i \u010ditaonici Bogdana Ogrizovi\u0107a u Zagrebu odr\u017eat \u0107e se tribina pod nazivom Ahmi\u0107i 33 godine kasnije: Ne u na\u0161e ime. Na tribini \u0107e govoriti Ivica \u0110iki\u0107, novinar, Mubera Masli\u0107 \u2013 \u017ddralovi\u0107, aktivistikinja, prevoditeljica za arapski, Domagoj Fuk, student politologije, \u010dlan\u2026","rel":"","context":"U &quot;Novosti&quot;","block_context":{"text":"Novosti","link":"https:\/\/historiografija.hr\/?cat=3"},"img":{"alt_text":"","src":"https:\/\/i0.wp.com\/historiografija.hr\/wp-content\/uploads\/2026\/04\/Zagreb_2026.jpeg?fit=1200%2C900&ssl=1&resize=350%2C200","width":350,"height":200,"srcset":"https:\/\/i0.wp.com\/historiografija.hr\/wp-content\/uploads\/2026\/04\/Zagreb_2026.jpeg?fit=1200%2C900&ssl=1&resize=350%2C200 1x, https:\/\/i0.wp.com\/historiografija.hr\/wp-content\/uploads\/2026\/04\/Zagreb_2026.jpeg?fit=1200%2C900&ssl=1&resize=525%2C300 1.5x, https:\/\/i0.wp.com\/historiografija.hr\/wp-content\/uploads\/2026\/04\/Zagreb_2026.jpeg?fit=1200%2C900&ssl=1&resize=700%2C400 2x, https:\/\/i0.wp.com\/historiografija.hr\/wp-content\/uploads\/2026\/04\/Zagreb_2026.jpeg?fit=1200%2C900&ssl=1&resize=1050%2C600 3x"},"classes":[]},{"id":52496,"url":"https:\/\/historiografija.hr\/?p=52496","url_meta":{"origin":11772,"position":2},"title":"30 godina Podru\u017enice \u2013 Javno predavanje Matea \u010calu\u0161i\u0107a \u201eSlavonski Brod u Domovinskom ratu\u201c","author":"Branimir Jankovi\u0107","date":"17. travnja 2026.","format":false,"excerpt":"U 2026. navr\u0161ava se trideset godina od osnutka Podru\u017enice za povijest Slavonije, Srijema i Baranje Hrvatskoga instituta za povijest. Obilje\u017eavanje ove zna\u010dajne obljetnice zapo\u010dinje ciklusom javnih povijesnih predavanja znanstvenika Instituta. Tre\u0107e po redu je predavanje Matea \u010calu\u0161i\u0107a \u2013 \u201eSLAVONSKI BROD U DOMOVINSKOM RATU\u201c. Predavanje \u0107e se odr\u017eati 21. travnja 2026.\u2026","rel":"","context":"U &quot;Novosti&quot;","block_context":{"text":"Novosti","link":"https:\/\/historiografija.hr\/?cat=3"},"img":{"alt_text":"","src":"https:\/\/i0.wp.com\/historiografija.hr\/wp-content\/uploads\/2026\/04\/Predavanje-Calusic.png?fit=860%2C1200&ssl=1&resize=350%2C200","width":350,"height":200,"srcset":"https:\/\/i0.wp.com\/historiografija.hr\/wp-content\/uploads\/2026\/04\/Predavanje-Calusic.png?fit=860%2C1200&ssl=1&resize=350%2C200 1x, https:\/\/i0.wp.com\/historiografija.hr\/wp-content\/uploads\/2026\/04\/Predavanje-Calusic.png?fit=860%2C1200&ssl=1&resize=525%2C300 1.5x, https:\/\/i0.wp.com\/historiografija.hr\/wp-content\/uploads\/2026\/04\/Predavanje-Calusic.png?fit=860%2C1200&ssl=1&resize=700%2C400 2x"},"classes":[]},{"id":52508,"url":"https:\/\/historiografija.hr\/?p=52508","url_meta":{"origin":11772,"position":3},"title":"Glazbena radionica \u201eDUGMETARA REVISITED\u201c","author":"Branimir Jankovi\u0107","date":"17. travnja 2026.","format":false,"excerpt":"DUGMETARA REVISITED glazbena radionica vodi: Ana Horvat 13., 20. i 27. travnja, od 18 do 20 sati Radiona, Nova cesta 186 Na tri radioni\u010dka susreta uranjamo u naslje\u0111e Dugmetare, biv\u0161e tvornice dugmadi na Savskoj cesti koja je po\u010detkom 2000-ih igrom slu\u010daja postala \u017eivo, jedinstveno mjesto glazbene proizvodnje. Svoje su probe\u2026","rel":"","context":"U &quot;Novosti&quot;","block_context":{"text":"Novosti","link":"https:\/\/historiografija.hr\/?cat=3"},"img":{"alt_text":"","src":"https:\/\/i0.wp.com\/historiografija.hr\/wp-content\/uploads\/2026\/04\/TRESNJA_TRESTI.jpg?fit=380%2C475&ssl=1&resize=350%2C200","width":350,"height":200},"classes":[]},{"id":52704,"url":"https:\/\/historiografija.hr\/?p=52704","url_meta":{"origin":11772,"position":4},"title":"Predstavljanje knjige &#8220;Vladimir Vasiljevi\u0107: Moji do\u017eivljaji. Dnevni\u010dki zapisi iz Prvoga svjetskog rata i poratnoga vremena&#8221;","author":"Filip \u0160imunjak","date":"29. travnja 2026.","format":false,"excerpt":"Doga\u0111anja ovogodi\u0161njega Festivala povijesti Kliofest zapo\u010dinjemo ve\u0107 i prije samoga slu\u017ebenog otvaranja, predstavljanjem knjige \u201eMoji do\u017eivljaji. Dnevni\u010dki zapisi iz Prvoga svjetskog rata i poratnoga vremena\u201d Vladimira Vasiljevi\u0107a, koju su priredili Karlo Rukavina i Damir Agi\u010di\u0107. Pozivamo Vas na predstavljanje koje \u0107e se odr\u017eati u ponedjeljak 4. svibnja, s po\u010detkom u\u2026","rel":"","context":"U &quot;Knjige&quot;","block_context":{"text":"Knjige","link":"https:\/\/historiografija.hr\/?cat=8"},"img":{"alt_text":"","src":"https:\/\/i0.wp.com\/historiografija.hr\/wp-content\/uploads\/2026\/04\/Naslovna-V.-Vasiljevic.webp?fit=1200%2C600&ssl=1&resize=350%2C200","width":350,"height":200,"srcset":"https:\/\/i0.wp.com\/historiografija.hr\/wp-content\/uploads\/2026\/04\/Naslovna-V.-Vasiljevic.webp?fit=1200%2C600&ssl=1&resize=350%2C200 1x, https:\/\/i0.wp.com\/historiografija.hr\/wp-content\/uploads\/2026\/04\/Naslovna-V.-Vasiljevic.webp?fit=1200%2C600&ssl=1&resize=525%2C300 1.5x, https:\/\/i0.wp.com\/historiografija.hr\/wp-content\/uploads\/2026\/04\/Naslovna-V.-Vasiljevic.webp?fit=1200%2C600&ssl=1&resize=700%2C400 2x, https:\/\/i0.wp.com\/historiografija.hr\/wp-content\/uploads\/2026\/04\/Naslovna-V.-Vasiljevic.webp?fit=1200%2C600&ssl=1&resize=1050%2C600 3x"},"classes":[]},{"id":52717,"url":"https:\/\/historiografija.hr\/?p=52717","url_meta":{"origin":11772,"position":5},"title":"Okrugli stol &#8220;Dvjestapedeset godina Sjedinjenih Ameri\u010dkih Dr\u017eava \u2013 od kolonije do prve zemlje svijeta i dalje&#8221;","author":"Filip \u0160imunjak","date":"29. travnja 2026.","format":false,"excerpt":"Ove godine obilje\u017eava se 250. obljetnica osnutka Sjedinjenih Ameri\u010dkih Dr\u017eava, povodom koje je pokrenut niz rasprava o ameri\u010dkoj povijesti, njezinoj globalnoj ulozi i naslje\u0111u koje se prote\u017ee od 1776. do danas. Obljetnica je ujedno prilika za promi\u0161ljanje o tome kako danas tuma\u010dimo ameri\u010dku pro\u0161lost, ali i (aktualnu) ulogu SAD-a u\u2026","rel":"","context":"U &quot;Novosti&quot;","block_context":{"text":"Novosti","link":"https:\/\/historiografija.hr\/?cat=3"},"img":{"alt_text":"","src":"https:\/\/i0.wp.com\/historiografija.hr\/wp-content\/uploads\/2026\/04\/Kliofest-01-utorak-I-02-OS-250-godina-SAD.jpg?fit=1200%2C566&ssl=1&resize=350%2C200","width":350,"height":200,"srcset":"https:\/\/i0.wp.com\/historiografija.hr\/wp-content\/uploads\/2026\/04\/Kliofest-01-utorak-I-02-OS-250-godina-SAD.jpg?fit=1200%2C566&ssl=1&resize=350%2C200 1x, https:\/\/i0.wp.com\/historiografija.hr\/wp-content\/uploads\/2026\/04\/Kliofest-01-utorak-I-02-OS-250-godina-SAD.jpg?fit=1200%2C566&ssl=1&resize=525%2C300 1.5x, https:\/\/i0.wp.com\/historiografija.hr\/wp-content\/uploads\/2026\/04\/Kliofest-01-utorak-I-02-OS-250-godina-SAD.jpg?fit=1200%2C566&ssl=1&resize=700%2C400 2x, https:\/\/i0.wp.com\/historiografija.hr\/wp-content\/uploads\/2026\/04\/Kliofest-01-utorak-I-02-OS-250-godina-SAD.jpg?fit=1200%2C566&ssl=1&resize=1050%2C600 3x"},"classes":[]}],"_links":{"self":[{"href":"https:\/\/historiografija.hr\/index.php?rest_route=\/wp\/v2\/posts\/11772","targetHints":{"allow":["GET"]}}],"collection":[{"href":"https:\/\/historiografija.hr\/index.php?rest_route=\/wp\/v2\/posts"}],"about":[{"href":"https:\/\/historiografija.hr\/index.php?rest_route=\/wp\/v2\/types\/post"}],"author":[{"embeddable":true,"href":"https:\/\/historiografija.hr\/index.php?rest_route=\/wp\/v2\/users\/2"}],"replies":[{"embeddable":true,"href":"https:\/\/historiografija.hr\/index.php?rest_route=%2Fwp%2Fv2%2Fcomments&post=11772"}],"version-history":[{"count":1,"href":"https:\/\/historiografija.hr\/index.php?rest_route=\/wp\/v2\/posts\/11772\/revisions"}],"predecessor-version":[{"id":11774,"href":"https:\/\/historiografija.hr\/index.php?rest_route=\/wp\/v2\/posts\/11772\/revisions\/11774"}],"wp:featuredmedia":[{"embeddable":true,"href":"https:\/\/historiografija.hr\/index.php?rest_route=\/wp\/v2\/media\/11773"}],"wp:attachment":[{"href":"https:\/\/historiografija.hr\/index.php?rest_route=%2Fwp%2Fv2%2Fmedia&parent=11772"}],"wp:term":[{"taxonomy":"category","embeddable":true,"href":"https:\/\/historiografija.hr\/index.php?rest_route=%2Fwp%2Fv2%2Fcategories&post=11772"},{"taxonomy":"post_tag","embeddable":true,"href":"https:\/\/historiografija.hr\/index.php?rest_route=%2Fwp%2Fv2%2Ftags&post=11772"}],"curies":[{"name":"wp","href":"https:\/\/api.w.org\/{rel}","templated":true}]}}