{"id":11736,"date":"2018-10-20T07:40:56","date_gmt":"2018-10-20T07:40:56","guid":{"rendered":"http:\/\/historiografija.hr\/?p=11736"},"modified":"2018-10-20T07:40:56","modified_gmt":"2018-10-20T07:40:56","slug":"kristina-deskar-medunarodna-ljetna-skola-spomen-podrucja-bergen-belsen-memory-in-the-digital-age","status":"publish","type":"post","link":"https:\/\/historiografija.hr\/?p=11736","title":{"rendered":"Kristina Deskar \u2013 Me\u0111unarodna ljetna \u0161kola Spomen-podru\u010dja Bergen-Belsen \u201eMemory in the Digital Age\u201c"},"content":{"rendered":"<p>Od 28. srpnja do 5. kolovoza 2018. godine sudjelovala sam na ljetnoj \u0161koli <em>Bergen-Belsen International Summer School \u2013 Memory in the Digital Age<\/em> u Njema\u010dkoj. \u0160kolu ve\u0107 pet godina za redom organizira Spomen-podru\u010dje Bergen-Belsen za studente na razli\u010ditim razinama studija koje zanima kultura sje\u0107anja u globalnom i digitalnom kontekstu. Cilj joj je pokazati kako je suo\u010davanje s pro\u0161lo\u0161\u0107u ure\u0111eno u Njema\u010dkoj i konkretno u Bergen-Belsenu, kako se edukacije o Holokaustu provode u njihovom muzeju te kako se na njima mo\u017ee pristupiti i problemima suvremenog dru\u0161tva. Ljetna \u0161kola je ove godine prvi puta organizirana u suradnji s Edukacijskim centrom Anne Frank u Frankfurtu, koji je predstavio svoje radionice i edukativne materijale.<\/p>\n<p>Spomen-podru\u010dje Bergen-Belsen zaista je odli\u010dno mjesto za organizaciju ovakve ljetne \u0161kole. Izuzetno je dobro organizirano \u2013 u njemu stalno ili povremeno radi otprilike 100 ljudi \u2013 te ima dugu i uspje\u0161nu tradiciju odr\u017eavanja sje\u0107anja na strahote Drugog svjetskog rata. Jedna od najve\u0107ih prednosti ovog spomen-podru\u010dja je \u0161to se osim koncentracijskim logorom i golemim brojem umrlih \u017didova bavi svim stradalima u njemu, uklju\u010duju\u0107i ratne zarobljenike za koje je logor prvotno i formiran, kao i kampom za Poljake i \u017didove koji se nakon rata nisu imali kamo vratiti te su na podru\u010dju logora boravili sve do 1950. godine (<em>Displaced Persons Camp<\/em>). \u0160tovi\u0161e, osim \u017ertava, izlo\u017eba u muzeju predstavlja i po\u010dinitelje te su\u0111enja nakon rata, pa ovom sveobuhvatnom izlo\u017ebom posjetitelji dobivaju zaokru\u017eenu pri\u010du o doga\u0111ajima u logoru. Mnoge odli\u010dne ideje koje su u Bergen-Belsenu provedene u djelo mogu se primijeniti i na spomen-podru\u010dja u Hrvatskoj, osobito na Jasenovac koji s ovim logorom ima brojne sli\u010dnosti. Naime, ni u Bergen-Belsenu vi\u0161e ne postoji ni jedna gra\u0111evina iz Drugog svjetskog rata, a i ve\u0107ina dokumenata iz vremena logora je uni\u0161tena prije njegovog oslobo\u0111enja.<\/p>\n<p>Sudionici ovogodi\u0161nje ljetne \u0161kole bili su mladi istra\u017eiva\u010di iz Europe, Afrike, Sjeverne i Ju\u017ene Amerike od kojih se mnogi bave genocidom te kulturom, odnosno politikom sje\u0107anja u svojim dru\u0161tvima. Neki od njih bave se i hrvatskom povije\u0161\u0107u \u2013 kolegica sa Sveu\u010dili\u0161ta u Uppsali koja se bavi seksualnim zlo\u010dinima po\u010dinjenima tijekom Domovinskog rata kroz o\u010di ICTY-ja te kolega sa Sveu\u010dili\u0161ta u Hagu koji je pisao o na\u010dinu na koji su vode\u0107i hrvatski tiskani mediji izvje\u0161tavali o samoubojstvu Slobodana Praljka. Bilo je zanimljivo \u010duti kako kolege gledaju na probleme vezane za pro\u0161lost s kojima se u Hrvatskoj suo\u010davamo gotovo svakodnevno, osobito s obzirom na to da je jedan od predava\u010da u \u0161koli bio znanstvenik sa Sveu\u010dili\u0161ta u Rijeci, Vjeran Pavlakovi\u0107, koji je predstavio suo\u010davanje s pro\u0161lo\u0161\u0107u u Hrvatskoj te skrenuo pozornost na va\u017enost na\u010dina na koje se sje\u0107amo, prije svega kroz spomenike. Osim njega, predavanja su odr\u017eali Rob van der Laarse sa Sveu\u010dili\u0161ta u Amsterdamu, koji nas je upoznao s problemati\u010dnim naslije\u0111em nacionalsocijalisti\u010dkog re\u017eima u Njema\u010dkoj, ali i ostatku Europe, te Jens-Christian Wagner koji je odr\u017eao predavanje \u201eTransitional Justice in South America\u201c s posebnim osvrtom na zajednicu njema\u010dkih iseljenika u \u010cileu, <em>Coloniu Dignidad<\/em>, \u010dime je htio pokazati kako je pomirenje provedeno u Njema\u010dkoj nakon Drugog svjetskog rata primjenjivo i na druge situacije.<\/p>\n<p>Za vrijeme ljetne \u0161kole imala sam priliku upoznati pitoreskni gradi\u0107 Hermannsburg u kojem smo bili smje\u0161teni tijekom dijela \u0161kole vezane uz Bergen-Belsen, a u koji me put ina\u010de gotovo sigurno nikad ne bi odveo, te predivni Frankfurt u kojem smo proveli ostala \u010detiri dana i imali \u010dak dvije ture po gradu. Jedna od njih bila je u sklopu Edukacijskog centra Anne Frank po mjestima u gradu koja su bila zna\u010dajna za \u017eivot te djevoj\u010dice koja je nakon bijega iz rodnog Frankfurta i uhi\u0107enja u Amsterdamu skon\u010dala u Bergen-Belsenu. Nakon obilaska grada djelatnice Centra, koji se bavi promoviranjem tolerancije, otvorile su nam vrata nedavno postavljene izlo\u017ebe namijenjene djeci i mladima. S obzirom na ciljanu populaciju izlo\u017eba je \u0161arena, interaktivna, digitalna i organizirana kao igraonica. Zami\u0161ljena je tako da svako dijete dobije svoj tablet s kojim obilazi igraonicu, na njemu pronalazi informacije vezane za slike ili videa, gleda prikaz skrovi\u0161ta obitelji Frank u Amsterdamu i igra igre. Treba napomenuti da je samo dio izlo\u017ebe vezan za pri\u010du Anne Frank dok se ostatak bavi razli\u010ditim vrstama diskriminacije \u2013 seksizmom, rasizmom, predrasudama, ali i zlostavljanjem. Osobito mi se svidjelo \u0161to kroz nju djeca u\u010de implicitno, u opu\u0161tenoj atmosferi i na konkretnim primjerima. Nakon izlo\u017ebe u\u010denici s voditeljima razgovaraju o onome \u0161to su vidjeli te dolaze do konkretnih zaklju\u010daka. Zamisao autora ove nove izlo\u017ebe jest da, osim djece, na radionice u Edukacijski centar dolaze i mladi te u\u010ditelji.<\/p>\n<p>Drugu turu po Frankfurtu organizirali su \u010dlanovi udruge <em>Faites votre jeu, <\/em>aktivisti koji poma\u017eu izbjeglicama i azilantima te poku\u0161avaju javnosti ukazati na njihove probleme. Kroz razgovor i problemski pristup poku\u0161ali su upozoriti na nerazumijevanje sustava, a time i dru\u0161tva prema azilantima. Obilazak je zavr\u0161io u njihovim prostorijama koje se nalaze u biv\u0161em zatvoru za osobe koje \u010dekaju deportaciju, gdje je postavljena izlo\u017eba o povijesti zatvora. Na kraju dru\u017eenja aktivisti su nam skrenuli pozornost na to kako ljudi koji su smatrani nepo\u017eeljnima i kriminalcima nekoliko godina kasnije, pristupanjem novih \u010dlanica i otvaranjem granica me\u0111u dr\u017eavama Europske unije, mogu unutar nje slobodno putovati i raditi. To mjesto ina\u010de nije na karti mjesta turisti\u010dkih atrakcija, a govori toliko o pro\u0161losti i sada\u0161njosti te skre\u0107e pozornost na goru\u0107e probleme Europske unije i svijeta. Osim toga, pokazalo nam je kako su problemi diskriminacije univerzalni, ali mogu li takva biti i rje\u0161enja? U svakom slu\u010daju, potrebno je ulagati mnogo truda kako bismo se s njima suo\u010dili i stvorili zdravije dru\u0161tvo za budu\u0107nost.<\/p>\n<p>&nbsp;<\/p>\n<p><em>Kristina Deskar<\/em><\/p>\n<p>&nbsp;<\/p>\n<p>&nbsp;<\/p>\n","protected":false},"excerpt":{"rendered":"","protected":false},"author":2,"featured_media":0,"comment_status":"open","ping_status":"open","sticky":false,"template":"","format":"standard","meta":{"_acf_changed":false,"jetpack_post_was_ever_published":false,"_jetpack_newsletter_access":"","_jetpack_dont_email_post_to_subs":false,"_jetpack_newsletter_tier_id":0,"_jetpack_memberships_contains_paywalled_content":false,"_jetpack_memberships_contains_paid_content":false,"footnotes":"","jetpack_publicize_message":"","jetpack_publicize_feature_enabled":true,"jetpack_social_post_already_shared":true,"jetpack_social_options":{"image_generator_settings":{"template":"highway","default_image_id":0,"font":"","enabled":false},"version":2}},"categories":[4],"tags":[],"class_list":["post-11736","post","type-post","status-publish","format-standard","hentry","category-osvrti"],"acf":{"facebook_opis":""},"jetpack_publicize_connections":[],"jetpack_featured_media_url":"","jetpack_sharing_enabled":true,"jetpack-related-posts":[{"id":52666,"url":"https:\/\/historiografija.hr\/?p=52666","url_meta":{"origin":11736,"position":0},"title":"Najava programa Festivala povijesti Kliofest (5-8. V. 2026)","author":"Branimir Jankovi\u0107","date":"24. travnja 2026.","format":false,"excerpt":"Po trinaesti put odr\u017eava se Festival povijesti Kliofest! Do petka \u0107emo odr\u017eati osam okruglih stolova i dva kolokvija te niz predstavljanja knjiga i projekata razli\u010dite tematike, od antike do suvremenosti. Bit \u0107e predstavljeno i nekoliko izlo\u017ebi te odr\u017ean jedan povijesni kviz. Prikazat \u0107emo i jedan film \u2013 o generalu Boroevi\u0107u.\u2026","rel":"","context":"U &quot;Novosti&quot;","block_context":{"text":"Novosti","link":"https:\/\/historiografija.hr\/?cat=3"},"img":{"alt_text":"","src":"https:\/\/i0.wp.com\/historiografija.hr\/wp-content\/uploads\/2026\/04\/Kliofest-2026.jpg?fit=526%2C526&ssl=1&resize=350%2C200","width":350,"height":200,"srcset":"https:\/\/i0.wp.com\/historiografija.hr\/wp-content\/uploads\/2026\/04\/Kliofest-2026.jpg?fit=526%2C526&ssl=1&resize=350%2C200 1x, https:\/\/i0.wp.com\/historiografija.hr\/wp-content\/uploads\/2026\/04\/Kliofest-2026.jpg?fit=526%2C526&ssl=1&resize=525%2C300 1.5x"},"classes":[]},{"id":52717,"url":"https:\/\/historiografija.hr\/?p=52717","url_meta":{"origin":11736,"position":1},"title":"Okrugli stol &#8220;Dvjestapedeset godina Sjedinjenih Ameri\u010dkih Dr\u017eava \u2013 od kolonije do prve zemlje svijeta i dalje&#8221;","author":"Filip \u0160imunjak","date":"29. travnja 2026.","format":false,"excerpt":"Ove godine obilje\u017eava se 250. obljetnica osnutka Sjedinjenih Ameri\u010dkih Dr\u017eava, povodom koje je pokrenut niz rasprava o ameri\u010dkoj povijesti, njezinoj globalnoj ulozi i naslje\u0111u koje se prote\u017ee od 1776. do danas. Obljetnica je ujedno prilika za promi\u0161ljanje o tome kako danas tuma\u010dimo ameri\u010dku pro\u0161lost, ali i (aktualnu) ulogu SAD-a u\u2026","rel":"","context":"U &quot;Novosti&quot;","block_context":{"text":"Novosti","link":"https:\/\/historiografija.hr\/?cat=3"},"img":{"alt_text":"","src":"https:\/\/i0.wp.com\/historiografija.hr\/wp-content\/uploads\/2026\/04\/Kliofest-01-utorak-I-02-OS-250-godina-SAD.jpg?fit=1200%2C566&ssl=1&resize=350%2C200","width":350,"height":200,"srcset":"https:\/\/i0.wp.com\/historiografija.hr\/wp-content\/uploads\/2026\/04\/Kliofest-01-utorak-I-02-OS-250-godina-SAD.jpg?fit=1200%2C566&ssl=1&resize=350%2C200 1x, https:\/\/i0.wp.com\/historiografija.hr\/wp-content\/uploads\/2026\/04\/Kliofest-01-utorak-I-02-OS-250-godina-SAD.jpg?fit=1200%2C566&ssl=1&resize=525%2C300 1.5x, https:\/\/i0.wp.com\/historiografija.hr\/wp-content\/uploads\/2026\/04\/Kliofest-01-utorak-I-02-OS-250-godina-SAD.jpg?fit=1200%2C566&ssl=1&resize=700%2C400 2x, https:\/\/i0.wp.com\/historiografija.hr\/wp-content\/uploads\/2026\/04\/Kliofest-01-utorak-I-02-OS-250-godina-SAD.jpg?fit=1200%2C566&ssl=1&resize=1050%2C600 3x"},"classes":[]},{"id":52607,"url":"https:\/\/historiografija.hr\/?p=52607","url_meta":{"origin":11736,"position":2},"title":"No\u0107 knjige: Kako je prije 410 godina smr\u0107u Shakespearea i Cervantesa zavr\u0161ilo razdoblje renesanse u knji\u017eevnosti","author":"Branimir Jankovi\u0107","date":"22. travnja 2026.","format":false,"excerpt":"\u010cetvrtak, 23. travnja 2026. u 18:00 sati, Knji\u017eara Matice hrvatske, Ulica Matice hrvatske 2, Zagreb Uvodna rije\u010d: dr. sc.\u00a0Dubravka Brezak Stama\u0107, pro\u010delnica Odjela za knji\u017eevnost Matice hrvatske Prof. dr. sc. Ivan Lupi\u0107, redoviti profesor u Odsjeku za anglistiku i Odsjeku za kroatistiku Sveu\u010dili\u0161ta u RijeciShakespeare, kazali\u0161te, glazbaKada se susre\u0107emo sa\u2026","rel":"","context":"U &quot;Novosti&quot;","block_context":{"text":"Novosti","link":"https:\/\/historiografija.hr\/?cat=3"},"img":{"alt_text":"","src":"https:\/\/i0.wp.com\/historiografija.hr\/wp-content\/uploads\/2026\/04\/noc_knjige_2026.jpg?fit=680%2C276&ssl=1&resize=350%2C200","width":350,"height":200,"srcset":"https:\/\/i0.wp.com\/historiografija.hr\/wp-content\/uploads\/2026\/04\/noc_knjige_2026.jpg?fit=680%2C276&ssl=1&resize=350%2C200 1x, https:\/\/i0.wp.com\/historiografija.hr\/wp-content\/uploads\/2026\/04\/noc_knjige_2026.jpg?fit=680%2C276&ssl=1&resize=525%2C300 1.5x"},"classes":[]},{"id":52148,"url":"https:\/\/historiografija.hr\/?p=52148","url_meta":{"origin":11736,"position":3},"title":"Poziv za prijavu na me\u0111unarodnu znanstvenu konferenciju \u201eGranice (ne)slobode: Zadarski krug 1966. Intelektualna opozicija u totalitarnom dru\u0161tvu\u201c","author":"Branimir Jankovi\u0107","date":"27. o\u017eujka 2026.","format":false,"excerpt":"\u00a0\u00a0\u00a0\u00a0 Povodom \u0161ezdesete obljetnice poku\u0161aja osnivanja \u010dasopisa Slobodan glas u Zadru 1966. godine, pozivamo vas na znanstvenu konferenciju posve\u0107enu istra\u017eivanju disidentstva, intelektualne opozicije i granica divergentnog mi\u0161ljenja nasuprot slu\u017ebenoj ideologiji u komunisti\u010dkoj Jugoslaviji. Ideja konferencije je analizirati konkretan fenomen zadarskog slu\u010daja razloge i okolnosti njegove pojave, ali uz otvaranje komparativnih\u2026","rel":"","context":"U &quot;Novosti&quot;","block_context":{"text":"Novosti","link":"https:\/\/historiografija.hr\/?cat=3"},"img":{"alt_text":"","src":"https:\/\/i0.wp.com\/historiografija.hr\/wp-content\/uploads\/2026\/03\/Poziv-konferencija-Zadar.jpg?fit=1200%2C509&ssl=1&resize=350%2C200","width":350,"height":200,"srcset":"https:\/\/i0.wp.com\/historiografija.hr\/wp-content\/uploads\/2026\/03\/Poziv-konferencija-Zadar.jpg?fit=1200%2C509&ssl=1&resize=350%2C200 1x, https:\/\/i0.wp.com\/historiografija.hr\/wp-content\/uploads\/2026\/03\/Poziv-konferencija-Zadar.jpg?fit=1200%2C509&ssl=1&resize=525%2C300 1.5x, https:\/\/i0.wp.com\/historiografija.hr\/wp-content\/uploads\/2026\/03\/Poziv-konferencija-Zadar.jpg?fit=1200%2C509&ssl=1&resize=700%2C400 2x, https:\/\/i0.wp.com\/historiografija.hr\/wp-content\/uploads\/2026\/03\/Poziv-konferencija-Zadar.jpg?fit=1200%2C509&ssl=1&resize=1050%2C600 3x"},"classes":[]},{"id":52592,"url":"https:\/\/historiografija.hr\/?p=52592","url_meta":{"origin":11736,"position":4},"title":"Predstavljanje knjige &#8220;Turska ku\u0107a u Rijeci&#8221; u Zagrebu","author":"Branimir Jankovi\u0107","date":"22. travnja 2026.","format":false,"excerpt":"U prostorijama Turskog kulturnog centra Yunus Emre u Zagrebu, u utorak 21. travnja 2026. godine, odr\u017eano je sve\u010dano predstavljanje dopunjenog izdanja knjige Turska ku\u0107a u Rijeci, u organizaciji Hrvatsko-turskog dru\u0161tva Rijeka i partnerstvu sa Skupinom prijateljstva Hrvatska-Turska Hrvatskog sabora, Veleposlanstvom Republike Turske u Republici Hrvatskoj te Turskim kulturnim centrom Yunus\u2026","rel":"","context":"U &quot;Novosti&quot;","block_context":{"text":"Novosti","link":"https:\/\/historiografija.hr\/?cat=3"},"img":{"alt_text":"","src":"https:\/\/i0.wp.com\/historiografija.hr\/wp-content\/uploads\/2026\/04\/Turska-kuca-ZG.jpg?fit=1200%2C800&ssl=1&resize=350%2C200","width":350,"height":200,"srcset":"https:\/\/i0.wp.com\/historiografija.hr\/wp-content\/uploads\/2026\/04\/Turska-kuca-ZG.jpg?fit=1200%2C800&ssl=1&resize=350%2C200 1x, https:\/\/i0.wp.com\/historiografija.hr\/wp-content\/uploads\/2026\/04\/Turska-kuca-ZG.jpg?fit=1200%2C800&ssl=1&resize=525%2C300 1.5x, https:\/\/i0.wp.com\/historiografija.hr\/wp-content\/uploads\/2026\/04\/Turska-kuca-ZG.jpg?fit=1200%2C800&ssl=1&resize=700%2C400 2x, https:\/\/i0.wp.com\/historiografija.hr\/wp-content\/uploads\/2026\/04\/Turska-kuca-ZG.jpg?fit=1200%2C800&ssl=1&resize=1050%2C600 3x"},"classes":[]},{"id":52439,"url":"https:\/\/historiografija.hr\/?p=52439","url_meta":{"origin":11736,"position":5},"title":"Tribina &#8220;Ahmi\u0107i 33 godine kasnije: Ne u na\u0161e ime&#8221;","author":"Branimir Jankovi\u0107","date":"16. travnja 2026.","format":false,"excerpt":"U \u010detvrtak, 16. travnja 2026. u 17 sati u Knji\u017enici i \u010ditaonici Bogdana Ogrizovi\u0107a u Zagrebu odr\u017eat \u0107e se tribina pod nazivom Ahmi\u0107i 33 godine kasnije: Ne u na\u0161e ime. Na tribini \u0107e govoriti Ivica \u0110iki\u0107, novinar, Mubera Masli\u0107 \u2013 \u017ddralovi\u0107, aktivistikinja, prevoditeljica za arapski, Domagoj Fuk, student politologije, \u010dlan\u2026","rel":"","context":"U &quot;Novosti&quot;","block_context":{"text":"Novosti","link":"https:\/\/historiografija.hr\/?cat=3"},"img":{"alt_text":"","src":"https:\/\/i0.wp.com\/historiografija.hr\/wp-content\/uploads\/2026\/04\/Zagreb_2026.jpeg?fit=1200%2C900&ssl=1&resize=350%2C200","width":350,"height":200,"srcset":"https:\/\/i0.wp.com\/historiografija.hr\/wp-content\/uploads\/2026\/04\/Zagreb_2026.jpeg?fit=1200%2C900&ssl=1&resize=350%2C200 1x, https:\/\/i0.wp.com\/historiografija.hr\/wp-content\/uploads\/2026\/04\/Zagreb_2026.jpeg?fit=1200%2C900&ssl=1&resize=525%2C300 1.5x, https:\/\/i0.wp.com\/historiografija.hr\/wp-content\/uploads\/2026\/04\/Zagreb_2026.jpeg?fit=1200%2C900&ssl=1&resize=700%2C400 2x, https:\/\/i0.wp.com\/historiografija.hr\/wp-content\/uploads\/2026\/04\/Zagreb_2026.jpeg?fit=1200%2C900&ssl=1&resize=1050%2C600 3x"},"classes":[]}],"_links":{"self":[{"href":"https:\/\/historiografija.hr\/index.php?rest_route=\/wp\/v2\/posts\/11736","targetHints":{"allow":["GET"]}}],"collection":[{"href":"https:\/\/historiografija.hr\/index.php?rest_route=\/wp\/v2\/posts"}],"about":[{"href":"https:\/\/historiografija.hr\/index.php?rest_route=\/wp\/v2\/types\/post"}],"author":[{"embeddable":true,"href":"https:\/\/historiografija.hr\/index.php?rest_route=\/wp\/v2\/users\/2"}],"replies":[{"embeddable":true,"href":"https:\/\/historiografija.hr\/index.php?rest_route=%2Fwp%2Fv2%2Fcomments&post=11736"}],"version-history":[{"count":1,"href":"https:\/\/historiografija.hr\/index.php?rest_route=\/wp\/v2\/posts\/11736\/revisions"}],"predecessor-version":[{"id":11737,"href":"https:\/\/historiografija.hr\/index.php?rest_route=\/wp\/v2\/posts\/11736\/revisions\/11737"}],"wp:attachment":[{"href":"https:\/\/historiografija.hr\/index.php?rest_route=%2Fwp%2Fv2%2Fmedia&parent=11736"}],"wp:term":[{"taxonomy":"category","embeddable":true,"href":"https:\/\/historiografija.hr\/index.php?rest_route=%2Fwp%2Fv2%2Fcategories&post=11736"},{"taxonomy":"post_tag","embeddable":true,"href":"https:\/\/historiografija.hr\/index.php?rest_route=%2Fwp%2Fv2%2Ftags&post=11736"}],"curies":[{"name":"wp","href":"https:\/\/api.w.org\/{rel}","templated":true}]}}